{"id":993,"date":"2009-06-11T13:43:50","date_gmt":"2009-06-11T11:43:50","guid":{"rendered":"http:\/\/pastors-home.de\/?p=993"},"modified":"2014-05-11T13:50:50","modified_gmt":"2014-05-11T11:50:50","slug":"andachten-bei-charivari-986-im-juni-2009","status":"publish","type":"post","link":"https:\/\/www.pastors-home.de\/?p=993","title":{"rendered":"Andachten bei Charivari 98,6 im Juni 2009"},"content":{"rendered":"<blockquote><p>Montag: Yes we can<br \/>\nDienstag: Wattest\u00e4bchen<br \/>\nMittwoch: Verantwortung f\u00fcr die Tat<br \/>\nDonnerstag: Geocaching\n<\/p><\/blockquote>\n<p><!--more--><\/p>\n<p><strong><span style=\"color: #000000;\">Yes, we can<\/span><\/strong><\/p>\n<p><span style=\"color: #000000;\">Yes we can! Dieser Spruch geht mir inzwischen wirklich auf die Nerven \u2026 weil er von Hinz und Kunz geklaut wird- vor allem in der Werbung! Yes, we can \u2026 das neue Auto finanzieren, Superstar werden &#8230;\u00a0\u00a0 Jetzt startet auch noch eine Fernsehreihe: Ich kann Bundeskanzler!<\/span><br \/>\n<span style=\"color: #000000;\"> Ja geht das denn nicht mal eine Nummer kleiner?<\/span><br \/>\n<span style=\"color: #000000;\"> Was habe ich denn davon, wenn ich mir die ganze Zeit selber vorbete: Ja, eigentlich w\u00e4re alles m\u00f6glich, der gro\u00dfe Wurf meines Lebens, die Verwirklichung der wildesten Tr\u00e4ume. Ich k\u00f6nnte die Welt ver\u00e4ndern, als Bundeskanzler ab Herbst denen mal zeigen, wie es richtig geht!<\/span><br \/>\n<span style=\"color: #000000;\"> Aber weils heute regnet, bleibe ich doch lieber daheim, und gehe nicht nach Berlin.<\/span><br \/>\n<span style=\"color: #000000;\"> So enden viele gro\u00dfe Tr\u00e4ume letzten Endes unverwirklicht in der Rumpelkammer meiner Lebensgeschichte.<\/span><br \/>\n<span style=\"color: #000000;\"> Yes, we can \u2013 ich bin kein kleiner Obama, der die gro\u00dfen R\u00e4der der Weltgeschichte drehen will.<\/span><br \/>\n<span style=\"color: #000000;\"> Aber meinen inneren Schweinehund\u00a0 \u00fcberwinden \u2013 das geht.<\/span><br \/>\n<span style=\"color: #000000;\"> Mal versuchen, mit der muffeligen Nachbarin\u00a0 ein freundliches Wort zu wechseln \u2013 das kriege ich hin.<\/span><br \/>\n<span style=\"color: #000000;\"> Im Laden\u00a0 mal die teurere, aber fair gehandelte Dritte-Welt-Schkolade\u00a0 einkaufen \u2013 wenn ich nicht vergesse, klappt das auch.<\/span><br \/>\n<span style=\"color: #000000;\"> Ja, die kleinen Schritte, das sind die, die ich machen muss. Und die kriege ich auch hin: yes I can! Machen Sie heute mal auch einen kleinen Schritt \u2013 nicht tr\u00e4umen, sondern machen! Yes you can!<\/span><\/p>\n<p><span style=\"color: #000000;\">\u00a0<\/span><\/p>\n<p><strong><span style=\"color: #000000;\">Wattest\u00e4bchen<\/span><\/strong><\/p>\n<p><span style=\"color: #000000;\">Bei mir im Bad steht eine Schachtel mit Wattest\u00e4bchen. Da steht neuerdings ein Warnhinweis drauf: \u201eBitte nicht in den Geh\u00f6rgang einf\u00fchren!\u201c. Das ist ja bl\u00f6d! Genau daf\u00fcr habe ich die doch gekauft, um den Dreck aus meinen Ohren rauszukriegen. Jetzt werde ich gewarnt, genau das zu tun, wof\u00fcr ich die Wattest\u00e4bchen gekauft habe.<\/span><br \/>\n<span style=\"color: #000000;\"> Verr\u00fcckte Welt! Vielleicht gibt\u2019s demn\u00e4chst \u00c4pfel mit dem Hinweis: \u201eNicht reinbei\u00dfen.\u201c\u00a0 Oder Boote mit der Aufschrift \u201evom Wasser fernhalten\u201c.<\/span><br \/>\n<span style=\"color: #000000;\"> Manchmal beschleicht mich das Gef\u00fchl, als wenn unser Glaube auch so ein Warnschild h\u00e4tte: \u201eVorsicht, nicht im Alltag verwenden\u201c.<\/span><br \/>\n<span style=\"color: #000000;\"> Da gibt\u2019s Menschen, die sind getauft, sagen, dass sie an Gott glauben \u2026 manchmal sehe ich sie im Gottesdienst. Aber sie trauen sich nicht, diesen Glauben im Alltag einzusetzen.<\/span><br \/>\n<span style=\"color: #000000;\"> Genau wie bei den Wattest\u00e4bchen.<\/span><br \/>\n<span style=\"color: #000000;\"> Glaube muss rein ins Leben, dass er etwas bewirken kann.Aber genau daf\u00fcr ist er ja da!\u00a0 Damit ich im meinen allt\u00e4glichen Sorgen mal ein Sto\u00dfgebet zu Gott schicken kann.<\/span><br \/>\n<span style=\"color: #000000;\"> Hoffnung habe, dass Gott mir hilft.<\/span><br \/>\n<span style=\"color: #000000;\"> Ich mich nicht alleine f\u00fchle, weil er unsichtbar bei mir ist.<\/span><br \/>\n<span style=\"color: #000000;\"> \u201eGlaube &#8211;\u00a0 Bitte anwenden\u201c, das w\u00e4re das richtige Schild!.<\/span><br \/>\n<span style=\"color: #000000;\"> Einen guten Tag w\u00fcnsche ich Ihnen.<\/span><\/p>\n<p><span style=\"color: #000000;\">\u00a0<\/span><\/p>\n<p><strong><span style=\"color: #000000;\">Die Verantwortung f\u00fcr die Tat<\/span><\/strong><\/p>\n<p><span style=\"color: #000000;\">Was hei\u00dft es eigentlich, wenn in der Zeitung steht: \u201eDie Verantwortung f\u00fcr den Anschlag \u00fcbernahm die-und-die Terrorgruppe\u201c? Das stimmt ja eigentlich gar nicht.\u00a0 Das einzige ist, dass sie sich dazu bekannt haben: \u201eJa, wir waren es\u201c &#8211; aber die Verantwortung f\u00fcr das Angerichtete zu \u00fcbernehmen, das tun sie dann doch nicht.\u00a0 Das wollen und k\u00f6nnen diese feigen Typen auch gar nicht:<\/span><\/p>\n<p><span style=\"color: #000000;\">Denn Verantwortung \u00fcbernehmen, w\u00fcrde hei\u00dfen:<\/span><br \/>\n<span style=\"color: #000000;\"> Die Verletzen versorgen.<\/span><br \/>\n<span style=\"color: #000000;\"> Zu den Angeh\u00f6rigen der Opfer hingehen und begr\u00fcnden, warum man das getan hat.<\/span><br \/>\n<span style=\"color: #000000;\"> Den Kindern der Get\u00f6teten erkl\u00e4ren, weshalb der Papa nicht mehr wiederkommt.<\/span><\/p>\n<p><span style=\"color: #000000;\">Wirklich Verantwortung f\u00fcr etwas \u00fcbernehmen\u00a0 &#8211; das ist unglaublich schwer. Nur unser Sprachgebrauch macht macht oft etwas l\u00e4ppisches draus. Und ich bin kein Terrorist, aber manchmal frage ich mich auch: Kann ich bei dem, was ich gerade vorhabe, die Verantwortung \u00fcbernehmen, wenn schief geht? K\u00f6nnte ich f\u00fcr die Folgen einstehen? Zum Beispiel beim Autofahren?<\/span><br \/>\n<span style=\"color: #000000;\"> Ich bin immer wieder froh wenns gut geht. -Dann sage ich bewusst \u201eGott sei Dank, dass es gut ausgegangen ist, und ich kein Ungl\u00fcck zu verantworten habe.Ich w\u00fcnsche ihnen einen beh\u00fcteten Tag.<\/span><\/p>\n<p><span style=\"color: #000000;\">\u00a0<\/span><\/p>\n<p><strong><span style=\"color: #000000;\">Geocaching<\/span><\/strong><\/p>\n<p><span style=\"color: #000000;\">Geocaching, so hei\u00dft eine recht neue Freizeitbesch\u00e4ftigung. Dabei sucht man mit einem GPS-Empf\u00e4nger, also so ner Art Navi kleine Schatzkistchen, die andere Leute in hohlen B\u00e4umen, unter Steinen oder sonstwo versteckt haben. \u00dcbers Internet tauscht man sich \u00fcber die Koordinaten der Sch\u00e4tze aus, und los geht die Suche. Allein im N\u00fcrnberger Stadtgebiet sind hunderte solcher kleinen Kisten versteckt. Auf dem Weg vom Bahnhof zum Funkhaus komme ich an 6 solchen Sch\u00e4tzen vorbei. Nur ich sehe sie nicht. Sie sind gut versteckt oder geschickt getarnt \u2013 so renne ich an ihnen vobei ohne davon etwas zu merken.<\/span><br \/>\n<span style=\"color: #000000;\"> Aber wer davon wei\u00df, &#8211; die Koordinaten kennt &#8211; der kann sie finden, und freut sich \u00fcber die Entdeckung. Ich wei\u00df gar nicht, an wievielen <span style=\"text-decoration: underline;\">menschlichen<\/span> Sch\u00e4tzen ich pro Tag vobeikomme. Die gibt\u2019s n\u00e4mlich zu tausenden in der Stadt. Wunderbare Menschen mit zauberhaften Charme, mit ansteckendem Humor, oder mit einem liebevollem Herz.<\/span><br \/>\n<span style=\"color: #000000;\"> Auch die \u00fcbersehe ich oft, weil ich achtlos daran vorbeirenne.<\/span><br \/>\n<span style=\"color: #000000;\"> Die Frau an der Kasse, die Kinderg\u00e4rtnerin meiner T\u00f6chter, der Postbote. Verborgene menschliche Sch\u00e4tze \u2013 auch die kann man manchmal heben; man muss nur ein bisschen genauer hinsehen.\u00a0 Schauen sie doch heute mal die Leute ein bisschen genauer an \u2013 ich hoffe sie entdecken heute auch mal so einen menschlichen Schatz.<\/span><\/p>\n","protected":false},"excerpt":{"rendered":"<p>Montag: Yes we can Dienstag: Wattest\u00e4bchen Mittwoch: Verantwortung f\u00fcr die Tat Donnerstag: Geocaching <a class=\"continue-reading-link\" href=\"https:\/\/www.pastors-home.de\/?p=993\">ich will weiterlesen<\/a><\/p>\n","protected":false},"author":1,"featured_media":0,"comment_status":"open","ping_status":"open","sticky":false,"template":"","format":"standard","meta":{"jetpack_post_was_ever_published":false,"_jetpack_newsletter_access":"","_jetpack_dont_email_post_to_subs":false,"_jetpack_newsletter_tier_id":0,"_jetpack_memberships_contains_paywalled_content":false,"_jetpack_memberships_contains_paid_content":false,"footnotes":"","jetpack_publicize_message":"Andachten bei Charivari 98,6 im Juni 2009","jetpack_publicize_feature_enabled":true,"jetpack_social_post_already_shared":true,"jetpack_social_options":{"image_generator_settings":{"template":"highway","default_image_id":0,"font":"","enabled":false},"version":2}},"categories":[241],"tags":[],"class_list":["post-993","post","type-post","status-publish","format-standard","hentry","category-radioandachten-2009"],"jetpack_publicize_connections":[],"jetpack_featured_media_url":"","jetpack_sharing_enabled":true,"jetpack_shortlink":"https:\/\/wp.me\/p4BNB2-g1","jetpack_likes_enabled":true,"_links":{"self":[{"href":"https:\/\/www.pastors-home.de\/index.php?rest_route=\/wp\/v2\/posts\/993","targetHints":{"allow":["GET"]}}],"collection":[{"href":"https:\/\/www.pastors-home.de\/index.php?rest_route=\/wp\/v2\/posts"}],"about":[{"href":"https:\/\/www.pastors-home.de\/index.php?rest_route=\/wp\/v2\/types\/post"}],"author":[{"embeddable":true,"href":"https:\/\/www.pastors-home.de\/index.php?rest_route=\/wp\/v2\/users\/1"}],"replies":[{"embeddable":true,"href":"https:\/\/www.pastors-home.de\/index.php?rest_route=%2Fwp%2Fv2%2Fcomments&post=993"}],"version-history":[{"count":2,"href":"https:\/\/www.pastors-home.de\/index.php?rest_route=\/wp\/v2\/posts\/993\/revisions"}],"predecessor-version":[{"id":997,"href":"https:\/\/www.pastors-home.de\/index.php?rest_route=\/wp\/v2\/posts\/993\/revisions\/997"}],"wp:attachment":[{"href":"https:\/\/www.pastors-home.de\/index.php?rest_route=%2Fwp%2Fv2%2Fmedia&parent=993"}],"wp:term":[{"taxonomy":"category","embeddable":true,"href":"https:\/\/www.pastors-home.de\/index.php?rest_route=%2Fwp%2Fv2%2Fcategories&post=993"},{"taxonomy":"post_tag","embeddable":true,"href":"https:\/\/www.pastors-home.de\/index.php?rest_route=%2Fwp%2Fv2%2Ftags&post=993"}],"curies":[{"name":"wp","href":"https:\/\/api.w.org\/{rel}","templated":true}]}}