{"id":923,"date":"2011-10-10T22:24:58","date_gmt":"2011-10-10T20:24:58","guid":{"rendered":"http:\/\/pastors-home.de\/?p=923"},"modified":"2014-05-10T22:26:32","modified_gmt":"2014-05-10T20:26:32","slug":"andachten-auf-charivari-986-im-oktober-2011","status":"publish","type":"post","link":"https:\/\/www.pastors-home.de\/?p=923","title":{"rendered":"Andachten auf Charivari 98,6 im Oktober 2011"},"content":{"rendered":"<p>Montag: Zwei Tage nach Erntedank<br \/>\nDienstag: Schnecken ohne Mitgef\u00fchl<br \/>\nMittwoch: Aufwachen!<br \/>\nDonnerstag: Das Gott-Ding<br \/>\nFreitag: Ver\u00e4nderung h\u00e4lt in Schuss<br \/>\n<!--more--><\/p>\n<p><strong>2 Tage nach Erntedank <\/strong><\/p>\n<p>Guten Morgen.<br \/>\nVor zwei Tagen haben wir in unseren Kirchen Erntedank gefeiert. Mit festlichen und fr\u00f6hlichen Gottesdiensten. Vorn am Altar sind oft alle m\u00f6glichen Arten von Obst, Gem\u00fcse, Feldfr\u00fcchten und was sonst w\u00e4chst aufgeschlichtet. Eine wahre Pracht f\u00fcrs Auge. Aber jetzt am Dienstag kommt noch mal was ganz besonderes: Heute kommen an vielen Orten die Kindergartenkinder in die Kirche, um noch einmal die Erntedankgaben zu bewundern. Gro\u00dfe Augen gibt es da, denn viele Kinder haben diese F\u00fclle so noch nicht gesehen. Sie kennen nur die Auslage in der Obstabteilung, wo alles eingepackt und ordentlich sortiert ist.<br \/>\nDer Hit ist aber der Duft. Die Fr\u00fcchte liegen ja schon seit drei Tagen in der Kirche, und meistens l\u00fcftet da auch keiner. Der ganze Raum ist erf\u00fcllt vom Aroma der Leckereien da vorne. Das kann man nicht beschreiben. Das muss man erleben: Dort vorne zu stehen, die F\u00fclle zu sehen und zu riechen &#8211; und zu sagen: \u201eDanke lieber Gott, du meinst es wirklich gut mit uns.\u201d<br \/>\nIch w\u00fcnsche Ihnen einen sch\u00f6nen Tag.<\/p>\n<p><strong>Schnecken ohne Mitgef\u00fchl<\/strong><\/p>\n<p>Bein Spazierengehen sehe ich immer wieder mal tote Nacktschnecken auf der Stra\u00dfe. Da ist vielleicht ein Radfahrer dr\u00fcbergefahren oder jemand draufgetreten. Das ist ja schon ekelig &#8211; gell! Aber noch ekelhafter ist es, wenn ich sehe, wie manchmal da 5 oder 6 andere Schnecken hinkriechen und an der toten zermanschten Schnecke herumfressen. Widerlich! Die weiden sich an ihren verletzten oder toten Artgenossen. Kein Mitgef\u00fchl. Das ist ja echt das Letzte.<br \/>\nSo etwas kriegen sonst ja nur wir Menschen hin.\u00a0 Da passiert ein Verkehrsunfall und da gibt es welche, die z\u00fccken ihr Fotohandy statt zu helfen. Im Unterschichten-Fernsehen weide ich mich an der Dummheit oder an der Hilflosigkeit anderer Menschen.\u00a0 Ich sch\u00fcttle den Kopf \u00fcber die Familie, deren Vater an der Flasche h\u00e4ngt und seine Kinder pr\u00fcgelt &#8230; und &#8230; ja und? Bin ich eine Nacktschnecke &#8211; oder zeige ich Mitgef\u00fchl, und versuche, was f\u00fcr\u00a0 den Anderen zu tun? Ich wei\u00df, das ist leichter gesagt, als getan. Aber so wie diese Nacktschnecken, f\u00fcr die jedes Opfer auch zu ihrem Opfer machen &#8211;\u00a0 n\u00f6 so will ich nicht sein. Einen guten Tag w\u00fcnsche ich Ihnen.<\/p>\n<p><strong>Aufwachen aus dem Alptraum<\/strong><\/p>\n<p>Guten morgen,<br \/>\nich habe ja ganz selten Alptr\u00e4ume, aber k\u00fcrzlich ist es mir mal passiert, es war so richtig furchtbar. Irgendwann bin ich wachgeworden, es war noch mitten in der Nacht , ich habe mich rumgedreht, und habe versucht, weiterzuschlafen, und den Alptraum fertigzutr\u00e4umen. Erst nach ein paar Minuten des Hin-und-her-W\u00e4lzens habe ich gemerkt: So ein Quatsch!\u00a0\u00a0 Ich bin doch nicht verpflichtet den Mist weiterzutr\u00e4umen. Das war nur ein Traum! Der ist vorbei &#8211; ich geh mal in die K\u00fcche, trink ein Glas Wasser und hoffe auf einen sch\u00f6nen Traum, f\u00fcr den Rest der Nacht.<br \/>\nAlptr\u00e4ume gibts ja auch tags\u00fcber: Da geht etwas schief und es scheint nicht aufzuhalten zu sein und man f\u00fcgt sich in diese Trag\u00f6die ein, es ist halt mal so. Aufwachen aus dem Alptraum! Nicht mehr weitermachen, mehr nicht mitspielen beim Untergangs-Theater. Aufwachen und versuchen, einen neuen Traum zu tr\u00e4umen &#8211; einen, wo etwas klappt. Einen der gut ausgeht. Ich wei\u00df: Das wird nicht immer gelingen &#8211; aber wenns klappt, dann ist es die M\u00fche wert gewesen. Einen guten Tag w\u00fcnsche ich Ihnen.<\/p>\n<p><strong>Das Gott-Ding<\/strong><\/p>\n<p>Reliunterricht in der zehnten Klasse. Um eine biblische Erz\u00e4hlung,\u00a0 in der ein Engel eine Rolle spielt, geht es. Maximilian beschreibt die Szene mit den Worten \u201e&#8230; und dann kam so ein Gott-Ding!\u201d<br \/>\n\u201eGott-Ding\u201d? Er meinte den Engel! Ein Engel als Gott-Ding\u201d, also so ein \u201eIrgendwas\u201d, das eben mit Gott zu tun hat, das in dessen Auftrag etwas mitteilt oder tut. \u201eGott-Ding\u201d &#8211; so verkehrt ist der Begriff gar nicht:<br \/>\nDenn wenn es um Glaubenserfahrungen geht, um Erlebnisse, bei denen irgendwie Gott sp\u00fcrbar war, dann tun wir uns ja oft schwer, das in Worte zu fassen. \u201eEs war halt anders als sonst\u201d, sagen die Menschen, \u201eda habe ich gesp\u00fcrt, dass da etwas war, zwischen Himmel und Erde,\u201d so ein &#8230; so ein Gott-Ding eben.<br \/>\nEs m\u00fcssen nicht immer M\u00e4nner mit Fl\u00fcgeln sein: Mir reicht es, zu wissen: Es gibt Dinge zwischen Himmel und Erde, da hat Gott anscheinend die Finger im Spiel. Und ich bin froh, dass diese Gott-Dinger es gut mit mir meinen.<br \/>\nEinen guten Tag w\u00fcnsche ich Ihnen<\/p>\n<p><strong>Ver\u00e4nderung h\u00e4lt in Schuss<\/strong><\/p>\n<p>Guten Morgen, an diesem Wochenende feiern wir in unserem Dorf Kirchweih.<br \/>\nFast 300 Jahre ist her, dass man sie eingeweiht hat, aber sie ist immer noch gut in Schuss, weil sich immer wieder Menschen um diesen Bau gek\u00fcmmert haben: Repariert, renoviert: Veraltetes und morsches Zeug wird entsorgt, und mit neuen Materialien wir die Kirche wieder sch\u00f6n und benutzbar hergerichtet. Beim Geb\u00e4ude macht man das ohne Z\u00f6gern oder schlechtes Gewissen.<br \/>\nUnd wie ist es mit der Gemeinde, die sich dort trifft? Seit Jahrhunderten geht man dort ein und aus, feiert Gottesdienste, teilt Freud uns Leid.<br \/>\nIch denke, auch wir, die wir Kirche sind, brauchen manchmal eine Renovierung. Den Mut, Gottesdienste auch mal anders als sonst zu feiern, mit anderen Liedern und Formen. Die Phantasie, die Botschaft der Liebe Gottes mit neuen, Worten und Bildern auszudr\u00fccken. Das f\u00e4llt nicht jedem leicht &#8211; aber ich denke, wir brauchen auch da immer wieder eine Renovierung. Damit nichts erstarrt, einrostet oder verf\u00e4llt.<br \/>\nWissen Sie, ob sich in Ihrer Kirche in der letzten Zeit etwas ver\u00e4ndert hat? Schauens morgen am Sonntag doch mal vorbei &#8211; dann wissen Sie es.<br \/>\nEin sch\u00f6nes Wochenende w\u00fcnsche ich Ihnen.<\/p>\n","protected":false},"excerpt":{"rendered":"<p>Montag: Zwei Tage nach Erntedank Dienstag: Schnecken ohne Mitgef\u00fchl Mittwoch: Aufwachen! Donnerstag: Das Gott-Ding Freitag: Ver\u00e4nderung h\u00e4lt in Schuss <a class=\"continue-reading-link\" href=\"https:\/\/www.pastors-home.de\/?p=923\">ich will weiterlesen<\/a><\/p>\n","protected":false},"author":1,"featured_media":0,"comment_status":"open","ping_status":"open","sticky":false,"template":"","format":"standard","meta":{"jetpack_post_was_ever_published":false,"_jetpack_newsletter_access":"","_jetpack_dont_email_post_to_subs":false,"_jetpack_newsletter_tier_id":0,"_jetpack_memberships_contains_paywalled_content":false,"_jetpack_memberships_contains_paid_content":false,"footnotes":"","jetpack_publicize_message":"Andachten auf Charivari 98,6 im Oktober 2011","jetpack_publicize_feature_enabled":true,"jetpack_social_post_already_shared":true,"jetpack_social_options":{"image_generator_settings":{"template":"highway","default_image_id":0,"font":"","enabled":false},"version":2}},"categories":[239],"tags":[],"class_list":["post-923","post","type-post","status-publish","format-standard","hentry","category-radioandachten-2011"],"jetpack_publicize_connections":[],"jetpack_featured_media_url":"","jetpack_sharing_enabled":true,"jetpack_shortlink":"https:\/\/wp.me\/p4BNB2-eT","jetpack_likes_enabled":true,"_links":{"self":[{"href":"https:\/\/www.pastors-home.de\/index.php?rest_route=\/wp\/v2\/posts\/923","targetHints":{"allow":["GET"]}}],"collection":[{"href":"https:\/\/www.pastors-home.de\/index.php?rest_route=\/wp\/v2\/posts"}],"about":[{"href":"https:\/\/www.pastors-home.de\/index.php?rest_route=\/wp\/v2\/types\/post"}],"author":[{"embeddable":true,"href":"https:\/\/www.pastors-home.de\/index.php?rest_route=\/wp\/v2\/users\/1"}],"replies":[{"embeddable":true,"href":"https:\/\/www.pastors-home.de\/index.php?rest_route=%2Fwp%2Fv2%2Fcomments&post=923"}],"version-history":[{"count":1,"href":"https:\/\/www.pastors-home.de\/index.php?rest_route=\/wp\/v2\/posts\/923\/revisions"}],"predecessor-version":[{"id":924,"href":"https:\/\/www.pastors-home.de\/index.php?rest_route=\/wp\/v2\/posts\/923\/revisions\/924"}],"wp:attachment":[{"href":"https:\/\/www.pastors-home.de\/index.php?rest_route=%2Fwp%2Fv2%2Fmedia&parent=923"}],"wp:term":[{"taxonomy":"category","embeddable":true,"href":"https:\/\/www.pastors-home.de\/index.php?rest_route=%2Fwp%2Fv2%2Fcategories&post=923"},{"taxonomy":"post_tag","embeddable":true,"href":"https:\/\/www.pastors-home.de\/index.php?rest_route=%2Fwp%2Fv2%2Ftags&post=923"}],"curies":[{"name":"wp","href":"https:\/\/api.w.org\/{rel}","templated":true}]}}