{"id":911,"date":"2012-04-10T21:49:22","date_gmt":"2012-04-10T19:49:22","guid":{"rendered":"http:\/\/pastors-home.de\/?p=911"},"modified":"2015-04-02T21:45:41","modified_gmt":"2015-04-02T20:45:41","slug":"andachten-auf-charivari-986-im-april-2012","status":"publish","type":"post","link":"https:\/\/www.pastors-home.de\/?p=911","title":{"rendered":"Andachten auf Charivari 98,6 im April 2012"},"content":{"rendered":"<p>Montag: Konfirmationen<br \/>\nDienstag: QR-Codes<br \/>\nMittwoch: Tank rechtzeitig auff\u00fcllen<br \/>\nGr\u00fcndonnerstag: Echte Fu\u00dfwaschung<br \/>\nKarfreitag: Karfreitag als Pause<br \/>\nSamstag: An die IT-Entscheider<br \/>\n<!--more--><\/p>\n<p><strong><em>Konfirmation<\/em><\/strong><\/p>\n<p>Guten Morgen,<br \/>\ngestern, als Palmsonntag wurde in vielen evangelischen Gemeinden Konfirmation gefeiert.<br \/>\nDa stehen junge M\u00e4dchen und Jungs vorne in der Kirche und geben ein feierliches Versprechen ab: \u201cJa, ich will im christlichen Glauben bleiben und wachsen\u201d &#8211; das ist ihr Versprechen. Die Eltern sind ger\u00fchrt, und so mancher Gottesdienstbesucher runzelt die Stirn: Mal schauen, wie oft wir die Jungs und M\u00e4dchen noch bei uns im Gottesdienst sehen &#8230;.<br \/>\nNaja, es ist ja nun ein wirklich anspruchsvolles Versprechen, das wir den jungen Leuten zumuten. Eine Entscheidung f\u00fcrs Leben.<br \/>\nWie gut, dass die Konfirmation nicht nur aus dem Versprechen besteht, sondern auch aus dem feierlichen Segen f\u00fcr die Konfirmanden.<br \/>\nDa legt ihnen der Pfarrer die H\u00e4nde auf und macht auch so etwas wie ein Versprechen.<br \/>\n\u201eGott schenke die Schutz vor allem B\u00f6sen und Hilfe zu allem Guten\u201d.<br \/>\nDieser Segen ist die Zusage Gottes bei ihnen zu bleiben und ihnen die Kraft zu geben, das Richtige zu tun.<br \/>\nUnd wenn ich an diesen Segen denke, haben ich schon ein viel besseres Gef\u00fchl:<br \/>\nDenn auch mit ihren Konfirmationsversprechen sind sie nicht auf sich alleine gestellt, sondern k\u00f6nnen auf Gottes Hilfe bauen.<br \/>\nEinen Guten Tag w\u00fcnsche ich Ihnen!<\/p>\n<p><strong><em>QR: Codes<\/em><\/strong><\/p>\n<p>Guten Morgen,<br \/>\nsind Ihnen auch schon diese QR-Codes aufgefallen? Diese kleinen, quadratischen Punktemuster. Alle m\u00f6glichen Werbungen und Prospekte haben die abgedruckt. Die gibts immer \u00f6fter.<br \/>\nZum Beispiel der Prospekt meines Lebensmittelmarktes hat so einen QR-Code neben dem Broccoli. Wenn ich den Code mit einem Programm meines Handys fotografiere, leitet es mich weiter auf eine Internetseite mit Broccoli-Rezepten.<br \/>\nEine raffinierte Sache.<br \/>\nUnd dabei sind das f\u00fcr meine Augen ja nur chaotisch angeordnete wei\u00dfe und schwarze K\u00e4stchen. Man muss es halt entschl\u00fcsseln k\u00f6nnen. Eben mit dem passenden Handy-Programm.<br \/>\nSchade, dass es f\u00fcrs echte Leben kein so Programm gibt. Mein Leben hat ja auch jede Menge an hellen und dunklen Punkten &#8211; oft chaotisch angeordnet und es macht in meinen Augen keinen Sinn &#8211; ich kann vieles nicht entschl\u00fcsseln. Und ich frage mich: Wozu ist das, was dir da passiert, eigentlich gut?<br \/>\nUnd dann schau ich mir diesen QR-Code neben dem Broccoli an: Ich erkenne keine Ordnung &#8211; aber ich habe gelernt, dass das vermeintliche Chaos einen ganz bestimmten Sinn hat.<br \/>\nWie auch im Leben. Mir fehlt halt oft genug nur das passende Werkzeug zum entschl\u00fcsseln.<\/p>\n<p><strong><em>Rechtzeitig auftanken!<\/em><\/strong><\/p>\n<p>Guten Morgen,<br \/>\nich geh\u00f6re zu den Menschen, die mit ihrem Auto erst dann zur Tankstelle fahren, wenn wirklich fast nichts mehr drin ist. Und ich kriege das ich immer hin! Ich bin noch nie unterwegs stehengeblieben.\u00a0 Und ich denke die meisten Leute haben das gut im Griff &#8211; zumindest mit dem Auto.<br \/>\nAnders sieht es mit dem inneren Tank aus, Mit den Vorr\u00e4ten an psychischer Kraft, an seelischer Energie. Ich kenne viele Menschen, die schauen kein bisschen auf ihren inneren Tank. Die powern sich aus, die h\u00e4ngen sich rein, die engagieren sich volle Kanne, &#8230; und pl\u00f6tzlich ist Schluss: Tank leer, innerlich ausgebrannt und am Ende.<br \/>\nUnd wenn jemand so auf der Lebensstrecke bleibt, ist es schwer, ihn wieder in die G\u00e4nge zu bringen.<br \/>\nMan m\u00fcsste halt immer wieder auch innerlich auftanken. Seiner Seele etwas Gutes tun, neune Kraft sch\u00f6pfen.<br \/>\nUnd zwar bevor der Tank alle ist.<br \/>\nIch w\u00fcnsche Ihnen einen sch\u00f6nen Tag &#8211; und: G\u00f6nnen sie sich heute doch mal etwas gutes &#8230; zum inneren Auftanken!<\/p>\n<p><strong><em>Echte Fu\u00dfwaschung<\/em><\/strong><\/p>\n<p>Guten Morgen, es ist Gr\u00fcndonnerstag.<br \/>\nHeute erinnert man sich in unseren Kirchen an das letzte Abendmahl Jesu; und in vielen katholischen Gemeinden gibt es dort das Ritual der Fu\u00dfwaschung: Der Priester w\u00e4scht 12 Gemeindegliedern die F\u00fc\u00dfe &#8211; so wie es Jesus einst an diesem Abendmahls-Abend bei seinen J\u00fcngern getan hat.<br \/>\nDie Botschaft dieses Symbols ist klar: Der, der eigentlich der Oberste zu sein scheint, ist in Wirklichkeit der Diener der Anderen.<br \/>\nEin sch\u00f6nes Ritual &#8211; eigentlich. N\u00e4mlich dann, wenn es tats\u00e4chlich in dieser Gemeinde so gelebt wird: Wenn sich der Priester oder der Pfarrer wirklich als Diener seiner Gemeinde versteht, nicht \u00fcber ihnen schwebt, sondern auf seine Leute h\u00f6rt, und sich auch kritischen Fragen stellt.<br \/>\nIch hoffe, sie haben so einen Pfarrer. Und von denen gibt es n\u00e4mlich viel mehr, als man denkt.<br \/>\nDann passt das auch mit dem Symbol des F\u00fc\u00dfewaschens. Dann freue ich mich mit ihnen, weil sie dann ganz nah dran sind, an dem was Jesus und seine J\u00fcnger vorgelebt haben.<br \/>\nEinen guten Tag w\u00fcnsche ich Ihnen<\/p>\n<p><strong><em>Karfreitag als Pause<\/em><\/strong><\/p>\n<p>Guten Morgen,<br \/>\nan Karfreitag steht die Welt endlich einmal still.<br \/>\nKeiner muss zur Arbeit,<br \/>\nniemand geht einkaufen,<br \/>\nKein Mensch stresst herum.<br \/>\nDas R\u00e4derwerk der Welt kommt zur Ruhe.<br \/>\n&#8230;. naja zumindest theoretisch!<br \/>\n&#8230; oder nicht einmal das?<\/p>\n<p>Die Karpfen-Wirtschaften sind heute fr\u00fch schon mit Schlachten und Panieren besch\u00e4ftigt.<br \/>\nMein Nachbar w\u00e4scht nachher sein Auto.<br \/>\nMeine Tochter wird von ihrer Freundin ins Schwimmbad abgeholt.<br \/>\nAuf Facebook werden Belanglosigkeiten hin-und hergeschrieben.<br \/>\nIm Internet werden Schuhe und Unterhosen online bestellt.<\/p>\n<p>Eigentlich schade.<br \/>\nVielleicht bekomme ich es ja wenigstens f\u00fcr mich hin:<br \/>\nEinen Tag zu erleben, der anders ist als die anderen &#8211; stiller &#8211; nachdenklicher &#8211; nicht von fr\u00fch bis s\u00fc\u00e4t verplant.<br \/>\nEiner, wo mir Zeit bleibt zum Bewusstwerden:<br \/>\nDamals &#8211; an diesem Freitag &#8211; ist mit Jesus einer f\u00fcr mich gestorben &#8211; und hat doch dabei den Tod besiegt.<br \/>\nEs gibt Dinge, die sind unfassbar &#8211; kaum zu begreifen &#8211; da darf meine Welt schon mal f\u00fcr ein paar Stunden Pause haben.<\/p>\n<p>Ich w\u00fcnsche Ihnen einen ruhigen Karfreitag.<\/p>\n<p><strong><em>Werbebriefe<\/em><\/strong><\/p>\n<p>Guten Morgen<br \/>\nEs gibt Briefe, da brauch ich nur drauf schauen, wie meine Adresse formuliert ist &#8211; und wei\u00df schon, dass ich ihn unge\u00f6ffnet wegschmei\u00dfen kann:<\/p>\n<p>\u201cAn die Gesch\u00e4ftsleitung im Haus Lutherstra\u00dfe 6&#8243;<br \/>\noder<br \/>\n\u201ean die Einkaufsabteilung.\u201d<br \/>\nSo ein Schwachsinn! Wir sind ein Pfarrhaus, mit Pfarrer, Pfarrfrau und drei Kindern!<br \/>\nDie Absender der Werbebriefe sind entweder ausgesprochen dumm oder einfach unverfroren &#8230; an Tausende von Haushalten Briefe zu schreiben und so zu tun, als w\u00fcsste man Bescheid &#8230; man hat eben nur mal vergessen, wer der\u00a0 Leiter der Abteilung \u201cEinkauf\u201d w\u00e4re. In Wirklichkeit haben die Null Ahnung von uns!<br \/>\nVielleicht rege ich mich deshalb so dar\u00fcber auf, weil ich mich manchmal selber ertappe: Da gibts Menschen und Familien, die kenne ich eigentlich nur oberfl\u00e4chlich &#8211; und doch erlaube mir oft ein Urteil:<br \/>\nDer da ist der Chef in der Familie<br \/>\nDie da ist die Querulantin<br \/>\nUnd der hier ist der Fu\u00dfabstreifer der Familie, auf dem alle rumtrampeln.<br \/>\nIch bilde mir ein, zu wissen, wo der einflussreichste, wo der schlauste, wo der Meinungsf\u00fchrer, und wo er Dorftrottel wohnt<\/p>\n<p>N\u00f6 manchmal machs ich auch nicht besser als die Werbefritzen &#8211; Und heimlich hoffe ich, dass es keiner merkt, wie ich da ins blaue Hinein meine Urteile f\u00e4lle. Nur das Dumme dabei: Wie beim Werbebrief merkt der Betroffene so was ganz schnell.<br \/>\nMachen Sie es bitte besser! Einen guten Samstag w\u00fcnsche ich Ihnen<\/p>\n","protected":false},"excerpt":{"rendered":"<p>Montag: Konfirmationen Dienstag: QR-Codes Mittwoch: Tank rechtzeitig auff\u00fcllen Gr\u00fcndonnerstag: Echte Fu\u00dfwaschung Karfreitag: Karfreitag als Pause Samstag: An die IT-Entscheider <a class=\"continue-reading-link\" href=\"https:\/\/www.pastors-home.de\/?p=911\">ich will weiterlesen<\/a><\/p>\n","protected":false},"author":1,"featured_media":0,"comment_status":"open","ping_status":"open","sticky":false,"template":"","format":"standard","meta":{"jetpack_post_was_ever_published":false,"_jetpack_newsletter_access":"","_jetpack_dont_email_post_to_subs":false,"_jetpack_newsletter_tier_id":0,"_jetpack_memberships_contains_paywalled_content":false,"_jetpack_memberships_contains_paid_content":false,"footnotes":"","jetpack_publicize_message":"","jetpack_publicize_feature_enabled":true,"jetpack_social_post_already_shared":true,"jetpack_social_options":{"image_generator_settings":{"template":"highway","default_image_id":0,"font":"","enabled":false},"version":2}},"categories":[238],"tags":[15,42,337,338,336],"class_list":["post-911","post","type-post","status-publish","format-standard","hentry","category-radioandachten-2012","tag-fusswaschung","tag-karfreitag","tag-ruhetag","tag-sinn","tag-werbung"],"jetpack_publicize_connections":[],"jetpack_featured_media_url":"","jetpack_sharing_enabled":true,"jetpack_shortlink":"https:\/\/wp.me\/p4BNB2-eH","jetpack_likes_enabled":true,"_links":{"self":[{"href":"https:\/\/www.pastors-home.de\/index.php?rest_route=\/wp\/v2\/posts\/911","targetHints":{"allow":["GET"]}}],"collection":[{"href":"https:\/\/www.pastors-home.de\/index.php?rest_route=\/wp\/v2\/posts"}],"about":[{"href":"https:\/\/www.pastors-home.de\/index.php?rest_route=\/wp\/v2\/types\/post"}],"author":[{"embeddable":true,"href":"https:\/\/www.pastors-home.de\/index.php?rest_route=\/wp\/v2\/users\/1"}],"replies":[{"embeddable":true,"href":"https:\/\/www.pastors-home.de\/index.php?rest_route=%2Fwp%2Fv2%2Fcomments&post=911"}],"version-history":[{"count":1,"href":"https:\/\/www.pastors-home.de\/index.php?rest_route=\/wp\/v2\/posts\/911\/revisions"}],"predecessor-version":[{"id":912,"href":"https:\/\/www.pastors-home.de\/index.php?rest_route=\/wp\/v2\/posts\/911\/revisions\/912"}],"wp:attachment":[{"href":"https:\/\/www.pastors-home.de\/index.php?rest_route=%2Fwp%2Fv2%2Fmedia&parent=911"}],"wp:term":[{"taxonomy":"category","embeddable":true,"href":"https:\/\/www.pastors-home.de\/index.php?rest_route=%2Fwp%2Fv2%2Fcategories&post=911"},{"taxonomy":"post_tag","embeddable":true,"href":"https:\/\/www.pastors-home.de\/index.php?rest_route=%2Fwp%2Fv2%2Ftags&post=911"}],"curies":[{"name":"wp","href":"https:\/\/api.w.org\/{rel}","templated":true}]}}