{"id":909,"date":"2012-05-10T21:45:29","date_gmt":"2012-05-10T19:45:29","guid":{"rendered":"http:\/\/pastors-home.de\/?p=909"},"modified":"2015-04-02T21:45:28","modified_gmt":"2015-04-02T20:45:28","slug":"andachten-auf-charivari-986-im-mai-2012","status":"publish","type":"post","link":"https:\/\/www.pastors-home.de\/?p=909","title":{"rendered":"Andachten auf Charivari 98,6 im Mai 2012"},"content":{"rendered":"<p>&#8211; Es gr\u00fcnt und bl\u00fcht<br \/>\n&#8211; Priorit\u00e4tenfrage<br \/>\n&#8211; Jubelkonfirmation<br \/>\n&#8211; Alles ist m\u00f6glich!<br \/>\n&#8211; gute Ideen s\u00e4en<br \/>\n<!--more--><\/p>\n<p><strong>Es gr\u00fcnt und bl\u00fcht<\/strong><\/p>\n<p>Guten Morgen,<br \/>\nich wei\u00df gar nicht, weshalb manche Leute ihren Rasen sprengen wollen: Meiner explodiert momentan von ganz alleine! Enorm: Der L\u00f6wenzahn schie\u00dft in die H\u00f6he, das Vergissmeinnicht ploppt auf, dem Gras kann man fast beim Wachsen zuschauen: Jeden Morgen, wenn ich aus dem Fenster schaue, ist alles ein bisschen gr\u00fcner und ein bisschen gr\u00f6\u00dfer. Im Fr\u00fchlingslied &#8222;geh aus mein Herz&#8220; gibt es die Zeile: De Weizen w\u00e4chset nmit Gewalt, dar\u00fcber jauchzet Jung und Alt. Ja, es ist eine reine Freude, zu sehen, wie es da drau\u00dfen vorw\u00e4rts geht. Es ist eine wahre Pracht! Und irgendwie ein Geschenk! Dass mir das Leben derart entgegenw\u00e4chst.<br \/>\nWir gehen mit dieser Natur ja nicht gerade besonders sorgsam um &#8211; Aber davon l\u00e4sst sie sich in ihrem Willen zum Wachsen und Gr\u00fcnen nicht aufhalten. Das Leben setzt sich durch.<br \/>\nHeute abend werde ich mich, mal wieder raussetzen &#8211; und dieses Gr\u00fcn einfach genie\u00dfen.\u00a0 Weil es da ist, weil die Farbenpracht des L\u00f6wenzahn, der Gr\u00e4ser und der Kirschbl\u00fcten mir einfach gut tut. Es w\u00e4re ja auch eine Schande, dieses Geschenk der Natur einfach links liegen zu lassen.<\/p>\n<p><strong>Priorit\u00e4tenfrage<\/strong><\/p>\n<p>Guten Morgen<br \/>\nIch war gerade mitten in Gespr\u00e4ch bei einer Familie, die ihren Sohn taufen lassen wollte, das klingelt mein Handy: Meine Frau: Du, unsere Tochter hat sich mit der Brotschneidemaschine in den Finger geschnitten. Du musst kommen. So ein Mist &#8211; ich muss das Gespr\u00e4ch abbbrechen, heimfahren, dann gehts ins Krankenhaus und der Finger wird fachgerecht versorgt. Auf der Heimfahrt fragt meine Tochter mich: Ist das schlimm, dass wir dich da von der Besprechung weggeholt haben? Da habe ich ein bisschen geschluckt. Ich hab sie mir vorgestellt mit blutenden Finger und dem Gedanken: Den Papa darf man nicht bei der Arbeit st\u00f6ren..<br \/>\nWof\u00fcr sind Papas da?<br \/>\nWof\u00fcr haben wir Kinder?<br \/>\nDoch nicht daf\u00fcr, dass sie auf unserer Priorit\u00e4tenliste ganz weit hinten liegen, hinter Beruf und sonstigen Pflichten!<br \/>\nWenns brennt &#8211; dann muss anderes liegen bleiben.\u00a0 Nicht blo\u00df bei blutenden Fingern. Auch wenns uns Papas oft nicht leichtf\u00e4llt.<br \/>\nDer Tauffamilienpapa, den ich da Hals \u00fcber Kopf verlassen hatte, hat am Abend dann noch meinen Aktenkoffer vorbeigebracht.<br \/>\nWissen sie, was er gesagt hat: Er h\u00e4tte es genauso gemacht. Ja, das l\u00e4sst hoffen!<br \/>\nEinen guten Tag w\u00fcnsche ich Ihnen<\/p>\n<p><strong>Vergoldete Konfirmanden<\/strong><\/p>\n<p>Guten Morgen,<br \/>\n\u201eGoldene Konfirmanden\u201d ein lustiges Wort. Als w\u00e4ren sie aus Gold, die Jubilare, die am Wochenende in meiner Kirche ihr 50-J\u00e4hriges Konfirmationsjubil\u00e4um gefeiert haben.\u00a0 Aus Gold sind sie nicht. Aber man k\u00f6nnte sie glatt vergolden &#8211; denn irgendwie hab ich an ihnen einen Narren gefressen. Das hast du gestandene Frauen und M\u00e4nner, kurz vorm Rentenalter, die haben alles m\u00f6gliche erreicht und erlebt in ihrem Leben &#8230;. und jetzt erinnern sie sich an die Zeit, als sie mit 14 Jahren in der Kirche gesegnet worden sind.<br \/>\nUnd ich merke:\u00a0 Das ist mehr als nur Nostalgie&#8230; Das ist mehr als blo\u00df eine Tradition&#8230; Die schauen zur\u00fcck auf ein Leben mit H\u00f6hen und Tiefen. Und da sagt einer:<br \/>\nJa ich glaab, der im Himml hats scho gut mit mir gmaant. Und wos mer dreckich ganga ist, da hat er mir a g\u0301scheit geholfen.<br \/>\nEine sch\u00f6ne Lebensbilanz &#8211; die klingt nicht nur \u201egoldig\u201d, sondern da steckt viel drin. Ein ganzer Schatz an Glaubens- und Lebenerfahrungen. Und da hab ich ganz viel Respekt davor, vor meinen Goldnen Konfirmanden .<br \/>\nEinen guten Tag w\u00fcnsche ich Ihnen.<\/p>\n<p><strong>Alles ist m\u00f6glich! <\/strong><\/p>\n<p>Guten Morgen.<br \/>\n\u201eAlles ist m\u00f6glich, wenn du nur glaubst\u201d. Entschuldigung, dass ich ihnen in aller Fr\u00fche so komische Behauptungen anschleppe. Aber der Satz ist ja nicht von mir. Jesus hat ihn gesagt. Ok &#8211; das entsch\u00e4rft den Satz nicht wirklich.<br \/>\n\u201eAlles ist m\u00f6glich, wenn du nur glaubst\u201d.<br \/>\nDas klingt ja sehr sehr vollmundig. Das stimmt.<br \/>\nDas w\u00fcrde ja bedeuten, dass ja eigentlich alles m\u00f6glich w\u00e4re. Und nichts unm\u00f6glich &#8211; weil ja eigentlich jeder irgendwie glaubt. Oder glauben sie nicht?<br \/>\nOder sind sie sogar skeptisch gegen\u00fcber der Behauptung, dass alles m\u00f6glich ist, wenn man nur glaubt? Das w\u00e4re schade &#8230; denn des Skeptikern wird da gar nichts versprochen.<br \/>\nDas Dumme: Ich geh\u00f6re auch oft zu den Skeptikern und Zweiflern &#8211; obwohl ich Pfarrer bin.<br \/>\nUnd da w\u00fcnsche ich mir, dass ich oft mehr Mut h\u00e4tte ganz naiv auf Gott zu vertrauen, und mir manches zu erhoffen, was ich mit eben sonst nicht zu erhoffen wage.<br \/>\n\u201eAlles ist m\u00f6glich, wenn du nur glaubst\u201d &#8211; Dieser Jesus &#8230; das sagt er so ein kleines S\u00e4tzchen &#8230; und wir brauchen unseren ganzen Mut, um mal was damit anzufangen.<br \/>\nEinen mutigen Tag w\u00fcnsche ich ihnen.<\/p>\n<p><strong>Gute Ideen s\u00e4en<\/strong><\/p>\n<p>Guten Morgen,<br \/>\nhaben sie schon ihre Radieschen und Karotten ausges\u00e4t?\u00a0 Langsam wird Zeit!<br \/>\nOder soll es mal eine Reihe Sonnenblumen werden oder Wicken am Gartenzaun?<br \/>\nOder noch besser: S\u00e4en Sie doch mal eine gute Idee!<br \/>\nSie haben doch bestimmt im Hinterkopf irgend einen guten Gedanken. Einen, wo sie sagen: ich hab da ne prima Idee, das m\u00fcsste man unbedingt mal machen\u00a0 &#8211; aber es ist nie etwas draus geworden. Ich denke: Eine gute Idee muss man behandeln wie ein Samenkorn: Mal irgendwo ausbringen, wo sie auf guten Boden fallen k\u00f6nnte. Mit reiflichen \u00dcberlegen und gutem Zureden gie\u00dfen.<br \/>\nMit Motivation und ohne Angst vor dem Scheitern d\u00fcngen.<br \/>\nNicht aufgeben, auch wenn sich anfangs nichts zu bewegen scheint.<br \/>\nUnd dann zuschauen, wie langsam etwas draus wird. W\u00e4re das nicht was f\u00fcr diesen Fr\u00fchling?<br \/>\nEine richtig gute Idee in diesem Jahr auss\u00e4en und zum Bl\u00fchen bringen.<br \/>\nManchmal braucht man auch ein paar andere Leute dazu. Aber die werden sich schon finden lassen.<br \/>\nIch w\u00fcnsche ihnen heute viel Mut- und eine wirklich gute Idee.<\/p>\n","protected":false},"excerpt":{"rendered":"<p>&#8211; Es gr\u00fcnt und bl\u00fcht &#8211; Priorit\u00e4tenfrage &#8211; Jubelkonfirmation &#8211; Alles ist m\u00f6glich! &#8211; gute Ideen s\u00e4en <a class=\"continue-reading-link\" href=\"https:\/\/www.pastors-home.de\/?p=909\">ich will weiterlesen<\/a><\/p>\n","protected":false},"author":1,"featured_media":0,"comment_status":"open","ping_status":"open","sticky":false,"template":"","format":"standard","meta":{"jetpack_post_was_ever_published":false,"_jetpack_newsletter_access":"","_jetpack_dont_email_post_to_subs":false,"_jetpack_newsletter_tier_id":0,"_jetpack_memberships_contains_paywalled_content":false,"_jetpack_memberships_contains_paid_content":false,"footnotes":"","jetpack_publicize_message":"","jetpack_publicize_feature_enabled":true,"jetpack_social_post_already_shared":true,"jetpack_social_options":{"image_generator_settings":{"template":"highway","default_image_id":0,"font":"","enabled":false},"version":2}},"categories":[238],"tags":[334,335,70],"class_list":["post-909","post","type-post","status-publish","format-standard","hentry","category-radioandachten-2012","tag-glaube","tag-prioritaeten","tag-skepsis"],"jetpack_publicize_connections":[],"jetpack_featured_media_url":"","jetpack_sharing_enabled":true,"jetpack_shortlink":"https:\/\/wp.me\/p4BNB2-eF","jetpack_likes_enabled":true,"_links":{"self":[{"href":"https:\/\/www.pastors-home.de\/index.php?rest_route=\/wp\/v2\/posts\/909","targetHints":{"allow":["GET"]}}],"collection":[{"href":"https:\/\/www.pastors-home.de\/index.php?rest_route=\/wp\/v2\/posts"}],"about":[{"href":"https:\/\/www.pastors-home.de\/index.php?rest_route=\/wp\/v2\/types\/post"}],"author":[{"embeddable":true,"href":"https:\/\/www.pastors-home.de\/index.php?rest_route=\/wp\/v2\/users\/1"}],"replies":[{"embeddable":true,"href":"https:\/\/www.pastors-home.de\/index.php?rest_route=%2Fwp%2Fv2%2Fcomments&post=909"}],"version-history":[{"count":1,"href":"https:\/\/www.pastors-home.de\/index.php?rest_route=\/wp\/v2\/posts\/909\/revisions"}],"predecessor-version":[{"id":910,"href":"https:\/\/www.pastors-home.de\/index.php?rest_route=\/wp\/v2\/posts\/909\/revisions\/910"}],"wp:attachment":[{"href":"https:\/\/www.pastors-home.de\/index.php?rest_route=%2Fwp%2Fv2%2Fmedia&parent=909"}],"wp:term":[{"taxonomy":"category","embeddable":true,"href":"https:\/\/www.pastors-home.de\/index.php?rest_route=%2Fwp%2Fv2%2Fcategories&post=909"},{"taxonomy":"post_tag","embeddable":true,"href":"https:\/\/www.pastors-home.de\/index.php?rest_route=%2Fwp%2Fv2%2Ftags&post=909"}],"curies":[{"name":"wp","href":"https:\/\/api.w.org\/{rel}","templated":true}]}}