{"id":59,"date":"2008-03-20T16:26:58","date_gmt":"2008-03-20T16:26:58","guid":{"rendered":"http:\/\/pastorshome.wordpress.com\/?p=6"},"modified":"2014-05-06T16:15:02","modified_gmt":"2014-05-06T16:15:02","slug":"fest-des-fisches","status":"publish","type":"post","link":"https:\/\/www.pastors-home.de\/?p=59","title":{"rendered":"Fest des Fisches?"},"content":{"rendered":"<p><span style=\"color:#339966;\"><em>&#8222;Wenn die  Leute zu Ostern oder Weihnachten Fische oder G\u00e4nse vorbestellen, dann besorge ich mir immer einige auf Reserve. Denn manche Leute vergessen es, ihre Fisch vorzubestellen, und wenns dann am Karfreitag keinen gibt, ist die Katastrophe gro\u00df.&#8220; <\/em><\/span><\/p>\n<p>Erz\u00e4hlt mir die Inhaberin meines Lieblingsgetr\u00e4nkeladens mit angeschlossenem Gefl\u00fcgel- und Fischverkauf. Es gibt sie also, die Menschen, f\u00fcr die Ostern das Fest des Karpfens, und Weihnachten das Fest der Gans ist. &#8211; Mich wundert da bald nichts mehr.<\/p>\n<p><span style=\"color:#800080;\">&#8222;Ist mit doch wurst, ob Jesus auferstanden ist, Hauptsache der Karpfen bleibt tot im Backofen liegen!&#8220;<\/span><\/p>\n<p>Da brauch ich ja nur drauf zu warten, dass mir mal ein Konfirmand erkl\u00e4rt, weshalb der Fisch das Zeichen der ersten Christen war: &#8222;Wegen dem  Karfreitagskarpfen!&#8220; &#8211; Der geneigte Leser darf sich bei Bedarf auch &#8222;Osterkarpfen&#8220; denken und den genitivt\u00f6tenden Dativ mit der grammatikalisch korrekten Form ersetzen.<\/p>\n<p>Nichtsdestotrotz werde auch  ich am Karfreitag einen typisch fr\u00e4nkischen Karpfen genie\u00dfen.<\/p>\n<p><a title=\"karpfen.jpg\" href=\"http:\/\/pastorshome.files.wordpress.com\/2008\/03\/karpfen.jpg\"><img data-recalc-dims=\"1\" decoding=\"async\" src=\"http:\/\/pastorshome.files.wordpress.com\/2008\/03\/karpfen.jpg?w=880\" alt=\"karpfen.jpg\" \/><\/a>Guten Appetit: <a title=\"http:\/\/www.chefkoch.de\/forum\/2,19,305338\/Karpfen-am-Karfreitag.html\" href=\"http:\/\/www.chefkoch.de\/forum\/2,19,305338\/Karpfen-am-Karfreitag.html\" target=\"_blank\">http:\/\/www.chefkoch.de\/forum\/2,19,305338\/Karpfen-am-Karfreitag.html<\/a><\/p>\n","protected":false},"excerpt":{"rendered":"<p>&#8222;Wenn die Leute zu Ostern oder Weihnachten Fische oder G\u00e4nse vorbestellen, dann besorge ich mir immer einige auf Reserve. Denn manche Leute vergessen es, ihre Fisch vorzubestellen, und wenns dann am Karfreitag keinen gibt, ist die Katastrophe gro\u00df.&#8220; Erz\u00e4hlt mir die Inhaberin meines Lieblingsgetr\u00e4nkeladens mit angeschlossenem Gefl\u00fcgel- und Fischverkauf. Es\u2026 <a class=\"continue-reading-link\" href=\"https:\/\/www.pastors-home.de\/?p=59\">ich will weiterlesen<\/a><\/p>\n","protected":false},"author":1,"featured_media":0,"comment_status":"open","ping_status":"open","sticky":false,"template":"","format":"standard","meta":{"jetpack_post_was_ever_published":false,"_jetpack_newsletter_access":"","_jetpack_dont_email_post_to_subs":false,"_jetpack_newsletter_tier_id":0,"_jetpack_memberships_contains_paywalled_content":false,"_jetpack_memberships_contains_paid_content":false,"footnotes":"","jetpack_publicize_message":"","jetpack_publicize_feature_enabled":true,"jetpack_social_post_already_shared":false,"jetpack_social_options":{"image_generator_settings":{"template":"highway","default_image_id":0,"font":"","enabled":false},"version":2}},"categories":[235,39],"tags":[42,43,40,44],"class_list":["post-59","post","type-post","status-publish","format-standard","hentry","category-blog-2008","category-nicht-kategorisiert","tag-karfreitag","tag-karpfen","tag-passionszeit","tag-tradition"],"jetpack_publicize_connections":[],"jetpack_featured_media_url":"","jetpack_sharing_enabled":true,"jetpack_shortlink":"https:\/\/wp.me\/p4BNB2-X","jetpack_likes_enabled":true,"_links":{"self":[{"href":"https:\/\/www.pastors-home.de\/index.php?rest_route=\/wp\/v2\/posts\/59","targetHints":{"allow":["GET"]}}],"collection":[{"href":"https:\/\/www.pastors-home.de\/index.php?rest_route=\/wp\/v2\/posts"}],"about":[{"href":"https:\/\/www.pastors-home.de\/index.php?rest_route=\/wp\/v2\/types\/post"}],"author":[{"embeddable":true,"href":"https:\/\/www.pastors-home.de\/index.php?rest_route=\/wp\/v2\/users\/1"}],"replies":[{"embeddable":true,"href":"https:\/\/www.pastors-home.de\/index.php?rest_route=%2Fwp%2Fv2%2Fcomments&post=59"}],"version-history":[{"count":1,"href":"https:\/\/www.pastors-home.de\/index.php?rest_route=\/wp\/v2\/posts\/59\/revisions"}],"predecessor-version":[{"id":793,"href":"https:\/\/www.pastors-home.de\/index.php?rest_route=\/wp\/v2\/posts\/59\/revisions\/793"}],"wp:attachment":[{"href":"https:\/\/www.pastors-home.de\/index.php?rest_route=%2Fwp%2Fv2%2Fmedia&parent=59"}],"wp:term":[{"taxonomy":"category","embeddable":true,"href":"https:\/\/www.pastors-home.de\/index.php?rest_route=%2Fwp%2Fv2%2Fcategories&post=59"},{"taxonomy":"post_tag","embeddable":true,"href":"https:\/\/www.pastors-home.de\/index.php?rest_route=%2Fwp%2Fv2%2Ftags&post=59"}],"curies":[{"name":"wp","href":"https:\/\/api.w.org\/{rel}","templated":true}]}}