{"id":5774,"date":"2024-12-31T12:18:24","date_gmt":"2024-12-31T11:18:24","guid":{"rendered":"https:\/\/www.pastors-home.de\/?p=5774"},"modified":"2024-12-31T15:47:27","modified_gmt":"2024-12-31T14:47:27","slug":"predigt-zur-jahreslosung-2025-prueft-alles-und-behaltet-das-gute-1-thess-521","status":"publish","type":"post","link":"https:\/\/www.pastors-home.de\/?p=5774","title":{"rendered":"Predigt zur Jahreslosung 2025: Pr\u00fcft alles und behaltet das Gute! (1. Thess 5,21)"},"content":{"rendered":"\n<div class=\"wp-block-media-text is-stacked-on-mobile has-very-light-gray-to-cyan-bluish-gray-gradient-background has-background\"><figure class=\"wp-block-media-text__media\"><img data-recalc-dims=\"1\" loading=\"lazy\" decoding=\"async\" width=\"768\" height=\"1024\" data-attachment-id=\"5775\" data-permalink=\"https:\/\/www.pastors-home.de\/?attachment_id=5775\" data-orig-file=\"https:\/\/i0.wp.com\/www.pastors-home.de\/wp-content\/uploads\/2024\/12\/vab_jl2025-1536x2048-1.jpg?fit=1536%2C2048&amp;ssl=1\" data-orig-size=\"1536,2048\" data-comments-opened=\"1\" data-image-meta=\"{&quot;aperture&quot;:&quot;0&quot;,&quot;credit&quot;:&quot;&quot;,&quot;camera&quot;:&quot;&quot;,&quot;caption&quot;:&quot;&quot;,&quot;created_timestamp&quot;:&quot;0&quot;,&quot;copyright&quot;:&quot;&quot;,&quot;focal_length&quot;:&quot;0&quot;,&quot;iso&quot;:&quot;0&quot;,&quot;shutter_speed&quot;:&quot;0&quot;,&quot;title&quot;:&quot;&quot;,&quot;orientation&quot;:&quot;0&quot;}\" data-image-title=\"vab_jl2025-1536&amp;#215;2048\" data-image-description=\"\" data-image-caption=\"\" data-large-file=\"https:\/\/i0.wp.com\/www.pastors-home.de\/wp-content\/uploads\/2024\/12\/vab_jl2025-1536x2048-1.jpg?fit=768%2C1024&amp;ssl=1\" src=\"https:\/\/i0.wp.com\/www.pastors-home.de\/wp-content\/uploads\/2024\/12\/vab_jl2025-1536x2048-1.jpg?resize=768%2C1024&#038;ssl=1\" alt=\"\" class=\"wp-image-5775 size-full\" srcset=\"https:\/\/i0.wp.com\/www.pastors-home.de\/wp-content\/uploads\/2024\/12\/vab_jl2025-1536x2048-1.jpg?resize=768%2C1024&amp;ssl=1 768w, https:\/\/i0.wp.com\/www.pastors-home.de\/wp-content\/uploads\/2024\/12\/vab_jl2025-1536x2048-1.jpg?resize=225%2C300&amp;ssl=1 225w, https:\/\/i0.wp.com\/www.pastors-home.de\/wp-content\/uploads\/2024\/12\/vab_jl2025-1536x2048-1.jpg?resize=1152%2C1536&amp;ssl=1 1152w, https:\/\/i0.wp.com\/www.pastors-home.de\/wp-content\/uploads\/2024\/12\/vab_jl2025-1536x2048-1.jpg?resize=113%2C150&amp;ssl=1 113w, https:\/\/i0.wp.com\/www.pastors-home.de\/wp-content\/uploads\/2024\/12\/vab_jl2025-1536x2048-1.jpg?w=1536&amp;ssl=1 1536w\" sizes=\"auto, (max-width: 768px) 100vw, 768px\" \/><\/figure><div class=\"wp-block-media-text__content\">\n<p>Pr\u00fcft alles und behaltet das Gute!<br>1. Thessalonicher 5,21<br><br>Wir schauen mit diesem Vers in zwei Richtungen: Wir suchen nach den guten Erinnerungen im vergangenen Jahr. Und wir blicken in die Zukunft, die uns immer herausfordert, das Gute zu tun und in Jesu Fu\u00dftapfen unseren Weg zu gehen.<\/p>\n\n\n\n<p><br>Bild: <a href=\"https:\/\/www.verlagambirnbach.de\">Verlag am Birnbach<\/a> &#8211; Motiv von Stefanie Bahlinger, M\u00f6ssingen<\/p>\n<\/div><\/div>\n\n\n\n<p>Liebe Gemeinde,<br>Fernsehleute haben es nicht immer leicht. Da wollen sie f\u00fcr eine Sendung Aussagen von Passanten einsammeln, was ihnen denn f\u00fcr 2024 besonders in Erinnerung geblieben ist. Und was m\u00fcssen sie h\u00f6ren: Krieg, Katastrophen, politisches Chaos \u2026 nix Positives! Null!<br>Ratlosigkeit im Aufnahmeteam. Ok \u2013 dann ver\u00e4ndern wir mal die Fragestellung: \u201eWas ist ihnen denn 2024 besonders positiv in Erinnerung?\u201c:<br>\u201e\u00e4hhh, wei\u00df nicht\u201c<br>\u201edass der BVB ins Champions-League-Finale gekommen ist\u201c<br>\u201ehmmm, keine Ahnung\u201c.<br>Das ist schon verr\u00fcckt \u2013 oder? War 2024 wirklich so schlimm und so ganz ohne gute Seiten?<\/p>\n\n\n\n<p><br><strong><em>Leben mit den schwarzen Steinen<\/em><\/strong><br>Es ist schon eine seltsame menschliche Eigenschaft, dass negative Erfahrungen, Entt\u00e4uschungen und Verletzungen viel besser in der Erinnerung bleiben, als das Positive. Vielleicht weil wir es als selbstverst\u00e4ndlich ansehen und erwarten, dass alles gut l\u00e4uft?<br>Das war anscheinend schon immer so. Schon vor Tausenden von Jahren finden sich in den Psalmen immer wieder Aufrufe, dankbar f\u00fcr das Gute zu sein, das einem geschenkt wurde, und sich nicht an dem Negativen zu orientieren.<\/p>\n\n\n\n<p>Die Jahreslosung f\u00fcr das kommende Jahr scheint ein bisschen in die gleiche Richtung zu gehen: \u201ePr\u00fcft alles und behaltet das Gute!&#8220; Diesen Ratschlag legt der Apostel Paulus der Gemeinde im heutigen Thessaloniki ans Herz.<br>\u201ePr\u00fcft alles und behaltet das Gute!&#8220; \u2013 die K\u00fcnstlerin Stefanie Bahlinger hat dazu ein Bild entworfen, das Sie alle ja in den H\u00e4nden halten d\u00fcrften: Ein Sieb, das heftig gesch\u00fcttelt wird. Wir sehen, wie die Steine herumgewirbelt werden, und dass offenbar die schwarzen und grauen Steine durch das Sieb fallen. Die bunten aber bleiben in dem Sieb.<br>Das ist das ja wirklich ein sch\u00f6nes Bild f\u00fcr den eigenen Jahresr\u00fcckblick: Die sch\u00f6nen bunten Steine aufbewahren, an sie zur\u00fcckzudenken. Und das tr\u00fcbe, triste und entt\u00e4uschende durch den Rost fallen zu lassen.<br>Ach &#8211; Es w\u00e4re sch\u00f6n, wenn es immer so einfach w\u00e4re. Aber die Wirklichkeit ist komplexer. Manche schwarze Steine sind ja nicht nur ein St\u00fcck Vergangenheit. Sie wirken bis in die Gegenwart. Kr\u00e4nkungen, Verlust von geliebten Menschen, Entt\u00e4uschungen \u2026 die bleiben oft jahrelang ein Teil des Lebens.<br>Und gelegentlich haben wir es uns mit diesen schwarzen Steinen auch irgendwie eingerichtet. Mit dem Groll, mit der Rolle des Betrogenen, Verlassenen, vom Schicksal Gebeutelten. Oft sind es andere, die uns dann sagen: \u201eLass das Alte ruhen. Schau nach vorne!\u201c<br>Ja, da haben sie oft recht, aber letztlich muss man selbst sp\u00fcren, wann der Zeitpunkt ist, den alten schwarzen Stein loszulassen und auf das Gute zu schauen.<\/p>\n\n\n\n<p>\u2003<br><em><strong>Pr\u00fcfungsauftrag des Paulus<\/strong><\/em><br>\u201eSchau nach vorne!\u201c \u2013 der Vers von Paulus ist einer, der tats\u00e4chlich eher in die Zukunft blickt. Das merkt man, wenn man schaut, in welchem Zusammenhang er ihn formuliert hat:<br>\u201ePr\u00fcft alles und behaltet das Gute!&#8220; \u2013 damit dr\u00fcckt er seinen Mitchristen eine Aufgabe in die Hand: Die Zukunft zu gestalten und selbst zu entscheiden, was richtig und gut ist. Die damalige Gemeinde, an die Paulus diesen Satz gerichtet hat, war ja erst frisch gegr\u00fcndet.<br>Was hei\u00dft es als Christ zu leben?<br>Wie gehen wir mit den gesellschaftlichen Rahmenbedingungen um, die wir hier in der Handelsmetropole Tessalonich haben? Das Umfeld pr\u00e4gt ja die Menschen der Gemeinde. Da ist jeder ein bisschen anders. Es gibt unterschiedliche Positionen. Da kann es auch mal ordentlich krachen, wenn widerspr\u00fcchliche Auffassungen aufeinanderprallen.<br>Und wieder sehen wir: Das Menschsein hat sich da nicht grundlegend ver\u00e4ndert. Wir k\u00f6nnen nicht einfach sagen: \u201eSo war es schon immer, also muss es richtig sein\u201c.<br>\u201ePr\u00fcft alles und behaltet das Gute!&#8220; sagt das unbequeme Gegenteil: Lehnt das, was neu und ungewohnt ist, nicht einfach ab. Schaut es euch genau an. Pr\u00fcft, ob es etwas Gutes ist, das euch weiterbringt.<br>Und umgekehrt bedeutet das auch: Das Althergebrachte muss genauso auf den Pr\u00fcfstand. Nur weil wir etwas schon immer so gemacht haben, hei\u00dft ja nicht, dass es damit heute immer noch sinnvoll ist.<\/p>\n\n\n\n<p><br><strong><em>Die Pr\u00fcfkriterien<\/em><\/strong><br>Klingt das grade arg modernistisch?<br>Nach Kirchenrevolution an Silvester?<br>Wohl eher doch nicht, denn Paulus liefert in seinem Brief an die Gemeinde gleich mit diesem \u201ePr\u00fcft alles\u201c-Satz auch Kriterien \u2013 oder auch Themen \u2013 mit, die da helfen sollen. Er schreibt:<br><em>Wichtig ist, dass ihr alle miteinander in Frieden lebt. Baut die Mutlosen auf, helft den Schwachen und bringt f\u00fcr jeden Menschen Geduld und Nachsicht auf.\u2002Keiner von euch soll B\u00f6ses mit B\u00f6sem vergelten; bem\u00fcht euch vielmehr darum, einander wie auch allen anderen Menschen Gutes zu tun.\u2002 Freut euch zu jeder Zeit!\u2002H\u00f6rt niemals auf zu beten.\u2002Dankt Gott, ganz gleich wie eure Lebensumst\u00e4nde auch sein m\u00f6gen.<\/em><br>Klingt jetzt doch nicht \u00fcberm\u00e4\u00dfig revolution\u00e4r \u2013 oder?<br>Vielleicht eher sehr traditionell: In Jesu Fu\u00dftapfen durchs Leben gehen. Das mit Leben f\u00fcllen, was Jesus gesagt und getan hat.<br>Aber gerade weil sich diese Welt immer ver\u00e4ndert, ist es immer eine Aufgabe neu darauf zu schauen: Was ist das Gute? Was ist im Sinn von Jesus Christus? Und da kann es schon sein, dass wir mal umdenken m\u00fcssen.<br>Indem wir nachdenken, beten, und dann hoffen, dass dabei eine guter Weg herauskommt, auf dem wir gehen k\u00f6nnen.<br>Amen<\/p>\n","protected":false},"excerpt":{"rendered":"<p>Wir schauen mit diesem Vers in zwei Richtungen: Wir suchen nach den guten Erinnerungen im vergangenen Jahr. Und wir blicken in die Zukunft, die uns immer herausfordert, das Gute zu tun und in Jesu Fu\u00dftapfen unseren Weg zu gehen. <a class=\"continue-reading-link\" href=\"https:\/\/www.pastors-home.de\/?p=5774\">ich will weiterlesen<\/a><\/p>\n","protected":false},"author":1,"featured_media":5776,"comment_status":"open","ping_status":"open","sticky":false,"template":"","format":"standard","meta":{"jetpack_post_was_ever_published":false,"_jetpack_newsletter_access":"","_jetpack_dont_email_post_to_subs":false,"_jetpack_newsletter_tier_id":0,"_jetpack_memberships_contains_paywalled_content":false,"_jetpack_memberships_contains_paid_content":false,"footnotes":"","jetpack_publicize_message":"","jetpack_publicize_feature_enabled":true,"jetpack_social_post_already_shared":true,"jetpack_social_options":{"image_generator_settings":{"template":"highway","default_image_id":0,"font":"","enabled":false},"version":2}},"categories":[952],"tags":[680,968,5,424],"class_list":["post-5774","post","type-post","status-publish","format-standard","has-post-thumbnail","hentry","category-predigten-2024","tag-1-thess","tag-968","tag-jahreslosung","tag-silvester"],"jetpack_publicize_connections":[],"jetpack_featured_media_url":"https:\/\/i0.wp.com\/www.pastors-home.de\/wp-content\/uploads\/2024\/12\/vab_jl2025-1920x1080-1.jpg?fit=1920%2C1080&ssl=1","jetpack_sharing_enabled":true,"jetpack_shortlink":"https:\/\/wp.me\/p4BNB2-1v8","jetpack_likes_enabled":true,"_links":{"self":[{"href":"https:\/\/www.pastors-home.de\/index.php?rest_route=\/wp\/v2\/posts\/5774","targetHints":{"allow":["GET"]}}],"collection":[{"href":"https:\/\/www.pastors-home.de\/index.php?rest_route=\/wp\/v2\/posts"}],"about":[{"href":"https:\/\/www.pastors-home.de\/index.php?rest_route=\/wp\/v2\/types\/post"}],"author":[{"embeddable":true,"href":"https:\/\/www.pastors-home.de\/index.php?rest_route=\/wp\/v2\/users\/1"}],"replies":[{"embeddable":true,"href":"https:\/\/www.pastors-home.de\/index.php?rest_route=%2Fwp%2Fv2%2Fcomments&post=5774"}],"version-history":[{"count":3,"href":"https:\/\/www.pastors-home.de\/index.php?rest_route=\/wp\/v2\/posts\/5774\/revisions"}],"predecessor-version":[{"id":5780,"href":"https:\/\/www.pastors-home.de\/index.php?rest_route=\/wp\/v2\/posts\/5774\/revisions\/5780"}],"wp:featuredmedia":[{"embeddable":true,"href":"https:\/\/www.pastors-home.de\/index.php?rest_route=\/wp\/v2\/media\/5776"}],"wp:attachment":[{"href":"https:\/\/www.pastors-home.de\/index.php?rest_route=%2Fwp%2Fv2%2Fmedia&parent=5774"}],"wp:term":[{"taxonomy":"category","embeddable":true,"href":"https:\/\/www.pastors-home.de\/index.php?rest_route=%2Fwp%2Fv2%2Fcategories&post=5774"},{"taxonomy":"post_tag","embeddable":true,"href":"https:\/\/www.pastors-home.de\/index.php?rest_route=%2Fwp%2Fv2%2Ftags&post=5774"}],"curies":[{"name":"wp","href":"https:\/\/api.w.org\/{rel}","templated":true}]}}