{"id":5736,"date":"2024-11-17T10:00:00","date_gmt":"2024-11-17T09:00:00","guid":{"rendered":"https:\/\/www.pastors-home.de\/?p=5736"},"modified":"2024-11-17T10:10:08","modified_gmt":"2024-11-17T09:10:08","slug":"30-minuten-advent-zum-heulen-schoen-warum-gefuehle-an-weihnachten-so-wichtig-sind","status":"publish","type":"post","link":"https:\/\/www.pastors-home.de\/?p=5736","title":{"rendered":"30-Minuten-Advent: \u201eZum Heulen sch\u00f6n\u201c \u2013 Warum Gef\u00fchle an Weihnachten so wichtig sind."},"content":{"rendered":"\n<p class=\"has-luminous-vivid-amber-to-luminous-vivid-orange-gradient-background has-background\"><strong>Info zum Format: <\/strong><br>&#8222;30 Minuten Advent&#8220; ist ein Format, das ich 2021 gestartet habe. Eine Andacht, die nur eine halbe Stunde dauert und viele traditionelle Elemente einfach mal wegl\u00e4sst. Daf\u00fcr kommen andere Kan\u00e4le ins Spiel: Youtube-Impulse, Geschmackserfahrungen und manches mehr. Jede Andacht hat ein Thema, das an unsere Advents- und Weihnachtserfahrungen ankn\u00fcpft. <br><\/p>\n\n\n\n<p><strong>Ablauf<\/strong>:<\/p>\n\n\n\n<p>Vorspiel <br>Begr\u00fc\u00dfung mit Einf\u00fchrung ins Thema<br>Lied 17 1-3 Wir sagen euch an den lieben Advent<br>Video: Herr Schmidt\/Edeka<br>Gedanken<br>Video: Sternstunden&nbsp;<br>Magnificat<br>Lied 18 1+2 Seht, die gute Zeit ist nah<br>Gebet<br>Vaterunser<br>Segen<br>Nachspiel<\/p>\n\n\n\n<p><\/p>\n\n\n\n<p><strong>Begr\u00fc\u00dfung mit Einf\u00fchrung ins Thema<\/strong><\/p>\n\n\n\n<p>Herzlich Willkommen zu \u201e30 Minuten Advent\u201c<br>eine halbe Stunde in unserer Kirche,<br>Kirche \u2026 mal ein bisschen anders als am Sonntagvormittag<\/p>\n\n\n\n<p>Zeit, um im Adventstrubel, ein bisschen \u201eanders\u201c auf den Advent zu schauen. Weihnachten, das ist die Zeit, wo unsere Emotionen Wellen schlagen. Und zwar in jede Richtung. Das ist die gespannte Erwartung auf das Fest, die Vorfreude.<br>Rituale wie Pl\u00e4tzchenbacken und Adventskalender w\u00e4rmen das Herz.<br>Da gibt\u2019s die bleierne Schwere, die sich auf einen legen kann, wenn man merkt, was da noch alles bis Weihnachten zu erledigen ist \u2026 und man ahnt, dass das alles gar nicht mehr zu schaffen ist<br>Wir lieben es, wenn wir es daheim kuschelig und heimelig einrichten. Kerzen brennen, stimmungvolle Dekoration ist am Start.<br>Im Fernsehen laufen manche r\u00fchrselige Streifen, die man sonst unterm Jahr eher als Kitsch ansehen und wegzappen w\u00fcrde.<br>Es ist das emotionalste Fest im Jahr. Und anscheinend wollen wir das auch. Wir feiern es als Fest mit vielen Gef\u00fchlen, mit Lachen und Weinen. Mit Begeisterung und R\u00fchrung.<\/p>\n\n\n\n<p><strong>Lied 17 1-3 Wir sagen euch an den lieben Advent<\/strong><\/p>\n\n\n\n<p><strong>Video: Die besondere Weihnachtsgeschichte des Herrn Schmidt\/Edeka<\/strong><\/p>\n\n\n\n<figure class=\"wp-block-embed is-type-video is-provider-youtube wp-block-embed-youtube wp-embed-aspect-16-9 wp-has-aspect-ratio\"><div class=\"wp-block-embed__wrapper\">\n<span class=\"embed-youtube\" style=\"text-align:center; display: block;\"><iframe loading=\"lazy\" class=\"youtube-player\" width=\"880\" height=\"495\" src=\"https:\/\/www.youtube.com\/embed\/Sjo5ue9ZTuw?version=3&#038;rel=1&#038;showsearch=0&#038;showinfo=1&#038;iv_load_policy=1&#038;fs=1&#038;hl=de-DE&#038;autohide=2&#038;wmode=transparent\" allowfullscreen=\"true\" style=\"border:0;\" sandbox=\"allow-scripts allow-same-origin allow-popups allow-presentation allow-popups-to-escape-sandbox\"><\/iframe><\/span>\n<\/div><\/figure>\n\n\n\n<p><strong>Meine Gedanken<\/strong><\/p>\n\n\n\n<p>Herz-zerrei\u00dfend sind so manche Werbungen und Filme in der Zeit vor und um Weihnachten. Und viele ber\u00fchren uns, ber\u00fchren vielleicht auch sehr bewusst unsere sensiblen Punkte. Manches emotionale Thema, das ich normalerweise in meinem Herzen gut aufger\u00e4umt hatte, so dass ich nicht so oft damit konfrontiert bin \u2013 in dieser Zeit meldet sich es dann doch.<br>Ist es so, dass wir in dieser Zeit einfach offener sind?<br>Gef\u00fchle eher zulassen?<br>Der eigene emotionale Panzer, an dem oft so vieles abprallt, wird auf die Seite gelegt.<br>Ich werde sensibler, angreifbarer, verletzlicher.<\/p>\n\n\n\n<p>Liegt es an diesem Kind in der Krippe und seiner Familie? Sie waren ja auch verletzlich und ungesch\u00fctzt. Den Anweisungen der Politik ausgeliefert, ohne vern\u00fcnftiges Dach \u00fcber den Kopf, nicht mal das N\u00f6tigste stand zur Verf\u00fcgung, dort im Stall von Bethlehem. Und mittendrin dieses Kind, auf dem dann so viel an&nbsp; Erwartung lag. Notd\u00fcrftig eingewickelt. Und wenige Kilometer entfernt schmiedet Herodes schon Pl\u00e4ne, wie man dieses Kind verschwinden lassen kann.<br>Wir alle kennen die Geschichte und die Umst\u00e4nde der Geburt im Stall \u2013 und vielleicht ist gerade dieses Wissen der Wurm, der an unserem Streben nach dem perfekten Weihnachten nagt. Kann es sein, dass es im Grunde gar nicht um das perfekte Fest geht, sodern einfach um meine Sehnsucht danach, dass alles gut wird?<\/p>\n\n\n\n<p>Ich erlaube mir, mir etwas zu w\u00fcnschen:<br>&#8211; Nicht Geschenke, sondern ein sch\u00f6nes Feiern.<br>&#8211; Dass alte Geschichten nicht das Miteinander st\u00f6ren.<br>&#8211; Dass einmal Frieden herrscht, am liebsten nicht nur in unserer Stra\u00dfe, sondern auf der ganzen Welt \u2013 hat nicht der Engel bei den Hirten von \u201eFrieden auf Erden\u201c gesprochen? <br>&#8211; Ich w\u00fcnsche mir, dass es gut wird. \u2013 \u00dcberhaupt \u2026 alles was mich belastet \u2026 &nbsp;dass das von meinen Schultern genommen wird \u2026 wenigstens f\u00fcr ein paar Tage \u2026 am liebsten w\u00e4re mir, wenn das f\u00fcr alle Zeit so w\u00e4re \u2013 f\u00fcr alle Menschen.<\/p>\n\n\n\n<p>Weihnachten \u2013 Zeit der Sehnsucht nach der heilen Welt. Nach einer Welt, die wirklich heil ist, und nicht nur so tut als ob. Mit diesen Gedanken bin ich Advent unterwegs. Mit meiner Hoffnung, mit meiner Sehnsucht \u2026 mit meinen so gro\u00dfen Erwartungen an diesen Heiland Jesus in der Krippe.<\/p>\n\n\n\n<p>Eigentlich bin ich jeden Tag der Jahres mit diesen Hoffnungen unterwegs. Mit all der Unzufriedenheit mit der Welt, wie sie ist, und mit meiner Sehnsucht, dass Gott das doch mal in Ordnung bringt. Aber an Weihnachten f\u00fchlt man da manches eben intensiver.<br>Kann es sein, dass aber in all diesen Sehns\u00fcchten auch der Keim liegt, selbst auch etwas dazu tun? Hat nicht dieses Kind in der Krippe sp\u00e4ter als Erwachsener zu uns gesagt: Liebe deinen N\u00e4chsten wie sich selbst? \u2013 Das ist doch ein ganz wichtiger Schritt in einer Welt, die heil werden soll. Und den Schritt muss jeder selbst gehen.<\/p>\n\n\n\n<p>Ein Lied zum Anh\u00f6ren habe ich mitgebracht. Es ist das Motto-Lied der Aktion Sternstunden des Bayerischen Rundfunks. Jedes Jahr sammelt diese Initiative Geld f\u00fcr behinderte und benachteiligte Kinder.<br>Was mir an diesem Lied so gut gef\u00e4llt, ist dass es so viel Hoffnung atmet \u2013 die Hoffnung, dass es besser wird,<br>Hoffung auf Hilfe<br>Hoffnung auf Heilung<br>Hoffnung auf Menschen, die f\u00fcr andere da sind.<\/p>\n\n\n\n<p><strong>Video: Sternstunden&nbsp;<\/strong><\/p>\n\n\n\n<figure class=\"wp-block-embed is-type-video is-provider-youtube wp-block-embed-youtube wp-embed-aspect-16-9 wp-has-aspect-ratio\"><div class=\"wp-block-embed__wrapper\">\n<span class=\"embed-youtube\" style=\"text-align:center; display: block;\"><iframe loading=\"lazy\" class=\"youtube-player\" width=\"880\" height=\"495\" src=\"https:\/\/www.youtube.com\/embed\/9w3cunVZrIw?version=3&#038;rel=1&#038;showsearch=0&#038;showinfo=1&#038;iv_load_policy=1&#038;fs=1&#038;hl=de-DE&#038;autohide=2&#038;wmode=transparent\" allowfullscreen=\"true\" style=\"border:0;\" sandbox=\"allow-scripts allow-same-origin allow-popups allow-presentation allow-popups-to-escape-sandbox\"><\/iframe><\/span>\n<\/div><\/figure>\n\n\n\n<p><strong>Magnificat<\/strong><\/p>\n\n\n\n<p>Hoffnung z\u00e4hlt! <br>Die Erwartung, dass etwas besser werden kann.<br>Und wenn es nur ein kleiner Schritt ist \u2013 in meiner Welt, oder wenigstens in meinen Umgang damit.<br>Zur Weihnachtsgeschichte geh\u00f6rt auch die Szene, wo Maria von einem Engel erf\u00e4hrt, dass sie die Mutter Jesu sein soll. Nach dem ersten Schreck schwingts sie sich zu einem Lied auf, das sie singt \u2013 ein Lied IHRER Hoffnung.<br>Ich lese es ihnen vor:<\/p>\n\n\n\n<p>Von ganzem Herzen preise ich den Herrn. Ich freue mich \u00fcber Gott, meinen Retter. Mir, seiner Dienerin, hat er Beachtung geschenkt, und das, obwohl ich gering und unbedeutend bin. Von jetzt an und zu allen Zeiten wird man mich gl\u00fccklich preisen, denn Gott hat gro\u00dfe Dinge an mir getan, er, der m\u00e4chtig und heilig ist! Seine Barmherzigkeit bleibt f\u00fcr immer und ewig, sie gilt allen Menschen, die in Ehrfurcht vor ihm leben. Er streckt seinen starken Arm aus und fegt die Hochm\u00fctigen mit ihren stolzen Pl\u00e4nen hinweg.<br>Er st\u00fcrzt Herrscher von ihrem Thron, Unterdr\u00fcckte aber richtet er auf. Die Hungrigen beschenkt er mit G\u00fctern, und die Reichen schickt er mit leeren H\u00e4nden weg. Seine Barmherzigkeit hat er uns, seinen Dienern, zugesagt, ja, er wird seinem Volk Israel helfen. Er hat es unseren Vorfahren versprochen, Abraham und seinen Nachkommen hat er es f\u00fcr immer zugesagt.<br><strong>Lied 18 1+2 Seht, die gute Zeit ist nah<\/strong><\/p>\n","protected":false},"excerpt":{"rendered":"<p>Wenns auf Weihnachten zu geht, werden wir gerne emotional. Sp\u00fcren unsere Verletzlichkeit und die Sehnsucht nach einem der sagt: &#8222;alles wird gut&#8220;.. <a class=\"continue-reading-link\" href=\"https:\/\/www.pastors-home.de\/?p=5736\">ich will weiterlesen<\/a><\/p>\n","protected":false},"author":1,"featured_media":5733,"comment_status":"open","ping_status":"open","sticky":false,"template":"","format":"standard","meta":{"jetpack_post_was_ever_published":false,"_jetpack_newsletter_access":"","_jetpack_dont_email_post_to_subs":false,"_jetpack_newsletter_tier_id":0,"_jetpack_memberships_contains_paywalled_content":false,"_jetpack_memberships_contains_paid_content":false,"footnotes":"","jetpack_publicize_message":"","jetpack_publicize_feature_enabled":true,"jetpack_social_post_already_shared":true,"jetpack_social_options":{"image_generator_settings":{"template":"highway","default_image_id":0,"font":"","enabled":false},"version":2}},"categories":[957],"tags":[86,961,958,962,298],"class_list":["post-5736","post","type-post","status-publish","format-standard","has-post-thumbnail","hentry","category-30-minuten-advent","tag-advent","tag-adventsandacht","tag-andacht","tag-emotionen","tag-sehnsucht"],"jetpack_publicize_connections":[],"jetpack_featured_media_url":"https:\/\/i0.wp.com\/www.pastors-home.de\/wp-content\/uploads\/2024\/11\/Bild-30Minuten-Advent.jpeg?fit=1824%2C1368&ssl=1","jetpack_sharing_enabled":true,"jetpack_shortlink":"https:\/\/wp.me\/p4BNB2-1uw","jetpack_likes_enabled":true,"_links":{"self":[{"href":"https:\/\/www.pastors-home.de\/index.php?rest_route=\/wp\/v2\/posts\/5736","targetHints":{"allow":["GET"]}}],"collection":[{"href":"https:\/\/www.pastors-home.de\/index.php?rest_route=\/wp\/v2\/posts"}],"about":[{"href":"https:\/\/www.pastors-home.de\/index.php?rest_route=\/wp\/v2\/types\/post"}],"author":[{"embeddable":true,"href":"https:\/\/www.pastors-home.de\/index.php?rest_route=\/wp\/v2\/users\/1"}],"replies":[{"embeddable":true,"href":"https:\/\/www.pastors-home.de\/index.php?rest_route=%2Fwp%2Fv2%2Fcomments&post=5736"}],"version-history":[{"count":2,"href":"https:\/\/www.pastors-home.de\/index.php?rest_route=\/wp\/v2\/posts\/5736\/revisions"}],"predecessor-version":[{"id":5752,"href":"https:\/\/www.pastors-home.de\/index.php?rest_route=\/wp\/v2\/posts\/5736\/revisions\/5752"}],"wp:featuredmedia":[{"embeddable":true,"href":"https:\/\/www.pastors-home.de\/index.php?rest_route=\/wp\/v2\/media\/5733"}],"wp:attachment":[{"href":"https:\/\/www.pastors-home.de\/index.php?rest_route=%2Fwp%2Fv2%2Fmedia&parent=5736"}],"wp:term":[{"taxonomy":"category","embeddable":true,"href":"https:\/\/www.pastors-home.de\/index.php?rest_route=%2Fwp%2Fv2%2Fcategories&post=5736"},{"taxonomy":"post_tag","embeddable":true,"href":"https:\/\/www.pastors-home.de\/index.php?rest_route=%2Fwp%2Fv2%2Ftags&post=5736"}],"curies":[{"name":"wp","href":"https:\/\/api.w.org\/{rel}","templated":true}]}}