{"id":536,"date":"2013-04-26T13:20:54","date_gmt":"2013-04-26T11:20:54","guid":{"rendered":"http:\/\/pastorshome.wordpress.com\/?p=536"},"modified":"2014-05-07T00:03:18","modified_gmt":"2014-05-06T22:03:18","slug":"stolpersteine-am-neustadter-schulzentrum-fur-irene-marianne-liesl-hans-und-ludwig","status":"publish","type":"post","link":"https:\/\/www.pastors-home.de\/?p=536","title":{"rendered":"Stolpersteine am Neust\u00e4dter Schulzentrum f\u00fcr Irene, Marianne, Liesl, Hans und Ludwig"},"content":{"rendered":"<p>Seit gestern liegen sie nun am Eingang zum Neust\u00e4dter Schulzentrum: Die &#8222;Stolpersteine&#8220;, die an die f\u00fcnf j\u00fcdischen Sch\u00fcler erinnern, die damals aufgrund ihres Judentums 1934 der Schule verwiesen worden waren.<\/p>\n<div id=\"attachment_538\" style=\"width: 510px\" class=\"wp-caption aligncenter\"><a href=\"http:\/\/pastorshome.files.wordpress.com\/2013\/04\/stolperstein_nea.jpg\"><img data-recalc-dims=\"1\" loading=\"lazy\" decoding=\"async\" aria-describedby=\"caption-attachment-538\" class=\"size-full wp-image-538\" alt=\"Stolperstein am Schulzentrum Neustadt Aisch\" src=\"http:\/\/pastorshome.files.wordpress.com\/2013\/04\/stolperstein_nea.jpg?resize=500%2C349\" width=\"500\" height=\"349\" \/><\/a><p id=\"caption-attachment-538\" class=\"wp-caption-text\">Stolpersteine am Schulzentrum Neustadt Aisch<\/p><\/div>\n<p>1933 lebten noch 74 J\u00fcdinnen und Juden in Neustadt\/Aisch; zwei Jahre sp\u00e4ter waren es noch 39 &#8211; im Dezember 1938 verlie\u00df der letzte j\u00fcdische B\u00fcrger den Ort, nachdem im Monat zuvor allen Juden ein Ultimatum zum Verlassen der Stadt gesetzt worden war.<br \/>\n(Quelle: <a href=\"http:\/\/www.alemannia-judaica.de\/neustadt_aisch_synagoge.htm#Zur%20Geschichte%20der%20j%C3%BCdischen%20Gemeinde\">http:\/\/www.alemannia-judaica.de<\/a>)<\/p>\n<p>&nbsp;<\/p>\n","protected":false},"excerpt":{"rendered":"<p>Seit gestern liegen sie nun am Eingang zum Neust\u00e4dter Schulzentrum: Die &#8222;Stolpersteine&#8220;, die an die f\u00fcnf j\u00fcdischen Sch\u00fcler erinnern, die damals aufgrund ihres Judentums 1934 der Schule verwiesen worden waren. 1933 lebten noch 74 J\u00fcdinnen und Juden in Neustadt\/Aisch; zwei Jahre sp\u00e4ter waren es noch 39 &#8211; im Dezember 1938\u2026 <a class=\"continue-reading-link\" href=\"https:\/\/www.pastors-home.de\/?p=536\">ich will weiterlesen<\/a><\/p>\n","protected":false},"author":1,"featured_media":0,"comment_status":"open","ping_status":"open","sticky":false,"template":"","format":"standard","meta":{"jetpack_post_was_ever_published":false,"_jetpack_newsletter_access":"","_jetpack_dont_email_post_to_subs":false,"_jetpack_newsletter_tier_id":0,"_jetpack_memberships_contains_paywalled_content":false,"_jetpack_memberships_contains_paid_content":false,"footnotes":"","jetpack_publicize_message":"","jetpack_publicize_feature_enabled":true,"jetpack_social_post_already_shared":false,"jetpack_social_options":{"image_generator_settings":{"template":"highway","default_image_id":0,"font":"","enabled":false},"version":2}},"categories":[230,76],"tags":[196,197,105,198],"class_list":["post-536","post","type-post","status-publish","format-standard","hentry","category-blog-2013","category-fundstucke","tag-196","tag-judentum","tag-neustadt","tag-stolpersteine"],"jetpack_publicize_connections":[],"jetpack_featured_media_url":"","jetpack_sharing_enabled":true,"jetpack_shortlink":"https:\/\/wp.me\/p4BNB2-8E","jetpack_likes_enabled":true,"_links":{"self":[{"href":"https:\/\/www.pastors-home.de\/index.php?rest_route=\/wp\/v2\/posts\/536","targetHints":{"allow":["GET"]}}],"collection":[{"href":"https:\/\/www.pastors-home.de\/index.php?rest_route=\/wp\/v2\/posts"}],"about":[{"href":"https:\/\/www.pastors-home.de\/index.php?rest_route=\/wp\/v2\/types\/post"}],"author":[{"embeddable":true,"href":"https:\/\/www.pastors-home.de\/index.php?rest_route=\/wp\/v2\/users\/1"}],"replies":[{"embeddable":true,"href":"https:\/\/www.pastors-home.de\/index.php?rest_route=%2Fwp%2Fv2%2Fcomments&post=536"}],"version-history":[{"count":1,"href":"https:\/\/www.pastors-home.de\/index.php?rest_route=\/wp\/v2\/posts\/536\/revisions"}],"predecessor-version":[{"id":719,"href":"https:\/\/www.pastors-home.de\/index.php?rest_route=\/wp\/v2\/posts\/536\/revisions\/719"}],"wp:attachment":[{"href":"https:\/\/www.pastors-home.de\/index.php?rest_route=%2Fwp%2Fv2%2Fmedia&parent=536"}],"wp:term":[{"taxonomy":"category","embeddable":true,"href":"https:\/\/www.pastors-home.de\/index.php?rest_route=%2Fwp%2Fv2%2Fcategories&post=536"},{"taxonomy":"post_tag","embeddable":true,"href":"https:\/\/www.pastors-home.de\/index.php?rest_route=%2Fwp%2Fv2%2Ftags&post=536"}],"curies":[{"name":"wp","href":"https:\/\/api.w.org\/{rel}","templated":true}]}}