{"id":5303,"date":"2022-07-28T12:16:52","date_gmt":"2022-07-28T10:16:52","guid":{"rendered":"https:\/\/www.pastors-home.de\/?p=5303"},"modified":"2022-10-15T12:07:25","modified_gmt":"2022-10-15T10:07:25","slug":"schulschlussgottesdienst-wenn-auch-gott-einmal-in-die-ferien-geht","status":"publish","type":"post","link":"https:\/\/www.pastors-home.de\/?p=5303","title":{"rendered":"Schulschlussgottesdienst: Wenn auch Gott einmal in die Ferien geht"},"content":{"rendered":"\n<div class=\"wp-block-media-text alignwide is-stacked-on-mobile has-background\" style=\"background:linear-gradient(337deg,rgb(252,185,0) 0%,rgb(120,50,0) 100%)\"><figure class=\"wp-block-media-text__media\"><img data-recalc-dims=\"1\" loading=\"lazy\" decoding=\"async\" width=\"880\" height=\"587\" data-attachment-id=\"5304\" data-permalink=\"https:\/\/www.pastors-home.de\/?attachment_id=5304\" data-orig-file=\"https:\/\/i0.wp.com\/www.pastors-home.de\/wp-content\/uploads\/2022\/07\/pexels-photo-4769488.jpeg?fit=1880%2C1253&amp;ssl=1\" data-orig-size=\"1880,1253\" data-comments-opened=\"1\" data-image-meta=\"{&quot;aperture&quot;:&quot;0&quot;,&quot;credit&quot;:&quot;&quot;,&quot;camera&quot;:&quot;&quot;,&quot;caption&quot;:&quot;Photo by cottonbro on &lt;a href=\\&quot;https:\/\/www.pexels.com\/photo\/school-faceless-student-tired-4769488\/\\&quot; rel=\\&quot;nofollow\\&quot;&gt;Pexels.com&lt;\/a&gt;&quot;,&quot;created_timestamp&quot;:&quot;0&quot;,&quot;copyright&quot;:&quot;&quot;,&quot;focal_length&quot;:&quot;0&quot;,&quot;iso&quot;:&quot;0&quot;,&quot;shutter_speed&quot;:&quot;0&quot;,&quot;title&quot;:&quot;school faceless student tired&quot;,&quot;orientation&quot;:&quot;0&quot;}\" data-image-title=\"pexels-photo-4769488\" data-image-description=\"\" data-image-caption=\"&lt;p&gt;Photo by cottonbro on &lt;a href=&quot;https:\/\/www.pexels.com\/photo\/school-faceless-student-tired-4769488\/&quot; rel=&quot;nofollow&quot;&gt;Pexels.com&lt;\/a&gt;&lt;\/p&gt;\n\" data-large-file=\"https:\/\/i0.wp.com\/www.pastors-home.de\/wp-content\/uploads\/2022\/07\/pexels-photo-4769488.jpeg?fit=880%2C586&amp;ssl=1\" src=\"https:\/\/i0.wp.com\/www.pastors-home.de\/wp-content\/uploads\/2022\/07\/pexels-photo-4769488.jpeg?resize=880%2C587&#038;ssl=1\" alt=\"school faceless student tired\" class=\"wp-image-5304 size-full\" srcset=\"https:\/\/i0.wp.com\/www.pastors-home.de\/wp-content\/uploads\/2022\/07\/pexels-photo-4769488.jpeg?w=1880&amp;ssl=1 1880w, https:\/\/i0.wp.com\/www.pastors-home.de\/wp-content\/uploads\/2022\/07\/pexels-photo-4769488.jpeg?resize=300%2C200&amp;ssl=1 300w, https:\/\/i0.wp.com\/www.pastors-home.de\/wp-content\/uploads\/2022\/07\/pexels-photo-4769488.jpeg?resize=1024%2C682&amp;ssl=1 1024w, https:\/\/i0.wp.com\/www.pastors-home.de\/wp-content\/uploads\/2022\/07\/pexels-photo-4769488.jpeg?resize=768%2C512&amp;ssl=1 768w, https:\/\/i0.wp.com\/www.pastors-home.de\/wp-content\/uploads\/2022\/07\/pexels-photo-4769488.jpeg?resize=1536%2C1024&amp;ssl=1 1536w, https:\/\/i0.wp.com\/www.pastors-home.de\/wp-content\/uploads\/2022\/07\/pexels-photo-4769488.jpeg?resize=400%2C267&amp;ssl=1 400w, https:\/\/i0.wp.com\/www.pastors-home.de\/wp-content\/uploads\/2022\/07\/pexels-photo-4769488.jpeg?resize=150%2C100&amp;ssl=1 150w, https:\/\/i0.wp.com\/www.pastors-home.de\/wp-content\/uploads\/2022\/07\/pexels-photo-4769488.jpeg?w=1760&amp;ssl=1 1760w\" sizes=\"auto, (max-width: 880px) 100vw, 880px\" \/><\/figure><div class=\"wp-block-media-text__content\">\n<p>Schulschlussgottedienst 2022<\/p>\n\n\n\n<p>Die Welt steht scheinbar Kopf: Klimawandel, Corona, Ukrainekrieg und der allt\u00e4gliche Wahnsinn in der Schule. Ist Gott zusammen mit seinen Schutzenegeln gerade in Urlaub? Dieser Frage geht der Gottesdienst nach<\/p>\n<\/div><\/div>\n\n\n\n<p><strong>Aufbau der Gottesdienstes:<\/strong><br><\/p>\n\n\n\n<p class=\"has-background\" style=\"background-color:#7bdbb561\">Begr\u00fc\u00dfung &amp; Gebet<br>Spielzene 1: Zeugnistag&nbsp;<br>\u00dcberleitung&nbsp;zum Video<br>Musikvideo &#8211; Fettes Brot: An Tagen wie diesen<br>Spielszene 2 : Radiosender&nbsp;<br>Ansprache: Gott ist doch da!&nbsp;&nbsp;&nbsp;&nbsp;&nbsp;&nbsp;&nbsp;&nbsp;&nbsp;&nbsp;&nbsp;&nbsp; <br>Musikvideo &#8211;  Andi Wei\u00df: Ich wei\u00df, es kommen wieder gute Tage<br>F\u00fcrbitten, Vaterunser&nbsp;&nbsp;&nbsp;&nbsp;&nbsp;&nbsp;&nbsp;&nbsp;&nbsp;&nbsp;&nbsp;&nbsp;&nbsp;&nbsp;&nbsp;&nbsp;&nbsp;&nbsp;&nbsp;&nbsp;&nbsp;&nbsp;&nbsp;&nbsp; <br>Musikvideo &#8211; P!nk &#8211; cover me with sunshine<br>Segen<br><br>Hinweis: In diesem Gottesdienst hatten wir keine Band oder Musiker zur Verf\u00fcgung; darum versuchten wir eine Feier mit Musikvideos. F\u00fcr den Gottesdienst kann man auch die Liedtexte parallel auf eine zweite Leinwand werfen. Bei P!nk habe ich nur einzelne Textabschnitte \u00fcbersetzt an die Wand geworfen.<\/p>\n\n\n\n<!--more-->\n\n\n\n<p><a><strong>Szene 1: Zeugnistag<\/strong><\/a><strong><\/strong><\/p>\n\n\n\n<p><em>A und B sitzen nebeneinander auf einen Schreibtisch, Lehrerin kommt, und \u00fcberreicht ihnen ihre Zeugnisse, \u00fcberfliegen ihre Noten<\/em><\/p>\n\n\n\n<p>B: &nbsp;&nbsp;&nbsp;&nbsp;&nbsp;&nbsp; Hey, doch noch die drei im Mathe! Na, wie sieht es bei dir aus?<\/p>\n\n\n\n<p>A:&nbsp;&nbsp;&nbsp;&nbsp;&nbsp;&nbsp;&nbsp; Frag lieber nicht, ich wei\u00df gar nicht, wie ich es meinen Eltern beibringen soll.<\/p>\n\n\n\n<p>B:&nbsp;&nbsp;&nbsp;&nbsp;&nbsp;&nbsp;&nbsp; Sag blo\u00df, du hast es nicht gescha (schaut ins Zeugnis) .. ach, ist doch ganz in Ordnung.<\/p>\n\n\n\n<p>A:&nbsp;&nbsp;&nbsp;&nbsp;&nbsp;&nbsp;&nbsp; F\u00fcr dich vielleicht. Aber nicht f\u00fcr meine Eltern. Alles was schlechter als eine zwei ist, z\u00e4hlt f\u00fcr die nicht. Du kennst sie doch. Ich soll ja unbedingt mal studieren \u2013 Medizin oder Rechtsanwalt.<\/p>\n\n\n\n<p>B: &nbsp;&nbsp;&nbsp;&nbsp;&nbsp;&nbsp; Das ist ja bescheuert. Was kommt da auf dich zu, wenn die das Zeugnis sehen?<\/p>\n\n\n\n<p>A: &nbsp;&nbsp;&nbsp;&nbsp;&nbsp;&nbsp; Naja, Papa wird mir da so nen bl\u00f6den Vortrag \u00fcber Flei\u00df, Disziplin und die heutige Jugend halten. Ja, und dann gibt\u2019s wahrscheinlich begrente Handy-Zeit. Weil Tiktok an allem Schuld ist. Oh Mann das wird echt hart. Ich hoffe, die organisieren nicht noch so einen Ferienkurs f\u00fcr Mathe \u2026<\/p>\n\n\n\n<p>B:&nbsp;&nbsp;&nbsp;&nbsp;&nbsp;&nbsp;&nbsp;&nbsp; Autsch, das w\u00e4re echt bl\u00f6d!<\/p>\n\n\n\n<p>A&nbsp;&nbsp;&nbsp;&nbsp;&nbsp;&nbsp;&nbsp;&nbsp; Ja, Katastrophe. Da hilft nur noch beten.<\/p>\n\n\n\n<p>B&nbsp;&nbsp;&nbsp;&nbsp;&nbsp;&nbsp;&nbsp;&nbsp;&nbsp; H\u00e4? Meinst du das ernst? Beten? (\u00fcberlegt) \u2013 Naja. Warum nicht? Mal Gott bitten, dass deine Eltern nicht so streng sind? Vielleicht hilft es ja.<\/p>\n\n\n\n<p>A: &nbsp;&nbsp;&nbsp;&nbsp;&nbsp;&nbsp; Hmm, und was betet man denn da?<\/p>\n\n\n\n<p>B:&nbsp;&nbsp;&nbsp;&nbsp;&nbsp;&nbsp;&nbsp; Komm, wir setzen uns mal hin und versuchen es.<\/p>\n\n\n\n<p>&nbsp;&nbsp;&nbsp;&nbsp;&nbsp;&nbsp;&nbsp;&nbsp;&nbsp;&nbsp;&nbsp;&nbsp;&nbsp;&nbsp;&nbsp;&nbsp;&nbsp;&nbsp;&nbsp;&nbsp;&nbsp;&nbsp;&nbsp; <em>(beide setzen sich auf den Boden oder ihre Schultaschen)<\/em><\/p>\n\n\n\n<p>Lieber Gott, bitte mach, dass die Eltern von \u2026. &nbsp;nicht so streng sind und sie Verst\u00e4ndnis f\u00fcr die Noten haben, die nicht so toll sind.<\/p>\n\n\n\n<p>A:&nbsp;&nbsp;&nbsp;&nbsp;&nbsp;&nbsp;&nbsp; Und danke lieber Gott, dass es in Englisch nur eine vier ist, ich hatte schon Angst, dass es schlimmer kommt.<\/p>\n\n\n\n<p>A+B&nbsp;&nbsp;&nbsp;&nbsp; Amen<\/p>\n\n\n\n<p>B: &nbsp;&nbsp;&nbsp;&nbsp;&nbsp;&nbsp; Na siehste, das wird schon werden, hab nur Mut!<\/p>\n\n\n\n<p>A:&nbsp;&nbsp;&nbsp;&nbsp;&nbsp;&nbsp;&nbsp; <em>(zweifelnd) <\/em>Wei\u00dft du, ob Gott uns wirklich geh\u00f6rt hat? Was ist, wenn er gerade nicht da war? Oder auch in den Ferien?<\/p>\n\n\n\n<p>B:&nbsp;&nbsp;&nbsp;&nbsp;&nbsp;&nbsp;&nbsp; Rede keinen Quatsch! Gott ist doch immer da &#8230;. <em>(geht weiter)<\/em><\/p>\n\n\n\n<p>A:&nbsp;&nbsp;&nbsp;&nbsp;&nbsp;&nbsp;&nbsp; Echt? Woher bist du dir denn da so sicher? Vielleicht ist er ja auch in den Ferien? Wei\u00dft du, was bei dann daheim los ist? <em>(l\u00e4uft hinterher)<\/em><\/p>\n\n\n\n<p><\/p>\n\n\n\n<p><strong>Musikvideo:  Fettes Brot &#8211; an Tagen wie diesen<\/strong><\/p>\n\n\n\n<p><a href=\"https:\/\/youtu.be\/fbChSuSQIo4\" target=\"_blank\" rel=\"noreferrer noopener\">Hier gehts zum Video<\/a><\/p>\n\n\n\n<p><strong>Spielszene 2: Im Radiostudio<\/strong><\/p>\n\n\n\n<p><em>Radio-Moderatoren C und D sitzen an zwei Tischen, Laptops vor sich, Mikrofone mit Stativ und Kopfh\u00f6rer<\/em><\/p>\n\n\n\n<p><strong>C<\/strong>&nbsp;&nbsp;&nbsp;&nbsp;&nbsp;&nbsp;&nbsp;&nbsp;&nbsp;&nbsp;&nbsp; Hier ist Antenne Bayern, wir haben 11: 25 Uhr wir kommen zu den Verkehrsnachrichten: P\u00fcnktlich zum Beginn der Sommerferien bilden sich wieder kilometerlange Staus auf den Autobahnen Richtung S\u00fcden. Nichts geht mehr. Au\u00dferdem haben sich auf der A9, der A3, der A7 und der B2 mehrere Unf\u00e4lle ereignet. &nbsp;Bitte haben sie Geduld und halten sie eine Rettungsgasse frei. So, und weiter geht\u2019s mit meiner Kollegin mit dem Wetter<\/p>\n\n\n\n<p><strong>D&nbsp;&nbsp;&nbsp;&nbsp;&nbsp;&nbsp;&nbsp;&nbsp;&nbsp;&nbsp;&nbsp; <\/strong>Wie bereits heute fr\u00fch angek\u00fcndigt, zieht das das Sturmtief Theresa vom S\u00fcdwesten her \u00fcber Bayern hinweg. Im Allg\u00e4u hat es schon kr\u00e4ftige Gewitter mit Hagel und Sturmsch\u00e4den gegeben. Am fr\u00fchen Nachmittag erwarten wir heftige, orkanartige B\u00f6en. Bitte schlie\u00dfen Sie ihre Fenster und bringen Sie ihre Haustiere in Sicherheit. Gehen Sie am Besten nicht ins Freie.<\/p>\n\n\n\n<p><strong>C&nbsp;&nbsp;&nbsp;&nbsp;&nbsp;&nbsp;&nbsp;&nbsp;&nbsp;&nbsp;&nbsp; <\/strong>Moment, ich muss dich kurz unterbrechen: Achtung Autofahrer auf der A73, ihnen kommt zwischen dem Kreuz N\u00fcrnberg S\u00fcd und dem Kreuz N\u00fcrnberg Ost ein Fahrzeug entgegen. Bitte fahren sie \u00e4u\u00dferst rechts und \u00fcberholen sie nicht. Wir melden, wenn die Gefahr vor\u00fcber ist. Jetzt geht es weiter mit Musik \u2026<\/p>\n\n\n\n<p>(beide nehmen Kopfh\u00f6rer ab)<\/p>\n\n\n\n<p><strong>D &nbsp;&nbsp;&nbsp;&nbsp;&nbsp;&nbsp;&nbsp;&nbsp;&nbsp;&nbsp; <\/strong>Sag mal, was ist heute los? Warum passiert da heute so viel? Ich habe den Eindruck: Alles, was schief gehen kann, geht schief. (wirft aus Versehen ihre Getr\u00e4nkeflasche auf den Boden) Mist! Sogar bei mir&nbsp; \u2026<\/p>\n\n\n\n<p><strong>C&nbsp;&nbsp;&nbsp;&nbsp;&nbsp;&nbsp;&nbsp;&nbsp;&nbsp;&nbsp;&nbsp; <\/strong>Ja, vielleicht sind die Schutzenegel vom lieben Gott auch in die Ferien gefahren?<\/p>\n\n\n\n<p><strong>D&nbsp;&nbsp;&nbsp;&nbsp;&nbsp;&nbsp;&nbsp;&nbsp;&nbsp;&nbsp;&nbsp; <\/strong>Ach Quatsch! (denkt nach) Aber komisch ist es schon. Wei\u00dft du, manchmal macht man ja Fehler, auch so richtig krasse, und es geht dann doch noch gut aus. Wie oft bin ich unaufmerksam oder unvorsichtig \u2013 dann sagen ander \u201eHey, wei\u00dft du eigentlich, was das alles h\u00e4tte passieren k\u00f6nnen? Aber es ist dann doch nichts passiert. Fast wie ein Wunder. Da kommt man schon ins \u00dcberlegen.&nbsp;&nbsp;<\/p>\n\n\n\n<p><strong>C&nbsp;&nbsp;&nbsp;&nbsp;&nbsp;&nbsp;&nbsp;&nbsp;&nbsp;&nbsp;&nbsp; <\/strong>Sage ich doch! Schutzengel!<\/p>\n\n\n\n<p><strong>D&nbsp;&nbsp;&nbsp;&nbsp;&nbsp;&nbsp;&nbsp;&nbsp;&nbsp;&nbsp;&nbsp; <\/strong>Nein, im Ernst! Ich \u00fcberlege manchmal: Vielleicht gibt es doch so einen Gott, der diese Welt davor bewahrt, dass alles den Bach runter geht. Und wenn der mal keine Lust hat,<\/p>\n\n\n\n<p>C&nbsp;&nbsp;&nbsp;&nbsp;&nbsp;&nbsp;&nbsp;&nbsp;&nbsp;&nbsp;&nbsp; du meinst: Was w\u00e4re, wenn Gott von heute auf morgen sagen w\u00fcrde: Ich hab keinen Bock mehr auf euch Menschen. Passt doch selber auf euch auf!<\/p>\n\n\n\n<p>D&nbsp;&nbsp;&nbsp;&nbsp;&nbsp;&nbsp;&nbsp;&nbsp;&nbsp;&nbsp;&nbsp; \u2026 dann wird hier schwierig auf dem Planeten. (nachenkliche Pause) Ich meine ja nur \u2026 wenn alles was wir hier falsch machen, dann tats\u00e4chlich immer die knallharten Konsequenzen nach sich zieht? Ich m\u00f6chte mir das nicht vorstellen.<\/p>\n\n\n\n<p><strong>Ansprache<\/strong>:<\/p>\n\n\n\n<p>DAS PROBLEM<\/p>\n\n\n\n<p>Es ist eine gruselige Vorstellung: Gott w\u00e4re in die Ferien gegangen und nichts geht mehr:<\/p>\n\n\n\n<p>Da hast du ein Problem, machst dir Sorgen, und irgendwie kommts dir vor, als w\u00fcrde do oben ein Anrufbeantworter anspringen, der dir sagt: \u201eTut uns Leid, Gott ist grade nicht f\u00fcr sie zu sprechen \u2013 versuchen sie es bitte in einem Monat wieder. Wir w\u00fcnschen Ihnen, dass sie bis dahin dennoch irgendwie klarkommen\u201c<\/p>\n\n\n\n<p>Oder noch wilder: Er nimmt grade auch alles Schutzengel mit in die Ferien. Also: Da, wo wir sonst sagen: \u201eBoa, das ist aber grade mal noch gut gegangen, da musst du aber echt einen fitten Schutzengel gehabt haben\u201c \u2026. Ja, da gehts halt nicht so glimpflich aus.<\/p>\n\n\n\n<p>Ehrlich: Wie oft machen wir Fehler, und wie durch ein Wunder geht\u2019s doch gut aus.Da bretterst du mit deinem Fahrrad wie ein Gest\u00f6rter durch den Ort: Kopfh\u00f6rer drauf, schaust nicht links, nicht rechts: Und es kommt dir kein Auto in die Quere.<\/p>\n\n\n\n<p>Oder: Wir beuten diesen Planeten aus, blasen Klimagase in die Atmosph\u00e4re ohne Ende \u2026 und es gibt keinen Klimawandel, keine Trockenheit, keine Wetterextreme. \u2026 Mist, das Beispiel war nicht so Ideal.<\/p>\n\n\n\n<p>Ok, andere Idee: Ukraine \u2026 ach nee, das ist ja auch nicht so toll<\/p>\n\n\n\n<p>Hmmm. Vielleicht leben wir grade wirklich in einer Zeit, wo man sich fragen m\u00f6chte, weshalb Gott gerade nicht in gewohnter Weise uns auf H\u00e4nden tr\u00e4gt. &nbsp;\u201eDer Herr ist mein Hirte, mir wird nichts mangeln\u2026.\u201c da habe ich meistens eine andere Erwartung an den \u201elieben Gott\u201c \u2013 Was ist da zur Zeit los?<\/p>\n\n\n\n<p>WERDE ERWACHSEN<\/p>\n\n\n\n<p>Kann es sein, dass Gott uns manchmal auch bewusst uns zappeln l\u00e4sst, und und nicht laufend f\u00fcr uns die Kastanien aus dem Feuer holt? Dass er mir auch mal sagt: Du hast es verbockt! Also musst du jetzt auch einmal mit den Folgen leben. Sonst wirst du ja nie erwachsen.<\/p>\n\n\n\n<p>Unsere Generation hat in vielen Teilen bis heute noch nicht wirklich verstanden, dass es keine Zukunft hat, immer gr\u00f6\u00dfere Autos zu fahren, immer mehr zu konsumieren, immer mehr Bodensch\u00e4tze auszubeuten, die euch und euren Kindern dann einmal fehlen werden.<\/p>\n\n\n\n<p>Ist Gott da vielleicht nicht weg, sondern mal gerade besonders krass am Start? Weil er eben uns sp\u00fcren l\u00e4sst: Wir m\u00fcssen Verantworung \u00fcbernehmen:<\/p>\n\n\n\n<p>F\u00fcr unser Leben, f\u00fcr unser Vorw\u00e4rtskommen in der Schule, f\u00fcr unsere Freundschaften. Und das hei\u00dft, dass wir Ressourcen schonen m\u00fcssen. Das f\u00e4ngt ja schon bei unseren Beziehungen an. Wenn wir in der Whatsapp-Klassengruppe rumrandaliere und das Klima vergifte \u2013 ja, da kann es auch sein, dass ich lernen muss, das das auch Folgen hat.<\/p>\n\n\n\n<p>UND OB ICH SCHON WANDERTE &#8230;<\/p>\n\n\n\n<p>Aber \u2026 f\u00fcr manches k\u00f6nnen wir ja wirklich nichts. Manchmal passiert Schlimmes, t\u00e4glich. Keiner von uns hier hat Corona erfunden und den Krieg in der Ukraine hat auch keiner von uns angefangen. Und wenn in der eigenen Familie jemand schwer krank wird, fragt man oft auch vergeblich nach dem \u201eWarum\u201c.<\/p>\n\n\n\n<p>Da w\u00fcrde ich Gott schon gerne fragen: Sag mal, hat es das wirklich gebraucht? H\u00e4ttest du das alles nicht verhindern k\u00f6nnen?<br>Aber Antworten sind da rar. Der unsichtbare Gott ist da manchmal sehr geheimnisvoll.<br>Und das war schon immer so!<br>Die Bibel voll von Texten, wo Leute genau das erleben. Diese Frage: Gott, hallo, bist du noch da, oder bist du gerade in den Ferien?<\/p>\n\n\n\n<p>Im Psalm 23 steht ja nicht nur \u201eder Herr ist mein Hirte, mir wird nichts mangeln\u201c \u2013 das gibt\u2019s auch die Stelle \u201eund ob ich schon wanderte im finsteren Tal\u201c \u2013 und manchmal ist das brutal finster \u2013<\/p>\n\n\n\n<p>Na gut: Ferien dauern ja nicht ewig. Irgendwann geht\u2019s wieder an die Arbeit.<\/p>\n\n\n\n<p>Und \u2013 wenn ich in der Bibel bl\u00e4ttere, finde ich ganz oft auch diese Erfahrung: In der Krise, im finsteren Tal, tut es oft trotz allem gut, wenn man betet, wenn man Gott seine Meinung sagen kann, wenn man ihm sein Herz aussch\u00fcttet.&nbsp; &nbsp;<br>\u201eund ob ich schon wanderte im finsteren Tal, f\u00fcrchte ich kein Ungl\u00fcck, denn du bist bei mir\u201c \u2013 ja mir tut es gut: Wenns mir dreckig geht, nicht aufzugeben, auf Gott zu hoffen. Gute Tage zu erwarten. Denn die werden wieder kommen.<\/p>\n\n\n\n<p>Ja, da ist es gut, wenn man mal wieder den Kopf frei bekommt!<br>Da ist es gut, wenn die Ferien mal den Druck rausnehmen, der einen oft so niederdr\u00fcckt und Perspektiven nimmt.<br>Nutzt die Ferien, zum aufatmen. Um auf das zu schauen, was euch gut tut.<br>Gute Erfahrungen sammeln, sch\u00f6ne Erlebnisse und Bedr\u00fcckendes hinter sich lassen.<\/p>\n\n\n\n<p>AMEN<br><br><strong>Video: Andi Weiss &#8211; Es kommen wieder gute Tage<\/strong><\/p>\n\n\n\n<p><a href=\"https:\/\/youtu.be\/hcTJWT6QLdA\" target=\"_blank\" rel=\"noreferrer noopener\">Hier gehts zum Video<\/a><\/p>\n\n\n\n<p><\/p>\n\n\n\n<p><\/p>\n\n\n\n<p><strong>Video zwischen F\u00fcrbitten und Segen: P!nk, Cover me in Sunshine<\/strong><\/p>\n\n\n\n<p><a href=\"https:\/\/youtu.be\/vGZhMIXH62M\" data-type=\"URL\" data-id=\"https:\/\/youtu.be\/vGZhMIXH62M\" target=\"_blank\" rel=\"noreferrer noopener\">Hier gehts zum Video<\/a><\/p>\n\n\n\n<p><\/p>\n","protected":false},"excerpt":{"rendered":"<p>Die Welt steht scheinbar Kopf: Klimawandel, Corona, Ukrainekrieg und der allt\u00e4gliche Wahnsinn in der Schule. Ist Gott zusammen mit seinen Schutzenegeln gerade in Urlaub? Dieser Frage geht der Gottesdienst nach <a class=\"continue-reading-link\" href=\"https:\/\/www.pastors-home.de\/?p=5303\">ich will weiterlesen<\/a><\/p>\n","protected":false},"author":1,"featured_media":5304,"comment_status":"open","ping_status":"open","sticky":false,"template":"","format":"standard","meta":{"jetpack_post_was_ever_published":false,"_jetpack_newsletter_access":"","_jetpack_dont_email_post_to_subs":false,"_jetpack_newsletter_tier_id":0,"_jetpack_memberships_contains_paywalled_content":false,"_jetpack_memberships_contains_paid_content":false,"footnotes":"","jetpack_publicize_message":"","jetpack_publicize_feature_enabled":true,"jetpack_social_post_already_shared":true,"jetpack_social_options":{"image_generator_settings":{"template":"highway","default_image_id":0,"font":"","enabled":false},"version":2}},"categories":[913],"tags":[523,672],"class_list":["post-5303","post","type-post","status-publish","format-standard","has-post-thumbnail","hentry","category-predigten-2022","tag-schulgottesdienst","tag-schulschlussgottesdienst"],"jetpack_publicize_connections":[],"jetpack_featured_media_url":"https:\/\/i0.wp.com\/www.pastors-home.de\/wp-content\/uploads\/2022\/07\/pexels-photo-4769488.jpeg?fit=1880%2C1253&ssl=1","jetpack_sharing_enabled":true,"jetpack_shortlink":"https:\/\/wp.me\/p4BNB2-1nx","jetpack_likes_enabled":true,"_links":{"self":[{"href":"https:\/\/www.pastors-home.de\/index.php?rest_route=\/wp\/v2\/posts\/5303","targetHints":{"allow":["GET"]}}],"collection":[{"href":"https:\/\/www.pastors-home.de\/index.php?rest_route=\/wp\/v2\/posts"}],"about":[{"href":"https:\/\/www.pastors-home.de\/index.php?rest_route=\/wp\/v2\/types\/post"}],"author":[{"embeddable":true,"href":"https:\/\/www.pastors-home.de\/index.php?rest_route=\/wp\/v2\/users\/1"}],"replies":[{"embeddable":true,"href":"https:\/\/www.pastors-home.de\/index.php?rest_route=%2Fwp%2Fv2%2Fcomments&post=5303"}],"version-history":[{"count":4,"href":"https:\/\/www.pastors-home.de\/index.php?rest_route=\/wp\/v2\/posts\/5303\/revisions"}],"predecessor-version":[{"id":5396,"href":"https:\/\/www.pastors-home.de\/index.php?rest_route=\/wp\/v2\/posts\/5303\/revisions\/5396"}],"wp:featuredmedia":[{"embeddable":true,"href":"https:\/\/www.pastors-home.de\/index.php?rest_route=\/wp\/v2\/media\/5304"}],"wp:attachment":[{"href":"https:\/\/www.pastors-home.de\/index.php?rest_route=%2Fwp%2Fv2%2Fmedia&parent=5303"}],"wp:term":[{"taxonomy":"category","embeddable":true,"href":"https:\/\/www.pastors-home.de\/index.php?rest_route=%2Fwp%2Fv2%2Fcategories&post=5303"},{"taxonomy":"post_tag","embeddable":true,"href":"https:\/\/www.pastors-home.de\/index.php?rest_route=%2Fwp%2Fv2%2Ftags&post=5303"}],"curies":[{"name":"wp","href":"https:\/\/api.w.org\/{rel}","templated":true}]}}