{"id":5274,"date":"2022-06-25T13:09:05","date_gmt":"2022-06-25T11:09:05","guid":{"rendered":"https:\/\/www.pastors-home.de\/?p=5274"},"modified":"2022-06-25T17:07:42","modified_gmt":"2022-06-25T15:07:42","slug":"predigt-geschenkt-jesaja-55-1-3-26-juni-2022","status":"publish","type":"post","link":"https:\/\/www.pastors-home.de\/?p=5274","title":{"rendered":"Predigt: Geschenkt! (Jesaja 55, 1-3) 26. Juni 2022"},"content":{"rendered":"\n<div class=\"wp-block-media-text alignwide is-stacked-on-mobile has-background\" style=\"background:linear-gradient(90deg,rgb(244,244,223) 3%,rgb(255,164,99) 100%)\"><figure class=\"wp-block-media-text__media\"><img data-recalc-dims=\"1\" loading=\"lazy\" decoding=\"async\" width=\"880\" height=\"627\" data-attachment-id=\"5275\" data-permalink=\"https:\/\/www.pastors-home.de\/?attachment_id=5275\" data-orig-file=\"https:\/\/i0.wp.com\/www.pastors-home.de\/wp-content\/uploads\/2022\/06\/pexels-photo-842876.jpeg?fit=1824%2C1300&amp;ssl=1\" data-orig-size=\"1824,1300\" data-comments-opened=\"1\" data-image-meta=\"{&quot;aperture&quot;:&quot;0&quot;,&quot;credit&quot;:&quot;&quot;,&quot;camera&quot;:&quot;&quot;,&quot;caption&quot;:&quot;Photo by Kim Stiver on &lt;a href=\\&quot;https:\/\/www.pexels.com\/photo\/person-s-holds-brown-gift-box-842876\/\\&quot; rel=\\&quot;nofollow\\&quot;&gt;Pexels.com&lt;\/a&gt;&quot;,&quot;created_timestamp&quot;:&quot;0&quot;,&quot;copyright&quot;:&quot;&quot;,&quot;focal_length&quot;:&quot;0&quot;,&quot;iso&quot;:&quot;0&quot;,&quot;shutter_speed&quot;:&quot;0&quot;,&quot;title&quot;:&quot;person s holds brown gift box&quot;,&quot;orientation&quot;:&quot;0&quot;}\" data-image-title=\"pexels-photo-842876\" data-image-description=\"\" data-image-caption=\"&lt;p&gt;Photo by Kim Stiver on &lt;a href=&quot;https:\/\/www.pexels.com\/photo\/person-s-holds-brown-gift-box-842876\/&quot; rel=&quot;nofollow&quot;&gt;Pexels.com&lt;\/a&gt;&lt;\/p&gt;\n\" data-large-file=\"https:\/\/i0.wp.com\/www.pastors-home.de\/wp-content\/uploads\/2022\/06\/pexels-photo-842876.jpeg?fit=880%2C627&amp;ssl=1\" src=\"https:\/\/i0.wp.com\/www.pastors-home.de\/wp-content\/uploads\/2022\/06\/pexels-photo-842876.jpeg?resize=880%2C627&#038;ssl=1\" alt=\"person s holds brown gift box\" class=\"wp-image-5275 size-full\" srcset=\"https:\/\/i0.wp.com\/www.pastors-home.de\/wp-content\/uploads\/2022\/06\/pexels-photo-842876.jpeg?w=1824&amp;ssl=1 1824w, https:\/\/i0.wp.com\/www.pastors-home.de\/wp-content\/uploads\/2022\/06\/pexels-photo-842876.jpeg?resize=300%2C214&amp;ssl=1 300w, https:\/\/i0.wp.com\/www.pastors-home.de\/wp-content\/uploads\/2022\/06\/pexels-photo-842876.jpeg?resize=1024%2C730&amp;ssl=1 1024w, https:\/\/i0.wp.com\/www.pastors-home.de\/wp-content\/uploads\/2022\/06\/pexels-photo-842876.jpeg?resize=768%2C547&amp;ssl=1 768w, https:\/\/i0.wp.com\/www.pastors-home.de\/wp-content\/uploads\/2022\/06\/pexels-photo-842876.jpeg?resize=1536%2C1095&amp;ssl=1 1536w, https:\/\/i0.wp.com\/www.pastors-home.de\/wp-content\/uploads\/2022\/06\/pexels-photo-842876.jpeg?resize=400%2C285&amp;ssl=1 400w, https:\/\/i0.wp.com\/www.pastors-home.de\/wp-content\/uploads\/2022\/06\/pexels-photo-842876.jpeg?resize=150%2C107&amp;ssl=1 150w, https:\/\/i0.wp.com\/www.pastors-home.de\/wp-content\/uploads\/2022\/06\/pexels-photo-842876.jpeg?w=1760&amp;ssl=1 1760w\" sizes=\"auto, (max-width: 880px) 100vw, 880px\" \/><\/figure><div class=\"wp-block-media-text__content\">\n<p class=\"has-large-font-size\">Geschenkt!<\/p>\n\n\n\n<p>Die einen tun sich schwer, sich etwas schenken zu lassen. Manchen wurde schon alles in die Wiege gelegt. Andere beklagen: &#8222;Mir ist nichts im Leben nichts geschenkt worden&#8220;. Eine Predigt als Pl\u00e4doyer f\u00fcrs Schenken und daf\u00fcr, die Geschenke Gottes zu sehen.<\/p>\n<\/div><\/div>\n\n\n\n<p>\u201e<em>Kommt, kauft euch zu essen! Kommt und kauft ohne Geld!\u201c<\/em> So haben wir es eben in der Lesung geh\u00f6rt. Und wahrscheinlich haben einige von Ihnen da auch ein bisschen gestutzt: \u201eKaufen ohne Geld?\u201c Also .. das ist ja, wie geschenkt!<\/p>\n\n\n\n<p>Na gut \u2026 eigentlich ist das nat\u00fcrlich toll, wenn etwas nichts kostet. Aber wir wissen auch: Keiner hat etwas zu verschenken. Jeder will ja irgendwie was verdienen.<\/p>\n\n\n\n<p>Und so wissen wir, dass oft da, wo \u201ekostenlos\u201c drauf steht, im Kleingedruckten die Falle lauert. Und wo ich im Internet viele kostenlose Service nutze, bezahle ich oft mit meinen Daten und wundere mich, weshalb mein Handy mir interesanterweise die Themen und Produkte unter die Nase h\u00e4lt, die mich tats\u00e4chlich reizen.<\/p>\n\n\n\n<p>Schenken, einfach so, das ist manchmal gar nicht so einfach. \u201eNein, das kann ich jetzt nicht annehmen\u201c \u2013 manchmal stellen wir uns da auch schon komisch an. Es gibt Menschen, die wollen sich partout nichts schenken lassen. Da kommen die Nachbarn mit einem Eimer Kirschen zur Emma. Die freut sich zwar, aber rennt sofort zu ihrem Schr\u00e4nkchen, um den Nachbarn entweder eine Tafel Scholade f\u00fcr die Kinder mitzugeben oder sie z\u00fcckt einen F\u00fcnfer \u2026 warum f\u00e4llt uns das manchmal so schwer, uns einfach mal beschenken zu lassen? Ohne gleich zu denken: Jetzt muss ich schon demn\u00e4chst was zur\u00fcckschenken, zur\u00fcckgeben. <\/p>\n\n\n\n<!--more-->\n\n\n\n<p><em><br><\/em>&#8222;<em>Kommt und kauft ohne Geld! Wein und Milch \u2013 sie kosten nichts.&#8220; <\/em>Der Prophet Jesaja steht auf dem Marktplatz erinnert die Leute daran: Beschenkt werden, das geh\u00f6rt zu den Grunderfahrungen unseres Lebens. Die ersten Lebensjahre k\u00f6nnen wir gar nichts anders, als von vorne bis hinten beschenkt zu werden. Mit Essen und Trinken, mit Liebe und Geborgenheit. Wir erleben unser Leben vom Beginn an eigentlich als ein einziges Geschenk.<\/p>\n\n\n\n<p>Und warum ist f\u00fcr Kinder Weihnachten und Geburtstag oft so ein Mega-Fest? Wegen der Geschenke \u2013 weil man da das \u201eBeschenktwerden\u201c so ganz ohne Hintergedanken genie\u00dfen kann! Sich fallen lassen in das Gef\u00fchl: Alle sorgen sich um mich und tun alles, dass ich gl\u00fccklich bin.<\/p>\n\n\n\n<p>\u201eAch herreje, was hast du denn da Wertvolles mir geschenkt? Ich hab f\u00fcr dich ja nur eine Kleinigkeit\u201c \u2013 diese Nummer kennen Kinder nicht \u2013 Gottseidank.<\/p>\n\n\n\n<p>Beschenkt werden.<br>Die Liebe und F\u00fcrsorge des Anderen im Schenken sp\u00fcren.<br>Das ist einfach sch\u00f6n!<br>Und wir Erwachsenen?<br>Da verlagert sich das. Da haben Geschenke nicht immer eine Schleife au\u00dfenrum.<br>Das eigene Leben als Geschenk zu sehen.<br>Diesen Planeten.<br>Die Liebe von anderen Menschen.<br>Zu erleben, wie die eigenen Kinder und Enkel gro\u00df werden.<br>Momente zu haben, wo keine Sorgen den Himmel verdunkeln.<br>Mit 80 noch daheim leben zu k\u00f6nnen, obwohl der R\u00fccken schon recht bucklig ist.<br>Das sind die gro\u00dfen Geschenke.<\/p>\n\n\n\n<p><\/p>\n\n\n\n<p>Habe ich eben ein bisschen arg vollmundig \u00fcbers Beschenktwerden gesprochen? Hie und da h\u00f6rt man ja auch den Satz: \u201eMir hat keiner was geschenkt\u201c<\/p>\n\n\n\n<p>Das klingt bitter. Und die Erfahrung, die dahinter steckt, ist oft kein Spa\u00df. Wir erleben, dass manche Menschen mit einen gro\u00dfen Geschenkpaket ins Leben starten: F\u00fcrsorgliche Eltern ohne Geldsorgen, in der Schule fliegt ihnen alles zu, umgeben von einem tollen Freundeskreis kommen sie auch gut durch die Jahre des Erwachsenwerdens. Zum F\u00fchrerschein gibt\u2019s auch gleich ein Auto, und von der Oma erbt man einen Bauplatz \u2026 Sie merken: Ich beginne zu \u00fcbertreiben \u2026.<\/p>\n\n\n\n<p>Und bei anderen beginnt der Kampf schon im Laufstall, wo sie um jedes bisschen Aufmerksamkeit und Anerkennung der Eltern k\u00e4mpfen m\u00fcssen \u2013 und so geht\u2019s manchmal genauso m\u00fchsam weiter im Leben. Man strampelt sich ab, und sp\u00fcrt: Von alleine kommt da selten was, alles musste ihr mir erk\u00e4mpfen.<\/p>\n\n\n\n<p>Unsere Welt erleben wir oft als ungerecht.<br>Sie ist nie perfekt \u2013 daran k\u00f6nnen wir nichts \u00e4ndern.<\/p>\n\n\n\n<p>Aber wenn einer sagt: \u201eMir hat keiner was geschenkt\u201c \u2013 dann steht da ein Mensch, der durchaus beschenkt ist: Oft mit einer ungeheuren Kraft, mit diesem Durchhalteverm\u00f6gen, gegen alls diese Widrigkeiten und trotz eines Schicksalsschlags doch weiterzumachen. Sich von der Ungleichheit der Welt nicht v\u00f6llig niederdr\u00fccken zu lassen.<\/p>\n\n\n\n<p>Wir sind ja oft so defizitorientiert. \u201eMensch, jetzt hast du wieder eine vier in Englisch. Was hat denn da nicht gepasst?\u201c<\/p>\n\n\n\n<p>Ja, so kann man es sehen.<\/p>\n\n\n\n<p>Manchmal muss man aber auch andesrum schauen: \u201eHey, erz\u00e4hl mir, wie du es geschafft hast, dass es keine f\u00fcnf geworden ist! Mit der bleibst du doch schon mal nicht sitzen.\u201c<\/p>\n\n\n\n<p>Lass uns von deiner Kraft reden, deinen Potentialen, von dem, was Gott an Gutem in dich gelegt hat. Trotz aller Benachteiligung.<\/p>\n\n\n\n<p>Ein letzter Gedanke:<\/p>\n\n\n\n<p>Zum beschenkt werden, geh\u00f6rt es auch, dass man schenkt. Zumindest zwischenmenschlich ist das ziemlich logisch.<\/p>\n\n\n\n<p>Wenn wir Zeiten haben, wo alles schwieriger wird, wird auch unsere Bereitschaft zum Schenken auf die Probe gestellt. Wenn steigende Kosten im Laden und an der Tanstelle die eigenen Spielr\u00e4ume auffressen \u2026 da wird einem schon komisch ums Herz.<\/p>\n\n\n\n<p>Wieviel Luft und wieviel Lust habe ich da noch, um zu schenken?<br>Soviele Vereine und Gruppen leben davon, dass Menschen ihre Zeit und ihr Engagement verschenken. Wir w\u00e4ren nicht hier, wenn nicht die Bl\u00e4ser jede Woche sich Zeit nehmen w\u00fcrden, miteinander zu proben. Wenn unser Wirt sagen w\u00fcrde: Das ist doch mir wurst, wo ihr eure B\u00e4nke herbekommt. Wenn der Sportverein sagt: Das ist aber unser Platz. Wenn unser Kindergartentam sagen w\u00fcrde: Weshalb soll ich jetzt auch noch am Sonntag f\u00fcr meinen Arbeitgeber abstrampeln?<\/p>\n\n\n\n<p>Wen Sie sagen w\u00fcrden: Ach, bei dem Wetter ist es auch daheim im Garten auch ganz sch\u00f6n.<\/p>\n\n\n\n<p>Je schwieriger unsere gesellschaftliche Situation ist, umso wichtiger ist es, dass wir bereit sind, einander Zeit, Aufmerksamkeit, Wertsch\u00e4tzung und Liebe schenken. Und sie ist schwieriger geworden.<\/p>\n\n\n\n<p>Manchmal kommen Leute aus dem Urlaub und erz\u00e4hlen davon, dass sie abseits der Touristenstr\u00f6me in irgendeinem Dorf gelandet sind. Bleiben da f\u00fcr ein paar Stunden oder auch ein paar Tage und erleben, dass diese Menschen f\u00fcr unsere Verh\u00e4lnisse bitterarm sind. Und dann erz\u00e4hlen sie: Man hat uns freundlich aufgenommen, begr\u00fc\u00dft, bewirtet \u2013 so gro\u00dfz\u00fcgig. Und das f\u00fchle sich so komisch an \u2013 die leben doch schon von der Hand in den Mund, und dann werden wir da mordsm\u00e4\u00dfig bekocht.<\/p>\n\n\n\n<p>Ja: Die Bereitschaft, zu schenken \u2013 und die Bereitschaft beschenkt zu werden ist keine Frage des Wohlstands \u2013 sondern des Herzens.<\/p>\n\n\n\n<p>Und wer mit dem Herzen erkennt, wie reich er eigentlich von seinem Gott beschenkt ist. Der lernt: Beschenkt werden und zu schenken \u2013 beides geh\u00f6rt zu unserem Menschsein dazu.<\/p>\n\n\n\n<p>Amen<\/p>\n","protected":false},"excerpt":{"rendered":"<p>Die einen tun sich schwer, sich etwas schenken zu lassen. Manchen wurde schon alles in die Wiege gelegt. Andere beklagen: &#8222;Mir ist nichts im Leben nichts geschenkt worden&#8220;. Eine Predigt als Pl\u00e4doyer f\u00fcrs Schenken und daf\u00fcr, die Geschenke Gottes zu sehen. <a class=\"continue-reading-link\" href=\"https:\/\/www.pastors-home.de\/?p=5274\">ich will weiterlesen<\/a><\/p>\n","protected":false},"author":1,"featured_media":5275,"comment_status":"open","ping_status":"open","sticky":false,"template":"","format":"standard","meta":{"jetpack_post_was_ever_published":false,"_jetpack_newsletter_access":"","_jetpack_dont_email_post_to_subs":false,"_jetpack_newsletter_tier_id":0,"_jetpack_memberships_contains_paywalled_content":false,"_jetpack_memberships_contains_paid_content":false,"footnotes":"","jetpack_publicize_message":"","jetpack_publicize_feature_enabled":true,"jetpack_social_post_already_shared":true,"jetpack_social_options":{"image_generator_settings":{"template":"highway","default_image_id":0,"font":"","enabled":false},"version":2}},"categories":[913],"tags":[748,936,410,6,935],"class_list":["post-5274","post","type-post","status-publish","format-standard","has-post-thumbnail","hentry","category-predigten-2022","tag-2-sonntag-nach-trinitatis","tag-geschenke","tag-jes","tag-jesaja","tag-schenken"],"jetpack_publicize_connections":[],"jetpack_featured_media_url":"https:\/\/i0.wp.com\/www.pastors-home.de\/wp-content\/uploads\/2022\/06\/pexels-photo-842876.jpeg?fit=1824%2C1300&ssl=1","jetpack_sharing_enabled":true,"jetpack_shortlink":"https:\/\/wp.me\/p4BNB2-1n4","jetpack_likes_enabled":true,"_links":{"self":[{"href":"https:\/\/www.pastors-home.de\/index.php?rest_route=\/wp\/v2\/posts\/5274","targetHints":{"allow":["GET"]}}],"collection":[{"href":"https:\/\/www.pastors-home.de\/index.php?rest_route=\/wp\/v2\/posts"}],"about":[{"href":"https:\/\/www.pastors-home.de\/index.php?rest_route=\/wp\/v2\/types\/post"}],"author":[{"embeddable":true,"href":"https:\/\/www.pastors-home.de\/index.php?rest_route=\/wp\/v2\/users\/1"}],"replies":[{"embeddable":true,"href":"https:\/\/www.pastors-home.de\/index.php?rest_route=%2Fwp%2Fv2%2Fcomments&post=5274"}],"version-history":[{"count":2,"href":"https:\/\/www.pastors-home.de\/index.php?rest_route=\/wp\/v2\/posts\/5274\/revisions"}],"predecessor-version":[{"id":5277,"href":"https:\/\/www.pastors-home.de\/index.php?rest_route=\/wp\/v2\/posts\/5274\/revisions\/5277"}],"wp:featuredmedia":[{"embeddable":true,"href":"https:\/\/www.pastors-home.de\/index.php?rest_route=\/wp\/v2\/media\/5275"}],"wp:attachment":[{"href":"https:\/\/www.pastors-home.de\/index.php?rest_route=%2Fwp%2Fv2%2Fmedia&parent=5274"}],"wp:term":[{"taxonomy":"category","embeddable":true,"href":"https:\/\/www.pastors-home.de\/index.php?rest_route=%2Fwp%2Fv2%2Fcategories&post=5274"},{"taxonomy":"post_tag","embeddable":true,"href":"https:\/\/www.pastors-home.de\/index.php?rest_route=%2Fwp%2Fv2%2Ftags&post=5274"}],"curies":[{"name":"wp","href":"https:\/\/api.w.org\/{rel}","templated":true}]}}