{"id":5035,"date":"2022-02-04T20:38:19","date_gmt":"2022-02-04T19:38:19","guid":{"rendered":"https:\/\/www.pastors-home.de\/?p=5035"},"modified":"2022-10-15T12:12:16","modified_gmt":"2022-10-15T10:12:16","slug":"lied-predigt-zu-udo-lindenberg-das-leben-6-februar-2022","status":"publish","type":"post","link":"https:\/\/www.pastors-home.de\/?p=5035","title":{"rendered":"Lied-Predigt zu Udo Lindenberg: Das Leben,  6. Februar 2022"},"content":{"rendered":"\n<div class=\"wp-block-media-text alignwide is-stacked-on-mobile has-background\" style=\"background:linear-gradient(135deg,rgb(217,192,166) 0%,rgb(132,121,121) 100%)\"><figure class=\"wp-block-media-text__media\"><img data-recalc-dims=\"1\" loading=\"lazy\" decoding=\"async\" width=\"536\" height=\"306\" data-attachment-id=\"5036\" data-permalink=\"https:\/\/www.pastors-home.de\/?attachment_id=5036\" data-orig-file=\"https:\/\/i0.wp.com\/www.pastors-home.de\/wp-content\/uploads\/2022\/02\/Hitradio-Lindenberg.jpg?fit=536%2C306&amp;ssl=1\" data-orig-size=\"536,306\" data-comments-opened=\"1\" data-image-meta=\"{&quot;aperture&quot;:&quot;0&quot;,&quot;credit&quot;:&quot;&quot;,&quot;camera&quot;:&quot;&quot;,&quot;caption&quot;:&quot;&quot;,&quot;created_timestamp&quot;:&quot;0&quot;,&quot;copyright&quot;:&quot;&quot;,&quot;focal_length&quot;:&quot;0&quot;,&quot;iso&quot;:&quot;0&quot;,&quot;shutter_speed&quot;:&quot;0&quot;,&quot;title&quot;:&quot;&quot;,&quot;orientation&quot;:&quot;0&quot;}\" data-image-title=\"Hitradio-Lindenberg\" data-image-description=\"\" data-image-caption=\"\" data-large-file=\"https:\/\/i0.wp.com\/www.pastors-home.de\/wp-content\/uploads\/2022\/02\/Hitradio-Lindenberg.jpg?fit=536%2C306&amp;ssl=1\" src=\"https:\/\/i0.wp.com\/www.pastors-home.de\/wp-content\/uploads\/2022\/02\/Hitradio-Lindenberg.jpg?resize=536%2C306&#038;ssl=1\" alt=\"\" class=\"wp-image-5036 size-full\" srcset=\"https:\/\/i0.wp.com\/www.pastors-home.de\/wp-content\/uploads\/2022\/02\/Hitradio-Lindenberg.jpg?w=536&amp;ssl=1 536w, https:\/\/i0.wp.com\/www.pastors-home.de\/wp-content\/uploads\/2022\/02\/Hitradio-Lindenberg.jpg?resize=300%2C171&amp;ssl=1 300w, https:\/\/i0.wp.com\/www.pastors-home.de\/wp-content\/uploads\/2022\/02\/Hitradio-Lindenberg.jpg?resize=400%2C228&amp;ssl=1 400w, https:\/\/i0.wp.com\/www.pastors-home.de\/wp-content\/uploads\/2022\/02\/Hitradio-Lindenberg.jpg?resize=150%2C86&amp;ssl=1 150w\" sizes=\"auto, (max-width: 536px) 100vw, 536px\" \/><\/figure><div class=\"wp-block-media-text__content\">\n<p class=\"has-small-font-size\">&#8222;Nimm dir das Leben &#8230; und lass es nicht mehr los&#8220; &#8211; Die Ballade von Udo Lindenberg ist wunderbar nachdenklich, ehrlich und ist letztlich eine Hymne, die Mut macht, das Leben mit all seinen hellen und dunklen Seiten anzunehmen.<\/p>\n<\/div><\/div>\n\n\n\n<p><\/p>\n\n\n\n<p class=\"has-vivid-purple-color has-text-color\"><em><strong>Info: Hinweise zum Projekt &#8222;Hitradio Region Ost&#8220; finden Sie am Ende der Seite<\/strong><\/em><\/p>\n\n\n\n<p>Liebe Gemeinde, <br>um ein Lied von Udo Lindenberg soll es heute gehen. Lindenberg geh\u00f6rt ja so zum Urbestand des deutschen Rock. Als ich noch in den Windeln lag, brachte er seine ersten Schallplatten heraus. Ich bin sozusagen mit ihm aufgewachsen, aber ehrlich gesagt konnte ich nie etwas damit anfangen. Es war nicht meine Musik, die Texte sagten mir als Teenager nichts und sein Gehabe als Rocker\u00b4mit &nbsp;Sex Drugs, Rock\u00b4n Roll \u2026 f\u00fcr einen Alexander, der im beh\u00fcteten Frankenwald gro\u00df geworden ist, war das eine komplett fremde Welt.So gingen die Jahrzehnte ins Land, ohne dass ich mich mit Musik von Udo Lindenberg genauer besch\u00e4ftigt h\u00e4tte. Inwischen ist er 75 Jahre alt, wohnt schon seit ewigen Zeiten im Hotel Atlantic in Hamburg und f\u00fchrt ein Leben als Alt-Rocker, nicht wirklich im Ruhestand, aber schon etwas ruhiger.<\/p>\n\n\n\n<p>Ja, aber dann hat mich vor 2 Jahren jemand gefragt, ob wir als Kirchenkabarett bei einem Abend mitmachen w\u00fcrden, der sich ganz und gar den Liedern von Udo Lindenberg widmen w\u00fcrde &#8230;&nbsp; also war meine Neugierde geweckt und so kam ich dazu, dass ich dieses Lied entdeckt habe, das ich jetzt einmal mit Ihnen anh\u00f6ren m\u00f6chte:<\/p>\n\n\n\n<!--more-->\n\n\n\n<p>\u201cDas Leben\u201d (Lied)<\/p>\n\n\n\n<p><a href=\"https:\/\/youtu.be\/jvxqzBeUj-w\" target=\"_blank\" rel=\"noreferrer noopener\">VIDEO-Link<\/a><\/p>\n\n\n\n<p>In dieser Ballade scheinen sich zwei alte Herren zu treffen. Zwei hammerharte Typen, die aber schon in die Jahre gekommen sind. Die Power von fr\u00fcher ist nicht mehr da. Vielleicht haben manche Exzesse der vergangenen Jahrzehnte auch ihren Tribut gefordert. Ein Herzinfarkt \u00fcberstanden, die Leberwerte sind auch nicht so toll. Beim Treppensteigen warst du auch schon mal schneller oben \u2013 ohne schnaufen.<\/p>\n\n\n\n<p>Udo Lindenbergs Kumpel hat Federn gelassen. Nicht nur k\u00f6rperlich: \u201c<em>Die Welt da drau\u00dfen macht dich fertig. Du sagst, du hast genug.<\/em>\u201d Da ist einer an seinen Grenzen. Vielleicht ist die Welt wirklich immer verr\u00fcckter geworden, immer anstrengender, immer herausfordernder. So dass man irgendwann die Nase voll hat.<\/p>\n\n\n\n<p>Oder liegt es daran, dass man selber einfach immer weniger hinterher kommt? Weil die eigene F\u00e4higkeit, sich an diese Ver\u00e4nderungen anzupassen einfach geschrumpft ist? Vielleicht sind auch einfach die Energiereserven zu Ende? Weil alles nur noch endlos m\u00fchsam und anstrengend erscheint. Und man fragt sich, was soll das alles?<\/p>\n\n\n\n<p><em>Nimm dir das Leben<br>Und lass es nicht mehr los<br>Denn alles was du hast<br>Ist dieses eine blo\u00df<\/em><\/p>\n\n\n\n<p>Der Refrain spielt mit Worten. \u201c<em>Nimm dir das Leben!<\/em>\u201d \u2026 und in der kleinen Pause danach stockt einem der Atmen. Was singt er da? \u2026bis es weitergeht: \u201c<em>und lass es nicht mehr los<\/em>\u201d.<\/p>\n\n\n\n<p>Er singt gegen den Frust an, gegen das Gef\u00fchl, des Lebens \u00fcberdr\u00fcssig zu sein. Auch wenn du nur noch Fragen hast, wenn dir alles zu viel ist, die Energie nicht mehr reicht, schau dir dein Leben genau an. Es ist zerbrechlich, es ist schwierig und oft m\u00fchsam; aber du hast nur dieses eine. Es ist einzigartig. Und wenn es einmal weg ist, dass ist es weg. Also, lass es dir nicht durch die Finger gleiten, sondern kralle dich dran fest. Denn wenn es dir \u2013 wie auch immer &#8211; abhanden kommt, ist es schwer, es wieder zur\u00fcckzubekommen.<\/p>\n\n\n\n<p>Liebe Gemeinde, das Lied ja noch einen zweiten \u201eVers\u201c, der noch mal einen etwas anderen Blickwinkel hat:<\/p>\n\n\n\n<p><em>Wir sind doch keine Automaten<br>Wir sind ein Wunder &#8211; du und ich<br>Lass die andern weiterhetzen, weiterhetzen &#8211; wir nich&#8216;.<\/em><\/p>\n\n\n\n<p>Vom Tim Benzko, der gegen\u00fcber Lindenberg fast schon die Enkel-Generation ist, stammt ein Lied mit einen Titel, der ganz \u00e4hnlich klingt: \u201e<em>Ich bin doch keine Maschine!\u201c Ich bin ein Mensch aus Fleisch und Blut. Und ich will leben, bis zum letzten Atemzug.<\/em><\/p>\n\n\n\n<p>Es ist nicht nur ein Thema der Alten: Der Eindruck, laufend funktionieren zu m\u00fcssen. Immer alles schaffen, immer Leistung bringen, immer freundlich sein. So, als w\u00e4re der Sinn meines Lebens, ein perfekt funktionierendes Zahnr\u00e4dchen im R\u00e4derwerk dieser Gesellschaft zu sein. Und wenn du diesen Job gut machst, bis du ein gutes Zahnrad, und wenn du nicht funktionierst, fragt man dich: Wozu bist du denn eigentlich da? Wo ist deine Existenzberechtigung?<\/p>\n\n\n\n<p>So etwas kann Menschen kaputt machen.<br>So etwas kann Menschen ihr Lebensrecht absprechen.<br>Was machen wir mit den Menschen mit Behinderung?<br>Wie gehen wir mit Leuten um, die einfach nicht als Zahnr\u00e4dchen geeignet sind. Weil sie anders ticken, als ein Gro\u00dfteil der Bev\u00f6lkerung?<br>K\u00f6nnen die weg? M\u00fcssen die passend gemacht werden?<br>Oder m\u00fcssen wir vielmehr unser System anpassen, dass eben diese Menschen genauso ihren Platz und ihre W\u00fcrde erhalten?<\/p>\n\n\n\n<p>Es ist ein Dilemma! Unsere Gesellschaft ist immer darauf angewiesen, dass wir zusammentun, zusammenarbeiten, dass jeder seinen Teil an Aufgaben \u00fcbernimmt. Viele Bereiche unserer Gesellschaft w\u00fcrden nicht funktionieren, wenn es nicht Menschen g\u00e4be, die bereit sind, Zahnr\u00e4dchen zu spielen. Beruflich und als Ehrenamtliche in Vereinen, Kirchen, Hilfsorganisationen. Wir k\u00f6nnten einpacken.<\/p>\n\n\n\n<p>Und zugleich d\u00fcrfen wir nicht den Blick auf den Wert des Einzelnen vergessen.<\/p>\n\n\n\n<p>Wir sind doch keine Automaten<br>Wir sind ein Wunder &#8211; du und ich.<\/p>\n\n\n\n<p>Wir sind ein Wunder \u2026 den Gedanken finde ich auch in den Psalmen! \u201e<em>Denn du, Gott, hast meine Nieren bereitet und hast mich gebildet im Mutterleibe. Ich danke dir daf\u00fcr, dass ich wunderbar gemacht bin; wunderbar sind deine Werke; das erkennt meine Seele.\u201c<\/em> (Psalm 139, 13-14) &nbsp;<\/p>\n\n\n\n<p>Das ist der Kern! Ich bin ein Gesch\u00f6pf Gottes. Er hat mich so geschaffen, wie ich bin. Und ich will glauben, dass alle meine St\u00e4rken, wie auch meine Schw\u00e4chen zu mir dazugeh\u00f6ren. Von Gott so in mich hineingelegt. Dass ich genau so bin, das ist das Wunder.<\/p>\n\n\n\n<p>Einfach Leben d\u00fcrfen!<\/p>\n\n\n\n<p>Eine Krankenschwester hat mir k\u00fcrzlich erz\u00e4hlt, wie es war, als sie einen Patienten, f\u00fcr die Entlassung vorbereitet hat. Zweieinhalb Monate lang war er in der Klinik. Lange war es fraglich, ob er \u00fcberleben w\u00fcrde. Wegen Corona durfte er seine Familie die ganze Zeit \u00fcber nicht sehen. Nun war es soweit: Diese Schwester hat ihn rasiert, die Haare ein bisschen zurechtgestutzt, hat die vorhandenen Kleidungsst\u00fccke so zusammengesucht, dass er richtig gut ausgesehen hat \u2026 f\u00fcr diesen Moment, in dem er endlich die Mauern des medizinischen Gef\u00e4ngnisses verlassen konnte. Er durfte zur\u00fcck ins Leben \u2013 dieser Moment war vielleicht das gr\u00f6\u00dfte Fest seines Lebens.<\/p>\n\n\n\n<p><em>Nimm dir das Leben<br>Und lass es nicht mehr los<br>Greif\u2018s dir mit beiden H\u00e4nden<br>Mach\u2018s wieder stark und gro\u00df<\/em><\/p>\n\n\n\n<p>Wenn mir mal wieder alles zuviel wird. Wenn mal wieder alles nervt, dann will ich mich daran erinnern: Dass Gott uns ein wundervolles und einmaliges Geschenk gegeben hat.<\/p>\n\n\n\n<p>Ein Geschenk voller \u00dcberraschungen! Da denke ich noch einmal an den Psalm, aus dem ich vorher schon vorgelesen hatte: Da finden sich auch diese Zeilen:<\/p>\n\n\n\n<p><em>Als ich gerade erst entstand, hast du mich schon gesehen. Alle Tage meines Lebens hast du in dein Buch geschrieben \u2013 noch bevor einer von ihnen begann!<\/em><\/p>\n\n\n\n<p>Gott scheint einen Plan mit meinem Leben zu haben. Ob ich seinen Plan immer verstehe? Da bin ich mir nicht so sicher.<\/p>\n\n\n\n<p>Aber mir vorzustellen, dass Gott einen guten Plan hat, und vielleicht hinter der n\u00e4chsten Kurve im Leben schon etwas ganz besonderes auf mich wartet, allein das macht mir Mut, auch in den anstrengenden Zeiten, weiter nach vorne zu gehen.<\/p>\n\n\n\n<p>Amen<\/p>\n\n\n\n<figure class=\"wp-block-pullquote\"><blockquote><p>Was ist <strong>Hitradio Region Ost<\/strong>?<\/p><cite><strong>Regionale Predigtreihe zum Jahresanfang 2022:  Lieder, die etwas zu sagen haben<\/strong><\/cite><\/blockquote><\/figure>\n\n\n\n<p>Nicht nur Kirchenlieder besch\u00e4ftigen sich mit Fragen rund um Glauben, Gott und das Menschsein.&nbsp; Egal ob Schlager oder Rocksong: Manchmal h\u00f6rt man im Radio ein Lied, das die eigenen Fragen, Zweifel und Hoffnungen musikalisch auf den Punkt bringt. <br>Wir haben uns in der &#8222;Region Ost&#8220; des Dekanats zusammengetan und stellen als vier KollegInnen Lieder vor, die etwas zu sagen haben. Dazu hat jede\/r sich ein Lied ausgew\u00e4hlt, das er\/sie zum Thema der Predigt gemacht hab und besucht damit nacheinander die verschiedenen Gemeinden im Osten unseres Dekanats. Die Predigtreihe findet im Zeitraum von Januar bis M\u00e4rz 2022 statt<br>DIe Lieder der Reihe:<\/p>\n\n\n\n<figure class=\"wp-block-table\"><table><tbody><tr><td>Leonard Cohen: There is a crack in everything &nbsp;<\/td><\/tr><tr><td>Peter Gabriel: Book of love &nbsp;<\/td><\/tr><tr><td>Wolfgang Buck: Eich hams iebersehng<\/td><\/tr><tr><td>Udo Lindenberg: Das Leben <\/td><\/tr><\/tbody><\/table><\/figure>\n\n\n\n<figure class=\"wp-block-image size-large\"><img data-recalc-dims=\"1\" loading=\"lazy\" decoding=\"async\" width=\"880\" height=\"616\" data-attachment-id=\"5037\" data-permalink=\"https:\/\/www.pastors-home.de\/?attachment_id=5037\" data-orig-file=\"https:\/\/i0.wp.com\/www.pastors-home.de\/wp-content\/uploads\/2022\/02\/Hitradio-logo.png?fit=2000%2C1400&amp;ssl=1\" data-orig-size=\"2000,1400\" data-comments-opened=\"1\" data-image-meta=\"{&quot;aperture&quot;:&quot;0&quot;,&quot;credit&quot;:&quot;&quot;,&quot;camera&quot;:&quot;&quot;,&quot;caption&quot;:&quot;&quot;,&quot;created_timestamp&quot;:&quot;0&quot;,&quot;copyright&quot;:&quot;&quot;,&quot;focal_length&quot;:&quot;0&quot;,&quot;iso&quot;:&quot;0&quot;,&quot;shutter_speed&quot;:&quot;0&quot;,&quot;title&quot;:&quot;&quot;,&quot;orientation&quot;:&quot;0&quot;}\" data-image-title=\"Hitradio logo\" data-image-description=\"\" data-image-caption=\"\" data-large-file=\"https:\/\/i0.wp.com\/www.pastors-home.de\/wp-content\/uploads\/2022\/02\/Hitradio-logo.png?fit=880%2C616&amp;ssl=1\" src=\"https:\/\/i0.wp.com\/www.pastors-home.de\/wp-content\/uploads\/2022\/02\/Hitradio-logo.png?resize=880%2C616&#038;ssl=1\" alt=\"\" class=\"wp-image-5037\" srcset=\"https:\/\/i0.wp.com\/www.pastors-home.de\/wp-content\/uploads\/2022\/02\/Hitradio-logo.png?resize=1024%2C717&amp;ssl=1 1024w, https:\/\/i0.wp.com\/www.pastors-home.de\/wp-content\/uploads\/2022\/02\/Hitradio-logo.png?resize=300%2C210&amp;ssl=1 300w, https:\/\/i0.wp.com\/www.pastors-home.de\/wp-content\/uploads\/2022\/02\/Hitradio-logo.png?resize=768%2C538&amp;ssl=1 768w, https:\/\/i0.wp.com\/www.pastors-home.de\/wp-content\/uploads\/2022\/02\/Hitradio-logo.png?resize=1536%2C1075&amp;ssl=1 1536w, https:\/\/i0.wp.com\/www.pastors-home.de\/wp-content\/uploads\/2022\/02\/Hitradio-logo.png?resize=400%2C280&amp;ssl=1 400w, https:\/\/i0.wp.com\/www.pastors-home.de\/wp-content\/uploads\/2022\/02\/Hitradio-logo.png?resize=150%2C105&amp;ssl=1 150w, https:\/\/i0.wp.com\/www.pastors-home.de\/wp-content\/uploads\/2022\/02\/Hitradio-logo.png?w=2000&amp;ssl=1 2000w, https:\/\/i0.wp.com\/www.pastors-home.de\/wp-content\/uploads\/2022\/02\/Hitradio-logo.png?w=1760&amp;ssl=1 1760w\" sizes=\"auto, (max-width: 880px) 100vw, 880px\" \/><\/figure>\n","protected":false},"excerpt":{"rendered":"<p>&#8222;Nimm dir das Leben &#8230; und lass es nicht mehr los&#8220; &#8211; Die Ballade von Udo Lindenberg ist wunderbar nachdenklich, ehrlich und ist letztlich eine Hymne, die Mut macht, das Leben mit all seinen hellen und dunklen Seiten anzunehmen. <a class=\"continue-reading-link\" href=\"https:\/\/www.pastors-home.de\/?p=5035\">ich will weiterlesen<\/a><\/p>\n","protected":false},"author":1,"featured_media":5036,"comment_status":"open","ping_status":"open","sticky":false,"template":"","format":"standard","meta":{"jetpack_post_was_ever_published":false,"_jetpack_newsletter_access":"","_jetpack_dont_email_post_to_subs":false,"_jetpack_newsletter_tier_id":0,"_jetpack_memberships_contains_paywalled_content":false,"_jetpack_memberships_contains_paid_content":false,"footnotes":"","jetpack_publicize_message":"","jetpack_publicize_feature_enabled":true,"jetpack_social_post_already_shared":true,"jetpack_social_options":{"image_generator_settings":{"template":"highway","default_image_id":0,"font":"","enabled":false},"version":2}},"categories":[365,913],"tags":[915],"class_list":["post-5035","post","type-post","status-publish","format-standard","has-post-thumbnail","hentry","category-liedpredigten","category-predigten-2022","tag-udo-lindenberg"],"jetpack_publicize_connections":[],"jetpack_featured_media_url":"https:\/\/i0.wp.com\/www.pastors-home.de\/wp-content\/uploads\/2022\/02\/Hitradio-Lindenberg.jpg?fit=536%2C306&ssl=1","jetpack_sharing_enabled":true,"jetpack_shortlink":"https:\/\/wp.me\/p4BNB2-1jd","jetpack_likes_enabled":true,"_links":{"self":[{"href":"https:\/\/www.pastors-home.de\/index.php?rest_route=\/wp\/v2\/posts\/5035","targetHints":{"allow":["GET"]}}],"collection":[{"href":"https:\/\/www.pastors-home.de\/index.php?rest_route=\/wp\/v2\/posts"}],"about":[{"href":"https:\/\/www.pastors-home.de\/index.php?rest_route=\/wp\/v2\/types\/post"}],"author":[{"embeddable":true,"href":"https:\/\/www.pastors-home.de\/index.php?rest_route=\/wp\/v2\/users\/1"}],"replies":[{"embeddable":true,"href":"https:\/\/www.pastors-home.de\/index.php?rest_route=%2Fwp%2Fv2%2Fcomments&post=5035"}],"version-history":[{"count":7,"href":"https:\/\/www.pastors-home.de\/index.php?rest_route=\/wp\/v2\/posts\/5035\/revisions"}],"predecessor-version":[{"id":5404,"href":"https:\/\/www.pastors-home.de\/index.php?rest_route=\/wp\/v2\/posts\/5035\/revisions\/5404"}],"wp:featuredmedia":[{"embeddable":true,"href":"https:\/\/www.pastors-home.de\/index.php?rest_route=\/wp\/v2\/media\/5036"}],"wp:attachment":[{"href":"https:\/\/www.pastors-home.de\/index.php?rest_route=%2Fwp%2Fv2%2Fmedia&parent=5035"}],"wp:term":[{"taxonomy":"category","embeddable":true,"href":"https:\/\/www.pastors-home.de\/index.php?rest_route=%2Fwp%2Fv2%2Fcategories&post=5035"},{"taxonomy":"post_tag","embeddable":true,"href":"https:\/\/www.pastors-home.de\/index.php?rest_route=%2Fwp%2Fv2%2Ftags&post=5035"}],"curies":[{"name":"wp","href":"https:\/\/api.w.org\/{rel}","templated":true}]}}