{"id":4883,"date":"2021-11-13T12:49:35","date_gmt":"2021-11-13T11:49:35","guid":{"rendered":"https:\/\/www.pastors-home.de\/?p=4883"},"modified":"2021-11-13T13:14:35","modified_gmt":"2021-11-13T12:14:35","slug":"predigt-an-zwei-orten-ein-zuhause-haben-2-korinther-5-1-10-14-november-2021","status":"publish","type":"post","link":"https:\/\/www.pastors-home.de\/?p=4883","title":{"rendered":"Predigt: An zwei Orten ein Zuhause haben (2. Korinther 5, 1-10) 14. November 2021"},"content":{"rendered":"\n<div class=\"wp-block-media-text alignwide is-stacked-on-mobile has-background\" style=\"background:linear-gradient(135deg,rgb(22,22,24) 0%,rgb(7,110,255) 100%)\"><figure class=\"wp-block-media-text__media\"><img data-recalc-dims=\"1\" loading=\"lazy\" decoding=\"async\" width=\"880\" height=\"495\" data-attachment-id=\"4884\" data-permalink=\"https:\/\/www.pastors-home.de\/?attachment_id=4884\" data-orig-file=\"https:\/\/i0.wp.com\/www.pastors-home.de\/wp-content\/uploads\/2021\/11\/pexels-photo-2666598.jpeg?fit=1880%2C1058&amp;ssl=1\" data-orig-size=\"1880,1058\" data-comments-opened=\"1\" data-image-meta=\"{&quot;aperture&quot;:&quot;0&quot;,&quot;credit&quot;:&quot;&quot;,&quot;camera&quot;:&quot;&quot;,&quot;caption&quot;:&quot;Photo by Chait Goli on &lt;a href=\\&quot;https:\/\/www.pexels.com\/photo\/photo-of-teepee-under-a-starry-sky-2666598\/\\&quot; rel=\\&quot;nofollow\\&quot;&gt;Pexels.com&lt;\/a&gt;&quot;,&quot;created_timestamp&quot;:&quot;0&quot;,&quot;copyright&quot;:&quot;&quot;,&quot;focal_length&quot;:&quot;0&quot;,&quot;iso&quot;:&quot;0&quot;,&quot;shutter_speed&quot;:&quot;0&quot;,&quot;title&quot;:&quot;photo of teepee under a starry sky&quot;,&quot;orientation&quot;:&quot;0&quot;}\" data-image-title=\"pexels-photo-2666598\" data-image-description=\"\" data-image-caption=\"&lt;p&gt;Photo by Chait Goli on &lt;a href=&quot;https:\/\/www.pexels.com\/photo\/photo-of-teepee-under-a-starry-sky-2666598\/&quot; rel=&quot;nofollow&quot;&gt;Pexels.com&lt;\/a&gt;&lt;\/p&gt;\n\" data-large-file=\"https:\/\/i0.wp.com\/www.pastors-home.de\/wp-content\/uploads\/2021\/11\/pexels-photo-2666598.jpeg?fit=880%2C495&amp;ssl=1\" src=\"https:\/\/i0.wp.com\/www.pastors-home.de\/wp-content\/uploads\/2021\/11\/pexels-photo-2666598.jpeg?resize=880%2C495&#038;ssl=1\" alt=\"photo of teepee under a starry sky\" class=\"wp-image-4884 size-full\" srcset=\"https:\/\/i0.wp.com\/www.pastors-home.de\/wp-content\/uploads\/2021\/11\/pexels-photo-2666598.jpeg?w=1880&amp;ssl=1 1880w, https:\/\/i0.wp.com\/www.pastors-home.de\/wp-content\/uploads\/2021\/11\/pexels-photo-2666598.jpeg?resize=300%2C169&amp;ssl=1 300w, https:\/\/i0.wp.com\/www.pastors-home.de\/wp-content\/uploads\/2021\/11\/pexels-photo-2666598.jpeg?resize=1024%2C576&amp;ssl=1 1024w, https:\/\/i0.wp.com\/www.pastors-home.de\/wp-content\/uploads\/2021\/11\/pexels-photo-2666598.jpeg?resize=768%2C432&amp;ssl=1 768w, https:\/\/i0.wp.com\/www.pastors-home.de\/wp-content\/uploads\/2021\/11\/pexels-photo-2666598.jpeg?resize=1536%2C864&amp;ssl=1 1536w, https:\/\/i0.wp.com\/www.pastors-home.de\/wp-content\/uploads\/2021\/11\/pexels-photo-2666598.jpeg?resize=400%2C225&amp;ssl=1 400w, https:\/\/i0.wp.com\/www.pastors-home.de\/wp-content\/uploads\/2021\/11\/pexels-photo-2666598.jpeg?resize=150%2C84&amp;ssl=1 150w, https:\/\/i0.wp.com\/www.pastors-home.de\/wp-content\/uploads\/2021\/11\/pexels-photo-2666598.jpeg?w=1760&amp;ssl=1 1760w\" sizes=\"auto, (max-width: 880px) 100vw, 880px\" \/><\/figure><div class=\"wp-block-media-text__content\">\n<p class=\"has-white-color has-text-color has-large-font-size\">2. Kor 5, 1-10<\/p>\n\n\n\n<p class=\"has-white-color has-text-color\">Je gr\u00f6\u00dfer die Unzufriedenheit mit dem jetzigen Leben ist, umso gr\u00f6\u00dfer scheint die Sehnsucht nach Gottes neuer Welt.<br>Paulus h\u00e4lt uns im Jetzt, und erkl\u00e4rt das Ringen mit den t\u00e4glichen Widigkeiten zur Ehrensache.<\/p>\n<\/div><\/div>\n\n\n\n<p><br><strong><em>\u201eDas Ende ist nah!\u201c \u2013 zumindest gef\u00fchlt<\/em><\/strong><\/p>\n\n\n\n<p>Liebe Gemeinde,<\/p>\n\n\n\n<p>manchmal hat man einfach die Nase gestrichen voll. Weil alles hinten und vorne nicht mehr passt. Weil man mehr Probleme als L\u00f6sungen sieht. Gedanken, die recht depressiv und frustriert klingen. Klar, die Coronasituation und die Klimakrise sind gerade Faktoren, die die Stimmung runterziehen. Aber die Gedanken, die ich gerade so entwickelt habe, haben eigentlich gar nichts mit herbstlichen Corona-Klima-Frust zu tun, sondern stammen vom Apostel Paulus und spiegeln die Stimmung unseres heutigen Predigttextes.<\/p>\n\n\n\n<p>Aber es geht dabei um viel mehr, als melancholischen Wertschmerz. Am besten, ich lese ihnen mal ein bisschen daraus vor:<\/p>\n\n\n\n<!--more-->\n\n\n\n<p><strong><em>Bibeltext 2. Kor 5, 1-10 (Basisbibel &#8211;<\/em><\/strong> <strong><em>BasisBibel \u00a9 2021 Deutsche Bibelgesellschaft )<\/em><\/strong><\/p>\n\n\n\n<p class=\"has-cyan-bluish-gray-background-color has-background\">Hier finden Sie den Bibeltext:<br> <a href=\"https:\/\/www.die-bibel.de\/bibeln\/online-bibeln\/lesen\/BB\/2CO.5\/2.-Korinther-5\">https:\/\/www.die-bibel.de\/bibeln\/online-bibeln\/lesen\/BB\/2CO.5\/2.-Korinther-5<\/a><br>Bitte beachten: Die Luther\u00fcbersetzung 2017 verwendet &#8222;Haus&#8220; und &#8222;H\u00fctte&#8220; f\u00fcr &#8222;\u03bf\u1f30\u03ba\u03af\u03b1 \u03c4\u03bf\u1fe6 \u03c3\u03ba\u03ae\u03bd\u03bf\u03c5\u03c2&#8220;. Die Predigt r\u00fcckt  aber das Bild des Zeltes in den Mittelpunkt. Darum ist Luther 2017 hier ung\u00fcnstig zu verwenden. <\/p>\n\n\n\n<p><strong><em>Im wackeligen Zelt meines Lebens<\/em><\/strong><\/p>\n\n\n\n<p>Liebe Gemeinde,<\/p>\n\n\n\n<p>man merkt: Paulus war von Beruf Zeltmacher, und darum beschreibt er seine Gedanken mit der Vorstellung, unser Leben ist ein Zelt in dieser Welt.<\/p>\n\n\n\n<p>Darin sind wir daheim. Geboren, aufgewachsen. Irgendwann haben wir entdeckt, dass es auch andere Menschen um uns herum gibt, haben unseren Horizont erweitert. Unser Lebens-Zelt ist uns Heimat geworden. Abends kuscheln wir uns in unsere Decken, f\u00fchlen uns geborgen, gesch\u00fctzt. H\u00f6ren drau\u00dfen vor dem Zelt die Grillen zirpen und das Rascheln im Gras, wenn ein Tier vorbeil\u00e4uft.<\/p>\n\n\n\n<p>Ja, eigentlich ist das Leben in dieser Welt gar nicht so \u00fcbel. Zumindest, wenn alles glatt l\u00e4uft. Aber wir wissen, das ist nur die idyllische Seite. Unser Lebens-Zelt ist halt keine wirklich stabile Sache.<\/p>\n\n\n\n<p>Ein heftiger Sturm und ein Regenguss k\u00f6nnen es schon sehr ungem\u00fctlich werden lassen. Und gegen\u00fcber noch wilderen Gefahren bietet so ein Zelt ehrlich gesagt gar keinen Schutz: Die d\u00fcnne Zelthaut und ein unst\u00fcrzender Baum sind ungleiche Gegner. Und eine besoffene Herde von Menschen, die \u00c4rger suchen, h\u00e4lt mein Zelt auch nicht ab.<\/p>\n\n\n\n<p>Genau diese Erfahrung greift der Zeltmacher Paulus auf: Unser Dasein auf der Erde ist eher etwas provisorisches. Das ist nicht perfekt. Meine Lebensumst\u00e4nde sind nicht optimal, und ich selber bin es auch nicht! Ich bin jemand mit Fehlern und Schw\u00e4chen. Je \u00e4lter ich werde, umso genauer lerne ich mich selber kennen, meine hausgemachten Probleme, wo meine Zeltplane L\u00f6cher hat, also man auch sagen k\u00f6nnte: \u201eDu bist nicht ganz dicht\u201c. Zelten unter diesen Umst\u00e4nden macht manchmal gar keinen Spa\u00df.<\/p>\n\n\n\n<p><strong><em>Die neue Heimat<\/em><\/strong><\/p>\n\n\n\n<p>Das alles ist gar nicht f\u00fcr die Ewigkeit angelegt, meint Paulus. Gott sagt: \u201eIch habe da noch etwas anderes mit euch Menschen vor. Das was du hier hast, ist schon nicht so toll &#8211; aber ich hab da was f\u00fcr dich hergerichtet, das wirst du schauen! Eine ganz neue Wohnung, wie du sie dir selbst in deiner wildesten Phantasie nicht vorstellen kannst.\u201c<\/p>\n\n\n\n<p>Bei so einer Verhei\u00dfung liegt es nicht fern, zu sagen: na, dann zieh ich da doch lieber heute als morgen um! Und auch Paulus greift das Problem auf, dass &#8211; je schlechter es einem gerade geht, umso eher das eigene Sterben eine attraktive Option ist. Er schreibt \u201eAm liebsten w\u00fcrden wir unseren K\u00f6rper verlassen und beim Herrn leben.\u201c Und so direkt er es an dieser Stelle formuliert, kann man \u00fcberlegen, ob es zu seiner Zeit vielleicht tats\u00e4chlich unter Christen so eine Sehnsucht gab: Lieber jetzt sterben, und Gottes neue Wohnung in seiner Welt beziehen. Das ganze Elend hinter sich lassen \u2013 was soll ich hier noch?<\/p>\n\n\n\n<p>Das Denken ist uns Menschen auch heute nicht so ganz fremd. Wir kennen es aus der Diskussion um die Sterbehilfe: Den Wunsch, lieber jetzt zeitig diese br\u00fcchige H\u00fctte zu verlassen, als sich hier herumzu\u00e4rgern oder gar schlimme Schmerzen erleiden.<\/p>\n\n\n\n<p><strong><em>Das Beste daraus machen: Ehrensache!<\/em><\/strong><\/p>\n\n\n\n<p>Aber Paulus bremst uns. Unser Platz ist erst einmal hier. Das ist unser aktueller Wohnsitz. Wir sollen unser Leben auf der Erde, in dem mittelm\u00e4\u00dfigen Zelt unseres Lebens, annehmen und leben.&nbsp; Nicht perfekt, aber \u2026 ja irgendwie packt Paulus da bei unserem Ehrgeiz:<\/p>\n\n\n\n<p><em>\u201eDeswegen ist es f\u00fcr uns eine Ehrensache, Gott zu gefallen. Das gilt, ob wir schon zu Hause bei ihm sind oder noch hier in der Fremde leben.\u201c<\/em> Mit anderen Worten: Gott stellt uns vor die Aufgabe, das Beste aus diesen Lebensumst\u00e4nden zu machen. Und als seine Kinder werden wir uns gescheit anstrengen, das m\u00f6glichst gut hinzubekommen. Ich stelle mir das vor, dass dieser himmlische Vater einmal sagen kann:<\/p>\n\n\n\n<p>\u201eHey, gut hast du es gemacht! Auch wenn du selber nicht wirklich damit zufrieden bist, wie dein Leben gelaufen ist: Ich wei\u00df ja, mit welchen Begabungen und F\u00e4higkeiten ich dich ausgestattet habe. Ich wei\u00df, welche Schw\u00e4chen, Krankheiten, Sorgen und Schicksalschl\u00e4ge dir vor die F\u00fc\u00dfe gefallen sind. Ich habe das alles gesehen. Und ich bin stolz auf dich, dass du das alles so gut gew\u00e4ltigt hast.\u201c<\/p>\n\n\n\n<p>Liebe Gemeinde,<\/p>\n\n\n\n<p>Paulus macht in seinem Predigttext Mut! Mut zum Leben. Mut, das eigene Leben mit all seinen Seiten als Geschenk und Aufgabe anzunehmen. Damit auch unser irdisches, verg\u00e4ngliches und klappriges Lebenszelt ein Ort werden kann, an dem Leben gelingt.<\/p>\n\n\n\n<p>Glaube bedeutet: Das Leben zu ergreifen, das Gott uns schenkt \u2013 und gleichzeitig gewiss zu sein, dass man noch eine zweite zuk\u00fcnftige Heimat hat.<\/p>\n\n\n\n<p>Im irdischen Zelt, schon so zu leben, als wenn das Licht der himmlischen Zukunft duch die Zeltplane schimmert.<\/p>\n\n\n\n<p>&nbsp;Ich wei\u00df nicht, ob wir das auch immer schaffen &#8211; denn manchmal ist das Leben eine ungeheuer schwere Last. Aber versuchen sollen wir es eben doch. \u201eDas ist Ehrensache\u201c sagt Paulus, und ich hoffe darauf, &#8211; dass Gott uns dabei nicht alleine l\u00e4sst!<\/p>\n\n\n\n<p>Amen<\/p>\n","protected":false},"excerpt":{"rendered":"<p>Je gr\u00f6\u00dfer die Unzufriedenheit mit dem jetzigen Leben ist, umso gr\u00f6\u00dfer scheint die Sehnsucht nach Gottes neuer Welt.<br \/>\nPaulus h\u00e4lt uns im Jetzt, und erkl\u00e4rt das Ringen mit den t\u00e4glichen Widigkeiten zur Ehrensache. <a class=\"continue-reading-link\" href=\"https:\/\/www.pastors-home.de\/?p=4883\">ich will weiterlesen<\/a><\/p>\n","protected":false},"author":1,"featured_media":4884,"comment_status":"open","ping_status":"open","sticky":false,"template":"","format":"standard","meta":{"jetpack_post_was_ever_published":false,"_jetpack_newsletter_access":"","_jetpack_dont_email_post_to_subs":false,"_jetpack_newsletter_tier_id":0,"_jetpack_memberships_contains_paywalled_content":false,"_jetpack_memberships_contains_paid_content":false,"footnotes":"","jetpack_publicize_message":"","jetpack_publicize_feature_enabled":true,"jetpack_social_post_already_shared":true,"jetpack_social_options":{"image_generator_settings":{"template":"highway","default_image_id":0,"font":"","enabled":false},"version":2}},"categories":[875],"tags":[908,907,737,762],"class_list":["post-4883","post","type-post","status-publish","format-standard","has-post-thumbnail","hentry","category-predigten-2021","tag-2-kor-2","tag-2kor","tag-vorletzter-sonntag-des-kirchenjahres","tag-vorletzter-sonntag-im-kirchenjahr"],"jetpack_publicize_connections":[],"jetpack_featured_media_url":"https:\/\/i0.wp.com\/www.pastors-home.de\/wp-content\/uploads\/2021\/11\/pexels-photo-2666598.jpeg?fit=1880%2C1058&ssl=1","jetpack_sharing_enabled":true,"jetpack_shortlink":"https:\/\/wp.me\/p4BNB2-1gL","jetpack_likes_enabled":true,"_links":{"self":[{"href":"https:\/\/www.pastors-home.de\/index.php?rest_route=\/wp\/v2\/posts\/4883","targetHints":{"allow":["GET"]}}],"collection":[{"href":"https:\/\/www.pastors-home.de\/index.php?rest_route=\/wp\/v2\/posts"}],"about":[{"href":"https:\/\/www.pastors-home.de\/index.php?rest_route=\/wp\/v2\/types\/post"}],"author":[{"embeddable":true,"href":"https:\/\/www.pastors-home.de\/index.php?rest_route=\/wp\/v2\/users\/1"}],"replies":[{"embeddable":true,"href":"https:\/\/www.pastors-home.de\/index.php?rest_route=%2Fwp%2Fv2%2Fcomments&post=4883"}],"version-history":[{"count":3,"href":"https:\/\/www.pastors-home.de\/index.php?rest_route=\/wp\/v2\/posts\/4883\/revisions"}],"predecessor-version":[{"id":4888,"href":"https:\/\/www.pastors-home.de\/index.php?rest_route=\/wp\/v2\/posts\/4883\/revisions\/4888"}],"wp:featuredmedia":[{"embeddable":true,"href":"https:\/\/www.pastors-home.de\/index.php?rest_route=\/wp\/v2\/media\/4884"}],"wp:attachment":[{"href":"https:\/\/www.pastors-home.de\/index.php?rest_route=%2Fwp%2Fv2%2Fmedia&parent=4883"}],"wp:term":[{"taxonomy":"category","embeddable":true,"href":"https:\/\/www.pastors-home.de\/index.php?rest_route=%2Fwp%2Fv2%2Fcategories&post=4883"},{"taxonomy":"post_tag","embeddable":true,"href":"https:\/\/www.pastors-home.de\/index.php?rest_route=%2Fwp%2Fv2%2Ftags&post=4883"}],"curies":[{"name":"wp","href":"https:\/\/api.w.org\/{rel}","templated":true}]}}