{"id":4706,"date":"2021-05-14T10:08:10","date_gmt":"2021-05-14T08:08:10","guid":{"rendered":"https:\/\/www.pastors-home.de\/?p=4706"},"modified":"2024-01-31T18:24:03","modified_gmt":"2024-01-31T17:24:03","slug":"predigt-und-familiengottesdienst-welche-farbe-hat-dein-himmel","status":"publish","type":"post","link":"https:\/\/www.pastors-home.de\/?p=4706","title":{"rendered":"Predigt und Familiengottesdienst: Welche Farbe hat dein Himmel?"},"content":{"rendered":"\n<div class=\"wp-block-media-text alignwide is-stacked-on-mobile has-background\" style=\"background:linear-gradient(292deg,rgb(255,245,203) 0%,rgb(182,227,212) 50%,rgb(51,167,181) 100%)\"><figure class=\"wp-block-media-text__media\"><img data-recalc-dims=\"1\" loading=\"lazy\" decoding=\"async\" width=\"880\" height=\"496\" data-attachment-id=\"4707\" data-permalink=\"https:\/\/www.pastors-home.de\/?attachment_id=4707\" data-orig-file=\"https:\/\/i0.wp.com\/www.pastors-home.de\/wp-content\/uploads\/2021\/05\/welche-farben.png?fit=1640%2C924&amp;ssl=1\" data-orig-size=\"1640,924\" data-comments-opened=\"1\" data-image-meta=\"{&quot;aperture&quot;:&quot;0&quot;,&quot;credit&quot;:&quot;&quot;,&quot;camera&quot;:&quot;&quot;,&quot;caption&quot;:&quot;&quot;,&quot;created_timestamp&quot;:&quot;0&quot;,&quot;copyright&quot;:&quot;&quot;,&quot;focal_length&quot;:&quot;0&quot;,&quot;iso&quot;:&quot;0&quot;,&quot;shutter_speed&quot;:&quot;0&quot;,&quot;title&quot;:&quot;&quot;,&quot;orientation&quot;:&quot;0&quot;}\" data-image-title=\"welche-farben\" data-image-description=\"\" data-image-caption=\"\" data-large-file=\"https:\/\/i0.wp.com\/www.pastors-home.de\/wp-content\/uploads\/2021\/05\/welche-farben.png?fit=880%2C496&amp;ssl=1\" src=\"https:\/\/i0.wp.com\/www.pastors-home.de\/wp-content\/uploads\/2021\/05\/welche-farben.png?resize=880%2C496&#038;ssl=1\" alt=\"\" class=\"wp-image-4707 size-full\" srcset=\"https:\/\/i0.wp.com\/www.pastors-home.de\/wp-content\/uploads\/2021\/05\/welche-farben.png?resize=1024%2C577&amp;ssl=1 1024w, https:\/\/i0.wp.com\/www.pastors-home.de\/wp-content\/uploads\/2021\/05\/welche-farben.png?resize=300%2C169&amp;ssl=1 300w, https:\/\/i0.wp.com\/www.pastors-home.de\/wp-content\/uploads\/2021\/05\/welche-farben.png?resize=768%2C433&amp;ssl=1 768w, https:\/\/i0.wp.com\/www.pastors-home.de\/wp-content\/uploads\/2021\/05\/welche-farben.png?resize=1536%2C865&amp;ssl=1 1536w, https:\/\/i0.wp.com\/www.pastors-home.de\/wp-content\/uploads\/2021\/05\/welche-farben.png?resize=400%2C225&amp;ssl=1 400w, https:\/\/i0.wp.com\/www.pastors-home.de\/wp-content\/uploads\/2021\/05\/welche-farben.png?resize=150%2C85&amp;ssl=1 150w, https:\/\/i0.wp.com\/www.pastors-home.de\/wp-content\/uploads\/2021\/05\/welche-farben.png?w=1640&amp;ssl=1 1640w\" sizes=\"auto, (max-width: 880px) 100vw, 880px\" \/><\/figure><div class=\"wp-block-media-text__content\">\n<p class=\"has-medium-font-size\">Raus aus dem Grau<\/p>\n\n\n\n<p>Wir bewundern in diesem Gottesdienst die verschiedenen Farben in der Sch\u00f6pfung und entdecken, wie viele verschiedene Farben auch in unserer Seele schimmern.<\/p>\n<\/div><\/div>\n\n\n\n<p class=\"has-background\" style=\"background-color:#fedb79\"><strong>Ideen zu dem Gottesdienst<\/strong><br><strong><em>Es geht um Farben! Farbige Lampions,  verteilte Murmeln und Pompoms bringen Farbe in unseren Gottesdienst. <\/em><\/strong><br>Man kann die Kirche (oder das Gel\u00e4nde drau\u00dfen) mit <a href=\"https:\/\/amzn.to\/3w61agR\" data-type=\"URL\" data-id=\"https:\/\/amzn.to\/3w61agR\" target=\"_blank\" rel=\"noreferrer noopener\">farbigen Lampions <\/a>oder Luftballons schm\u00fccken.<br>Auch m\u00f6glich: <a href=\"https:\/\/amzn.to\/3bpzH1P\" data-type=\"URL\" data-id=\"https:\/\/amzn.to\/3bpzH1P\" target=\"_blank\" rel=\"noreferrer noopener\">Wei\u00dfe Lampions <\/a>(10 Zoll ist eine gute Gr\u00f6\u00dfe) an die Kinder verteilen, die diese dann bemalt zum Gottesdienst mitbringen.<br>Am Eingang kann sich jeder Besucher eine <a href=\"https:\/\/amzn.to\/42lfpQa\" target=\"_blank\" rel=\"noreferrer noopener\">Murmel in seiner Lieblingsfarbe<\/a> mitnehmen.<br>Macht vielen von den Kleineren total Spa\u00df:<a href=\"https:\/\/amzn.to\/3uQd4es\" data-type=\"URL\" data-id=\"https:\/\/amzn.to\/3uQd4es\" target=\"_blank\" rel=\"noreferrer noopener\"> Farbige Pom Poms <\/a>(kennt man vom Cheerleading) verteilen (kann bei der Farb-Meditation eingesetzt werden).<br>Wir hatten eine S\u00e4ngerin, die zwei passende Lieder beigetragen hat: <br>Cover me with Sunshine von Pink und True Colours von Cindy Lauper (Infos zu den Liedern weiter unten)<\/p>\n\n\n\n<p><\/p>\n\n\n\n<p><strong>Farb-Meditation zum Eingang<\/strong><br><em>L\u00e4sst sich gut im Wechsel sprechen. Auch sch\u00f6n: EG 563 (der Himmel geht \u00fcber allen auf) dazwischen &#8211; da k\u00f6nnen dann die PomPom-Wedler voll in Aktion treten.<\/em><\/p>\n\n\n\n<p>Wir kommen aus dem Alltag in den Feiertag.<br>Mit den Erinnerungen an die vergangenen Tage und Wochen.<br>Vieles erscheint da d\u00fcster und grau.<\/p>\n\n\n\n<p><em>Ich sehne mich nach einem offenen Himmel,&nbsp;<\/em><br><em>einen blauen Himmel mit wei\u00dfen Wolken und einer warm leuchtenden Sonne<\/em><\/p>\n\n\n\n<p><em>#562 Der Himmel geht \u00fcber allen auf<\/em><em><\/em><\/p>\n\n\n\n<p>Wenn ich auf die Wege betrachte, auf denen ich gehe, sehe ich viel Alphalt, Steine und Beton.<br>Unbeweglich, versteinert und grau.<br>Und manchmal \u00fcberlege ich, ob das alles auch meine Gedanken beeinflusst. Dass auch ich unbeweglich werde, stur und eint\u00f6nig.<\/p>\n\n\n\n<p><em>Ich sehne mich nach einer gr\u00fcnen Wiese.<\/em><br><em>Mit frischem, saftigen, lebendigen Gr\u00fcn.<\/em><br><em>Nach gelben L\u00f6wenzahnbl\u00fcten und vielen anderen Blumen: Rot, gelb, lila und blau.<\/em><\/p>\n\n\n\n<p><em>#562 Der Himmel geht \u00fcber allen auf<\/em><em><\/em><\/p>\n\n\n\n<p>Ich schaue in den Spiegel.&nbsp;<br>Wenn ich das morgens nach dem Aufstehen tue, erwarte ich an manchen Tagen nicht viel Gutes:<br>Zerzauste Haare, ein paar dunkle Ringe unter den Augen.<\/p>\n\n\n\n<p><em>Aber da entdecke ich im Spiegel auch:<\/em> <em>Ein l\u00e4chendes Gesicht mit rosa Lippen.<\/em><br><em>Ein paar braune Sommersprossen.<\/em><br><em>Die Farbe meiner Augen:<\/em> B<em>lau oder braun oder gr\u00fcn.<\/em><br><em>Ich lache hinein \u2013 und da lacht einer zur\u00fcck.<\/em><\/p>\n\n\n\n<p><em>#562 Der Himmel geht \u00fcber allen auf<\/em><em><\/em><\/p>\n\n\n\n<p>Wir denken an Jesus, der gesagt hat:<br>Ich bin das Licht der Welt. Wer mir nachfolgt, der wird nicht wandeln in der Finsternis, sondern wird das Licht des Lebens haben.<\/p>\n\n\n\n<p><em>Das Licht, das unser Leben hell macht.<\/em> <br><em>Das Licht, das&nbsp; uns all diese Farben erkennen l\u00e4sst.<\/em><br><em>Gott sei Dank<\/em>&#8211; <em>Dass du Licht und Farbe in unser Leben bringst.<br>Halleluja<\/em>!<\/p>\n\n\n\n<p><em>#562 Der Himmel geht \u00fcber allen auf<\/em><\/p>\n\n\n\n<!--more-->\n\n\n\n<p><\/p>\n\n\n\n<p><strong>\u00dcberleitung zum Lied &#8222;Cover me in Sunshine&#8220;<\/strong><\/p>\n\n\n\n<p>Nicht nur wir einfachen Leute haben in Coronazeiten immer wieder einen Durchh\u00e4nger. Auch die Promis, m\u00fcssen da durch. Die S\u00e4ngerin Pink hat in dieser Zeit eine Idee gehabt: Sie hat zusammen mit ihrer neunj\u00e4hrigen Tochter Willow Sage ein Lied aufgenommen und auch ein Video gedreht.&nbsp;<\/p>\n\n\n\n<p>Es f\u00e4ngt mit den Gedanken an, die vor allem unsere Kinder kennen: <br><em>Die Langeweile,<\/em><br><em>Dass man irgendwie die Zeit totschlagen muss,<\/em><br><em>und einfach hofft, das diese Tage irgendwann herumgehen.<\/em><br>Und dann schnuppert man im Text den &nbsp;Fr\u00fchling und das Vertrauen, dass diese Welt sich weiter drehen wird, auch wenn manches momentan zu seltam und verr\u00fcckt erscheint:<br><em>Bedecke mich mit Sonnenschein<\/em><br><em>Lass gute Zeiten auf mich herabrieseln<\/em><br><em>Sag mir, dass sich die Erde schon schon seit ewigen Zeiten im Kreis dreht, und alles wieder gut wird.<\/em><\/p>\n\n\n\n<p><strong>Ansprache<\/strong><\/p>\n\n\n\n<p>\u201eWelche Farbe hat dein Himmel?\u201c \u2013 also meiner ist gerade \u2026.. ziemlich dunkelgrau. Viel lieber w\u00e4re es uns gewesen, wenn er blau gewesen w\u00e4re, oder zumindest blau-wei\u00df. Unser Himmel kann ganz verschiedene Farben annehmen. Das haben wir alle ja schon erlebt:<\/p>\n\n\n\n<p>Anfang dieser Woche, da war er wirklich strahlend blau! Kaum ein W\u00f6lkchen am Himmel \u2013 ein Traum \u2026 und die ersten haben sich schon einen kleinen Sonnnenbrand geholt.<\/p>\n\n\n\n<p>Abends, wenn die Sonne untergeht, f\u00e4rbt sich der Himmel langsam ins orange-r\u00f6tliche. Je nach Wetterlage kann es dann sogar mal ein richtig fettes Abendrot geben.<\/p>\n\n\n\n<p>Richtig gruselig wird es, wenn sich der Himmel bei einem Unwetter so richtig schwarz anschmiert. Ich verstehe bis heute noch nicht, warum Wolken, die doch eigentlich wei\u00df sind, schwarz werden k\u00f6nnen \u2026 aber beeindruckend ist das schon, wenn da eine schwarze Walze \u00fcber den Himmel wandert.<\/p>\n\n\n\n<p>Haben wir noch eine Himmelsfarbe? Ach ja: Gelb! Das hatten wir vor einigen Wochen. Da hat man sich gefragt: Was ist denn jetzt kaputt? Das ganze Tageslicht war so komisch gelb oder beige gef\u00e4rbt. Am n\u00e4chsten Tag hatten dann viele auf dem Auto so eine feine gelbe Sandschicht. Das war die L\u00f6sung: Der Wind hatte ganz ganz feinen Sand aus der W\u00fcste Sahara zu uns her\u00fcbergetragen. Und dieser feine Sand in der Luft, hat den Himmel gelb eingef\u00e4rbt.<\/p>\n\n\n\n<p>Ja, der Himmel kann viele verschiedene Farben haben. Blau, grau, gelb, schwarz rot \u2026 man kann also gar nicht festlegen, welche Farbe der Himmel wirklich hat. Ich kann eigentlich immer nur sagen, in welcher Farbe ich ihn gerade sehe.<\/p>\n\n\n\n<p>Kann es sein, dass das nicht nur mit dem Himmel so ist? Sondern dass das mit Gott auch so ist? Gott ist ja unsichtbar, da tut man sich ja auch schwer, etwas \u00fcber ihn zu sagen.&nbsp; Immerhin erfahren wir \u00fcber andere Menschen etwas von ihm, wir machen unsere Erfahrungen, wir denken \u00fcber Gott nach \u2026 da entsteht ja dann auch ein Eindruck von Gott \u2013 vielleicht sogar ein Eindruck, wie bei einer Farbe!<\/p>\n\n\n\n<p>Zum Beispiel <strong>Gr\u00fcn<\/strong>! \u2013 vielleicht habt ihr ja gr\u00fcn als eure Murmelfarbe gew\u00e4hlt.<\/p>\n\n\n\n<p>Ja: Wenn ich jetzt drau\u00dfen unterwegs bin, sehe ich, wie die Laubb\u00e4ume langsam ihre leuchtend gr\u00fcnen Bl\u00e4tter bekommen. Gr\u00fcn, das ist f\u00fcr mich die Farbe des Lebens, das momentan wieder \u00fcberall aufwacht.<br>Wir k\u00f6nnen \u00fcberhaupt jetzt \u00f6fter raus, weil es w\u00e4rmer ist. Die sinkenden Inzidenzzahlen machen mir Hoffnung, dass es auch in dieser Hinsicht besser wird. Achja: Hoffnung! Man sagt ja, das gr\u00fcn die Farbe der Hoffnung ist.<\/p>\n\n\n\n<p>In der Bibel wird erz\u00e4hlt, dass Gott diese Welt geschaffen hat: Als einen riesigen Garten, in dem alles seinen Platz hat. Ein Garten, in dem wir alles finden, was wir zum Leben brauchen.<br>Ja, Gr\u00fcn, das ist f\u00fcr mich eine Farbe, die wunderbar zu Gottes Himmel passt. Die Farbe des Lebens und der Hoffnung.<\/p>\n\n\n\n<p>Oder wie w\u00e4re es mit <strong>Rot<\/strong>? Wer hat eine rote Murmel?<br>Ja, die Farbe der Liebe! Rosen sind rot, genauso wie der romantische Sonnenuntergang oder die Lippen, mit denen wir k\u00fcssen. Rot ist ja auch die Farbe der W\u00e4rme und des Feuers.<\/p>\n\n\n\n<p>An so vielen Stellen steht es in der Bibel: \u201eGott ist die Liebe\u201c. Er liebt uns Menschen. Jesus hat immer wieder gesagt, wie wichtig es ist, dass wir auch den Anderen lieben. Denn die Liebe macht die Welt w\u00e4rmer, freundlicher, lebenswerter. \u201eLiebe deinen N\u00e4chsten, wie dich selbst.\u201c hat er gesagt! Und er hat auch den Rat gegeben: Liebe auch deinen Feind! Denjenigen, der dich immer wieder \u00e4rgert und den du auch nicht wirklich leiden kannst.<br>Da denke ich: Jesus, du hast leicht reden, so als Gottessohn. Ich als normaler Mensch bin da v\u00f6llig \u00fcberfordert. Wenn du w\u00fc\u00dftest, was da alles f\u00fcr Idioten drau\u00dfen rumrennen.<br>Und da sagt Jesus: \u201eEin erster Schritt w\u00e4re schon, wenn du die anderen nicht mehr Idioten nennen w\u00fcrdest. Denn die haben alle auch einen richtigen Namen. Schau nicht immer auf die Menschen, die immer nur streiten, schimpfen und hetzen. Schau auf das, was du an Liebe dieser Welt geben kannst.\u201c<br>Dann wirst du entdecken, wie viel Liebe ich dir in dein Herz gepflanzt habe. Dann wirst du sehen, wie rot dein Himmel wird.<\/p>\n\n\n\n<p>Und was ist mit <strong>Grau<\/strong>?<br>Manchmal ist der si<strong>c<\/strong>htbare Himmel total grau. Wolkenverhangen und recht trostlos. Obwohl grau ja eigentlich gar keine echte Farbe ist. Das kenne ich auch, wenn ich \u00fcber Gott nachdenke. Da ist manchmal auch alles grau. Kein Durchblick! Ich verstehe nicht, warum etwas Schlimmes passiert ist. Weshalb Gott einem Menschen nicht bei einer schweren Krankheit oder seinen Problemen hilft.<\/p>\n\n\n\n<p>Das ist manchmal wirklich zum verzweifeln \u2013 wenn da so eine komische dicke Wolkendecke zwischen mir und Gott ist, und ich komme da einfach nicht durch. Das sind dann so echte Durststrecken f\u00fcr mich. Weil da dann auch in mir selber keine sch\u00f6ne Farbe mehr entstehen kann. Kein Gr\u00fcn der Hoffnung, kein Rot der Liebe. Da muss man manchmal sich einfach durchk\u00e4mpfen. Durchhalten, bis der Himmel wieder aufrei\u00dft, und sich neue Farben zeigen.<\/p>\n\n\n\n<p>Da gibt\u2019s ja auch <strong>Lila<\/strong>!<br>Das ist ja die Farbe der Gelassenheit und Ruhe. Der Besinnung und der Nachdenklichkeit. Das ist ja wirklich gut, wenn man mit so einer Himmelsfarbe beschenkt ist. Wo Andere schon wieder hektisch werden und Panik schieben: Du sagst: Immer mit der Ruhe, das wird schon. Hab Vertrauen, dass nicht gleich alles zusammenf\u00e4llt.<\/p>\n\n\n\n<p>Oder das helle <strong>Blau<\/strong>!<br>Das bringt die ganze Weite des Himmels mit. Offenheit. Bereitsein, etwas Neues auszuprobieren. Manchem Stubenhocker w\u00fcrde ich w\u00fcnsche, dass er oder sie sich wieder mal \u00f6fter hinaus traut. Ein bissche mehr \u201eblau\u201c im Leben.<\/p>\n\n\n\n<p>Ach: <strong>Gelb <\/strong>haben wir ja auch.<br>Da f\u00e4llt mir gleich die Sonne ein. &nbsp;Wo es gelb in mir leuchtet, da ist die Fr\u00f6hlichkeit daheim, der Optimimus und die Zuversicht. Ich w\u00fcnsche mir ganz viel Gelb. Allein schon, wenn in der Schule eine Wand gelb gestrichen ist, ver\u00e4ndert das die ganze Atmosph\u00e4re im Raum.<\/p>\n\n\n\n<p>SO, jetzt haben wir rot, gr\u00fcn, gelb, blau, lila, \u2026 ich glaube, wir hatten auch <strong>orange<\/strong>-farbige Murmeln. Orange, dass ist ja die Mischung aus gelb und rot. Also Fr\u00f6hlichkeit und Liebe zusammengemixt. Da haben wir es ja wieder: Unser Leben ist voller verschieder Farben und Farbmischungen.<\/p>\n\n\n\n<p>Ich glaube, wir alle haben ein gro\u00dfes Sortiment an Farben in uns selber. Ich habe von allem so einen Anteil in mir drin. Und ich erlebe oft, dass diese Farbe in mir selber aktiv wird, wenn sie auch au\u00dfen vorkommt.<\/p>\n\n\n\n<p>Wenn um mich herum Menschen liebevoll miteinander umgehen \u2026 wenn ich das sehe \u2026 dann w\u00e4chst im mir auch der Wille, das auch genauso zu tun. Darum ist es so wichtig, dass wir als Gemeinde unter uns diese guten Farb-Stimmungen auch sichtbar werden lassen!<\/p>\n\n\n\n<p>Wenn alle Tr\u00fcbsal blasen, dann zieht es mich runter. Wenn aber Menschen sich gegenseitig aufmuntern und sich Hoffnung machen, dann ist mein \u201egr\u00fcnes\u201c Herz auch gleich mit dabei.<\/p>\n\n\n\n<p>Und vielleicht hat der eine oder andere jetzt auch entdeckt, was seine Grundfarbe ist. Welche Farbe ihm besonders ins Herz gelegt ist. Wenn man das erkennt, das ist das ganz gut. Dann versteht man sich manchmal ein bisschen besser. Und man entdeckt vielleicht auch, welchen Schatz man da f\u00fcr sich selbst und auch f\u00fcr die anderen Menschen in sich tr\u00e4gt.<\/p>\n\n\n\n<p>AMEN<\/p>\n\n\n\n\n\n<p><strong><em>\u00dcberleitung zu &#8222;True Colours&#8220;<\/em><\/strong><\/p>\n\n\n\n<p>Im Lied, das Gabriela gleich f\u00fcr uns singt, geht\u2019s auch um Farben. Genauer gesagt um einen Menschen, der gerade recht niedergeschlagen und gefrustet ist. Einer, dem all alles gerade nur grau erscheint. <br>Aber dann hei\u00dft es im Refrain: Ich sehe deinen wahren Farben, die aus dir heraus schimmern. Ich sehe deine wahren Farben, und darum liebe ich dich. Hab keine Angst deine Farben zu zeigen \u2013 sie sind sch\u00f6n, wie ein Regenbogen.<\/p>\n\n\n\n<p class=\"has-text-align-center has-cyan-bluish-gray-background-color has-background\">Hinweis: Die oben angezeigten Produktlinks zu Amazon erm\u00f6glichen die Finanzierung des Angebots von Pastors-home. Als Amazon-Partner verdiene ich an qualifizierten Verk\u00e4ufen.<\/p>\n","protected":false},"excerpt":{"rendered":"<p>Wir bewundern in diesem Gottesdienst die verschiedenen Farben in der Sch\u00f6pfung und entdecken, wie viele verschiedene Farben auch in unserer Seele schimmern. <a class=\"continue-reading-link\" href=\"https:\/\/www.pastors-home.de\/?p=4706\">ich will weiterlesen<\/a><\/p>\n","protected":false},"author":1,"featured_media":4707,"comment_status":"open","ping_status":"open","sticky":false,"template":"","format":"standard","meta":{"jetpack_post_was_ever_published":false,"_jetpack_newsletter_access":"","_jetpack_dont_email_post_to_subs":false,"_jetpack_newsletter_tier_id":0,"_jetpack_memberships_contains_paywalled_content":false,"_jetpack_memberships_contains_paid_content":false,"footnotes":"","jetpack_publicize_message":"","jetpack_publicize_feature_enabled":true,"jetpack_social_post_already_shared":true,"jetpack_social_options":{"image_generator_settings":{"template":"highway","default_image_id":0,"font":"","enabled":false},"version":2}},"categories":[875,363],"tags":[889,890,578],"class_list":["post-4706","post","type-post","status-publish","format-standard","has-post-thumbnail","hentry","category-predigten-2021","category-symbolpredigt","tag-familiengottesdienst","tag-farbe","tag-himmelfahrt"],"jetpack_publicize_connections":[],"jetpack_featured_media_url":"https:\/\/i0.wp.com\/www.pastors-home.de\/wp-content\/uploads\/2021\/05\/welche-farben.png?fit=1640%2C924&ssl=1","jetpack_sharing_enabled":true,"jetpack_shortlink":"https:\/\/wp.me\/p4BNB2-1dU","jetpack_likes_enabled":true,"_links":{"self":[{"href":"https:\/\/www.pastors-home.de\/index.php?rest_route=\/wp\/v2\/posts\/4706","targetHints":{"allow":["GET"]}}],"collection":[{"href":"https:\/\/www.pastors-home.de\/index.php?rest_route=\/wp\/v2\/posts"}],"about":[{"href":"https:\/\/www.pastors-home.de\/index.php?rest_route=\/wp\/v2\/types\/post"}],"author":[{"embeddable":true,"href":"https:\/\/www.pastors-home.de\/index.php?rest_route=\/wp\/v2\/users\/1"}],"replies":[{"embeddable":true,"href":"https:\/\/www.pastors-home.de\/index.php?rest_route=%2Fwp%2Fv2%2Fcomments&post=4706"}],"version-history":[{"count":6,"href":"https:\/\/www.pastors-home.de\/index.php?rest_route=\/wp\/v2\/posts\/4706\/revisions"}],"predecessor-version":[{"id":5631,"href":"https:\/\/www.pastors-home.de\/index.php?rest_route=\/wp\/v2\/posts\/4706\/revisions\/5631"}],"wp:featuredmedia":[{"embeddable":true,"href":"https:\/\/www.pastors-home.de\/index.php?rest_route=\/wp\/v2\/media\/4707"}],"wp:attachment":[{"href":"https:\/\/www.pastors-home.de\/index.php?rest_route=%2Fwp%2Fv2%2Fmedia&parent=4706"}],"wp:term":[{"taxonomy":"category","embeddable":true,"href":"https:\/\/www.pastors-home.de\/index.php?rest_route=%2Fwp%2Fv2%2Fcategories&post=4706"},{"taxonomy":"post_tag","embeddable":true,"href":"https:\/\/www.pastors-home.de\/index.php?rest_route=%2Fwp%2Fv2%2Ftags&post=4706"}],"curies":[{"name":"wp","href":"https:\/\/api.w.org\/{rel}","templated":true}]}}