{"id":4694,"date":"2021-04-03T20:15:06","date_gmt":"2021-04-03T18:15:06","guid":{"rendered":"https:\/\/www.pastors-home.de\/?p=4694"},"modified":"2021-10-11T12:01:42","modified_gmt":"2021-10-11T10:01:42","slug":"predigt-das-oster-lamm-ist-alles-aber-nicht-suess-offenbarung-5-6-14-ostermontag-2021","status":"publish","type":"post","link":"https:\/\/www.pastors-home.de\/?p=4694","title":{"rendered":"Predigt: Das Oster-Lamm ist alles, aber nicht s\u00fc\u00df! (Offenbarung 5, 6-14) Ostermontag 2021"},"content":{"rendered":"\n<div class=\"wp-block-media-text alignwide is-stacked-on-mobile is-image-fill has-background\" style=\"background-color:#d1edff\"><figure class=\"wp-block-media-text__media\" style=\"background-image:url(https:\/\/www.pastors-home.de\/wp-content\/uploads\/2021\/04\/jesus-4336337_1920-1024x578.jpg);background-position:50% 50%\"><img data-recalc-dims=\"1\" loading=\"lazy\" decoding=\"async\" width=\"880\" height=\"497\" data-attachment-id=\"4695\" data-permalink=\"https:\/\/www.pastors-home.de\/?attachment_id=4695\" data-orig-file=\"https:\/\/i0.wp.com\/www.pastors-home.de\/wp-content\/uploads\/2021\/04\/jesus-4336337_1920.jpg?fit=1920%2C1084&amp;ssl=1\" data-orig-size=\"1920,1084\" data-comments-opened=\"1\" data-image-meta=\"{&quot;aperture&quot;:&quot;0&quot;,&quot;credit&quot;:&quot;&quot;,&quot;camera&quot;:&quot;&quot;,&quot;caption&quot;:&quot;&quot;,&quot;created_timestamp&quot;:&quot;0&quot;,&quot;copyright&quot;:&quot;&quot;,&quot;focal_length&quot;:&quot;0&quot;,&quot;iso&quot;:&quot;0&quot;,&quot;shutter_speed&quot;:&quot;0&quot;,&quot;title&quot;:&quot;&quot;,&quot;orientation&quot;:&quot;0&quot;}\" data-image-title=\"jesus-4336337_1920\" data-image-description=\"\" data-image-caption=\"\" data-large-file=\"https:\/\/i0.wp.com\/www.pastors-home.de\/wp-content\/uploads\/2021\/04\/jesus-4336337_1920.jpg?fit=880%2C497&amp;ssl=1\" src=\"https:\/\/i0.wp.com\/www.pastors-home.de\/wp-content\/uploads\/2021\/04\/jesus-4336337_1920.jpg?resize=880%2C497&#038;ssl=1\" alt=\"\" class=\"wp-image-4695 size-full\" srcset=\"https:\/\/i0.wp.com\/www.pastors-home.de\/wp-content\/uploads\/2021\/04\/jesus-4336337_1920.jpg?resize=1024%2C578&amp;ssl=1 1024w, https:\/\/i0.wp.com\/www.pastors-home.de\/wp-content\/uploads\/2021\/04\/jesus-4336337_1920.jpg?resize=300%2C169&amp;ssl=1 300w, https:\/\/i0.wp.com\/www.pastors-home.de\/wp-content\/uploads\/2021\/04\/jesus-4336337_1920.jpg?resize=768%2C434&amp;ssl=1 768w, https:\/\/i0.wp.com\/www.pastors-home.de\/wp-content\/uploads\/2021\/04\/jesus-4336337_1920.jpg?resize=1536%2C867&amp;ssl=1 1536w, https:\/\/i0.wp.com\/www.pastors-home.de\/wp-content\/uploads\/2021\/04\/jesus-4336337_1920.jpg?resize=400%2C226&amp;ssl=1 400w, https:\/\/i0.wp.com\/www.pastors-home.de\/wp-content\/uploads\/2021\/04\/jesus-4336337_1920.jpg?resize=150%2C85&amp;ssl=1 150w, https:\/\/i0.wp.com\/www.pastors-home.de\/wp-content\/uploads\/2021\/04\/jesus-4336337_1920.jpg?w=1920&amp;ssl=1 1920w, https:\/\/i0.wp.com\/www.pastors-home.de\/wp-content\/uploads\/2021\/04\/jesus-4336337_1920.jpg?w=1760&amp;ssl=1 1760w\" sizes=\"auto, (max-width: 880px) 100vw, 880px\" \/><\/figure><div class=\"wp-block-media-text__content\">\n<p class=\"has-large-font-size\">Das Osterlamm<\/p>\n\n\n\n<p>Offb 5 wischt alle kuschelige Osterlamm-Symbolik vom Tisch. Die Predigt versucht der Mittelweg vom Osterlamm \u00fcber das Passah-Lamm zum m\u00e4chtigen Lamm im Thronsaaal der Johannes-Vision. <\/p>\n<\/div><\/div>\n\n\n\n<p>Liebe Gemeinde,<\/p>\n\n\n\n<p>an Ostern haben wir es vor allem mit Eiern und Hasen zu tun. Symbole, bei denen es nicht so ganz einfach ist, einen Bezug zum eigentlichen Ostern herzustellen, zur Auferstehung Jesu.<\/p>\n\n\n\n<p>Aber wir haben ja noch das Osterlamm! Das wird sowohl aus Teig gebacken, als auch als Braten genossen. Das ist nicht ganz so prominent, wie Hase und Ei, aber immerhin ist den meisten Menschen klar: Das hat etwas mit Ostern zu tun!<\/p>\n\n\n\n<p>Genau genommen ist das Lamm eigentlich das einzige authentische und auch das \u00e4lteste Ostersymbol. Es ist mit Jesus Christus verbunden wie kein anderes Symbol.<\/p>\n\n\n\n<p>Das f\u00e4ngt schon ganz fr\u00fch an. Im Johannesevangelium sagt der T\u00e4ufer Johannes bereits kurz nach Jesu Taufe: <em>Der da, dieser Jesus, das ist Gottes Lamm!<\/em> Gemeinisvolle Worte. Immerhin, die beiden M\u00e4nnern, denen er das sagte, haben spontan beschlossen, Jesus nachzufolgen und wurden seine J\u00fcnger.<\/p>\n\n\n\n<p>Ob sie damals verstanden haben, was Johannes damit meinte? \u201cGottes Lamm\u201d \u2026 gut, sie kannten die Geschichte des eigenen Volkes: Der Auszug aus \u00c4gypten unter Mose. Da wurden ja in der Nacht des Befreiung L\u00e4mmer geschlachtet und deren Blut an die T\u00fcrpfosten gestrichen. Wo das Blut war, das haben die Erstgeborenen S\u00f6hne \u00fcberlebt \u2013 die S\u00f6hne der \u00c4gypter nicht. So zog das Volk Israel in die Freiheit, am Sinai vorbei ins gelobte Land. Seitdem feierte man j\u00e4hrlich die Erinnerung an den Auszug mit dem Passah-Fest. Dabei wurde in der Familie ein Lamm geschlachtet und gegessen. Das Passah-Lamm, das an die Befreiung aus der Unterdr\u00fcckung in \u00c4gypten erinnerte.<\/p>\n\n\n\n<p>Ich wei\u00df nicht, ob diese beiden J\u00fcnger \u00f6fter \u00fcber diese Worte des Johannes \u201cdieser Jesus, das ist Gottes Lamm\u201d nachgedacht haben. Aber als sie mit den andern J\u00fcngern zu diesen einen Mahl am Abend zusammensa\u00dfen, das Passah feiern wollten, und Jesus pl\u00f6tzlich von seinem eigenen Tod geprochen hat \u2026 ob ihnen da der Bezug zum Passahlamm eingefallen ist?<\/p>\n\n\n\n<!--more-->\n\n\n\n<p>Wenn wir miteinander das Heilige Abendmahl \u2013 also genau das Mahl dieses Abends &#8211;&nbsp; feiern, dann singen wir traditionell \u201cChriste du Lamm Gottes, der du tr\u00e4gst die S\u00fcnd der Welt\u201d. Ganz selbstverst\u00e4ndlich sprechen wir da vom Lamm Gottes. Das Lamm, das gestorben ist, um uns die Freiheit zu schenken.<\/p>\n\n\n\n\n\n\n\n<p>Liebe Gemeinde,<\/p>\n\n\n\n<p>ein gro\u00dfer historischer Bogen. Und da merke ich, dass es beim \u201cLamm Gottes\u201d eigentlich um etwas wirklich Gro\u00dfes geht. Dass unser s\u00fc\u00dfes, putziges gebackenes Osterl\u00e4mmchen da irgendwie nicht so richtig zur gro\u00dfen Bedeutung von Jesus als Lamm Gottes passt, daf\u00fcr ist es zu handlich, zu blass \u2026<\/p>\n\n\n\n<p>Ganz deutlich wird der Kontrast, wenn ich unseren Predigttext f\u00fcr heute ansehe. Es ist ein Abschnitt aus der Johannes-Offenbarung. Ein Buch, \u00fcber das selten gepredigt, wird, weil es voller Symbole, Bilder, Anspielungen ist, mit denen wir uns beim Verstehen schwer tun.<\/p>\n\n\n\n<p>In den Zeilen, die ich Ihnen vorlese beschreibt Johannes was er sieht, als er einen Blick in die unsichtbare Welt Gottes, in seinen Thronsaal werfen darf. Was er wirklich gesehen oder wahrgenommen hat, wissen wir nicht. Aber in dem, was er schreibt, versucht er in Worte zu fassen, was sich hinter den Kulissen der Welt abspielt. Tauche wir einmal ein in diese Szene: Wo Johannes einen riesigen himmlischen Thronsaal erlebt. In der Mitte der Thron Gottes, und um ihn herum viele bedeutende menschliche Pers\u00f6nlichkeiten, sie werden hier \u00c4lteste genannt. Und vier tier\u00e4hnliche Wesen.<\/p>\n\n\n\n<p><em>Und ich sah mitten zwischen dem Thron und den vier Wesen und mitten unter den \u00c4ltesten ein Lamm stehen, wie geschlachtet; es hatte sieben H\u00f6rner und sieben Augen, das sind die sieben Geister Gottes, gesandt in alle Lande. 7 Und es kam und nahm das Buch aus der rechten Hand dessen, der auf dem Thron sa\u00df. 8 Und als es das Buch nahm, da fielen die vier Wesen und die vierundzwanzig \u00c4ltesten nieder vor dem Lamm, und ein jeder hatte eine Harfe und goldene Schalen voll R\u00e4ucherwerk, das sind die Gebete der Heiligen, 9 und sie sangen ein neues Lied: Du bist w\u00fcrdig, zu nehmen das Buch und aufzutun seine Siegel; denn du bist geschlachtet und hast mit deinem Blut Menschen f\u00fcr Gott erkauft aus allen St\u00e4mmen und Sprachen und V\u00f6lkern und Nationen 10 und hast sie unserm Gott zu einem K\u00f6nigreich und zu Priestern gemacht, und sie werden herrschen auf Erden. 11 Und ich sah, und ich h\u00f6rte eine Stimme vieler Engel um den Thron und um die Wesen und um die \u00c4ltesten her, und ihre Zahl war zehntausendmal zehntausend und vieltausendmal tausend; 12 die sprachen mit gro\u00dfer Stimme: Das Lamm, das geschlachtet ist, ist w\u00fcrdig, zu nehmen Kraft und Reichtum und Weisheit und St\u00e4rke und Ehre und Preis und Lob. 13 Und jedes Gesch\u00f6pf, das im Himmel ist und auf Erden und unter der Erde und auf dem Meer und alles, was darin ist, h\u00f6rte ich sagen: Dem, der auf dem Thron sitzt, und dem Lamm sei Lob und Ehre und Preis und Gewalt von Ewigkeit zu Ewigkeit! 14 Und die vier Wesen sprachen: Amen! Und die \u00c4ltesten fielen nieder und beteten an<\/em>.<\/p>\n\n\n\n<p>Liebe Gemeinde, das Lamm steht offenbar im Mittelpunkt. Jesus als derjenige der hinter den Kulissen der Weltgeschichte eine Schl\u00fcsselrolle einnimmt. Mit seinem Tod hat er etwas getan, was kein anderer vermochte. Und dort sehen alle zu ihm auf, als den, der die Geschicke der Menschheit damals in neue Bahnen gelenkt hat: \u201cDu <em>hast mit deinem Blut Menschen f\u00fcr Gott erkauft aus allen St\u00e4mmen und Sprachen und V\u00f6lkern und Nationen\u201d<\/em>.<\/p>\n\n\n\n<p>Freigekauft, Befreit.<\/p>\n\n\n\n<p>Da ist die N\u00e4he zum Passahlamm wieder gut sp\u00fcrbar: Befreiung ist das Thema!<\/p>\n\n\n\n<p>Befreiung von all dem, was mein Leben belastet und bedr\u00fcckt.<\/p>\n\n\n\n<p>Nat\u00fcrlich wird nicht alles im Leben deshalb glatt gehen. Aber es gibt neue Regeln, eine neue Perspektive.<\/p>\n\n\n\n<p>Vielelicht hilft uns da der Blick auf den Auszug aus \u00c4gypten. Das Volk Israel verlie\u00df das Land derer, die sie unterdr\u00fcckt und ausgebeutet haben. Sie sind in die Freiheit gezogen, mit Gott an ihrer Seite. Im Gep\u00e4ck die Hoffnung auf das Land der Verhei\u00dfung, die Gebote Gottes kamen am Sinai dazu.<\/p>\n\n\n\n<p>Aber der Weg war dennoch m\u00fchsam. Es war ein langer Weg durch die W\u00fcste. Es gab Durststrecken. Oft wurde gemeutert: \u201cMose, wo ist denn diese neue Freiheit? Wir haben Hunger. In \u00c4gypten, da gab es die gro\u00dfen Fleischt\u00f6pfe. Was soll den das hier mit Gott f\u00fcr eine Perspektive sein?\u201d Es ist doch nichts wirklich besser geworden.<\/p>\n\n\n\n<p>Und doch hat sich die Erkenntnis durchgesetzt, dass es der richtige Weg ist. Und Am Ende kam man gl\u00fccklich im Land Kanaan an.<\/p>\n\n\n\n<p>Mein Leben als Christ, der auf Jesus vertraut, f\u00fchrt auch durch W\u00fcsten. Da gibt es Angst und Verzweiflung. Ich erlebe eigenes Versagen und dass ich Anderen gegen\u00fcber Schuld auf mich lade. Und ich wei\u00df auch, dass ich dem Tod nicht aus dem Weg gehen kann.<\/p>\n\n\n\n<p>Und doch wei\u00df ich, dass ich auf dem richtigen Weg bin. Weil ich frei bin. Weil das, was mein Leben belastet nicht die Oberhand haben wird. Das Lamm, das gestorben ist und wieder auferstanden, das hat die Regeln ge\u00e4ndert.<\/p>\n\n\n\n<p>Wo ich an meinem Versagen verzweifeln k\u00f6nnte, sagt es mit zu, dass mir vergeben ist.<\/p>\n\n\n\n<p>Wenn ich kraftlos bin, und am liebsten keinen Schritt mehr tun m\u00f6chte, sagt es: ich bin bei dir und lasse dich nicht allein.<\/p>\n\n\n\n<p>Wenn ich dem Tod ins Auge blicke, h\u00f6re ich das Lamm, das die Osterfahne tr\u00e4gt: Ich habe den Tod \u00fcberwunden und bin auferstanden. Ich war der erste, der diese Grenze \u00fcberschritten hat, und ihr werdet mir auf diesem Weg nachfolgen.<\/p>\n\n\n\n<p>Liebe Gemeinde,<\/p>\n\n\n\n<p>Sie merken: Das alles ist ganz sch\u00f6n weit weg, vom s\u00fc\u00dfen putzigen Osterl\u00e4mmchen. &nbsp;<\/p>\n\n\n\n<p>Das Lamm ist eine m\u00e4chtige Figur \u2013 aber eben \u201cwie geschlachtet\u201d, so beschreibt es Johannes.<\/p>\n\n\n\n<p>Das ist mal wieder typisch f\u00fcr biblisches Denken. Die gr\u00f6\u00dfte Kraft, die \u00fcberw\u00e4ltigendste Macht, das gr\u00f6\u00dfe Potential f\u00fcr Ver\u00e4nderung finden wir nicht da, wo alles beeindruckend, gro\u00df und pr\u00e4chtig ist. Die ist dann doch zuallermeist da versteckt, im Kleinen, Schwachen und Unscheinbaren.<\/p>\n\n\n\n<p>Das hat er ja schon damals in der Krippe in Bethlehem&nbsp; mit diesem kleinen Menschenkind unter Beweis gestellt. <\/p>\n\n\n\n<p>Amen<br><\/p>\n","protected":false},"excerpt":{"rendered":"<p>Offb 5 wischt alle kuschelige Osterlamm-Symbolik vom Tisch. Die Predigt versucht der Mittelweg vom Osterlamm \u00fcber das Passah-Lamm zum m\u00e4chtigen Lamm im Thronsaaal der Johannes-Vision.  <a class=\"continue-reading-link\" href=\"https:\/\/www.pastors-home.de\/?p=4694\">ich will weiterlesen<\/a><\/p>\n","protected":false},"author":1,"featured_media":4695,"comment_status":"open","ping_status":"open","sticky":false,"template":"","format":"standard","meta":{"jetpack_post_was_ever_published":false,"_jetpack_newsletter_access":"","_jetpack_dont_email_post_to_subs":false,"_jetpack_newsletter_tier_id":0,"_jetpack_memberships_contains_paywalled_content":false,"_jetpack_memberships_contains_paid_content":false,"footnotes":"","jetpack_publicize_message":"","jetpack_publicize_feature_enabled":true,"jetpack_social_post_already_shared":true,"jetpack_social_options":{"image_generator_settings":{"template":"highway","default_image_id":0,"font":"","enabled":false},"version":2}},"categories":[875,363],"tags":[887,586,348,886,46,483],"class_list":["post-4694","post","type-post","status-publish","format-standard","has-post-thumbnail","hentry","category-predigten-2021","category-symbolpredigt","tag-lamm","tag-offb","tag-offenbarung","tag-osterlamm","tag-ostern","tag-ostersonntag"],"jetpack_publicize_connections":[],"jetpack_featured_media_url":"https:\/\/i0.wp.com\/www.pastors-home.de\/wp-content\/uploads\/2021\/04\/jesus-4336337_1920.jpg?fit=1920%2C1084&ssl=1","jetpack_sharing_enabled":true,"jetpack_shortlink":"https:\/\/wp.me\/p4BNB2-1dI","jetpack_likes_enabled":true,"_links":{"self":[{"href":"https:\/\/www.pastors-home.de\/index.php?rest_route=\/wp\/v2\/posts\/4694","targetHints":{"allow":["GET"]}}],"collection":[{"href":"https:\/\/www.pastors-home.de\/index.php?rest_route=\/wp\/v2\/posts"}],"about":[{"href":"https:\/\/www.pastors-home.de\/index.php?rest_route=\/wp\/v2\/types\/post"}],"author":[{"embeddable":true,"href":"https:\/\/www.pastors-home.de\/index.php?rest_route=\/wp\/v2\/users\/1"}],"replies":[{"embeddable":true,"href":"https:\/\/www.pastors-home.de\/index.php?rest_route=%2Fwp%2Fv2%2Fcomments&post=4694"}],"version-history":[{"count":4,"href":"https:\/\/www.pastors-home.de\/index.php?rest_route=\/wp\/v2\/posts\/4694\/revisions"}],"predecessor-version":[{"id":4821,"href":"https:\/\/www.pastors-home.de\/index.php?rest_route=\/wp\/v2\/posts\/4694\/revisions\/4821"}],"wp:featuredmedia":[{"embeddable":true,"href":"https:\/\/www.pastors-home.de\/index.php?rest_route=\/wp\/v2\/media\/4695"}],"wp:attachment":[{"href":"https:\/\/www.pastors-home.de\/index.php?rest_route=%2Fwp%2Fv2%2Fmedia&parent=4694"}],"wp:term":[{"taxonomy":"category","embeddable":true,"href":"https:\/\/www.pastors-home.de\/index.php?rest_route=%2Fwp%2Fv2%2Fcategories&post=4694"},{"taxonomy":"post_tag","embeddable":true,"href":"https:\/\/www.pastors-home.de\/index.php?rest_route=%2Fwp%2Fv2%2Ftags&post=4694"}],"curies":[{"name":"wp","href":"https:\/\/api.w.org\/{rel}","templated":true}]}}