{"id":4510,"date":"2021-01-15T18:20:00","date_gmt":"2021-01-15T17:20:00","guid":{"rendered":"https:\/\/www.pastors-home.de\/?p=4510"},"modified":"2021-10-11T12:01:43","modified_gmt":"2021-10-11T10:01:43","slug":"themenpredigt-die-schoepfung-perfekt-ist-sie-nie","status":"publish","type":"post","link":"https:\/\/www.pastors-home.de\/?p=4510","title":{"rendered":"Themenpredigt: Die Sch\u00f6pfung &#8211; Perfekt ist sie nie"},"content":{"rendered":"\n<p><\/p>\n\n\n\n<div class=\"wp-block-media-text alignwide is-stacked-on-mobile has-background\" style=\"background:linear-gradient(135deg,rgb(140,172,89) 0%,rgb(247,228,191) 100%);grid-template-columns:39% auto\"><figure class=\"wp-block-media-text__media\"><img data-recalc-dims=\"1\" loading=\"lazy\" decoding=\"async\" width=\"880\" height=\"622\" data-attachment-id=\"4511\" data-permalink=\"https:\/\/www.pastors-home.de\/?attachment_id=4511\" data-orig-file=\"https:\/\/i0.wp.com\/www.pastors-home.de\/wp-content\/uploads\/2021\/01\/Reihe-SchoepfungB-Teaser-Homepage-scaled.jpg?fit=2560%2C1810&amp;ssl=1\" data-orig-size=\"2560,1810\" data-comments-opened=\"1\" data-image-meta=\"{&quot;aperture&quot;:&quot;0&quot;,&quot;credit&quot;:&quot;&quot;,&quot;camera&quot;:&quot;&quot;,&quot;caption&quot;:&quot;&quot;,&quot;created_timestamp&quot;:&quot;0&quot;,&quot;copyright&quot;:&quot;&quot;,&quot;focal_length&quot;:&quot;0&quot;,&quot;iso&quot;:&quot;0&quot;,&quot;shutter_speed&quot;:&quot;0&quot;,&quot;title&quot;:&quot;&quot;,&quot;orientation&quot;:&quot;0&quot;}\" data-image-title=\"Reihe-SchoepfungB-Teaser-Homepage\" data-image-description=\"\" data-image-caption=\"\" data-large-file=\"https:\/\/i0.wp.com\/www.pastors-home.de\/wp-content\/uploads\/2021\/01\/Reihe-SchoepfungB-Teaser-Homepage-scaled.jpg?fit=880%2C622&amp;ssl=1\" src=\"https:\/\/i0.wp.com\/www.pastors-home.de\/wp-content\/uploads\/2021\/01\/Reihe-SchoepfungB-Teaser-Homepage.jpg?resize=880%2C622&#038;ssl=1\" alt=\"\" class=\"wp-image-4511 size-full\" srcset=\"https:\/\/i0.wp.com\/www.pastors-home.de\/wp-content\/uploads\/2021\/01\/Reihe-SchoepfungB-Teaser-Homepage-scaled.jpg?resize=1024%2C724&amp;ssl=1 1024w, https:\/\/i0.wp.com\/www.pastors-home.de\/wp-content\/uploads\/2021\/01\/Reihe-SchoepfungB-Teaser-Homepage-scaled.jpg?resize=300%2C212&amp;ssl=1 300w, https:\/\/i0.wp.com\/www.pastors-home.de\/wp-content\/uploads\/2021\/01\/Reihe-SchoepfungB-Teaser-Homepage-scaled.jpg?resize=768%2C543&amp;ssl=1 768w, https:\/\/i0.wp.com\/www.pastors-home.de\/wp-content\/uploads\/2021\/01\/Reihe-SchoepfungB-Teaser-Homepage-scaled.jpg?resize=1536%2C1086&amp;ssl=1 1536w, https:\/\/i0.wp.com\/www.pastors-home.de\/wp-content\/uploads\/2021\/01\/Reihe-SchoepfungB-Teaser-Homepage-scaled.jpg?resize=2048%2C1448&amp;ssl=1 2048w, https:\/\/i0.wp.com\/www.pastors-home.de\/wp-content\/uploads\/2021\/01\/Reihe-SchoepfungB-Teaser-Homepage-scaled.jpg?resize=400%2C283&amp;ssl=1 400w, https:\/\/i0.wp.com\/www.pastors-home.de\/wp-content\/uploads\/2021\/01\/Reihe-SchoepfungB-Teaser-Homepage-scaled.jpg?resize=150%2C106&amp;ssl=1 150w, https:\/\/i0.wp.com\/www.pastors-home.de\/wp-content\/uploads\/2021\/01\/Reihe-SchoepfungB-Teaser-Homepage-scaled.jpg?w=1760&amp;ssl=1 1760w\" sizes=\"auto, (max-width: 880px) 100vw, 880px\" \/><\/figure><div class=\"wp-block-media-text__content\">\n<p class=\"has-medium-font-size\">Predigtreihe Sch\u00f6pfung<\/p>\n\n\n\n<p>Mit meinen NachbarskollegInnen zusammen haben wir mal wieder eine Predigtreihe gestartet. Jeder betrachtet einen anderen Aspekt des Themas Sch\u00f6pfung. Bei mir gehts um die Frage der nicht ganz perfekten Sch\u00f6pfung.<\/p>\n<\/div><\/div>\n\n\n\n<p><em>Seht die V\u00f6gel unter dem Himmel an: Sie s\u00e4en nicht, sie ernten nicht, sie sammeln nicht in die Scheunen; und euer himmlischer Vater ern\u00e4hrt sie doch. Seid ihr denn nicht viel kostbarer als sie?(\u2026) Und warum sorgt ihr euch um die Kleidung? Schaut die Lilien auf dem Feld an, wie sie wachsen: Sie arbeiten nicht, auch spinnen sie nicht. Ich sage euch, dass auch Salomo in aller seiner Herrlichkeit nicht gekleidet gewesen ist wie eine von ihnen. (Mt 6, 26-29)<\/em><\/p>\n\n\n\n<p>Liebe Gemeinde, so h\u00f6rt es sich an, wenn Jesus seinen Zuh\u00f6rern von der Vollkommenheit unserer Sch\u00f6pfung predigt. Da kommt man glatt ins Schw\u00e4rmen.<br>Wie oft beneide ich die scheinbare Leichtigkeit des Lebens der V\u00f6gel. Sie machen sich nicht wegen jeder Kleinigkeit verr\u00fcckt. Sie leben einfach in den Tag hinein, und scheinbar fehlt es ihnen an nichts.<\/p>\n\n\n\n<!--more-->\n\n\n\n<p><strong><em>Herrlichkeiten<\/em><\/strong><\/p>\n\n\n\n<p>Wie gerne denke ich zur\u00fcck, wie beeindruckend es ist, in den Bergen zu wandern. Unten im Tal k\u00f6nnte ich stundenlang das gewaltige Panorama bewundern, das sich da vor mir auftut. Und oben auf einem Gipfel, genie\u00dfe ich den weiten Blick. So weit \u00fcber allem f\u00e4llt einfach mal f\u00fcr ein paar Minuten manche allt\u00e4gliche Sorge von mir ab. \u00dcber allem schweben, und sp\u00fcren, was wirklich gro\u00df \u2013 und was eigentlich klein und gar nicht so bedeutsam ist.<\/p>\n\n\n\n<p>Ja, da verstehe ich, weshalb in der Bibel die Sch\u00f6pfung so oft gelobt wird. Sie ist so voller Leben, erscheint so positiv und von Hoffnung erf\u00fcllt. Jedes kleine Tierkind &#8211; vom Rehkitz bis zum Ferkel &#8211; r\u00fchrt uns an. Hat eine Botschaft: Das Leben siegt. Jeder warmrote Sonnenaufgang ruft mir entgegen: \u201cLos gehts, ein neuer Tag beginnt.\u201d<\/p>\n\n\n\n<p>Aber ich kenne es auch anders: Die Sonne geht langsam auf, w\u00e4hrend ich im Auto sitze und grade schon auf dem Weg zum ersten Termin des Tages bin. Und ich wei\u00df schon jetzt, was alles noch auf dem Programm steht. Ein schwieriges Gespr\u00e4ch, vor dem mir graut. Sp\u00e4ter eine Sitzung und die Vorbereitung f\u00fcr den Schuluntericht im Lockdown \u2026. Was hilft mir der sch\u00f6nste Sonnenaufgang, wenn ich schon ahne: Das wird heute nicht mein Tag \u2013 ich k\u00e4mpfe mich durch, aber mehr ist heute nicht zu erwarten. Und von der Leichtigkeit des Vogels ist nichts zu sp\u00fcren.<\/p>\n\n\n\n<p><strong><em>Abgr\u00fcnde<\/em><\/strong><\/p>\n\n\n\n<p>Ja, und vielleicht hat der Vogel heute auch keinen guten Tag. Es k\u00f6nnte sein, dass ihn diesmal die Katze am Futterh\u00e4uschen erwischt. Auch das geh\u00f6rt zu unserer Sch\u00f6pfung! Der L\u00f6we rei\u00dft das junge Reh. Der Eisb\u00e4r frisst sein Junges. Ein Virus bringt Abertausenden den Tod.<\/p>\n\n\n\n<p>Auch das ist Teil dieser Sch\u00f6pfung!<br>Kommen und abschiednehmen. Werden und vergehen.<br>Das geh\u00f6rt schon immer zu dieser Welt, in der wir leben.<\/p>\n\n\n\n<p>Wenn der Vogel den Wurm frisst, bring das mich nicht unbedingt aus der Fassung. Wenn die Katze eine Stunde lang mit der halbtoten Maus spielt, f\u00fchlt sich das schon anders an. Und wenn ich erlebe, dass ein Mensch den Kampf gegen eine heimt\u00fcckische Krankheit verlieren k\u00f6nnte, geht es mir an die Substanz.<\/p>\n\n\n\n<p>Ja \u2013 das geh\u00f6rt zum Leben auf diesem Planeten offensichtlich dazu \u2013 aber hat sich Gott das wirklich so gedacht? Wie passt das zusammen mit den Lob der wunderbaren Sch\u00f6pfung? Ein Lob, das wir ja nicht nur in der Bibel finden, sondern seit Jahrhunderten auch immer wieder in herrliche Kirchenliedern besingen?<\/p>\n\n\n\n<p>Liebe Gemeinde<\/p>\n\n\n\n<p>So sch\u00f6n diese Sch\u00f6pfung ist: Sie ist nicht perfekt \u2013 sie war es nie. Schon auf den ersten Seiten der Bibel ist von den Dornen und Disteln die Rede, die uns das Leben m\u00fchsam machen. Und auch vom Tod, der unser Leben stets bedroht.<\/p>\n\n\n\n<p>Sie ist voller Licht und Schatten, diese Sch\u00f6pfung.<br>Sie ist von Gott gemacht \u2013 und an allen Orten finden wir die Fingerabdr\u00fccke eines Gottes, der gro\u00df ist und Gro\u00dfes schafft, und zugleich mit ganz viel Liebe zum Detail am Werk ist. In ihr kann ich viel von Gott erkennen, davon bin ich \u00fcberzeugt.<\/p>\n\n\n\n<p>Diese Sch\u00f6pfung um uns herum, ist geschaffen von Gott, sie erm\u00f6glicht uns \u00fcberhaupt das Leben, aber sie ist nicht Gott. Darum muss ich auch nicht alles sch\u00f6nreden, was dort geschieht. Sie ist genauso wie ich als Mensch nicht perfekt. Und wir w\u00fcrden uns freuen, wenn irgendwann einmal manches anders laufen w\u00fcrde.<\/p>\n\n\n\n<p>Der Prophet Jesaja beschreibt das mit einem phantastischen Bild: <em>Kuh und B\u00e4rin werden zusammen weiden, ihre Jungen beieinanderliegen, und der L\u00f6we wird Stroh fressen wie das Rind. Und ein S\u00e4ugling wird spielen am Loch der Otter, und ein kleines Kind wird seine Hand ausstrecken zur H\u00f6hle der Natter. (Jesaja 11, 7-8). <\/em>Hoffung auf eine Welt ohne diese Schattenseiten, ohne die t\u00e4gliche Bedrohung unseres Lebens und unseres Gl\u00fccks.<\/p>\n\n\n\n<p>Und auch Paulus schreibt davon, dass unsere Sch\u00f6pfung unter ihrer eigenen Verg\u00e4nglichkeit \u00e4chzt. (R\u00f6mer 8, 22f). Ja, dieser Sch\u00f6pfung geht es unterm Strich auch nicht anders als mir selbst.<\/p>\n\n\n\n<p><strong><em>Vieles bleibt Geheimnis<\/em><\/strong><\/p>\n\n\n\n<p>Warum ist das so? W\u00e4re es nicht viel gerechter, viel besser, wenn das Leben auf unserem Planeten nicht voller solcher Abgr\u00fcnde und Ungerechtigkeiten w\u00e4re? H\u00e4tte das Gott nicht anders einf\u00e4deln k\u00f6nnen?<\/p>\n\n\n\n<p>Im Buch Hiob geht es in dieser Hinsicht wirklich zur Sache. Seitenlang wird dort \u2013 angesichts von Hiobs brutalem pers\u00f6nlichen Schicksalsschlag \u2013 hin- und her diskutiert. \u00dcber die Frage, ob es gerecht ist, wenn Gott diese Welt mit all diesen Problemen so zul\u00e4sst.<\/p>\n\n\n\n<p>Letztlich kommen alle schlauen \u00dcberlegungen zu ihrem Ende, als Gott selbst in die Diskussion eingreift und sich ausf\u00fchrlich zu Wort meldet. Er nimmt sich Hiob zur Brust: &nbsp;\u201c<em>Wo warst du, als ich die Erde gr\u00fcndete? Sage mir&#8217;s, wenn du so klug bist! Wei\u00dft du, wer ihr das Ma\u00df gesetzt hat oder wer \u00fcber sie die Messschnur gezogen hat? Worauf sind ihre Pfeiler eingesenkt, oder wer hat ihren Eckstein gelegt? (\u2026) Bist du zu den Quellen des Meeres gekommen und auf dem Grund der Tiefe gewandelt? (\u2026) Kannst du der L\u00f6win ihren Raub zu jagen geben und die jungen L\u00f6wen s\u00e4ttigen, wenn sie sich legen in ihren H\u00f6hlen und lauern in ihrem Versteck? &nbsp;Wer bereitet dem Raben die Speise, wenn seine Jungen zu Gott rufen und irrefliegen, weil sie nichts zu essen haben?(Hiob 38)<\/em><\/p>\n\n\n\n<p>Die Botschaft ist \u00fcberdeutlich: Mensch, du willst Gott erkl\u00e4ren, wie es richtig ist, und hast doch nicht einmal andeutungsweise eine Ahnung von der Komplexit\u00e4t dieser Welt.<br>Wie was zusammenh\u00e4ngt.<br>Wo bestimmte Dinge ihren Grund oder ihr Ziel haben \u2013 du bist nicht in der Lage, es zu erfassen. Alles ist viel viel vernetzter und komplizierter, als du es dir vorstellen vermagst. Du wirst damit leben m\u00fcssen, dass dir viele Dinge \u2013 manchmal auch dein eigenes Leben &#8211; ein R\u00e4tsel bleibt.<\/p>\n\n\n\n<p><strong><em>Meine Stellung im System<\/em><\/strong><\/p>\n\n\n\n<p>Liebe Gemeinde, seit Hiob sind bald zweieinhalb Jahrtausende vergangen. Und in dieser Zeit haben wir Menschen schon so manche dieser inneren Zusammenh\u00e4nge der Sch\u00f6pfung verstanden. Wie sehr alles ein System ist. Wie sehr alles mit allem zusammenh\u00e4ngt. Dass in so einem komplexen System alles eine Rolle spielt<\/p>\n\n\n\n<p>Der Mensch \u2013 unser Klima \u2013 die Gleichgewichte in der Tier- und Pflanzenwelt. Und doch ist uns trotz aller Forschung vieles r\u00e4tselhaft. Wir haben Theorien, aber ob sie wirklich stimmen? Es liegt in der Natur der Wissenschaft, dass neue Erkenntnisse manchmal alles auf den Kopf stellen k\u00f6nnen, und man von vorne beginnen muss, neu zu denken.<\/p>\n\n\n\n<p>Und so ein bisschen habe ich das Gef\u00fchl, dass Gott uns dabei zuschaut und l\u00e4chelt \u2013 weil wir mit all unserem Wissen doch nur an der Oberfl\u00e4che mancher tiefen Geheimnisse kratzen.<\/p>\n\n\n\n<p>Und dabei haben wir noch l\u00e4ngst nicht die Frage nach dem \u201cWarum\u201d und \u201cWozu\u201d bestimmter Dinge ansatzweise erfasst. Aber die werden wir dann doch nicht IN der Sch\u00f6pfung finden k\u00f6nnen, sondern BEI unserem Sch\u00f6pfer. Wenn ich in der Sch\u00f6pfung suche, weshalb ich am Leben bin, und wozu mein Leben gut ist, dann werde ich eine recht bescheidene biologische Begr\u00fcndung finden. Und ich ahne, dass die mich nicht wirklich befriedrigt.<\/p>\n\n\n\n<p>Aber wenn ich bei meinem Sch\u00f6pfer nachfrage, wozu es mich gibt \u2026 dann wird es sicher eine spannende Reise. Mit keiner einfachen \u2013 sondern bestimmt einer komplexen Antwort, die aus vielen kleinen Bausteinen besteht.<\/p>\n\n\n\n<p>Wenn ich mich umschaue, wo Menschen auf meine Freundschaft und meine Unterst\u00fctzung bauen k\u00f6nnen, da ahne ich, dass das wohl auch ein St\u00fcck meines \u201cwozu gibt es mich?\u201d sein k\u00f6nnte.<\/p>\n\n\n\n<p>Wenn ich mal wieder in den Bergen unterwegs sein kann, und dann mir rausrutscht: \u201cMein Gott, ist das sch\u00f6n\u201d \u2013 dann ist vielleicht dieses Dankesch\u00f6n an Gott schon ein Grund weshalb es diese Berge und auch mich gibt. Denn, war es nicht so, dass Gott den Menschen in den Garten Eden setzte, damit dieser diese Erde bebaut und bewahrt \u2013 und dass er ein Gegen\u00fcber f\u00fcr Gott ist?<\/p>\n\n\n\n<p>Ja, dass kann ich immer sein. Einer, der ein Gegen\u00fcber f\u00fcr Gott ist \u2013 mal bin ich dankbar und manchmal auch unzufrieden. Aber die Beziehung bleibt. Ich kann mit ihm reden, ihm meine Hoffnungen, Sorgen und Fragen ausdr\u00fccken.<br>Und er kann sich manchmal \u00fcber mich freuen und \u00f6fter wird er sich \u00fcber mich \u00e4rgern \u2013 aber er wei\u00df ja, wie er mich geschaffen hat: Als Teil seiner Sch\u00f6pfung. Nicht perfekt, aber von Herzen geliebt.<\/p>\n\n\n\n\n\n\n\n<p>Amen<\/p>\n\n\n\n<p>Zus\u00e4tzliche Info:<\/p>\n\n\n\n<figure class=\"wp-block-image size-large\"><img data-recalc-dims=\"1\" loading=\"lazy\" decoding=\"async\" width=\"880\" height=\"622\" data-attachment-id=\"4517\" data-permalink=\"https:\/\/www.pastors-home.de\/?attachment_id=4517\" data-orig-file=\"https:\/\/i0.wp.com\/www.pastors-home.de\/wp-content\/uploads\/2021\/01\/Reihe-SchoepfungB-Gemeindebrief-Grafik-scaled.jpg?fit=2560%2C1810&amp;ssl=1\" data-orig-size=\"2560,1810\" data-comments-opened=\"1\" data-image-meta=\"{&quot;aperture&quot;:&quot;0&quot;,&quot;credit&quot;:&quot;&quot;,&quot;camera&quot;:&quot;&quot;,&quot;caption&quot;:&quot;&quot;,&quot;created_timestamp&quot;:&quot;0&quot;,&quot;copyright&quot;:&quot;&quot;,&quot;focal_length&quot;:&quot;0&quot;,&quot;iso&quot;:&quot;0&quot;,&quot;shutter_speed&quot;:&quot;0&quot;,&quot;title&quot;:&quot;&quot;,&quot;orientation&quot;:&quot;0&quot;}\" data-image-title=\"Reihe-SchoepfungB-Gemeindebrief-Grafik\" data-image-description=\"\" data-image-caption=\"\" data-large-file=\"https:\/\/i0.wp.com\/www.pastors-home.de\/wp-content\/uploads\/2021\/01\/Reihe-SchoepfungB-Gemeindebrief-Grafik-scaled.jpg?fit=880%2C622&amp;ssl=1\" src=\"https:\/\/i0.wp.com\/www.pastors-home.de\/wp-content\/uploads\/2021\/01\/Reihe-SchoepfungB-Gemeindebrief-Grafik.jpg?resize=880%2C622&#038;ssl=1\" alt=\"\" class=\"wp-image-4517\" srcset=\"https:\/\/i0.wp.com\/www.pastors-home.de\/wp-content\/uploads\/2021\/01\/Reihe-SchoepfungB-Gemeindebrief-Grafik-scaled.jpg?resize=1024%2C724&amp;ssl=1 1024w, https:\/\/i0.wp.com\/www.pastors-home.de\/wp-content\/uploads\/2021\/01\/Reihe-SchoepfungB-Gemeindebrief-Grafik-scaled.jpg?resize=300%2C212&amp;ssl=1 300w, https:\/\/i0.wp.com\/www.pastors-home.de\/wp-content\/uploads\/2021\/01\/Reihe-SchoepfungB-Gemeindebrief-Grafik-scaled.jpg?resize=768%2C543&amp;ssl=1 768w, https:\/\/i0.wp.com\/www.pastors-home.de\/wp-content\/uploads\/2021\/01\/Reihe-SchoepfungB-Gemeindebrief-Grafik-scaled.jpg?resize=1536%2C1086&amp;ssl=1 1536w, https:\/\/i0.wp.com\/www.pastors-home.de\/wp-content\/uploads\/2021\/01\/Reihe-SchoepfungB-Gemeindebrief-Grafik-scaled.jpg?resize=2048%2C1448&amp;ssl=1 2048w, https:\/\/i0.wp.com\/www.pastors-home.de\/wp-content\/uploads\/2021\/01\/Reihe-SchoepfungB-Gemeindebrief-Grafik-scaled.jpg?resize=400%2C283&amp;ssl=1 400w, https:\/\/i0.wp.com\/www.pastors-home.de\/wp-content\/uploads\/2021\/01\/Reihe-SchoepfungB-Gemeindebrief-Grafik-scaled.jpg?resize=150%2C106&amp;ssl=1 150w, https:\/\/i0.wp.com\/www.pastors-home.de\/wp-content\/uploads\/2021\/01\/Reihe-SchoepfungB-Gemeindebrief-Grafik-scaled.jpg?w=1760&amp;ssl=1 1760w\" sizes=\"auto, (max-width: 880px) 100vw, 880px\" \/><\/figure>\n","protected":false},"excerpt":{"rendered":"<p>Mit meinen NachbarskollegInnen zusammen haben wir mal wieder eine Predigtreihe gestartet. Jeder betrachtet einen anderen Aspekt des Themas Sch\u00f6pfung. Bei mir gehts um die Frage der nicht ganz perfekten Sch\u00f6pfung. <a class=\"continue-reading-link\" href=\"https:\/\/www.pastors-home.de\/?p=4510\">ich will weiterlesen<\/a><\/p>\n","protected":false},"author":1,"featured_media":4511,"comment_status":"open","ping_status":"open","sticky":false,"template":"","format":"standard","meta":{"jetpack_post_was_ever_published":false,"_jetpack_newsletter_access":"","_jetpack_dont_email_post_to_subs":false,"_jetpack_newsletter_tier_id":0,"_jetpack_memberships_contains_paywalled_content":false,"_jetpack_memberships_contains_paid_content":false,"footnotes":"","jetpack_publicize_message":"","jetpack_publicize_feature_enabled":true,"jetpack_social_post_already_shared":true,"jetpack_social_options":{"image_generator_settings":{"template":"highway","default_image_id":0,"font":"","enabled":false},"version":2}},"categories":[875,532],"tags":[838,324],"class_list":["post-4510","post","type-post","status-publish","format-standard","has-post-thumbnail","hentry","category-predigten-2021","category-themenpredigten","tag-predigtreihe","tag-schoepfung"],"jetpack_publicize_connections":[],"jetpack_featured_media_url":"https:\/\/i0.wp.com\/www.pastors-home.de\/wp-content\/uploads\/2021\/01\/Reihe-SchoepfungB-Teaser-Homepage-scaled.jpg?fit=2560%2C1810&ssl=1","jetpack_sharing_enabled":true,"jetpack_shortlink":"https:\/\/wp.me\/p4BNB2-1aK","jetpack_likes_enabled":true,"_links":{"self":[{"href":"https:\/\/www.pastors-home.de\/index.php?rest_route=\/wp\/v2\/posts\/4510","targetHints":{"allow":["GET"]}}],"collection":[{"href":"https:\/\/www.pastors-home.de\/index.php?rest_route=\/wp\/v2\/posts"}],"about":[{"href":"https:\/\/www.pastors-home.de\/index.php?rest_route=\/wp\/v2\/types\/post"}],"author":[{"embeddable":true,"href":"https:\/\/www.pastors-home.de\/index.php?rest_route=\/wp\/v2\/users\/1"}],"replies":[{"embeddable":true,"href":"https:\/\/www.pastors-home.de\/index.php?rest_route=%2Fwp%2Fv2%2Fcomments&post=4510"}],"version-history":[{"count":5,"href":"https:\/\/www.pastors-home.de\/index.php?rest_route=\/wp\/v2\/posts\/4510\/revisions"}],"predecessor-version":[{"id":4825,"href":"https:\/\/www.pastors-home.de\/index.php?rest_route=\/wp\/v2\/posts\/4510\/revisions\/4825"}],"wp:featuredmedia":[{"embeddable":true,"href":"https:\/\/www.pastors-home.de\/index.php?rest_route=\/wp\/v2\/media\/4511"}],"wp:attachment":[{"href":"https:\/\/www.pastors-home.de\/index.php?rest_route=%2Fwp%2Fv2%2Fmedia&parent=4510"}],"wp:term":[{"taxonomy":"category","embeddable":true,"href":"https:\/\/www.pastors-home.de\/index.php?rest_route=%2Fwp%2Fv2%2Fcategories&post=4510"},{"taxonomy":"post_tag","embeddable":true,"href":"https:\/\/www.pastors-home.de\/index.php?rest_route=%2Fwp%2Fv2%2Ftags&post=4510"}],"curies":[{"name":"wp","href":"https:\/\/api.w.org\/{rel}","templated":true}]}}