{"id":4454,"date":"2020-11-28T21:21:07","date_gmt":"2020-11-28T20:21:07","guid":{"rendered":"https:\/\/www.pastors-home.de\/?p=4454"},"modified":"2021-11-24T14:41:05","modified_gmt":"2021-11-24T13:41:05","slug":"predigt-der-neue-koenig-meidet-den-grossen-auftritt-sacharia-9-9-10-erster-advent","status":"publish","type":"post","link":"https:\/\/www.pastors-home.de\/?p=4454","title":{"rendered":"Predigt: Der neue K\u00f6nig meidet den gro\u00dfen Auftritt (Sacharia 9, 9-10) Erster Advent"},"content":{"rendered":"\n<div class=\"wp-block-media-text alignwide is-stacked-on-mobile has-background\" style=\"background-color:#97c2d5\"><figure class=\"wp-block-media-text__media\"><img data-recalc-dims=\"1\" loading=\"lazy\" decoding=\"async\" width=\"880\" height=\"597\" data-attachment-id=\"4457\" data-permalink=\"https:\/\/www.pastors-home.de\/?attachment_id=4457\" data-orig-file=\"https:\/\/i0.wp.com\/www.pastors-home.de\/wp-content\/uploads\/2020\/11\/EselJaffa-scaled.jpg?fit=2560%2C1737&amp;ssl=1\" data-orig-size=\"2560,1737\" data-comments-opened=\"1\" data-image-meta=\"{&quot;aperture&quot;:&quot;5.9&quot;,&quot;credit&quot;:&quot;&quot;,&quot;camera&quot;:&quot;DMC-TZ101&quot;,&quot;caption&quot;:&quot;&quot;,&quot;created_timestamp&quot;:&quot;1551513415&quot;,&quot;copyright&quot;:&quot;&quot;,&quot;focal_length&quot;:&quot;83.5&quot;,&quot;iso&quot;:&quot;125&quot;,&quot;shutter_speed&quot;:&quot;0.003125&quot;,&quot;title&quot;:&quot;&quot;,&quot;orientation&quot;:&quot;1&quot;}\" data-image-title=\"EselJaffa\" data-image-description=\"\" data-image-caption=\"\" data-large-file=\"https:\/\/i0.wp.com\/www.pastors-home.de\/wp-content\/uploads\/2020\/11\/EselJaffa-scaled.jpg?fit=880%2C597&amp;ssl=1\" src=\"https:\/\/i0.wp.com\/www.pastors-home.de\/wp-content\/uploads\/2020\/11\/EselJaffa.jpg?resize=880%2C597&#038;ssl=1\" alt=\"\" class=\"wp-image-4457\" srcset=\"https:\/\/i0.wp.com\/www.pastors-home.de\/wp-content\/uploads\/2020\/11\/EselJaffa-scaled.jpg?resize=1024%2C695&amp;ssl=1 1024w, https:\/\/i0.wp.com\/www.pastors-home.de\/wp-content\/uploads\/2020\/11\/EselJaffa-scaled.jpg?resize=300%2C204&amp;ssl=1 300w, https:\/\/i0.wp.com\/www.pastors-home.de\/wp-content\/uploads\/2020\/11\/EselJaffa-scaled.jpg?resize=768%2C521&amp;ssl=1 768w, https:\/\/i0.wp.com\/www.pastors-home.de\/wp-content\/uploads\/2020\/11\/EselJaffa-scaled.jpg?resize=1536%2C1042&amp;ssl=1 1536w, https:\/\/i0.wp.com\/www.pastors-home.de\/wp-content\/uploads\/2020\/11\/EselJaffa-scaled.jpg?resize=2048%2C1390&amp;ssl=1 2048w, https:\/\/i0.wp.com\/www.pastors-home.de\/wp-content\/uploads\/2020\/11\/EselJaffa-scaled.jpg?resize=400%2C271&amp;ssl=1 400w, https:\/\/i0.wp.com\/www.pastors-home.de\/wp-content\/uploads\/2020\/11\/EselJaffa-scaled.jpg?resize=150%2C102&amp;ssl=1 150w, https:\/\/i0.wp.com\/www.pastors-home.de\/wp-content\/uploads\/2020\/11\/EselJaffa-scaled.jpg?w=1760&amp;ssl=1 1760w\" sizes=\"auto, (max-width: 880px) 100vw, 880px\" \/><\/figure><div class=\"wp-block-media-text__content\">\n<p class=\"has-large-font-size\">Sacharia 9<\/p>\n\n\n\n<p class=\"has-normal-font-size\">Der Friedensk\u00f6nig zieht durch das Stadttor in den Corona-Advent 2020 ein.  Er verzichtet auf Macht und Glanz. Gerade in diesem Jahr entwickeln sich daraus Gedanken f\u00fcr die kommenden Wochen.<\/p>\n<\/div><\/div>\n\n\n\n<p><\/p>\n\n\n\n<p>Predigttext: Sach 9,9-10<br> <em>9 Du, Tochter Zion, freue dich sehr, und du, Tochter Jerusalem, jauchze! Siehe, dein K\u00f6nig kommt zu dir, ein Gerechter und ein Helfer, arm und reitet auf einem Esel, auf einem F\u00fcllen der Eselin. 10 Denn ich will die Wagen vernichten in Ephraim und die Rosse in Jerusalem, und der Kriegsbogen soll zerbrochen werden. Denn er wird Frieden gebieten den V\u00f6lkern, und seine Herrschaft wird sein von einem Meer bis zum andern und vom Strom bis an die Enden der Erde.<\/em><\/p>\n\n\n\n<p><strong>Der nur scheinbar gro\u00dfe Auftritt<\/strong><\/p>\n\n\n\n<p>Liebe Gemeinde,<\/p>\n\n\n\n<p>Manchmal lieben wir den gro\u00dfen Auftritt.<br>Klar, dass die Braut am Hochzeitstag die sch\u00f6nste Frau sein will und entsprechend in ihre Ausstattung investiert.<br>Manche Personen des \u00f6ffentlichen Lebens schaffen es, durch Outfit, K\u00f6rperhaltung und ihre Art, mit anderen zu reden, den Eindruck zu erwecken, dass man es bei ihm oder ihr mit einer wirklich ganz besonderen Pers\u00f6nlichkeit zu tun hat.<br>Und Autoverk\u00e4ufer wissen, wie viel Geld manche Normalb\u00fcrger bereit sind zu investieren, um mit einem Auto vorzufahren, das bei den Leuten Bewunderung hervorruft.<\/p>\n\n\n\n<!--more-->\n\n\n\n<p>Der \u201cgro\u00dfe\u201d Auftritt geh\u00f6rt scheinbar zum Leben dazu. Und genauso oft st\u00f6\u00dft uns solches Imponiergehabe auch einfach ab. Weil wir Protzerei nicht m\u00f6gen, vor allem, wenn sie uns selber klein erscheinen lassen will. Manchmal merken wir auch, wie der Neid dabei langsam in uns hochkriechen m\u00f6chte \u2013 und wir ahnen, dass Neid eigentlich nie f\u00fcr irgendetwas gut ist.<br>Oder wir sch\u00fctteln den Kopf, weil wir wissen, was an Defiziten hinter dem gro\u00dfen Auftritt mancher Zeitgenossen versteckt ist.<\/p>\n\n\n\n<p><strong><em>Der ganz andere K\u00f6nig<\/em><\/strong><\/p>\n\n\n\n<p><em>Siehe, dein K\u00f6nig kommt zu dir, ein Gerechter und ein Helfer, arm und reitet auf einem Esel.<\/em> \u2013 Was der Prophet Sacharia da ank\u00fcndigt, ist offenbar das absolute Gegenteil von einem gro\u00dfen, beeindruckenden Auftritt.<\/p>\n\n\n\n<p>Ein neuer K\u00f6nig \u2026 nein! DER NEUE K\u00f6nig \u2026 wird ganz anders sein, und das ist dann nicht nur eine coole Image-Idee seiner Berater. Der neue K\u00f6nig wird wirklich alles anders sein, als wir das bisher gekannt haben.<\/p>\n\n\n\n<p>Der sparsame, leise Auftritt wird Programm sein. Und Gott selber war es, der das so geplant hat. Das laute Get\u00f6se der bisherigen Herscher war Gott leid. Das kraftmeierische Gehabe der M\u00e4chtigen hat ihn angewidert. Darum wird er seinen neuen K\u00f6nig schicken.<\/p>\n\n\n\n<p>Einen Friedensk\u00f6nig. Der keine fremden V\u00f6lker erobern und auspl\u00fcndern muss, um sich als m\u00e4chtiger Herrscher zu f\u00fchlen.<br>Einer, der arm ist. Ohne Glitzer und Glamour. Einer der nicht mehr hat, als seine Untertanen. Wenn sie ihn bewundern wollen, dann werden sie genauer hinsehen m\u00fcssen, um seine verborgenen Qualit\u00e4ten zu entdecken.<br>Einer, der auf einem Esel reitet. Er nutzt kein Pferd, von dem aus man auf die anderen herabschauen kann, dem man die Sporen geben kann, dass die kleinen Leute den aufgewirbelten Staub der Hufe schlucken. Ein Esel ist sein Tier \u2013 dieses eigeninnige Vieh, das manchmal einfach stur stehen bleibt und damit seinen Reiter verzweifeln l\u00e4sst. Und es l\u00e4sst ihn lernen: Es geht nicht immer alles nach deinen W\u00fcnschen \u2013 auch wenn du dich auf den Kopf stellst.<\/p>\n\n\n\n<p>Ein Gerechter. Einer, der genau \u00fcberlegt, was er tut. Dem der Satz \u201cwo gehobelt wird, fallen Sp\u00e4ne\u201d nicht \u00fcber die Lippen kommt \u2013 weil er den einzelnen Menschen sieht.<\/p>\n\n\n\n<p>So wird er sein, der neue, ganz andere K\u00f6nig, den Gott seinem Volk verspricht.<\/p>\n\n\n\n<p><strong><em>Jesus zieht in Jerusalem ein<\/em><\/strong><\/p>\n\n\n\n<p>Jahrhunderte sp\u00e4ter zieht Jesus in Jerusalem ein. Ein starker Auftritt! Oder vielleicht doch ganz anders?<\/p>\n\n\n\n<p>Nicht hoch zu Ross, sondern auf einem Esel.<\/p>\n\n\n\n<p>Nicht geschm\u00fcckt mit Gold und Edelsteinen, sondern Menschen wedeln mit Palmzweigen.<br>Kein Trommelwirbel \u2013 aber Menschen begr\u00fc\u00dfen ihn mit Segensworten.<\/p>\n\n\n\n<p>Jesus \u2013 der ganz andere K\u00f6nig, der da kommt. So anders, dass in all den Jahren viele ihn gar nicht als K\u00f6nig wahrgenommen haben; eben weil das, was man \u00fcblicherweise mit einem \u201cK\u00f6nig\u201d verbunden hat (und \u00fcber das man sich meist ge\u00e4rgert hat!) bei ihm nicht zu finden war.<\/p>\n\n\n\n<p>Es hat schon einen Grund, weshalb wir am Ersten Advent den Einzug Jesu nach Jerusalem als Evangelium h\u00f6ren.Wir erinnern uns: In Jesus sehen wir das erf\u00fcllt, was Sacharia da angek\u00fcndigt hat. Das Kommen eines neuen K\u00f6nigs, dieses Gottessohnes, der uns ganz neue Perspektiven er\u00f6ffnet hat. Gerade auch zur Frage, wie denn das mit der \u201ck\u00f6niglichen Macht\u201d ist. Denn der arme K\u00f6nig auf dem Esel hat auch eine ganz neue Sicht auf unsere menschliche Macht und Machtlosigkeit er\u00f6ffnet.<\/p>\n\n\n\n<p>An so vielen Stellen hat Jesus uns angeregt, auf Machtaus\u00fcbung zu verzichten, die eigene Machtlosigkeit auszuhalten. Und da h\u00f6re ich auch die Worte des Sacharia als Echo: <em>\u201cDenn ich will die Wagen vernichten in Ephraim und die Rosse in Jerusalem, und der Kriegsbogen soll zerbrochen werden. Denn er wird Frieden gebieten den V\u00f6lkern, und seine Herrschaft wird sein von einem Meer bis zum andern und vom Strom bis an die Enden der Erde.\u201d<\/em><\/p>\n\n\n\n<p>All das Kriegswerkzeug soll verschwinden \u2013 stattdessen wird es Zeit, sich auf den Weg zu machen, ohne Machtaus\u00fcbung, ohne einen \u201cstarken Auftritt\u201d zurecht zu kommen.<\/p>\n\n\n\n<p><strong><em>Machtlosigkeit im Advent<\/em><\/strong><\/p>\n\n\n\n<p>Liebe Gemeinde,<\/p>\n\n\n\n<p>Nun zieht Jesus \u2013 der andere K\u00f6nig &#8211; auf dem Esel &nbsp;nach Jerusalem ein \u2026 und hinein in unseren Corona-Advent 2020. Was bringt er da mit, bei seinem unspektakul\u00e4ren Auftritt?<\/p>\n\n\n\n<p>Naja, der Friedensk\u00f6nig, seine Worte k\u00f6nnten wir momentan gut gebrauchen. Wo wir uns wegen des Tragens von Masken Stra\u00dfenschlachten liefern. Wo man sich gegenseitig als Covidiot und un-informiertes Schlafschaf beschimpft.<br>Ob wir da nicht mal abr\u00fcsten k\u00f6nnten? Auch wenn man die Gegenseite gerade gar nicht versteht? Liebe deine Feinde \u2013 hat Jesus gesagt. Wie wollen wir auf ein friedliches Weihnachten zugehen, wenn wir uns gerade in sozialen Medien niedermachen, als w\u00e4ren wir im Mittelater?<\/p>\n\n\n\n<p>Auch der arme K\u00f6nig zieht durch unser Tor. Jesus, der manchmal nicht wusste, wo er am n\u00e4chsten Abend schlafen w\u00fcrde. Er, der diese Unsicherheit f\u00fcr sich selber so haben wollte begegnet in diesen Tagen Menschen, denen in diesen Monaten ihre bisherige Lebens-Sicherheit abhanden gekommen ist. Existenz\u00e4ngste, weil sie nicht wissen, wie sie selber die n\u00e4chsten Wochen und Monate als Selbstst\u00e4ndige, Unternehmer oder als Arbeitnehmer \u00fcberstehen k\u00f6nnen.<br>Ach, wie w\u00fcrde ich mir w\u00fcnschen, dass sie mit diesem Jesus da ins Gespr\u00e4ch kommen k\u00f6nnten. Dass sie ihm ihr Herz aussch\u00fctten k\u00f6nnten \u2013 und er ihnen etwas von seinem Vertrauen in die Zukunft und F\u00fcrsorge Gottes schenken k\u00f6nnte.<\/p>\n\n\n\n<p>Ja, und da ist der Verzicht auf den glamour\u00f6sen Auftritt. Da f\u00e4llt mein Blick auf unsere gl\u00e4nzende und glitzernde Advents- und Weihnachtstradition. Wo wir merken, was uns in diesem Jahr alles fehlen wird. &nbsp;An Begegnungen, an Festen, an Singen und Musizieren. Da sp\u00fcre ich ein bisschen den grauen Esel, der bockig sagt: \u201cVergiss es, diesmal gehe ich mit dir einen anderen Weg als sonst. Da kannst du auf meinem R\u00fccken noch so zappeln und schimpfen\u201d.<\/p>\n\n\n\n<p>\u2026 Aber er zieht dennoch ein, dieser K\u00f6nig. Wir feiern Advent. Und vielleicht sp\u00fcren wir in diesem Jahr die Advents-Sehnsucht, &#8211; das Warten auf seine N\u00e4he, seine W\u00e4rme und seine Worte intensiver als bisher.<\/p>\n\n\n\n\n\n\n\n<p>Amen<\/p>\n","protected":false},"excerpt":{"rendered":"<p>Der Friedensk\u00f6nig zieht durch das Stadttor in den Corona-Advent 2020 ein.  Er verzichtet aus Macht und Glanz. Gerade in diesem Jahr entwickeln sich daraus Gedanken f\u00fcr die kommenden Wochen. <a class=\"continue-reading-link\" href=\"https:\/\/www.pastors-home.de\/?p=4454\">ich will weiterlesen<\/a><\/p>\n","protected":false},"author":1,"featured_media":4457,"comment_status":"open","ping_status":"open","sticky":false,"template":"","format":"standard","meta":{"jetpack_post_was_ever_published":false,"_jetpack_newsletter_access":"","_jetpack_dont_email_post_to_subs":false,"_jetpack_newsletter_tier_id":0,"_jetpack_memberships_contains_paywalled_content":false,"_jetpack_memberships_contains_paid_content":false,"footnotes":"","jetpack_publicize_message":"","jetpack_publicize_feature_enabled":true,"jetpack_social_post_already_shared":true,"jetpack_social_options":{"image_generator_settings":{"template":"highway","default_image_id":0,"font":"","enabled":false},"version":2}},"categories":[854],"tags":[832,86,872,871,870],"class_list":["post-4454","post","type-post","status-publish","format-standard","has-post-thumbnail","hentry","category-predigten-2020","tag-1-advent","tag-advent","tag-friedenskoenig","tag-sach","tag-sacharia"],"jetpack_publicize_connections":[],"jetpack_featured_media_url":"https:\/\/i0.wp.com\/www.pastors-home.de\/wp-content\/uploads\/2020\/11\/EselJaffa-scaled.jpg?fit=2560%2C1737&ssl=1","jetpack_sharing_enabled":true,"jetpack_shortlink":"https:\/\/wp.me\/p4BNB2-19Q","jetpack_likes_enabled":true,"_links":{"self":[{"href":"https:\/\/www.pastors-home.de\/index.php?rest_route=\/wp\/v2\/posts\/4454","targetHints":{"allow":["GET"]}}],"collection":[{"href":"https:\/\/www.pastors-home.de\/index.php?rest_route=\/wp\/v2\/posts"}],"about":[{"href":"https:\/\/www.pastors-home.de\/index.php?rest_route=\/wp\/v2\/types\/post"}],"author":[{"embeddable":true,"href":"https:\/\/www.pastors-home.de\/index.php?rest_route=\/wp\/v2\/users\/1"}],"replies":[{"embeddable":true,"href":"https:\/\/www.pastors-home.de\/index.php?rest_route=%2Fwp%2Fv2%2Fcomments&post=4454"}],"version-history":[{"count":5,"href":"https:\/\/www.pastors-home.de\/index.php?rest_route=\/wp\/v2\/posts\/4454\/revisions"}],"predecessor-version":[{"id":4828,"href":"https:\/\/www.pastors-home.de\/index.php?rest_route=\/wp\/v2\/posts\/4454\/revisions\/4828"}],"wp:featuredmedia":[{"embeddable":true,"href":"https:\/\/www.pastors-home.de\/index.php?rest_route=\/wp\/v2\/media\/4457"}],"wp:attachment":[{"href":"https:\/\/www.pastors-home.de\/index.php?rest_route=%2Fwp%2Fv2%2Fmedia&parent=4454"}],"wp:term":[{"taxonomy":"category","embeddable":true,"href":"https:\/\/www.pastors-home.de\/index.php?rest_route=%2Fwp%2Fv2%2Fcategories&post=4454"},{"taxonomy":"post_tag","embeddable":true,"href":"https:\/\/www.pastors-home.de\/index.php?rest_route=%2Fwp%2Fv2%2Ftags&post=4454"}],"curies":[{"name":"wp","href":"https:\/\/api.w.org\/{rel}","templated":true}]}}