{"id":4422,"date":"2020-10-17T19:01:37","date_gmt":"2020-10-17T17:01:37","guid":{"rendered":"https:\/\/www.pastors-home.de\/?p=4422"},"modified":"2021-10-11T12:01:43","modified_gmt":"2021-10-11T10:01:43","slug":"predigt-zur-kirchweihe-wenn-der-corona-blitz-in-den-kirchen-baum-einschlaegt-gleichnis-vom-senfkorn-mk-4-30-34-sommer-2020","status":"publish","type":"post","link":"https:\/\/www.pastors-home.de\/?p=4422","title":{"rendered":"Predigt zur Kirchweihe: Wenn der Corona-Blitz in den Kirchen-Baum einschl\u00e4gt (Gleichnis vom Senfkorn, Mk 4, 30-34)  Sommer 2020"},"content":{"rendered":"\n<div class=\"wp-block-media-text alignwide is-stacked-on-mobile has-background\" style=\"background-color:#dcefff\"><figure class=\"wp-block-media-text__media\"><img data-recalc-dims=\"1\" loading=\"lazy\" decoding=\"async\" width=\"880\" height=\"631\" data-attachment-id=\"4424\" data-permalink=\"https:\/\/www.pastors-home.de\/?attachment_id=4424\" data-orig-file=\"https:\/\/i0.wp.com\/www.pastors-home.de\/wp-content\/uploads\/2020\/10\/IMG_0350-e1602953258151.jpg?fit=1743%2C1250&amp;ssl=1\" data-orig-size=\"1743,1250\" data-comments-opened=\"1\" data-image-meta=\"{&quot;aperture&quot;:&quot;0&quot;,&quot;credit&quot;:&quot;&quot;,&quot;camera&quot;:&quot;&quot;,&quot;caption&quot;:&quot;&quot;,&quot;created_timestamp&quot;:&quot;0&quot;,&quot;copyright&quot;:&quot;&quot;,&quot;focal_length&quot;:&quot;0&quot;,&quot;iso&quot;:&quot;0&quot;,&quot;shutter_speed&quot;:&quot;0&quot;,&quot;title&quot;:&quot;&quot;,&quot;orientation&quot;:&quot;0&quot;}\" data-image-title=\"IMG_0350\" data-image-description=\"\" data-image-caption=\"\" data-large-file=\"https:\/\/i0.wp.com\/www.pastors-home.de\/wp-content\/uploads\/2020\/10\/IMG_0350-e1602953258151.jpg?fit=880%2C631&amp;ssl=1\" src=\"https:\/\/i0.wp.com\/www.pastors-home.de\/wp-content\/uploads\/2020\/10\/IMG_0350-e1602953258151-1024x734.jpg?resize=880%2C631&#038;ssl=1\" alt=\"\" class=\"wp-image-4424\" srcset=\"https:\/\/i0.wp.com\/www.pastors-home.de\/wp-content\/uploads\/2020\/10\/IMG_0350-e1602953258151.jpg?resize=1024%2C734&amp;ssl=1 1024w, https:\/\/i0.wp.com\/www.pastors-home.de\/wp-content\/uploads\/2020\/10\/IMG_0350-e1602953258151.jpg?resize=300%2C215&amp;ssl=1 300w, https:\/\/i0.wp.com\/www.pastors-home.de\/wp-content\/uploads\/2020\/10\/IMG_0350-e1602953258151.jpg?resize=768%2C551&amp;ssl=1 768w, https:\/\/i0.wp.com\/www.pastors-home.de\/wp-content\/uploads\/2020\/10\/IMG_0350-e1602953258151.jpg?resize=1536%2C1102&amp;ssl=1 1536w, https:\/\/i0.wp.com\/www.pastors-home.de\/wp-content\/uploads\/2020\/10\/IMG_0350-e1602953258151.jpg?resize=400%2C287&amp;ssl=1 400w, https:\/\/i0.wp.com\/www.pastors-home.de\/wp-content\/uploads\/2020\/10\/IMG_0350-e1602953258151.jpg?resize=150%2C108&amp;ssl=1 150w, https:\/\/i0.wp.com\/www.pastors-home.de\/wp-content\/uploads\/2020\/10\/IMG_0350-e1602953258151.jpg?w=1743&amp;ssl=1 1743w\" sizes=\"auto, (max-width: 880px) 100vw, 880px\" \/><\/figure><div class=\"wp-block-media-text__content\">\n<p class=\"has-medium-font-size\">Kirchweih in Coronazeiten<\/p>\n\n\n\n<p>Am Bild des aus einem Senfkorn gewachsenen Baumes betrachten wir die verschiedenen &#8222;V\u00f6gel&#8220;, die diesen Baum bewohnen. Dabei entdecken wir, wie sich das alles in Corona-Zeiten ver\u00e4ndert hat.<\/p>\n<\/div><\/div>\n\n\n\n<p><strong><em>Markus 4, 30-34<\/em><\/strong><\/p>\n\n\n\n<p>Und er sprach: Womit wollen wir das Reich Gottes vergleichen, und durch welches Gleichnis wollen wir es abbilden?<br>31 Es ist wie mit einem Senfkorn: Wenn das ges\u00e4t wird aufs Land, so ist&#8217;s das kleinste unter allen Samenk\u00f6rnern auf Erden;<br>32 und wenn es ges\u00e4t ist, so geht es auf und wird gr\u00f6\u00dfer als alle Kr\u00e4uter und treibt gro\u00dfe Zweige, sodass die V\u00f6gel unter dem Himmel unter seinem Schatten wohnen k\u00f6nnen.<br>33 Und durch viele solche Gleichnisse sagte er ihnen das Wort so, wie sie es h\u00f6ren konnten.<br>34 Und ohne Gleichnisse redete er nicht zu ihnen; aber wenn sie allein waren, legte er seinen J\u00fcngern alles aus.<\/p>\n\n\n\n<p><strong>Aus dem Senfkorn wird ein Baum<\/strong><\/p>\n\n\n\n<p>Liebe Gemeinde,<\/p>\n\n\n\n<p>Da haben die Menschen Jesus gefragt, wie man das Reich Gottes beschreiben kann, und er erz\u00e4hlt ihnen von einem winzigen Saatkorn, das zu einem beachtlichen Strauch oder Baum heranw\u00e4chst, in dem sich sogar die V\u00f6gel niederlassen.<\/p>\n\n\n\n<p>Dabei spielt er wahrscheinlich auf sich selber an: Er, der kleine unscheinbare Prediger in Galil\u00e4a, von dem eine Bewegung ausgeht, die das ganze Land ver\u00e4ndert und noch weit dar\u00fcber hinaus. Eine unglaubliche Dynamik. Aus einem kleinen Anfang wird etwas ganz Gro\u00dfes.<\/p>\n\n\n\n<!--more-->\n\n\n\n<p>So etwas gibt es immer wieder. Gerade in Wilhelmsdorf ist das ja auch geschichtlich gut festzuhalten. Da kommen 15 Familien aus Frankreich hierher in unser menschenleeres Tal, und nach wenigen Generationen ist hier ein Dorf entstanden, in dem jetzt \u00fcber tausend Menschen leben und arbeiten.<\/p>\n\n\n\n<p>Als Kirchengemeinde nehmen wir das Bild des wachsenden Baumes auch gerne f\u00fcr uns in Anspruch. Es gibt einen Anfang, eine Wurzel, aus der alles kommt und alles seine Kraft bezieht: In Jesus nimmt alles seinen Ausgang.<\/p>\n\n\n\n<p>Und weit gespant mit vielen \u00c4sten steht unsere Kirchengemeinde \u2013 unser Kirchenbaum &#8211; &nbsp;da. Von den Gottesdiensten, \u00fcber Posaunenchor, Familienkirche, Kindergarten, Konfirmandenarbeit, Seniorenkreis \u2026 ein breites Geflecht von \u00c4sten. Und da ist so einiges los: Menschen kommen und gehen. Engagieren sich, oder schnuppern mal hinein.<br>Ja, das Bild Jesu mit dem Baum, in dem die V\u00f6gel hin- und her flattern, passt auch heute noch.<\/p>\n\n\n\n<p><strong>Die Bewohner unseres Baumes<\/strong><\/p>\n\n\n\n<p>Und da ist jeder Vogel anders!<\/p>\n\n\n\n<p>Da gibt es die Dauerbewohner. Die seit Jahren und Jahrzehnten in unserem Kirchenbaum ihre Heimat haben. Viele sehen wir jeden Sonntag im Gottesdienst. Etliche engagieren sich in verschiedenen Bereichen und verstehen sich als fester Teil dieses Baumes.<\/p>\n\n\n\n<p>Es gibt Zugv\u00f6gel. Die kommen immer wieder mal vorbei. F\u00fcr sie ist unser Kirchenbaum ein wichtiger Punkt, f\u00fcr bestimmte Momente im Jahr oder im Leben. An Weihnachten zum Beispiel kommen ganz viele von ihnen auf einmal. Und da merkt man, f\u00fcr wie viele dieser Baum eine Bedeutung hat.<\/p>\n\n\n\n<p>Wir haben unsere Jungv\u00f6gel in den Nestern. Unsere Konfirmanden schauen sich das alles etwas genauer an. Wir wollen, dass sie unseren Baum kennen lernen \u2013 aber auch, dass sie es lernen selbstst\u00e4ndig zu fliegen. Und wir hoffen, dass sie sp\u00e4ter immer wieder mal zu unseren Baum zur\u00fcckkehren, weil sie erfahren haben, was er ihnen geben kann.<\/p>\n\n\n\n<p>Und es gibt auch so V\u00f6gel, die hocken gerne auf der Stromleitung. Sie haben nichts gegen den Kirchenbaum. Finden es wichtig, dass er hier steht und dass andere da Heimat finden. Blo\u00df sie selber sagen: Ich muss da nicht unbedingt hin.<\/p>\n\n\n\n<p><strong>Wenn Corona in den Baum einschl\u00e4gt<\/strong><\/p>\n\n\n\n<p>Als vor einem halben Jahr das Coronavirus alles ver\u00e4ndert hat, ist das auch in unserem Kirchenbaum eingeschlagen wie ein Blitz. Erstmal ging f\u00fcr etliche Wochen zumindest in der Kirche gar nichts.<\/p>\n\n\n\n<p>Das hat auch die V\u00f6gel erwischt.<br>Die Dauerbewohner haben gemerkt, wie es ihnen fehlte, am Sonntag hierher kommen zu k\u00f6nnen. Es geh\u00f6rte zum Leben dazu. War ein fester Punkt in der Woche \u2013 Tankstelle und Moment zum Atmenholen.<\/p>\n\n\n\n<p>Die Konfirmanden im Nest hats hat es auch ganz b\u00f6se gebeutelt. Kurz vor dem gro\u00dfen Fest steht alles auf Pause \u2013 keiner konnte sagen, wie es weitergehen soll. Und gleichzeitig ist anderes, was ihnen wichtig war, auch ausgeknipst: keine Schule, kein Treffen mit Freunden.<\/p>\n\n\n\n<p>Sogar die auf der Stromleitung haben sich gewundert. Sie w\u00e4ren ja sowieso nicht gekommen, aber dass da jetzt tats\u00e4chlich nichts ist \u2013 das hat sie dann doch irritiert. &nbsp;&nbsp;&nbsp;<\/p>\n\n\n\n<p><strong>Wir entdecken Neues<\/strong><\/p>\n\n\n\n<p><em>Es ist wie mit einem Senfkorn: Wenn das ges\u00e4t wird aufs Land, so ist&#8217;s das kleinste unter allen Samenk\u00f6rnern auf Erden; und wenn es ges\u00e4t ist, so geht es auf und wird gr\u00f6\u00dfer als alle Kr\u00e4uter und treibt gro\u00dfe Zweige, sodass die V\u00f6gel unter dem Himmel unter seinem Schatten wohnen k\u00f6nnen.<\/em><\/p>\n\n\n\n<p>Jesus spricht von einer Pflanze \u2013 nicht von einer toten Konstruktion. Eine Pflanze die immer am Wachsen ist. Da wird auch mal etwas absterben, wegbrechen, verdorren, aber woanders spie\u00dfen neue Knospen, wachsen Bl\u00e4tter, \u00c4ste und Fr\u00fcchte. Ver\u00e4nderung war doch schon immer ein Teil unseres Kirchen-Baum-Seins.<\/p>\n\n\n\n<p>Und gerade wir Evangelischen haben immer Luthers Spruch \u201cecclesia semper reformanda\u201d hoch gehalten: \u201cDie Kirche muss sich immer reformieren\/ver\u00e4ndern\u201d.<\/p>\n\n\n\n<p>Wir haben das halt \u00fcber Jahrhunderte immer so verstanden, dass wir unser Denken immer wieder hinterfragen m\u00fcssen. Nunja, jetzt war halt mal unsere gewohnte Praxis dran, dass man sie \u00fcberdenkt.<\/p>\n\n\n\n<p>Da haben wir hier in Wilhelmsdorf einiges entdeckt. Davon will ich kurz ein bisschen erz\u00e4hlen.<\/p>\n\n\n\n<p>Wir haben neu gelernt, was eine \u201cvolle Kirche\u201d ist. Bisher war sie an Weihnachten, Konfirmation, Kirchweih und bei machen Beerdigungen voll \u2013 also mit mehr als 220 Leuten vollgestopft.<br>Jetzt ist sie manchmal mit 35 Besuchern schon \u201cvoll\u201d \u2013 weil bei Einhaltung der Abst\u00e4nde nicht mehr Leute reinkonnten. Das ist ja auch der Grund, weshalb wir heute hier drau\u00dfen sitzen.<br>Mit 35 Leuten schon voll? Ist das nicht frustrierend? Dass mickrige H\u00e4ufchen?<br>\u201cNein!\u201d sagt Jesus \u201cWo zwei oder drei in meinem Namen versammelt sind, da bin ich mitten unter ihnen\u201d.<br>Und er erinnert mich an das winzige Samenkorn aus seinem Gleichnis: Vergiss nie, die kleinen Anf\u00e4nge, die kleinen Menschen, die kleinen Zahlen wertzusch\u00e4tzen. Schaue immer auf jeden einzelnen, der ein gutes Wort braucht.<\/p>\n\n\n\n<p>Wir haben auch gelernt, bei der Kommunikation neue Wege zu gehen.<br>Wenn jemand uns vor einem Jahr vorgeschlagen h\u00e4tte, Sonntags ausgedruckte Andachten in Briefk\u00e4sten der Senioren zu verteilen, Videoandachten aufzunehmen, oder einen Gottesdienst ins Internet zu \u00fcbertragen \u2026 naja, es w\u00e4re wahrscheinlich nichts draus geworden, weil wir da viele Probleme und Schwierigkeiten vermutet h\u00e4tten.<br>Nun haben wir haben wir es einfach mal versucht \u2013 und es ist doch ganz gut gegangen. Nicht alles war von Erfolg gekr\u00f6nt, aber wir haben gesehen: Es wachsen neue \u00c4ste an unserem Kirchenbaum.<\/p>\n\n\n\n<p>Eine dritte Beobachtung: Und unsere Kirche ist noch ein bisschen offener geworden. Wenn wir Gottesdienste feiern stehen zum besseren Luftaustausch unsere T\u00fcren offen. Und hie und da kommt jemand zuf\u00e4llig vorbei und schaut neugierig in den Raum \u2013 huch, die feiern ja Gottesdienst. Warum nicht gucken? Wir machen ja nichts Unanst\u00e4ndiges. Gottesdienst \u2013 unser Glaube &#8211; ist ja keine Geheimveranstaltung. Warum soll nicht unser Singen, Reden und Beten auf die Stra\u00dfe hinausschallen?<\/p>\n\n\n\n<p>Manchmal steht ja auch unter der Woche die T\u00fcre offen, und dann entdeckt man diese Kirchenstationen. Hinter dem Taufstein ist ein Eck, wo man seit Juli jederzeit mal vorbeikommen kann. Sich hinsetzen und schauen, was da alles zu entdecken ist \u2013 und immer kann man auch selber aktiv und kreativ werden. Bis Montag gehts um die Frage \u201cBist du so, wie andere es von dir erwarten?\u201d \u2013 Danach gehts weiter mit der Aktion \u201cSegen hamstern\u201d. Alle 14 Tage ist da etwas anderes aufgebaut.<\/p>\n\n\n\n<p><strong>Anders und doch gleich<\/strong><\/p>\n\n\n\n<p>Wir lernen neue Wege zu gehen, neue Dinge auszuprobieren. Unser Kirchenbaum ist lebendig, w\u00e4chst und ver\u00e4ndert sich. Wichtig ist dabei, dass auch alle Wilhelmsdorfer V\u00f6gel, in ihrer Weise in diesem Kirchenbaum ihren Platz finden:<\/p>\n\n\n\n<p>Die einen, die ihren sonnt\u00e4glichen Heimat-Ast nicht vermissen sollen.<\/p>\n\n\n\n<p>Die Zugv\u00f6gel, die immer wieder mal kommen, und sich dann auch wohlf\u00fchlen, wenn sich einiges drumherum ver\u00e4ndert hat.<\/p>\n\n\n\n<p>Unsere Jungv\u00f6gel, denen wir hoffentlich bald wieder ein m\u00f6glichst kuscheliges Nest zum Gro\u00dfwerden anbieten k\u00f6nnen.<\/p>\n\n\n\n<p>Ja, und auch die auf dem Stromkabel hocken, vielleicht kommen sie auch mal im langsamen Tiefflug vorbei, um festzustellen: Ja, die Kirche ist immer noch die gleiche \u2026 und doch auch ein bisschen anders.<\/p>\n\n\n\n<p>Amen<\/p>\n\n\n\n\n\n\n\n<p class=\"has-luminous-vivid-amber-background-color has-background\"><strong><em>Praktische Anmerkungen<\/em><\/strong><br>Als Mitgebsel hat jeder Gottesdienstbesucher eine Maske mit einem Logo der Kirche erhalten. Wir haben das Modell <a href=\"https:\/\/www.onlineprinters.de\/gesichtsmasken\" target=\"_blank\" rel=\"noreferrer noopener\">&#8222;Gesichtsmaske Standard&#8220;<\/a> des regional ans\u00e4ssigen Druckunternehmens produzieren lassen. <\/p>\n\n\n\n<figure class=\"wp-block-jetpack-image-compare\"><div class=\"juxtapose\" data-mode=\"horizontal\"><img loading=\"lazy\" decoding=\"async\" id=\"4427\" src=\"https:\/\/i2.wp.com\/www.pastors-home.de\/wp-content\/uploads\/2020\/10\/wp-16029537625885205671648948385983.jpg?ssl=1\" alt=\"\" width=\"2000\" height=\"1578\" class=\"image-compare__image-before\"\/><img loading=\"lazy\" decoding=\"async\" id=\"4428\" src=\"https:\/\/i1.wp.com\/www.pastors-home.de\/wp-content\/uploads\/2020\/10\/wp-1602953835248344796875036784558.jpg?ssl=1\" alt=\"\" width=\"2000\" height=\"1423\" class=\"image-compare__image-after\"\/><\/div><\/figure>\n","protected":false},"excerpt":{"rendered":"<p>Kirchweih in Coronazeiten: Am Bild des aus einem Senfkorn gewachsenen Baumes betrachten wir die verschiedenen &#8222;V\u00f6gel&#8220;, die diesen Baum bewohnen. Dabei entdecken wir, wie sich das alles in Corona-Zeiten ver\u00e4ndert hat. <a class=\"continue-reading-link\" href=\"https:\/\/www.pastors-home.de\/?p=4422\">ich will weiterlesen<\/a><\/p>\n","protected":false},"author":1,"featured_media":4424,"comment_status":"open","ping_status":"open","sticky":false,"template":"","format":"standard","meta":{"jetpack_post_was_ever_published":false,"_jetpack_newsletter_access":"","_jetpack_dont_email_post_to_subs":false,"_jetpack_newsletter_tier_id":0,"_jetpack_memberships_contains_paywalled_content":false,"_jetpack_memberships_contains_paid_content":false,"footnotes":"","jetpack_publicize_message":"","jetpack_publicize_feature_enabled":true,"jetpack_social_post_already_shared":true,"jetpack_social_options":{"image_generator_settings":{"template":"highway","default_image_id":0,"font":"","enabled":false},"version":2}},"categories":[854,532],"tags":[405,288,381],"class_list":["post-4422","post","type-post","status-publish","format-standard","has-post-thumbnail","hentry","category-predigten-2020","category-themenpredigten","tag-gleichnis","tag-kirchweih","tag-mk"],"jetpack_publicize_connections":[],"jetpack_featured_media_url":"https:\/\/i0.wp.com\/www.pastors-home.de\/wp-content\/uploads\/2020\/10\/IMG_0350-e1602953258151.jpg?fit=1743%2C1250&ssl=1","jetpack_sharing_enabled":true,"jetpack_shortlink":"https:\/\/wp.me\/p4BNB2-19k","jetpack_likes_enabled":true,"_links":{"self":[{"href":"https:\/\/www.pastors-home.de\/index.php?rest_route=\/wp\/v2\/posts\/4422","targetHints":{"allow":["GET"]}}],"collection":[{"href":"https:\/\/www.pastors-home.de\/index.php?rest_route=\/wp\/v2\/posts"}],"about":[{"href":"https:\/\/www.pastors-home.de\/index.php?rest_route=\/wp\/v2\/types\/post"}],"author":[{"embeddable":true,"href":"https:\/\/www.pastors-home.de\/index.php?rest_route=\/wp\/v2\/users\/1"}],"replies":[{"embeddable":true,"href":"https:\/\/www.pastors-home.de\/index.php?rest_route=%2Fwp%2Fv2%2Fcomments&post=4422"}],"version-history":[{"count":7,"href":"https:\/\/www.pastors-home.de\/index.php?rest_route=\/wp\/v2\/posts\/4422\/revisions"}],"predecessor-version":[{"id":4830,"href":"https:\/\/www.pastors-home.de\/index.php?rest_route=\/wp\/v2\/posts\/4422\/revisions\/4830"}],"wp:featuredmedia":[{"embeddable":true,"href":"https:\/\/www.pastors-home.de\/index.php?rest_route=\/wp\/v2\/media\/4424"}],"wp:attachment":[{"href":"https:\/\/www.pastors-home.de\/index.php?rest_route=%2Fwp%2Fv2%2Fmedia&parent=4422"}],"wp:term":[{"taxonomy":"category","embeddable":true,"href":"https:\/\/www.pastors-home.de\/index.php?rest_route=%2Fwp%2Fv2%2Fcategories&post=4422"},{"taxonomy":"post_tag","embeddable":true,"href":"https:\/\/www.pastors-home.de\/index.php?rest_route=%2Fwp%2Fv2%2Ftags&post=4422"}],"curies":[{"name":"wp","href":"https:\/\/api.w.org\/{rel}","templated":true}]}}