{"id":4419,"date":"2020-10-11T20:53:00","date_gmt":"2020-10-11T18:53:00","guid":{"rendered":"https:\/\/www.pastors-home.de\/?p=4419"},"modified":"2020-10-06T20:57:44","modified_gmt":"2020-10-06T18:57:44","slug":"radioandachten-im-oktober-2020-auf-charivari-986","status":"publish","type":"post","link":"https:\/\/www.pastors-home.de\/?p=4419","title":{"rendered":"Radioandachten im Oktober 2020 auf Charivari 98,6"},"content":{"rendered":"\n<p><\/p>\n\n\n<div class=\"wp-playlist wp-audio-playlist wp-playlist-light\">\n\t\t\t<div class=\"wp-playlist-current-item\"><\/div>\n\t\t<audio controls=\"controls\" preload=\"none\" width=\"858\"\n\t\t\t><\/audio>\n\t<div class=\"wp-playlist-next\"><\/div>\n\t<div class=\"wp-playlist-prev\"><\/div>\n\t<noscript>\n\t<ol>\n\t\t<li><a href='https:\/\/www.pastors-home.de\/wp-content\/uploads\/2020\/10\/Brotvermehrung.mp3'>Brotvermehrung<\/a><\/li><li><a href='https:\/\/www.pastors-home.de\/wp-content\/uploads\/2020\/10\/Dachboden-Geraffel.mp3'>Dachboden-Geraffel<\/a><\/li><li><a href='https:\/\/www.pastors-home.de\/wp-content\/uploads\/2020\/10\/Wer-andern-eine-Grube.mp3'>Wer andern eine Grube gr\u00e4bt<\/a><\/li><li><a href='https:\/\/www.pastors-home.de\/wp-content\/uploads\/2020\/10\/Sorgen-Mummerang.mp3'>Sorgenbummerang<\/a><\/li><li><a href='https:\/\/www.pastors-home.de\/wp-content\/uploads\/2020\/10\/Weltbrottag2020.mp3'>Brot des Lebens<\/a><\/li><li><a href='https:\/\/www.pastors-home.de\/wp-content\/uploads\/2020\/10\/Taeter_des_Wortes.mp3'>T\u00e4ter statt nur H\u00f6rer<\/a><\/li>\t<\/ol>\n\t<\/noscript>\n\t<script type=\"application\/json\" class=\"wp-playlist-script\">{\"type\":\"audio\",\"tracklist\":true,\"tracknumbers\":true,\"images\":false,\"artists\":false,\"tracks\":[{\"src\":\"https:\/\/www.pastors-home.de\/wp-content\/uploads\/2020\/10\/Brotvermehrung.mp3\",\"type\":\"audio\/mpeg\",\"title\":\"Brotvermehrung\",\"caption\":\"\",\"description\":\"\\\"Brotvermehrung\\\" von Alexander Seidel.\",\"meta\":{\"artist\":\"Alexander Seidel\",\"length_formatted\":\"1:13\"},\"image\":{\"src\":\"https:\/\/www.pastors-home.de\/wp-includes\/images\/media\/audio.svg\",\"width\":48,\"height\":64},\"thumb\":{\"src\":\"https:\/\/www.pastors-home.de\/wp-includes\/images\/media\/audio.svg\",\"width\":48,\"height\":64}},{\"src\":\"https:\/\/www.pastors-home.de\/wp-content\/uploads\/2020\/10\/Dachboden-Geraffel.mp3\",\"type\":\"audio\/mpeg\",\"title\":\"Dachboden-Geraffel\",\"caption\":\"\",\"description\":\"\\\"Dachboden-Geraffel\\\" von Alexander Seidel.\",\"meta\":{\"artist\":\"Alexander Seidel\",\"length_formatted\":\"1:19\"},\"image\":{\"src\":\"https:\/\/www.pastors-home.de\/wp-includes\/images\/media\/audio.svg\",\"width\":48,\"height\":64},\"thumb\":{\"src\":\"https:\/\/www.pastors-home.de\/wp-includes\/images\/media\/audio.svg\",\"width\":48,\"height\":64}},{\"src\":\"https:\/\/www.pastors-home.de\/wp-content\/uploads\/2020\/10\/Wer-andern-eine-Grube.mp3\",\"type\":\"audio\/mpeg\",\"title\":\"Wer andern eine Grube gr\\u00e4bt\",\"caption\":\"\",\"description\":\"\\\"Wer andern eine Grube gr\\u00e4bt\\\" von Alexander Seidel.\",\"meta\":{\"artist\":\"Alexander Seidel\",\"length_formatted\":\"1:19\"},\"image\":{\"src\":\"https:\/\/www.pastors-home.de\/wp-includes\/images\/media\/audio.svg\",\"width\":48,\"height\":64},\"thumb\":{\"src\":\"https:\/\/www.pastors-home.de\/wp-includes\/images\/media\/audio.svg\",\"width\":48,\"height\":64}},{\"src\":\"https:\/\/www.pastors-home.de\/wp-content\/uploads\/2020\/10\/Sorgen-Mummerang.mp3\",\"type\":\"audio\/mpeg\",\"title\":\"Sorgenbummerang\",\"caption\":\"\",\"description\":\"\\\"Sorgenbummerang\\\" von Alexander Seidel.\",\"meta\":{\"artist\":\"Alexander Seidel\",\"length_formatted\":\"1:13\"},\"image\":{\"src\":\"https:\/\/www.pastors-home.de\/wp-includes\/images\/media\/audio.svg\",\"width\":48,\"height\":64},\"thumb\":{\"src\":\"https:\/\/www.pastors-home.de\/wp-includes\/images\/media\/audio.svg\",\"width\":48,\"height\":64}},{\"src\":\"https:\/\/www.pastors-home.de\/wp-content\/uploads\/2020\/10\/Weltbrottag2020.mp3\",\"type\":\"audio\/mpeg\",\"title\":\"Brot des Lebens\",\"caption\":\"\",\"description\":\"\\\"Brot des Lebens\\\" von Alexander Seidel.\",\"meta\":{\"artist\":\"Alexander Seidel\",\"length_formatted\":\"1:13\"},\"image\":{\"src\":\"https:\/\/www.pastors-home.de\/wp-includes\/images\/media\/audio.svg\",\"width\":48,\"height\":64},\"thumb\":{\"src\":\"https:\/\/www.pastors-home.de\/wp-includes\/images\/media\/audio.svg\",\"width\":48,\"height\":64}},{\"src\":\"https:\/\/www.pastors-home.de\/wp-content\/uploads\/2020\/10\/Taeter_des_Wortes.mp3\",\"type\":\"audio\/mpeg\",\"title\":\"T\\u00e4ter statt nur H\\u00f6rer\",\"caption\":\"\",\"description\":\"\\\"T\\u00e4ter statt nur H\\u00f6rer\\\" von Alexander Seidel.\",\"meta\":{\"artist\":\"Alexander Seidel\",\"length_formatted\":\"1:13\"},\"image\":{\"src\":\"https:\/\/www.pastors-home.de\/wp-includes\/images\/media\/audio.svg\",\"width\":48,\"height\":64},\"thumb\":{\"src\":\"https:\/\/www.pastors-home.de\/wp-includes\/images\/media\/audio.svg\",\"width\":48,\"height\":64}}]}<\/script>\n<\/div>\n\t\n\n\n<p><strong>Brotvermehrung<\/strong><\/p>\n\n\n\n<p>Guten Morgen. Sie kennen sicher die Geschichte, wo Jesus mit einer Handvoll Broten und Fischen\u00a0 ein paar tausend Menschen satt gemacht hat. Wie hat er das nur hinbekommen? So ganz genau kann ich ihnen das nicht sagen \u2013 aber ich habe da etwas entdeckt:<\/p>\n\n\n\n<p>Erstens: Er hat keine Panik geschoben! Hilfe, das schaffen wir ja nie, das sind viel zuviel Leute! Da fehlt es ja an allen Ecken und Enden\u00a0 &#8211; wir haben keine Chance!!!<br>Zweitens: Er hat zuallererst seine J\u00fcnger gefragt: Was haben wir denn da? Ok \u2026 F\u00fcnf brote, zwei Fische \u2026 immerhin, fangen wir mal an, das zu verteilen \u2026 Ist schon verr\u00fcckt! Oder? Am Ende war sogar noch was \u00fcbrig.<\/p>\n\n\n\n<p>Klar, ich bin kein Jesus. Aber eines kann ich von ihm lernen: Nicht jammen \u00fcber das, was mir alles fehlt. Sondern mit dem zu beginnen, was ich habe \u2013 und mich dann \u00fcberraschen lassen, wenn ich wundersamerweise\u00a0 damit viel weiter komme, als ich es je gedacht h\u00e4tte.<\/p>\n\n\n\n<!--more-->\n\n\n\n<p><strong><em>Dachboden-Geraffel<\/em><\/strong><\/p>\n\n\n\n<p>Guten Morgen. Oh Mann was sind denn das f\u00fcr alte Schachteln? Im dunklen Licht meines Dachbodens\u00a0 schaue ich mir die beiden Umzug-Kartons etwas genauer an. Hmm &#8230; Arbeitszimmer steht da drauf \u2026 das hilft mir nicht weiter \u2026 ich mache sie auf: Ah nee, altes Zeug von vor 20 Jahren!<\/p>\n\n\n\n<p>Das hat schon zwei Umz\u00fcge \u00fcberstanden \u2013 Von Dachboden zu Dachboden zu Dachboden! Was man so alles durch sein Leben schleppt, obwohl man es eigentich schon l\u00e4ngst nicht mehr braucht. Da k\u00f6nnte \u2013 nein das m\u00fcsste alles mal weg. Eigentlich h\u00e4tte ich das schon entsorgen k\u00f6nnen, bevor ich es auf dem Dachboden end-lagere.<\/p>\n\n\n\n<p>Ach, und der gr\u00f6\u00dfte Teil h\u00e4tte mir auch nicht gefehlt, wenn ich ihn nie gekauft h\u00e4tte. Es ist schon verr\u00fcckt, was ich \u00fcber die Jahre am Sachen kaufe, die eigentlich \u00fcberfl\u00fcssig sind.<\/p>\n\n\n\n<p>Aber das sagt sich so leicht \u2026 und wenns drauf ankommt, sp\u00fcre ich halt doch wieder den Reiz von den vielen Dinge, die mich im Laden anlachen und rufen: Gell, ich gefalle dir \u2013 nimm mich mit \u2013 du wird es nicht bereuen. Und gerade das letzte Versprechen k\u00f6nnen sie dann doch nicht halten.<\/p>\n\n\n\n<p><strong><em>Wer andern ein Grube &#8230;<\/em><\/strong><\/p>\n\n\n\n<p>Guten Morgen. Wer andern ein Grube gr\u00e4bt \u2026 ja, ich wei\u00df, sie kennen das Sprichwort \u2026 f\u00e4llt selbst hinein.<\/p>\n\n\n\n<p>Hat man ja schon tausendmal geh\u00f6rt. H\u00e4ngt einem schon irgendwie zum Hals raus \u2026 naja, klingt halt so oberlehrerhaft, so mega-moralisch. Das wundert einen, dass sich der Satz so \u00fcber die Jahrhunderte gehalten hat.<\/p>\n\n\n\n<p>Wer andern ein Grube gr\u00e4bt, f\u00e4llt selbst hinein.<br>Da klingt ja nicht mal originell. Und sprachlich ist es auch keine Offenbarung. Da h\u00e4tte man sich schon ein bisschen mehr reinh\u00e4ngen k\u00f6nnen .. damals \u2026 achso, da f\u00e4llt mir ein, das steht ja sogar in der Bibel. Im Buch \u201cSpr\u00fcche Salomos\u201d \u2013 dann w\u00e4ren das ja schon ann\u00e4hernd 3000 Jahre!<\/p>\n\n\n\n<p>Wer andern ein Grube gr\u00e4bt, f\u00e4llt selbst hinein.&nbsp; Das w\u00fcrde perfekt auf so ein gekl\u00f6ppeltes Deckchen in einer Bauernstube im Freilandmuseum Bad Windsheim passen. Da solls hin! Ans Ende der Welt.<\/p>\n\n\n\n<p>Das w\u00e4re die L\u00f6sung! Wer andern ein Grube gr\u00e4bt&nbsp; \u2026 aber ich bef\u00fcrchte: Ich werde den Spruch doch nicht los. Einfach, weil sich diese schlichte Warnung immer wieder bewahrheitet.<\/p>\n\n\n\n<p><strong><em>Bummerang<\/em><\/strong><\/p>\n\n\n\n<p>Manchmal sind Sorgen wie ein Bummerang. So oft ich auch versuche, sie los zu werden, sie verscheuche, mich ablenke \u2026 es dauert nicht lange, und sie sind wieder da.\u00a0Und wenn sie mit viel Schwung zur\u00fcckgesaust kommen, muss ich aufpassen, dass sie mich nicht schlimmer treffen als vorher.<br>Eben, wie so ein australischer Bummerang.<\/p>\n\n\n\n<p>Und dann steht da in der Bibel: \u201cAll eure Sorgen werft auf Gott, denn er sorgt f\u00fcr euch\u201d. Wenn ich meine Sorgen auf Gott werfe, dann sage ich ihm in meinem Gedanken: \u00a0Gott k\u00fcmmere du dich jetzt drum, ich will diese bl\u00f6den Sorgen loshaben!<\/p>\n\n\n\n<p>Manchmal sind sie dann trotzdem wie in Bummerang und nach einiger Zeit kommen sie wieder. Aber immerhin hatte ich bis dahin etwas Ruhe um mal wieder innerlich Luft zu holen.<br>Das ist doch auch schon mal was.<\/p>\n\n\n\n<p>Gott sei Dank, geschiehts aber auch immer wieder Mal, dass dieser Sorgenbummerang nicht zur\u00fcckkehrt. Dass sich Probleme l\u00f6sen und Sorgen erledigen.<br>Dann sage ich Danke, lieber Gott. Und wei\u00df: Wenns mal wieder Sorgen gibt, werde ich wieder versuchen, bei ihm meine Sorgen loszuwerden.<\/p>\n\n\n\n<p><strong><em>T\u00e4ter des Wortes<\/em><\/strong><\/p>\n\n\n\n<p>\u00dcber der Ausgangst\u00fcre der Kirche in meinem Heimatort steht in gro\u00dfen Buchstaben. \u201cSeid T\u00e4ter des Worts und nicht H\u00f6rer allein.\u201d<\/p>\n\n\n\n<p>Das hat mich schon als als Konfirmand beeindruckt: Das, was du in der Kirche h\u00f6rst, soll drau\u00dfen in die Tat umgesetzt werden. Denn wenn du nur den Pfarrer von N\u00e4chstenliebe, Vergebungsbereitschaft und Zuversicht reden h\u00f6rst, aber vor der Kirchent\u00fcre nichts draus machst, dann ist das alles irgendwie umsonst.<\/p>\n\n\n\n<p>Und weil ja so viele immer sagen \u201cDie Kirche m\u00fcsste dies und das\u2026.\u201d. Meine Heimatkirchle mit diesem Satz sagt mir: Ihr alle, die ihr da raus geht, seid \u201cdie Kirche\u201d!&nbsp;<\/p>\n\n\n\n<p>Wenn ihr von der Kirche was erwartet, dann m\u00fcsst ihr selber die \u00c4rmel hoch krempeln: Wie es da oben eben hingepinselt ist: \u201cSeid T\u00e4ter des Worts und nicht H\u00f6rer allein.\u201d<\/p>\n\n\n\n<p><strong><em>Welttag des Brotes (16. Oktober)<\/em><\/strong><\/p>\n\n\n\n<p>Heute ist der Welttag des Brotes. &nbsp;Unglaublich, was es da alles gibt!<\/p>\n\n\n\n<p>Wei\u00dfbrot, Graubrot, Schwarzbrot. Dinkel, Roggen, Weinzenbrot. Bierkruste, Feigen-Walnuss-Stange, Bauernlaib. Soviel Auswahl und doch einfach Brot.<\/p>\n\n\n\n<p>Als Jesus einmal gesagt hat: \u201cIch bin das Brot der Welt\u201d \u2013 ob er sich vorstellen konnte, dass es irgendwann einmal so viele verschiedene Sorten geben k\u00f6nnte?<\/p>\n\n\n\n<p>Naja, die Menschen, die als Christen an ihn glauben sind ja noch viel unterschiedlicher und vielf\u00e4ltiger, als all diese Brotsorten. Da gibs auf unserem Planeten ja wirklich alles.\u00a0Und doch geht es im Grunde in aller Unterschiedlichkeit und das Selbe! Das gleiche \u201cBrot des Lebens\u201d: N\u00e4mlich Glaube, Hoffnung, Liebe \u2013 das Vertrauen auf einen himmlischen Vater, der auf unserer Seite ist, egal, was da kommen mag.<\/p>\n","protected":false},"excerpt":{"rendered":"<p>Brotvermehrung Guten Morgen. Sie kennen sicher die Geschichte, wo Jesus mit einer Handvoll Broten und Fischen\u00a0 ein paar tausend Menschen satt gemacht hat. Wie hat er das nur hinbekommen? So ganz genau kann ich ihnen das nicht sagen \u2013 aber ich habe da etwas entdeckt: Erstens: Er hat keine Panik\u2026 <a class=\"continue-reading-link\" href=\"https:\/\/www.pastors-home.de\/?p=4419\">ich will weiterlesen<\/a><\/p>\n","protected":false},"author":1,"featured_media":3409,"comment_status":"open","ping_status":"open","sticky":false,"template":"","format":"standard","meta":{"jetpack_post_was_ever_published":false,"_jetpack_newsletter_access":"","_jetpack_dont_email_post_to_subs":false,"_jetpack_newsletter_tier_id":0,"_jetpack_memberships_contains_paywalled_content":false,"_jetpack_memberships_contains_paid_content":false,"footnotes":"","jetpack_publicize_message":"","jetpack_publicize_feature_enabled":true,"jetpack_social_post_already_shared":true,"jetpack_social_options":{"image_generator_settings":{"template":"highway","default_image_id":0,"font":"","enabled":false},"version":2}},"categories":[853],"tags":[],"class_list":["post-4419","post","type-post","status-publish","format-standard","has-post-thumbnail","hentry","category-radioandachten-2020"],"jetpack_publicize_connections":[],"jetpack_featured_media_url":"https:\/\/i0.wp.com\/www.pastors-home.de\/wp-content\/uploads\/2018\/05\/andachtenwelt2000_2018.jpg?fit=2000%2C2000&ssl=1","jetpack_sharing_enabled":true,"jetpack_shortlink":"https:\/\/wp.me\/p4BNB2-19h","jetpack_likes_enabled":true,"_links":{"self":[{"href":"https:\/\/www.pastors-home.de\/index.php?rest_route=\/wp\/v2\/posts\/4419","targetHints":{"allow":["GET"]}}],"collection":[{"href":"https:\/\/www.pastors-home.de\/index.php?rest_route=\/wp\/v2\/posts"}],"about":[{"href":"https:\/\/www.pastors-home.de\/index.php?rest_route=\/wp\/v2\/types\/post"}],"author":[{"embeddable":true,"href":"https:\/\/www.pastors-home.de\/index.php?rest_route=\/wp\/v2\/users\/1"}],"replies":[{"embeddable":true,"href":"https:\/\/www.pastors-home.de\/index.php?rest_route=%2Fwp%2Fv2%2Fcomments&post=4419"}],"version-history":[{"count":1,"href":"https:\/\/www.pastors-home.de\/index.php?rest_route=\/wp\/v2\/posts\/4419\/revisions"}],"predecessor-version":[{"id":4420,"href":"https:\/\/www.pastors-home.de\/index.php?rest_route=\/wp\/v2\/posts\/4419\/revisions\/4420"}],"wp:featuredmedia":[{"embeddable":true,"href":"https:\/\/www.pastors-home.de\/index.php?rest_route=\/wp\/v2\/media\/3409"}],"wp:attachment":[{"href":"https:\/\/www.pastors-home.de\/index.php?rest_route=%2Fwp%2Fv2%2Fmedia&parent=4419"}],"wp:term":[{"taxonomy":"category","embeddable":true,"href":"https:\/\/www.pastors-home.de\/index.php?rest_route=%2Fwp%2Fv2%2Fcategories&post=4419"},{"taxonomy":"post_tag","embeddable":true,"href":"https:\/\/www.pastors-home.de\/index.php?rest_route=%2Fwp%2Fv2%2Ftags&post=4419"}],"curies":[{"name":"wp","href":"https:\/\/api.w.org\/{rel}","templated":true}]}}