{"id":4220,"date":"2020-04-13T12:03:23","date_gmt":"2020-04-13T10:03:23","guid":{"rendered":"https:\/\/www.pastors-home.de\/?p=4220"},"modified":"2022-10-15T11:55:26","modified_gmt":"2022-10-15T09:55:26","slug":"videoandacht-wuerfel-und-ein-schwamm-mit-essig-karfreitag-5-april-2020","status":"publish","type":"post","link":"https:\/\/www.pastors-home.de\/?p=4220","title":{"rendered":"Videoandacht: W\u00fcrfel und ein Schwamm mit Essig (Karfreitag) 10. April 2020"},"content":{"rendered":"\n<p>Karfreitag. Der Tag der Kreuzigung und des Todes von Jesus Christus. Ein Geschehen, wo uns oft genug die Worte, Bilder und Erkl\u00e4rungen fehlen.<br>Diese Andacht blickt auf zwei Symbole der Karfreitagserz\u00e4hlung: Die W\u00fcrfel der Soldaten und der Schwamm mit Essig.<\/p>\n\n\n\n<figure class=\"wp-block-image size-large\"><a href=\"https:\/\/youtu.be\/SRz_FARpbng\" target=\"_blank\" rel=\"noreferrer noopener\"><img data-recalc-dims=\"1\" loading=\"lazy\" decoding=\"async\" width=\"880\" height=\"495\" data-attachment-id=\"4222\" data-permalink=\"https:\/\/www.pastors-home.de\/?attachment_id=4222\" data-orig-file=\"https:\/\/i0.wp.com\/www.pastors-home.de\/wp-content\/uploads\/2020\/04\/vlcsnap-2020-04-13-12h02m40s288.png?fit=1280%2C720&amp;ssl=1\" data-orig-size=\"1280,720\" data-comments-opened=\"1\" data-image-meta=\"{&quot;aperture&quot;:&quot;0&quot;,&quot;credit&quot;:&quot;&quot;,&quot;camera&quot;:&quot;&quot;,&quot;caption&quot;:&quot;&quot;,&quot;created_timestamp&quot;:&quot;0&quot;,&quot;copyright&quot;:&quot;&quot;,&quot;focal_length&quot;:&quot;0&quot;,&quot;iso&quot;:&quot;0&quot;,&quot;shutter_speed&quot;:&quot;0&quot;,&quot;title&quot;:&quot;&quot;,&quot;orientation&quot;:&quot;0&quot;}\" data-image-title=\"vlcsnap-2020-04-13-12h02m40s288\" data-image-description=\"\" data-image-caption=\"\" data-large-file=\"https:\/\/i0.wp.com\/www.pastors-home.de\/wp-content\/uploads\/2020\/04\/vlcsnap-2020-04-13-12h02m40s288.png?fit=880%2C495&amp;ssl=1\" src=\"https:\/\/i0.wp.com\/www.pastors-home.de\/wp-content\/uploads\/2020\/04\/vlcsnap-2020-04-13-12h02m40s288.png?resize=880%2C495&#038;ssl=1\" alt=\"\" class=\"wp-image-4222\" srcset=\"https:\/\/i0.wp.com\/www.pastors-home.de\/wp-content\/uploads\/2020\/04\/vlcsnap-2020-04-13-12h02m40s288.png?resize=1024%2C576&amp;ssl=1 1024w, https:\/\/i0.wp.com\/www.pastors-home.de\/wp-content\/uploads\/2020\/04\/vlcsnap-2020-04-13-12h02m40s288.png?resize=300%2C169&amp;ssl=1 300w, https:\/\/i0.wp.com\/www.pastors-home.de\/wp-content\/uploads\/2020\/04\/vlcsnap-2020-04-13-12h02m40s288.png?resize=768%2C432&amp;ssl=1 768w, https:\/\/i0.wp.com\/www.pastors-home.de\/wp-content\/uploads\/2020\/04\/vlcsnap-2020-04-13-12h02m40s288.png?resize=400%2C225&amp;ssl=1 400w, https:\/\/i0.wp.com\/www.pastors-home.de\/wp-content\/uploads\/2020\/04\/vlcsnap-2020-04-13-12h02m40s288.png?resize=150%2C84&amp;ssl=1 150w, https:\/\/i0.wp.com\/www.pastors-home.de\/wp-content\/uploads\/2020\/04\/vlcsnap-2020-04-13-12h02m40s288.png?w=1280&amp;ssl=1 1280w\" sizes=\"auto, (max-width: 880px) 100vw, 880px\" \/><\/a><\/figure>\n","protected":false},"excerpt":{"rendered":"<p>Karfreitag. Der Tag der Kreuzigung und des Todes von Jesus Christus. Ein Geschehen, wo uns oft genug die Worte, Bilder und Erkl\u00e4rungen fehlen.<br \/>\nDiese Andacht blickt auf zwei Symbole der Karfreitagserz\u00e4hlung: Die W\u00fcrfel der Soldaten und der Schwamm mit Essig. <a class=\"continue-reading-link\" href=\"https:\/\/www.pastors-home.de\/?p=4220\">ich will weiterlesen<\/a><\/p>\n","protected":false},"author":1,"featured_media":4222,"comment_status":"open","ping_status":"open","sticky":false,"template":"","format":"standard","meta":{"jetpack_post_was_ever_published":false,"_jetpack_newsletter_access":"","_jetpack_dont_email_post_to_subs":false,"_jetpack_newsletter_tier_id":0,"_jetpack_memberships_contains_paywalled_content":false,"_jetpack_memberships_contains_paid_content":false,"footnotes":"","jetpack_publicize_message":"","jetpack_publicize_feature_enabled":true,"jetpack_social_post_already_shared":true,"jetpack_social_options":{"image_generator_settings":{"template":"highway","default_image_id":0,"font":"","enabled":false},"version":2}},"categories":[854,862],"tags":[],"class_list":["post-4220","post","type-post","status-publish","format-standard","has-post-thumbnail","hentry","category-predigten-2020","category-videoandachten"],"jetpack_publicize_connections":[],"jetpack_featured_media_url":"https:\/\/i0.wp.com\/www.pastors-home.de\/wp-content\/uploads\/2020\/04\/vlcsnap-2020-04-13-12h02m40s288.png?fit=1280%2C720&ssl=1","jetpack_sharing_enabled":true,"jetpack_shortlink":"https:\/\/wp.me\/p4BNB2-164","jetpack_likes_enabled":true,"_links":{"self":[{"href":"https:\/\/www.pastors-home.de\/index.php?rest_route=\/wp\/v2\/posts\/4220","targetHints":{"allow":["GET"]}}],"collection":[{"href":"https:\/\/www.pastors-home.de\/index.php?rest_route=\/wp\/v2\/posts"}],"about":[{"href":"https:\/\/www.pastors-home.de\/index.php?rest_route=\/wp\/v2\/types\/post"}],"author":[{"embeddable":true,"href":"https:\/\/www.pastors-home.de\/index.php?rest_route=\/wp\/v2\/users\/1"}],"replies":[{"embeddable":true,"href":"https:\/\/www.pastors-home.de\/index.php?rest_route=%2Fwp%2Fv2%2Fcomments&post=4220"}],"version-history":[{"count":5,"href":"https:\/\/www.pastors-home.de\/index.php?rest_route=\/wp\/v2\/posts\/4220\/revisions"}],"predecessor-version":[{"id":5387,"href":"https:\/\/www.pastors-home.de\/index.php?rest_route=\/wp\/v2\/posts\/4220\/revisions\/5387"}],"wp:featuredmedia":[{"embeddable":true,"href":"https:\/\/www.pastors-home.de\/index.php?rest_route=\/wp\/v2\/media\/4222"}],"wp:attachment":[{"href":"https:\/\/www.pastors-home.de\/index.php?rest_route=%2Fwp%2Fv2%2Fmedia&parent=4220"}],"wp:term":[{"taxonomy":"category","embeddable":true,"href":"https:\/\/www.pastors-home.de\/index.php?rest_route=%2Fwp%2Fv2%2Fcategories&post=4220"},{"taxonomy":"post_tag","embeddable":true,"href":"https:\/\/www.pastors-home.de\/index.php?rest_route=%2Fwp%2Fv2%2Ftags&post=4220"}],"curies":[{"name":"wp","href":"https:\/\/api.w.org\/{rel}","templated":true}]}}