{"id":4059,"date":"2019-12-23T18:34:51","date_gmt":"2019-12-23T17:34:51","guid":{"rendered":"https:\/\/www.pastors-home.de\/?p=4059"},"modified":"2019-12-23T19:01:35","modified_gmt":"2019-12-23T18:01:35","slug":"symbolpredigt-der-strohstern-aus-der-stroh-alter-erzaehlungen-den-stern-des-eigenen-glaubens-flechten-25-dezember-2019","status":"publish","type":"post","link":"https:\/\/www.pastors-home.de\/?p=4059","title":{"rendered":"Symbolpredigt: Der Strohstern &#8211; Aus dem Stroh alter Erz\u00e4hlungen den Stern des eigenen Glaubens flechten &#8211; 25. Dezember 2019"},"content":{"rendered":"\n<div class=\"wp-block-media-text alignwide\"><figure class=\"wp-block-media-text__media\"><img data-recalc-dims=\"1\" loading=\"lazy\" decoding=\"async\" width=\"880\" height=\"599\" data-attachment-id=\"4061\" data-permalink=\"https:\/\/www.pastors-home.de\/?attachment_id=4061\" data-orig-file=\"https:\/\/i0.wp.com\/www.pastors-home.de\/wp-content\/uploads\/2019\/12\/wp-15771222797741895852496549893893-e1577122377624.jpg?fit=1220%2C830&amp;ssl=1\" data-orig-size=\"1220,830\" data-comments-opened=\"1\" data-image-meta=\"{&quot;aperture&quot;:&quot;0&quot;,&quot;credit&quot;:&quot;&quot;,&quot;camera&quot;:&quot;&quot;,&quot;caption&quot;:&quot;&quot;,&quot;created_timestamp&quot;:&quot;0&quot;,&quot;copyright&quot;:&quot;&quot;,&quot;focal_length&quot;:&quot;0&quot;,&quot;iso&quot;:&quot;0&quot;,&quot;shutter_speed&quot;:&quot;0&quot;,&quot;title&quot;:&quot;&quot;,&quot;orientation&quot;:&quot;0&quot;}\" data-image-title=\"wp-15771222797741895852496549893893.jpg\" data-image-description=\"\" data-image-caption=\"\" data-large-file=\"https:\/\/i0.wp.com\/www.pastors-home.de\/wp-content\/uploads\/2019\/12\/wp-15771222797741895852496549893893-e1577122377624.jpg?fit=880%2C599&amp;ssl=1\" src=\"https:\/\/i0.wp.com\/www.pastors-home.de\/wp-content\/uploads\/2019\/12\/wp-15771222797741895852496549893893-e1577122377624-1024x697.jpg?resize=880%2C599&#038;ssl=1\" alt=\"\" class=\"wp-image-4061\" srcset=\"https:\/\/i0.wp.com\/www.pastors-home.de\/wp-content\/uploads\/2019\/12\/wp-15771222797741895852496549893893-e1577122377624.jpg?resize=1024%2C697&amp;ssl=1 1024w, https:\/\/i0.wp.com\/www.pastors-home.de\/wp-content\/uploads\/2019\/12\/wp-15771222797741895852496549893893-e1577122377624.jpg?resize=300%2C204&amp;ssl=1 300w, https:\/\/i0.wp.com\/www.pastors-home.de\/wp-content\/uploads\/2019\/12\/wp-15771222797741895852496549893893-e1577122377624.jpg?resize=768%2C522&amp;ssl=1 768w, https:\/\/i0.wp.com\/www.pastors-home.de\/wp-content\/uploads\/2019\/12\/wp-15771222797741895852496549893893-e1577122377624.jpg?resize=400%2C272&amp;ssl=1 400w, https:\/\/i0.wp.com\/www.pastors-home.de\/wp-content\/uploads\/2019\/12\/wp-15771222797741895852496549893893-e1577122377624.jpg?resize=150%2C102&amp;ssl=1 150w, https:\/\/i0.wp.com\/www.pastors-home.de\/wp-content\/uploads\/2019\/12\/wp-15771222797741895852496549893893-e1577122377624.jpg?w=1220&amp;ssl=1 1220w\" sizes=\"auto, (max-width: 880px) 100vw, 880px\" \/><\/figure><div class=\"wp-block-media-text__content\">\n<p class=\"has-large-font-size\">Strohsterne<\/p>\n\n\n\n<p>Sie sind aus Stroh, das manche f\u00fcr wertlos halten, und verweisen doch auf  die Gr\u00f6\u00dfe Gottes, der den Kosmos schuf und Jesus gesandt hat.<br>Die Symbolpredigt zu den Strohsternen greift dazu alt- und neutestamentliche Aspekte auf.<\/p>\n<\/div><\/div>\n\n\n\n<p>Liebe Gemeinde,<\/p>\n<p>was w\u00e4re ein Weihnachtsbaum, was w\u00e4re Weihnachten, ohne Strohsterne? \u00dcberall h\u00e4ngen sie. Nicht nur am Baum, auch in den Fenstern. Sie lassen sich \u00fcberall dazulegen. Strohsterne sind irgendwie die Allzweckwaffe der Weihnachtsdekoration<\/p>\n<p><strong><em>Der Stern als Wegweiser<\/em><\/strong><\/p>\n<p>Aber sie sind nat\u00fcrlich mehr als nur Deko-Schnickschnack. Denn sie erinnern an den Stern von Bethlehem, der die Weisen aus dem Morgenland auf Jesu Spur gelockt hat:<\/p>\n<p>Matth\u00e4us 2, 1-3<br \/><em>Da Jesus geboren war zu Bethlehem in Jud\u00e4a zur Zeit des K\u00f6nigs Herodes, siehe, da kamen Weise aus dem Morgenland nach Jerusalem und sprachen: 2 Wo ist der neugeborene K\u00f6nig der Juden? Wir haben seinen Stern aufgehen sehen und sind gekommen, ihn anzubeten.<\/em><\/p>\n<p>Der Stern von Bethlehem \u2013 ein Wegweiser! Naja, vielleicht auch ein Wegweiser f\u00fcr uns? Ein Hinweis auf das Jesuskind in der Krippe \u2013 damit man es nicht \u00fcbersieht, bei all dem Weihnachtszauber, den wir so veranstalten: Geschenke, Festessen, Besuche machen, Besucher empfangen, sich freuen, sich streiten, Pl\u00e4tzchen naschen, wieder Essen und und und.<\/p>\n<p>Der Stern, der sagt: Achtung! Da geht es zum Kind \u2013 hier ist derjenige, um den es bei diesem Fest geht.<!--more--><\/p>\n<p><strong><em>Warum gerade aus Stroh?<\/em><\/strong><\/p>\n<p>Aber wehalb Stroh-Sterne? Wenn es denn schon um so etwas Wichtiges geht, wie Jesus? Da l\u00e4gen Sterne aus Gold- und Silberfolie doch viel n\u00e4her! Wertvolles braucht Wertvolles oder?<\/p>\n<p>Wenn man im Internet nach der Herkunft der Strohsterne googelt, kommt man auf eine wenig romantische Erkl\u00e4rung: Im 19. Jahrhundert waren Strohh\u00fcte ein sehr gefragtes Produkt. Aber eben etwas, was man f\u00fcr den Sommer brauchte. Und da kam ein findiger Mensch auf die Idee, f\u00fcr den Winter aus den kurzen Stroh-Resten der Hutproduktion Strohsterne als Dekomaterial zu produzieren.<\/p>\n<p>Ein Weihnachtsschlager aus Abfall! Super \u2013 das klingt so richtig edel. Gerade f\u00fcr ein Weihnachstfest, wo sich die Prospekte von Aldi und Edeka \u00fcberschlagen mit Premium-Produkten. Nur das Feinste f\u00fcr die Festttage \u2013 und dann kommen wir mit Sternen aus Strohresten daher. Aus wertlosem Stroh, das f\u00fcr nichts anderes mehr zu gebrauchen war.<\/p>\n<p>Aber vielleicht passt das ja besonders gut diesem Jesus. Er hat ja einmal einen ungew\u00f6hnlichen Psalmvers auf sich bezogen:<\/p>\n<p>(Markus 12, 10-11)<br \/><em>Der Stein, den die Bauleute verworfen haben, der ist zum Eckstein geworden. Vom Herrn ist das geschehen und ist ein Wunder vor unsern Augen.<\/em><\/p>\n<p>Jesus sagt: Derjenige, den ihr am liebsten als unbrauchbar weggeworfen h\u00e4ttet, den hat Gott zum Eckstein gemacht. Zu dem, an dem sich alles andere einmal orientieren wird.<br \/>Was f\u00fcr die einen Abfall ist, wird f\u00fcr die Anderen zum wertvollen Schatz!<\/p>\n<p>Herodes h\u00e4tte diesen Jesus am liebsten schon als Baby beiseite ger\u00e4umt.<\/p>\n<p>Die Pharis\u00e4er und Schriftgelehrten sahen in ihm einen, der ohne Respekt vor alten Traditionen die geltende Ordnung in Frage stellt, und deshalb weg muss.<\/p>\n<p>Sogar ein Paulus hat anf\u00e4nglich den Glauben an Jesus Christus als gef\u00e4hrliche Sekte angesehen. Denn sie hat alles, was ihm wertvoll erschien, in Zweifel gezogen.<\/p>\n<p>Bis in die Gegenwart gibt es ausreichend viele Menschen, die meinen: Das, was die Frommen, was die Kirchen sagen, das ist ja nur irrelevantes blabla; diese wertlosen Sonntagsreden von Liebe und Vergebung kann man in die Tonne treten.<\/p>\n<p><em>Der Stein, den die Bauleute verworfen haben, der ist zum Eckstein geworden. Vom Herrn ist das geschehen und ist ein Wunder vor unsern Augen.<\/em><\/p>\n<p>Es ist ein Wunder vor unseren Augen, dass dieses kleine zerbrechliche Kind im Stall einmal so eine Wirkung entfalten konnte. Den Tod \u00fcberwinden und sich als Sohn Gottes erweisen.<\/p>\n<p><strong><em>Der Stern \u2013 der Kosmos \u2013 die Welt<\/em><\/strong><\/p>\n<p>Liebe Gemeinde,<\/p>\n<p>Ich habe noch einen anderen Punkt: Wenn wir unsere Wohnungen mit Sternen verzieren, dann holen wir uns eigentlich des Kosmos ins Haus. Normalerweise sehen wir ja keine Sterne. Dazu m\u00fcssten wir rausgehen, in einer wolkenlosen Nacht. Ein bisschen warten, bis sich die Augen an die Dunkelheit gew\u00f6hnt haben.<\/p>\n<p>Dann wird die gro\u00dfartige Sternenwelt \u00fcber uns sichtbar. Wir erkennen einige Sternbilder \u2026 und je l\u00e4nger wir da in die Nacht schauen, umso mehr entwickelt sich das Gef\u00fchl f\u00fcr die schier endlose Gr\u00f6\u00dfe dieses Kosmos. Millionen von Lichtjahren ist das alles gro\u00df \u2013 sich das vorzustellen \u2026 das sprengt alle Dimensionen.<br \/>Und das alles ist Gottes Sch\u00f6pfung \u2026.<br \/><br \/><\/p>\n<p>Und mir f\u00e4llt dann auf: So oft begn\u00fcge ich mich damit, mir vorzustellen, Gott, w\u00e4re da oben, knapp \u00fcberhalb der Wolken. Ich wei\u00df, dass das eine recht naive Vorstellung ist. Aber f\u00fcr mein kleines Menschenhirn ist diese Idee ganz n\u00fctzlich. Beten f\u00e4llt mir leichter, wenn ich denke, dass Gott irgendwo da oben einen reservierten Platz hat.<\/p>\n<p>Naja, und dann der Blick in die unendlichen Weiten des Alls. Und da ist Gott Herr \u00fcber alles. Unglaublich. Schon K\u00f6nig David hat gebetet \u201c<em>Sollte Gott wirklich auf Erden wohnen? Siehe, der Himmel und aller Himmel Himmel k\u00f6nnen dich nicht fassen!\u201d <\/em>(1. K\u00f6nige 8,27) <br \/>Ich sp\u00fcre, wie klein ich dagegen bin. Vor allem aber sp\u00fcre, ich, wie klein mein Denken \u00fcber Gott da oft ist. Wie oft ich den intergalaktischen Gott mit irdischen Ma\u00dfst\u00e4ben betrachte. <br \/>Wenn ich mir vorstelle, wie Gott zu sein hat. Wie er als \u201clieber\u201d Gott beschaffen sein m\u00fcsste.<br \/>Wenn ich nachdenke, was ich Gott zutrauen, zumuten oder was ich von ihm erbitten kann.<\/p>\n<p>Wie klein, manchmal auch kleinkariert und auch kleingl\u00e4ubig mein Denken ist. Weil ich Gott in meine kleine Erden-Welt quetschen m\u00f6chte.<\/p>\n<p><em>Siehe, der Himmel und aller Himmel Himmel k\u00f6nnen dich nicht fassen!<\/em><\/p>\n<p>Gott ist so gro\u00df \u2013 warum denke ich so oft in kleinen Dimensionen?<\/p>\n<p>Auf einer Karte habe ich einmal einen sch\u00f6nen Spruch gefunden: \u201eErz\u00e4hle deinem Gott nicht immer, wie gro\u00df deine Probleme sind. Sondern erz\u00e4hle deinen Problemen, wie gro\u00df dein Gott ist\u201c.<\/p>\n<p>Ein cooler Spruch \u2013 aber soll ich wirklich anfangen, meinen Problemen zu erz\u00e4hlen, wie gro\u00df mein Gott ist? Ehrlich gesagt, w\u00fcsste ich nicht, wie man mit einem Problem reden soll. Aber zumindest k\u00f6nnte ich mir selber sagen: Alexander, du hast doch einen gro\u00dfen Gott. Einer, der auf deiner Seite ist. Also sei nicht so \u00e4ngstlich. Habe Mut, sei kreativ, lass dich von deinen Sorgen nicht unterkriegen. Und pack es an, mit Zuversicht und Gottvertrauen!<\/p>\n<p><strong><em>Den Stern meines Glaubens flechten<\/em><\/strong><\/p>\n<p>Zur\u00fcck zum Strohstern: Strohsterne fallen ja nicht vom Himmel. Die werden gebastelt. Eigentlich kann das jeder. Mit mehr oder weniger handwerklichem Geschick. Das Ausgangsmaterial ist immer das gleiche. Und doch sehen sie am Ende ganz unterschiedlich aus, diese Strohsterne. Weil jeder Stohsternk\u00fcnster ein bisschen anders ist.<\/p>\n<p>Jetzt an Weihnachten sind wir ja auch gerade am Basteln. Dabei geht es weniger um das Stroh; sondern viel eher um den, der auf dem Stroh liegt: Jesus Christus, sein Leben und seine Botschaft.<\/p>\n<p>Ist es nicht so? Da reden alle von der Botschaft von Weihnachten \u2013 aber was hat das denn mit mir zu tun?<\/p>\n<p>Da gibts n\u00e4mlich keine fertigen L\u00f6sungen. Da muss jeder selber schauen, und versuchen, etwas damit anzufangen. Das ist ein bisschen so wie basteln: <br \/>Die Basis \u2013 das Stroh \u2013 ist immer das gleiche \u2013 Jesus bleibt uns.<\/p>\n<p>Aber was mache <u>ich<\/u> draus? In diesem Jahr? Welcher Gedanke von ihm, welche Botschaft, welche Wundergeschichte ist das, was mir selber wichtig ist?<\/p>\n<p>Der eine denkt an den Jesus, der auf dem See Genezartet die bedrohlichen Wellen beruhigt hat.<\/p>\n<p>Einem Anderen geht der Gedanke nach, dass Jesus immer wieder aufgerufen hat, auch seine Feinde zu lieben und zu verzeihen, wo man verletzt worden ist.<\/p>\n<p>Aus dem Stroh der alten Jesus-Geschichten immer wieder seinen eignen Stern des Glaubens zu flechten. Das, liebe Gemeinde, ist unsere Aufgabe. Immer wieder neu.<\/p>\n<p>Schauen Sie, was Ihnen wichtig werden k\u00f6nnte. Auch wenn manches auf den ersten Blick harmlos und nicht besonders wertvoll erscheint. Fast schon abgedroschen. Das ist bei Stroh nun mal so. Denken Sie an die Sterne, sie erinnern uns an den endlosen Kosmos und unseren Gott, der gr\u00f6\u00dfer ist, als wir es uns oft vorstellen m\u00f6gen.<\/p>\n<p>Amen<\/p>\n","protected":false},"excerpt":{"rendered":"<p>Sie sind aus Stroh, das manche f\u00fcr wertlos halten, und verweisen doch auf  die Gr\u00f6\u00dfe Gottes, der den Kosmos schuf und Jesus gesandt hat.<br \/>\nDie Symbolpredigt zu den Strohsternen greift dazu alt- und neutestamentliche Aspekte auf. <a class=\"continue-reading-link\" href=\"https:\/\/www.pastors-home.de\/?p=4059\">ich will weiterlesen<\/a><\/p>\n","protected":false},"author":1,"featured_media":4061,"comment_status":"open","ping_status":"open","sticky":false,"template":"","format":"standard","meta":{"jetpack_post_was_ever_published":false,"_jetpack_newsletter_access":"","_jetpack_dont_email_post_to_subs":false,"_jetpack_newsletter_tier_id":0,"_jetpack_memberships_contains_paywalled_content":false,"_jetpack_memberships_contains_paid_content":false,"footnotes":"","jetpack_publicize_message":"","jetpack_publicize_feature_enabled":true,"jetpack_social_post_already_shared":true,"jetpack_social_options":{"image_generator_settings":{"template":"highway","default_image_id":0,"font":"","enabled":false},"version":2}},"categories":[837,363],"tags":[641,89,831],"class_list":["post-4059","post","type-post","status-publish","format-standard","has-post-thumbnail","hentry","category-predigten-2019","category-symbolpredigt","tag-symbolpredigt","tag-weihnachten","tag-weihnachtspredigten"],"jetpack_publicize_connections":[],"jetpack_featured_media_url":"https:\/\/i0.wp.com\/www.pastors-home.de\/wp-content\/uploads\/2019\/12\/wp-15771222797741895852496549893893-e1577122377624.jpg?fit=1220%2C830&ssl=1","jetpack_sharing_enabled":true,"jetpack_shortlink":"https:\/\/wp.me\/p4BNB2-13t","jetpack_likes_enabled":true,"_links":{"self":[{"href":"https:\/\/www.pastors-home.de\/index.php?rest_route=\/wp\/v2\/posts\/4059","targetHints":{"allow":["GET"]}}],"collection":[{"href":"https:\/\/www.pastors-home.de\/index.php?rest_route=\/wp\/v2\/posts"}],"about":[{"href":"https:\/\/www.pastors-home.de\/index.php?rest_route=\/wp\/v2\/types\/post"}],"author":[{"embeddable":true,"href":"https:\/\/www.pastors-home.de\/index.php?rest_route=\/wp\/v2\/users\/1"}],"replies":[{"embeddable":true,"href":"https:\/\/www.pastors-home.de\/index.php?rest_route=%2Fwp%2Fv2%2Fcomments&post=4059"}],"version-history":[{"count":3,"href":"https:\/\/www.pastors-home.de\/index.php?rest_route=\/wp\/v2\/posts\/4059\/revisions"}],"predecessor-version":[{"id":4064,"href":"https:\/\/www.pastors-home.de\/index.php?rest_route=\/wp\/v2\/posts\/4059\/revisions\/4064"}],"wp:featuredmedia":[{"embeddable":true,"href":"https:\/\/www.pastors-home.de\/index.php?rest_route=\/wp\/v2\/media\/4061"}],"wp:attachment":[{"href":"https:\/\/www.pastors-home.de\/index.php?rest_route=%2Fwp%2Fv2%2Fmedia&parent=4059"}],"wp:term":[{"taxonomy":"category","embeddable":true,"href":"https:\/\/www.pastors-home.de\/index.php?rest_route=%2Fwp%2Fv2%2Fcategories&post=4059"},{"taxonomy":"post_tag","embeddable":true,"href":"https:\/\/www.pastors-home.de\/index.php?rest_route=%2Fwp%2Fv2%2Ftags&post=4059"}],"curies":[{"name":"wp","href":"https:\/\/api.w.org\/{rel}","templated":true}]}}