{"id":3894,"date":"2019-08-10T16:57:09","date_gmt":"2019-08-10T14:57:09","guid":{"rendered":"https:\/\/www.pastors-home.de\/?p=3894"},"modified":"2019-08-10T16:57:15","modified_gmt":"2019-08-10T14:57:15","slug":"predigt-der-weg-hinauf-zum-berg-der-verheissung-jesaja-2-1-5-11-august-2019","status":"publish","type":"post","link":"https:\/\/www.pastors-home.de\/?p=3894","title":{"rendered":"Predigt: Der Weg hinauf zum Berg der Verhei\u00dfung  (Jesaja 2, 1-5) 11. August 2019"},"content":{"rendered":"\n<div class=\"wp-block-media-text alignwide\"><figure class=\"wp-block-media-text__media\"><img data-recalc-dims=\"1\" loading=\"lazy\" decoding=\"async\" width=\"880\" height=\"587\" data-attachment-id=\"3896\" data-permalink=\"https:\/\/www.pastors-home.de\/?attachment_id=3896\" data-orig-file=\"https:\/\/i0.wp.com\/www.pastors-home.de\/wp-content\/uploads\/2019\/08\/P1070519-scaled.jpg?fit=2560%2C1707&amp;ssl=1\" data-orig-size=\"2560,1707\" data-comments-opened=\"1\" data-image-meta=\"{&quot;aperture&quot;:&quot;8&quot;,&quot;credit&quot;:&quot;&quot;,&quot;camera&quot;:&quot;DMC-TZ101&quot;,&quot;caption&quot;:&quot;&quot;,&quot;created_timestamp&quot;:&quot;1551876095&quot;,&quot;copyright&quot;:&quot;&quot;,&quot;focal_length&quot;:&quot;30.3&quot;,&quot;iso&quot;:&quot;125&quot;,&quot;shutter_speed&quot;:&quot;0.003125&quot;,&quot;title&quot;:&quot;&quot;,&quot;orientation&quot;:&quot;1&quot;}\" data-image-title=\"P1070519\" data-image-description=\"\" data-image-caption=\"\" data-large-file=\"https:\/\/i0.wp.com\/www.pastors-home.de\/wp-content\/uploads\/2019\/08\/P1070519-scaled.jpg?fit=880%2C587&amp;ssl=1\" src=\"https:\/\/i0.wp.com\/www.pastors-home.de\/wp-content\/uploads\/2019\/08\/P1070519.jpg?resize=880%2C587&#038;ssl=1\" alt=\"\" class=\"wp-image-3896\" srcset=\"https:\/\/i0.wp.com\/www.pastors-home.de\/wp-content\/uploads\/2019\/08\/P1070519-scaled.jpg?resize=1024%2C683&amp;ssl=1 1024w, https:\/\/i0.wp.com\/www.pastors-home.de\/wp-content\/uploads\/2019\/08\/P1070519-scaled.jpg?resize=300%2C200&amp;ssl=1 300w, https:\/\/i0.wp.com\/www.pastors-home.de\/wp-content\/uploads\/2019\/08\/P1070519-scaled.jpg?resize=768%2C512&amp;ssl=1 768w, https:\/\/i0.wp.com\/www.pastors-home.de\/wp-content\/uploads\/2019\/08\/P1070519-scaled.jpg?resize=1536%2C1024&amp;ssl=1 1536w, https:\/\/i0.wp.com\/www.pastors-home.de\/wp-content\/uploads\/2019\/08\/P1070519-scaled.jpg?resize=2048%2C1365&amp;ssl=1 2048w, https:\/\/i0.wp.com\/www.pastors-home.de\/wp-content\/uploads\/2019\/08\/P1070519-scaled.jpg?resize=400%2C267&amp;ssl=1 400w, https:\/\/i0.wp.com\/www.pastors-home.de\/wp-content\/uploads\/2019\/08\/P1070519-scaled.jpg?resize=150%2C100&amp;ssl=1 150w, https:\/\/i0.wp.com\/www.pastors-home.de\/wp-content\/uploads\/2019\/08\/P1070519-scaled.jpg?w=1760&amp;ssl=1 1760w\" sizes=\"auto, (max-width: 880px) 100vw, 880px\" \/><\/figure><div class=\"wp-block-media-text__content\">\n<p class=\"has-medium-font-size\">Jesaja 2<br>Schwerter zu Pflugscharen<\/p>\n\n\n\n<p>Der Weg zum Frieden f\u00fchrt einen steilen Berg hinauf. Mit schwierigen Schritten und R\u00fcckschl\u00e4gen. Und dabei haben wir ein Ziel vor Augen, das wir aus eigener Kraft nicht erreichen k\u00f6nnen<\/p>\n<\/div><\/div>\n\n\n\n<p><strong><em>Predigttext Jesaja 2,1-5:<\/em><\/strong><\/p>\n\n\n\n<p>Dies ist das Wort, das Jesaja, der Sohn des Amoz, schaute \u00fcber Juda und Jerusalem.<br>\n2 Es wird zur letzten Zeit der Berg, da des HERRN Haus ist, fest stehen, h\u00f6her als alle Berge und \u00fcber alle H\u00fcgel erhaben, und alle Heiden werden herzulaufen,<br>\n3 und viele V\u00f6lker werden hingehen und sagen: Kommt, lasst uns hinaufgehen zum Berg des HERRN, zum Hause des Gottes Jakobs, dass er uns lehre seine Wege und wir wandeln auf seinen Steigen! Denn von Zion wird Weisung ausgehen und des HERRN Wort von Jerusalem.<br>\n4 Und er wird richten unter den Nationen und zurechtweisen viele V\u00f6lker. Da werden sie ihre Schwerter zu Pflugscharen machen und ihre Spie\u00dfe zu Sicheln. Denn es wird kein Volk wider das andere das Schwert erheben, und sie werden hinfort nicht mehr lernen, Krieg zu f\u00fchren.<br>\n5 Kommt nun, ihr vom Hause Jakob, lasst uns wandeln im Licht des HERRN! <\/p>\n\n\n\n<p><strong><em>Am Tempelberg<\/em><\/strong><\/p>\n\n\n\n<p>Liebe Gemeinde,<br>im M\u00e4rz dieses Jahres f\u00fchrte uns die Gemeindereise durch Israel nat\u00fcrlich auch zum Tempelberg. Der Berg, von dem der Prophet Jesaja hier spricht. <br> Tats\u00e4chlich ziehen die V\u00f6lker dorthin. Juden und Christen. Auch die Muslime, denn dort steht ja eine Moschee und der Felsendom.<br> Aus allen Nationen kommen sie &#8211; wollen diesen besonderen Ort erleben, wo einst der Tempel von Jerusalem stand.<br><\/p>\n\n\n\n<!--more-->\n\n\n\n<p><em>\u201eViele V\u00f6lker werden hingehen und sagen: Kommt, lasst uns hinaufgehen zum Berg des HERRN, zum Hause des Gottes Jakobs, dass er uns lehre seine Wege und wir wandeln auf seinen Steigen\u201d<\/em><\/p>\n\n\n\n<p>Deutsche, Japaner, Amerikaner, \u2026 die V\u00f6lker kommen, stehen stundenlang an den Einlasskontrollen der Sicherheitsbeh\u00f6rden. Das nehmen sie in Kauf, um zum Berg des Herrn zu kommen.<br>\nAber ob sie wirklich kommen, um dort mehr von Gott zu erfahren, um anschlie\u00dfend so zu leben, wie Gott es will? <\/p>\n\n\n\n<p>Hat da nicht jeder sowieso schon seinen Plan, was er f\u00fcr richtig h\u00e4lt.<br>\nIst es nicht so, dass wir umgekehrt immer weniger f\u00e4hig werden, aufeinander zu h\u00f6ren, von Anderen etwas anzunehmen? <\/p>\n\n\n\n<p><em>Da werden sie ihre Schwerter zu Pflugscharen machen und ihre Spie\u00dfe zu Sicheln. Denn es wird kein Volk wider das andere das Schwert erheben, und sie werden hinfort nicht mehr lernen, Krieg zu f\u00fchren.<\/em><\/p>\n\n\n\n<p>Davon ist der Heilige Berg in Jerusalem meilenweit entfernt. Keine Schwerter und Spie\u00dfe &#8211; aber an allen Ecken Polizei und Milit\u00e4r, mit Maschinenpistolen und Taschen voller Munition.<br>\nUnd ein paar Kilometer weiter westlich ist es nur eine Frage der Zeit, wann wieder aus dem Gazastreifen eine Rakete Richtung Israel abgeschossen wird und umgehend mit Kampfflugzeugen Vergeltung ge\u00fcbt wird.<br>\nWillkommen im Nahostkonflikt. Wo keiner bereit ist nachzugeben, auf beiden Seiten keine Bereitschaft, Schritte aufeinander zuzugehen. <br>\nEin Land, bis an die Z\u00e4hne bewaffnet &#8211; weil man ahnt: Wenn wir uns nicht wehren k\u00f6nnen, sind wir den anderen schutzlos ausgeliefert &#8211; ohne Abschreckung w\u00e4re unser Land schon l\u00e4ngst \u00fcberrannt.<\/p>\n\n\n\n<p><strong><em>Wenn keiner die Waffen weglegt<\/em><\/strong><\/p>\n\n\n\n<p>Zwischen 2019 und dem Propheten Jesaja liegen \u00fcber zweieinhalbtausend Jahre &#8211; und doch scheint die Situation sich nicht wirklich ver\u00e4ndert zu haben. &#8211; Nicht nur um Jerusalem, sondern auf dem ganzen Globus scheint das so.<\/p>\n\n\n\n<p>Ohne Waffen, ohne die M\u00f6glichkeit sich milit\u00e4risch zu wehren, kann sich kaum jemand das Nebeneinander der Staaten vorstellen. Gerade eben erleben wir ja neu, dass an allen Ecken und Enden neue Drohkulissen aufgebaut werden. Staatenlenker drohen viel offener mit Milit\u00e4rschl\u00e4gen, als es in den letzten Jahrzehnten denkbar war.<\/p>\n\n\n\n<p>Und auch im sonstigen Miteinander wird aufger\u00fcstet!<br>\nMan muss St\u00e4rke zeigen, damit man nicht untergebuttert wird.<br>\nEs wird gehetzt, gemobbt, gehasst.<br>\nIn Sozialen Medien l\u00e4sst sich keiner mehr etwas gefallen: Mit Worten wird aufeinander eingedroschen.<br>\nWer sich nicht wehrt, ist selber Schuld.<\/p>\n\n\n\n<p>Schwerter zu Pflugscharen? &#8211;  \u201cLieber Prophet Jesaja, was willst du uns damit sagen? Wir k\u00f6nnen es uns nicht leisten, unsere Waffen herzugeben &#8211; Sonst sind wir geliefert.\u201d<\/p>\n\n\n\n<p>\u201cSchwerter zu Pflugscharen\u201d &#8211; die Abschaffung von Waffen allein ist offenbar nicht die L\u00f6sung des Problems. <br>\nUnd umgekehrt wissen wir, dass Waffen auch keinen Frieden schaffen. <\/p>\n\n\n\n<p><em><strong>Menschen auf dem Weg des Friedens<\/strong><\/em><\/p>\n\n\n\n<p>Noch einmal zur\u00fcck zur Vision des Propheten Jesaja: <br><em> Viele V\u00f6lker werden hingehen und sagen: Kommt, lasst uns hinaufgehen zum Berg des HERRN, zum Hause des Gottes Jakobs, dass er uns lehre seine Wege und wir wandeln auf seinen Steigen!<\/em><\/p>\n\n\n\n<p>Jesaja malt mir Menschen vor Augen, die unterwegs sind &#8211; auf dem Weg, um zu verstehen und zu lernen, wie Gottes Wege aussehen. Menschen, die versuchen, aus den Worten der Bibel etwas f\u00fcr das eigene Leben zu machen.<br>\nNicht sein eigenes Ding &#8211; sondern das, was Gott gesagt und Jesus vorgelebt hat.<\/p>\n\n\n\n<p>Sie sind unterwegs\u2026  Das hei\u00dft nicht, dass sie alle schon w\u00fcssten wie es geht &#8211; aber sie sind auf dem Weg. Auf dem Weg den Berg der Verhei\u00dfung des Friedens hinauf.<\/p>\n\n\n\n<p>Ich glaube, wir werden immer wieder diesen Weg gehen m\u00fcssen.<br>\nDen Weg eines Menschen, der St\u00fcck f\u00fcr St\u00fcck versucht, Gottes Willen umzusetzen.<br>\nEs ist ein Weg, der einem Berg hinauf f\u00fchrt.<br>\nDer ist nie einfach.<br>\nMal gelingen ein paar Schritte &#8211; und dann rutscht man aus, und alles geht wieder r\u00fcckw\u00e4rts.<\/p>\n\n\n\n<p>Aber man beh\u00e4lt das Ziel im Auge: Eine friedvolle Welt, in der man die Schwerter zu Pflugscharen machen k\u00f6nnte, weil man sie einfach nicht mehr braucht.<\/p>\n\n\n\n<p><em><strong>Gottes Werk<\/strong><\/em><\/p>\n\n\n\n<p>Ob wir das schaffen?<br>\nWenn man genau hinschaut &#8211; kann man entdecken, das der Prophet Jesaja gar nicht damit rechnet, dass wir Menschen das verwirklichen. Es spricht davon, dass das ein Ziel am Ende der Zeit sein wird; ein Zustand, den Gott allein herstellen kann und auch wird.<\/p>\n\n\n\n<p>Darauf macht Jesaja seinen Zuh\u00f6rern und uns als Lesern seiner Worte Hoffnung \u2026 und zugleich bremst er unsere Erwartungen, dass wir die Welt grundlegend ver\u00e4ndern k\u00f6nnten oder m\u00fcssten.<br>\nEs gibt Ver\u00e4nderungen, die haben wir nicht in der Hand.<\/p>\n\n\n\n<p>Das ist ern\u00fcchternd &#8211; aber auch entlastend und realistisch.<\/p>\n\n\n\n<p><em><strong>Auf dem Weg im Licht bleiben<\/strong><\/em><\/p>\n\n\n\n<p>Aber wir werden dennoch nicht arbeitslos. Unsere Aufgabe ist es weiter, den steilen Weg den Friedensuchens zu gehen. Mit allen Fortschritten und R\u00fcckf\u00e4llen.<br>\nAm Ende tr\u00e4gt uns der Prophet Jesaja unsere Hausaufgabe auf:<br>\nKommt nun, (ihr vom Hause Jakob), lasst uns wandeln im Licht des HERRN.<\/p>\n\n\n\n<p>Bei allem, was ich eben nicht schaffen kann: DAS kann ich in Angriff nehmen. Mein Leben im Licht Gottes zu f\u00fchren. Das zu tun, wovon ich wei\u00df, dass es Frieden bringt.<\/p>\n\n\n\n<p>Kleine Schritte hinaus zum Berg der Verhei\u00dfung.<br>\nMeinen Teil dazu beizutragen, dass ich selber auch nicht mehr Lust habe Krieg zu spielen \u2026 weder in meiner Familie, noch in meinem Dorf. <br>\nDass ich vers\u00f6hne, statt vergelte.<br>\nLiebe s\u00e4e statt Rechthaberei zu pflegen.<br>\nVersuche zu verstehen, statt zu verurteilen.<\/p>\n\n\n\n<p>Da kann ich als Christ das sein, was Jesus uns aufgetragen hat:<br>\nIhr seid das Salz der Erde; ihr seid das Licht der Welt<\/p>\n\n\n\n<p>Amen<\/p>\n","protected":false},"excerpt":{"rendered":"<p>Jesaja 2, 1-5: Schwerter zu Pflugscharen<br \/>\nDer Weg zum Frieden f\u00fchrt einen steilen Berg hinauf. Mit schwierigen Schritten und R\u00fcckschl\u00e4gen. Und dabei haben wir ein Ziel vor Augen, das wir aus eigener Kraft nicht erreichen k\u00f6nnen. <a class=\"continue-reading-link\" href=\"https:\/\/www.pastors-home.de\/?p=3894\">ich will weiterlesen<\/a><\/p>\n","protected":false},"author":1,"featured_media":3896,"comment_status":"open","ping_status":"open","sticky":false,"template":"","format":"standard","meta":{"jetpack_post_was_ever_published":false,"_jetpack_newsletter_access":"","_jetpack_dont_email_post_to_subs":false,"_jetpack_newsletter_tier_id":0,"_jetpack_memberships_contains_paywalled_content":false,"_jetpack_memberships_contains_paid_content":false,"footnotes":"","jetpack_publicize_message":"","jetpack_publicize_feature_enabled":true,"jetpack_social_post_already_shared":true,"jetpack_social_options":{"image_generator_settings":{"template":"highway","default_image_id":0,"font":"","enabled":false},"version":2}},"categories":[837],"tags":[735,410,6,846],"class_list":["post-3894","post","type-post","status-publish","format-standard","has-post-thumbnail","hentry","category-predigten-2019","tag-8-sonntag-nach-trinitatis","tag-jes","tag-jesaja","tag-schwerter-zu-pflugscharen"],"jetpack_publicize_connections":[],"jetpack_featured_media_url":"https:\/\/i0.wp.com\/www.pastors-home.de\/wp-content\/uploads\/2019\/08\/P1070519-scaled.jpg?fit=2560%2C1707&ssl=1","jetpack_sharing_enabled":true,"jetpack_shortlink":"https:\/\/wp.me\/p4BNB2-10O","jetpack_likes_enabled":true,"_links":{"self":[{"href":"https:\/\/www.pastors-home.de\/index.php?rest_route=\/wp\/v2\/posts\/3894","targetHints":{"allow":["GET"]}}],"collection":[{"href":"https:\/\/www.pastors-home.de\/index.php?rest_route=\/wp\/v2\/posts"}],"about":[{"href":"https:\/\/www.pastors-home.de\/index.php?rest_route=\/wp\/v2\/types\/post"}],"author":[{"embeddable":true,"href":"https:\/\/www.pastors-home.de\/index.php?rest_route=\/wp\/v2\/users\/1"}],"replies":[{"embeddable":true,"href":"https:\/\/www.pastors-home.de\/index.php?rest_route=%2Fwp%2Fv2%2Fcomments&post=3894"}],"version-history":[{"count":2,"href":"https:\/\/www.pastors-home.de\/index.php?rest_route=\/wp\/v2\/posts\/3894\/revisions"}],"predecessor-version":[{"id":3897,"href":"https:\/\/www.pastors-home.de\/index.php?rest_route=\/wp\/v2\/posts\/3894\/revisions\/3897"}],"wp:featuredmedia":[{"embeddable":true,"href":"https:\/\/www.pastors-home.de\/index.php?rest_route=\/wp\/v2\/media\/3896"}],"wp:attachment":[{"href":"https:\/\/www.pastors-home.de\/index.php?rest_route=%2Fwp%2Fv2%2Fmedia&parent=3894"}],"wp:term":[{"taxonomy":"category","embeddable":true,"href":"https:\/\/www.pastors-home.de\/index.php?rest_route=%2Fwp%2Fv2%2Fcategories&post=3894"},{"taxonomy":"post_tag","embeddable":true,"href":"https:\/\/www.pastors-home.de\/index.php?rest_route=%2Fwp%2Fv2%2Ftags&post=3894"}],"curies":[{"name":"wp","href":"https:\/\/api.w.org\/{rel}","templated":true}]}}