{"id":3858,"date":"2019-05-31T17:58:30","date_gmt":"2019-05-31T15:58:30","guid":{"rendered":"https:\/\/www.pastors-home.de\/?p=3858"},"modified":"2020-05-23T18:49:55","modified_gmt":"2020-05-23T16:49:55","slug":"predigt-fest-verwurzelt-und-auf-dem-weg","status":"publish","type":"post","link":"https:\/\/www.pastors-home.de\/?p=3858","title":{"rendered":"Predigt: Fest verwurzelt und auf dem Weg (Epheser 3, 14-21) 2. Juni 2019"},"content":{"rendered":"\n<div class=\"wp-block-media-text alignwide has-background has-light-green-cyan-background-color\"><figure class=\"wp-block-media-text__media\"><img data-recalc-dims=\"1\" loading=\"lazy\" decoding=\"async\" width=\"880\" height=\"585\" data-attachment-id=\"3859\" data-permalink=\"https:\/\/www.pastors-home.de\/?attachment_id=3859\" data-orig-file=\"https:\/\/i0.wp.com\/www.pastors-home.de\/wp-content\/uploads\/2019\/05\/forest-2599720_1280.jpg?fit=1280%2C851&amp;ssl=1\" data-orig-size=\"1280,851\" data-comments-opened=\"1\" data-image-meta=\"{&quot;aperture&quot;:&quot;0&quot;,&quot;credit&quot;:&quot;&quot;,&quot;camera&quot;:&quot;&quot;,&quot;caption&quot;:&quot;&quot;,&quot;created_timestamp&quot;:&quot;0&quot;,&quot;copyright&quot;:&quot;&quot;,&quot;focal_length&quot;:&quot;0&quot;,&quot;iso&quot;:&quot;0&quot;,&quot;shutter_speed&quot;:&quot;0&quot;,&quot;title&quot;:&quot;&quot;,&quot;orientation&quot;:&quot;0&quot;}\" data-image-title=\"forest-2599720_1280\" data-image-description=\"\" data-image-caption=\"\" data-large-file=\"https:\/\/i0.wp.com\/www.pastors-home.de\/wp-content\/uploads\/2019\/05\/forest-2599720_1280.jpg?fit=880%2C585&amp;ssl=1\" src=\"https:\/\/i0.wp.com\/www.pastors-home.de\/wp-content\/uploads\/2019\/05\/forest-2599720_1280.jpg?resize=880%2C585&#038;ssl=1\" alt=\"\" class=\"wp-image-3859\" srcset=\"https:\/\/i0.wp.com\/www.pastors-home.de\/wp-content\/uploads\/2019\/05\/forest-2599720_1280.jpg?resize=1024%2C681&amp;ssl=1 1024w, https:\/\/i0.wp.com\/www.pastors-home.de\/wp-content\/uploads\/2019\/05\/forest-2599720_1280.jpg?resize=300%2C199&amp;ssl=1 300w, https:\/\/i0.wp.com\/www.pastors-home.de\/wp-content\/uploads\/2019\/05\/forest-2599720_1280.jpg?resize=768%2C511&amp;ssl=1 768w, https:\/\/i0.wp.com\/www.pastors-home.de\/wp-content\/uploads\/2019\/05\/forest-2599720_1280.jpg?resize=400%2C266&amp;ssl=1 400w, https:\/\/i0.wp.com\/www.pastors-home.de\/wp-content\/uploads\/2019\/05\/forest-2599720_1280.jpg?resize=150%2C100&amp;ssl=1 150w, https:\/\/i0.wp.com\/www.pastors-home.de\/wp-content\/uploads\/2019\/05\/forest-2599720_1280.jpg?w=1280&amp;ssl=1 1280w\" sizes=\"auto, (max-width: 880px) 100vw, 880px\" \/><\/figure><div class=\"wp-block-media-text__content\">\n<p class=\"has-large-font-size\">Eph 3, 14-21<\/p>\n\n\n\n<p>Fest in der Liebe Jesu verwurzelt sein, und sich zugleich auf dem Weg befinden. Darum geht es in dem Gebet in Eph 3.<br>Diese Predigt nutzt zum Verstehen drei unterschiedliche Bibel\u00fcbersetzungen, die auch die Gottesdienstbesucher als Audrucke erhalten haben.<\/p>\n<\/div><\/div>\n\n\n\n<p>Liebe Gemeinde,<br>Unseren heutige Predigttext finden wir im Brief des Paulus an die Epheser. Diesen Brief hat Paulus aus der Gefangenschaft in Rom geschrieben. Dort wartete er auf seinen Prozess vor dem Kaiser. Es geht in dem Brief viel um christliche Lebensf\u00fchrung. Aber an einer Stelle -n\u00e4mlich an der, die wir hier haben &#8211; findet sich etwas, was man als aufgeschriebenes Gebet verstehen kann.<\/p>\n\n\n\n<p>Neun Verse ist es lang. Und diese S\u00e4tze verlangen uns einiges an Konzentration ab, um sie zu verstehen. Darum habe ich Ihnen den Text einmal ausgedruckt mitgebracht. Links sehen sie die Luther\u00fcbersetzung. Daneben sehen sie noch zwei weitere deutsche \u00dcbersetzungen. Aber dazu kommen wir sp\u00e4ter.<\/p>\n\n\n\n<!--more-->\n\n\n\n<p>1<strong><em>4 Deshalb beuge ich meine Knie vor dem Vater,<br> 15 von dem jedes Geschlecht im Himmel und auf Erden seinen Namen hat,<br> 16 dass er euch Kraft gebe nach dem Reichtum seiner Herrlichkeit, gest\u00e4rkt zu werden durch seinen Geist an dem inwendigen Menschen,<br> 17 dass Christus durch den Glauben in euren Herzen wohne. <\/em><\/strong><br> Und ihr seid in der Liebe eingewurzelt und gegr\u00fcndet,<br> 18 damit ihr mit allen Heiligen begreifen k\u00f6nnt, welches die Breite und die L\u00e4nge und die H\u00f6he und die Tiefe ist,<br> 19 auch die Liebe Christi erkennen k\u00f6nnt, die alle Erkenntnis \u00fcbertrifft, damit ihr erf\u00fcllt werdet, bis ihr die ganze F\u00fclle Gottes erlangt habt.<br> 20 Dem aber, der \u00fcberschw\u00e4nglich tun kann \u00fcber alles hinaus, was wir bitten oder verstehen, nach der Kraft, die in uns wirkt,<br> 21 dem sei Ehre in der Gemeinde und in Christus Jesus durch alle Geschlechter von Ewigkeit zu Ewigkeit! Amen. <\/p>\n\n\n\n<p><em><strong>Stark werden am inneren Menschen<\/strong><\/em><\/p>\n\n\n\n<p>Schauen wir einmal auf den ersten fett gedruckten Satz. Ja es ist ein einziger Satz! <br>\n\u201eIch beuge meine Knie\u201d schreibt Paulus. So wichtig ist ihm das, worum er jetzt bittet. Aber es geht ihm gar nicht um seine gef\u00e4hrliche Situation im Gef\u00e4ngnis. <\/p>\n\n\n\n<p>F\u00fcr mich w\u00e4re das DAS Thema meiner Gebete, wenn ich im Gef\u00e4ngnis w\u00e4re. Ich h\u00e4tte tausend Ideen, um was ich Gott bitten k\u00f6nnte: &#8222;Hilf mir, Gott, dass ich hier heil &#8218;rauskomme.&#8220; Vielleicht w\u00fcrde ich es sogar mit einem Handel versuchen: &#8222;Wenn du mir hilfst, Gott, dann werde ich noch mehr Menschen von deinen Wundern erz\u00e4hlen! Dann werde ich noch mehr Menschen von dir \u00fcberzeugen k\u00f6nnen!&#8220; <br>\nPriorit\u00e4t h\u00e4tte bei mir: \u201eRaus aus dem Gef\u00e4ngnis.\u201d <\/p>\n\n\n\n<p>Aber Paulus schreibt davon, dass Gott den Ephesern Kraft geben soll, damit sie gest\u00e4rkt werden am inwendigen Menschen. &#8211; vielleicht ist das ein Schl\u00fcssel zu dem, was da passiert?<br>\nDass ich St\u00e4rke in mir habe.<br>\nEine St\u00e4rke, dass ich mich auch in schwierigen Situationen nicht beirren lasse.<br>\nDas ist schon eine attraktive Vorstellung:<br>\njemand zu sein, der trotz Krankheit und Altersschw\u00e4che nicht verzweifelt.<br>\nDer in der Lage ist, Versuchungen zu wiederstehen,<br>\nder \u00fcberzeugt ist von dem, was er glaubt, und unbeirrbar seinen Weg geht, aber dennoch offen Ohren beh\u00e4lt f\u00fcrs das, was Menschen und Gott ihm sagen.<\/p>\n\n\n\n<p>Ich bewundere das und ahne, dass diese innere St\u00e4rke zum einen ein Gottesgeschenk ist. Zum anderen braucht es aber auch eine eigene Entscheidung, um einen Weg, den man als Mensch gehen muss, um innerlich stark zu werden. <\/p>\n\n\n\n<p>Eins macht uns der Apostel ja schon vor: Deshalb beuge ich meine Knie vor dem Vater..<br>\nDamit signalisiert er ja schon einmal, wem er sich anvertraut, dass er sich die Kraft von Gott erwartet und nicht aus eigener Macht und St\u00e4rke.<\/p>\n\n\n\n<p><em><strong>VORBILD JESUS<\/strong><\/em><\/p>\n\n\n\n<p>Ich m\u00f6chte ein bisschen weiter lesen. Allerdings werde ich das nicht mit der \u00dcbersetzung von Martin Luther tun. Sondern mit der  \u00dcbersetzung \u201eHoffnung f\u00fcr alle\u201d. Eine \u00dcbersetzung die versucht, den Bibeltext in unsere heutige Sprache zu \u00fcbertragen.<\/p>\n\n\n\n<p>Mein Gebet ist, dass Christus durch den Glauben in euch lebt. In seiner Liebe sollt ihr fest verwurzelt sein; auf sie sollt ihr bauen.<br>\n18 Denn nur so k\u00f6nnt ihr mit allen anderen Christen das ganze Ausma\u00df seiner Liebe erfahren<\/p>\n\n\n\n<p>Sich in der Liebe Jesu verwurzeln. Dass sie es ist, aus der wir unsere Kraft und unsere Stabilit\u00e4t gewinnen.<br>\nNunja, das mit dem starken inwendigen Menschen ist ja durchaus eine zweischneidige Angelegenheit. Ich kenne schon so Menschen, die einen starken unbeugsamen Charakter haben. Die aber manchmal auch furchtbare Besserwisser sind, die auf Andere herunterschauen. Die sich dickk\u00f6pfig immer durchsetzen wollen und denen die Anderen egal sind. Die sich weder durch gute Worte noch durch gute Argumente beeindrucken lassen.<\/p>\n\n\n\n<p>Mein Gebet ist, dass Christus durch den Glauben in euch lebt. In seiner Liebe sollt ihr fest verwurzelt sein; auf sie sollt ihr bauen.<\/p>\n\n\n\n<p>Paulus spricht von einer St\u00e4rke, die vom Glauben und von der Liebe her gepr\u00e4gt ist. Und wenn ich schaue, wie Jesus mit Widerst\u00e4nden und Gegnern umgegangen ist, da sehe ich: Er hat sie nicht plattgewalzt oder niedergeredet. Zuh\u00f6ren, den anderen lieben, verstehen, was ihn bewegt &#8211; und zugleich aufrichtig bei dem sein, wof\u00fcr man steht. Das ist Jesu Weg!<\/p>\n\n\n\n<p>In Jesu Liebe zu den Menschen verwurzelt sein. <br>\nBei Jesus ging diese Liebe sogar soweit, dass er f\u00fcr uns gestorben ist. Er ist dem Leiden nicht aus dem Weg gegangen, und er hat es auch nicht mit Gewalt wegger\u00e4umt. Er ist den Weg des Leidens ans Kreuz gegangen. <br>\nAuch seine J\u00fcnger haben es in Kauf genommen haben, den Weg des Leidens zu gehen.<\/p>\n\n\n\n<p>Wir  sind ja auch immer wieder mit Situationen konfrontiert, die uns weh tun und leiden lassen. Oft auch solche, die wir &#8211; selbst wenn wir es wollten &#8211; nicht beiseite r\u00e4umen k\u00f6nnen.<\/p>\n\n\n\n<p>Manchmal k\u00f6nnen wir ja unsere Situation nicht \u00e4ndern. Dann brauchen wir Wege, damit umzugehen. M\u00fcssen wohl auch versuchen, unsere innere Haltung zu dem, was uns belastet, zu ver\u00e4ndern. Das ist manchmal harte Arbeit, sich mit einer schwierigen Situation zu arrangieren &#8211; aber manchmal gelingt es ja auch mit Gottes Hilfe.<\/p>\n\n\n\n<p>Bei einigen Menschen bildet der Arbeitsplatz ja so ein schwieriges Feld. Dauernde Konflikte mit einem Kollegen oder Vorgesetzten &#8211; das kann jemanden zerm\u00fcrben; gerade, wenn man sieht, dass sich nichts daran \u00e4ndern l\u00e4sst. <br>\nDa muss eine Entscheidung her: Entweder man macht den klaren Schnitt und entscheidet sich den Arbeitsplatz zu wechseln. Oder man entscheidet sich bewusst, diese Bedingungen zu akzeptieren und sich innerlich dazu zu stellen und zu sagen: Das geh\u00f6rt da dazu, und ich habe mich dazu entschieden, das zu bew\u00e4ltigen, damit umzugehen, auch wenn es immer wieder schwer und schmerzhaft ist.<\/p>\n\n\n\n<p>Das Ganze \u201everwurzelt in der Liebe Gottes\u201d: Vielleicht mit dem Blick darauf, dass der Typ, der mir in der Arbeit immer auf die Nerven geht, ja auch jemand ist, den Gott von Herzen lieb hat.<\/p>\n\n\n\n<p>Und irgendwann ist das Gef\u00fchl von Freiheit wieder da. Das qualvolle Warten auf den n\u00e4chsten \u00c4rger ist vorbei, der Blick weitet sich wieder. Ja, die Schwierigkeiten sind noch da. Aber sie sind nur ein Teil des Lebens, der nicht dazu f\u00fchren darf, alles Gute im Leben zu vergessen.<\/p>\n\n\n\n<p><em><strong>WIR BLEIBEN AUF EINEM WEG<\/strong><\/em><\/p>\n\n\n\n<p>Liebe Gemeinde,<br>\ndie letzten Zeilen des Gebets lese ich aus der sogenannten Volx-Bibel. Eine, \u00dcbersetzung von der jungen Generation f\u00fcr die junge Generation:<\/p>\n\n\n\n<p>19 Unser Hirn wird das nie schaffen k\u00f6nnen, das wirklich ganz zu erfassen. Aber je mehr Gott uns erkl\u00e4rt, wie gigantisch gro\u00df die Liebe von Jesus Christus f\u00fcr uns ist, desto mehr kommt er mit seinen unvorstellbaren M\u00f6glichkeiten in unserm Leben zum Zug.<br>\n20 Gott kann durch diese powervolle Kraft, die in uns ist, sehr viel mehr tun als das, worum wir ihn bitten, ja sogar mehr, als wir uns \u00fcberhaupt vorstellen k\u00f6nnen.<br>\n21 Daf\u00fcr k\u00f6nnen wir alle in der Jesus-Gemeinschaft Gott immer wieder und ohne Ende loben. So ist das richtig, so sollte es sein [Amen]. <\/p>\n\n\n\n<p>Wir werden manches wirklich nie ganz verstehen. Wenn man mit Gott unterwegs ist, dann gibt es immer Erfahrungen, die man nicht ganz versteht.<br>\nManchmal versteht man nicht, warum Gott einem nicht so hilft, wie man es sich erhofft.<br>\nUnd manchmal ist man \u00fcberrascht, was an Wunderbaren passiert, und kann sich nicht erkl\u00e4ren, wie das nur zugegangen ist.<\/p>\n\n\n\n<p>Wir sind mit unserem Verstehen und mit unserem Handeln immer auf dem Weg. Wir werden nie alles verstehen &#8211; und wir werden nie perfekte Christen werden.<br>\nAber wir bleiben unterwegs.<br>\nUnd wir bleiben dran: Wir hoffen und beten dass Gott uns jeden Tag dabei begleitet.<\/p>\n\n\n\n<p>Amen<\/p>\n","protected":false},"excerpt":{"rendered":"<p>Fest in der Liebe Jesu verwurzelt sein, und sich zugleich auf dem Weg befinden. Darum geht es in dem Gebet in Eph 3.<br \/>\nDiese Predigt nutzt zum Verstehen drei unterschiedliche Bibel\u00fcbersetzungen, die auch die Gottesdienstbesucher als Audrucke erhalten haben. <a class=\"continue-reading-link\" href=\"https:\/\/www.pastors-home.de\/?p=3858\">ich will weiterlesen<\/a><\/p>\n","protected":false},"author":1,"featured_media":3859,"comment_status":"open","ping_status":"open","sticky":false,"template":"","format":"standard","meta":{"jetpack_post_was_ever_published":false,"_jetpack_newsletter_access":"","_jetpack_dont_email_post_to_subs":false,"_jetpack_newsletter_tier_id":0,"_jetpack_memberships_contains_paywalled_content":false,"_jetpack_memberships_contains_paid_content":false,"footnotes":"","jetpack_publicize_message":"","jetpack_publicize_feature_enabled":true,"jetpack_social_post_already_shared":true,"jetpack_social_options":{"image_generator_settings":{"template":"highway","default_image_id":0,"font":"","enabled":false},"version":2}},"categories":[837],"tags":[470,842,471,780],"class_list":["post-3858","post","type-post","status-publish","format-standard","has-post-thumbnail","hentry","category-predigten-2019","tag-eph","tag-eph-3","tag-epheser","tag-exaudi"],"jetpack_publicize_connections":[],"jetpack_featured_media_url":"https:\/\/i0.wp.com\/www.pastors-home.de\/wp-content\/uploads\/2019\/05\/forest-2599720_1280.jpg?fit=1280%2C851&ssl=1","jetpack_sharing_enabled":true,"jetpack_shortlink":"https:\/\/wp.me\/p4BNB2-10e","jetpack_likes_enabled":true,"_links":{"self":[{"href":"https:\/\/www.pastors-home.de\/index.php?rest_route=\/wp\/v2\/posts\/3858","targetHints":{"allow":["GET"]}}],"collection":[{"href":"https:\/\/www.pastors-home.de\/index.php?rest_route=\/wp\/v2\/posts"}],"about":[{"href":"https:\/\/www.pastors-home.de\/index.php?rest_route=\/wp\/v2\/types\/post"}],"author":[{"embeddable":true,"href":"https:\/\/www.pastors-home.de\/index.php?rest_route=\/wp\/v2\/users\/1"}],"replies":[{"embeddable":true,"href":"https:\/\/www.pastors-home.de\/index.php?rest_route=%2Fwp%2Fv2%2Fcomments&post=3858"}],"version-history":[{"count":4,"href":"https:\/\/www.pastors-home.de\/index.php?rest_route=\/wp\/v2\/posts\/3858\/revisions"}],"predecessor-version":[{"id":4291,"href":"https:\/\/www.pastors-home.de\/index.php?rest_route=\/wp\/v2\/posts\/3858\/revisions\/4291"}],"wp:featuredmedia":[{"embeddable":true,"href":"https:\/\/www.pastors-home.de\/index.php?rest_route=\/wp\/v2\/media\/3859"}],"wp:attachment":[{"href":"https:\/\/www.pastors-home.de\/index.php?rest_route=%2Fwp%2Fv2%2Fmedia&parent=3858"}],"wp:term":[{"taxonomy":"category","embeddable":true,"href":"https:\/\/www.pastors-home.de\/index.php?rest_route=%2Fwp%2Fv2%2Fcategories&post=3858"},{"taxonomy":"post_tag","embeddable":true,"href":"https:\/\/www.pastors-home.de\/index.php?rest_route=%2Fwp%2Fv2%2Ftags&post=3858"}],"curies":[{"name":"wp","href":"https:\/\/api.w.org\/{rel}","templated":true}]}}