{"id":3803,"date":"2019-04-14T09:29:18","date_gmt":"2019-04-14T07:29:18","guid":{"rendered":"https:\/\/www.pastors-home.de\/?p=3803"},"modified":"2025-03-22T10:23:30","modified_gmt":"2025-03-22T09:23:30","slug":"symbolpredigt-zur-konfirmation-glaube-in-der-dose-14-april-2019","status":"publish","type":"post","link":"https:\/\/www.pastors-home.de\/?p=3803","title":{"rendered":"Symbolpredigt zur Konfirmation: Glaube in der Dose, 14. April 2019"},"content":{"rendered":"\n<div class=\"wp-block-media-text alignwide\"><figure class=\"wp-block-media-text__media\"><img data-recalc-dims=\"1\" loading=\"lazy\" decoding=\"async\" width=\"880\" height=\"596\" data-attachment-id=\"3801\" data-permalink=\"https:\/\/www.pastors-home.de\/?attachment_id=3801\" data-orig-file=\"https:\/\/i0.wp.com\/www.pastors-home.de\/wp-content\/uploads\/2019\/04\/Dosen-scaled.jpg?fit=2560%2C1736&amp;ssl=1\" data-orig-size=\"2560,1736\" data-comments-opened=\"1\" data-image-meta=\"{&quot;aperture&quot;:&quot;1.7&quot;,&quot;credit&quot;:&quot;&quot;,&quot;camera&quot;:&quot;SM-G950F&quot;,&quot;caption&quot;:&quot;&quot;,&quot;created_timestamp&quot;:&quot;1554546524&quot;,&quot;copyright&quot;:&quot;&quot;,&quot;focal_length&quot;:&quot;4.2&quot;,&quot;iso&quot;:&quot;64&quot;,&quot;shutter_speed&quot;:&quot;0.01&quot;,&quot;title&quot;:&quot;&quot;,&quot;orientation&quot;:&quot;1&quot;}\" data-image-title=\"Dosen\" data-image-description=\"&lt;p&gt;Glaube in der Dose, Konfirmation 2019&lt;\/p&gt;\n\" data-image-caption=\"&lt;p&gt;Glaube in der Dose&lt;\/p&gt;\n\" data-large-file=\"https:\/\/i0.wp.com\/www.pastors-home.de\/wp-content\/uploads\/2019\/04\/Dosen-scaled.jpg?fit=880%2C596&amp;ssl=1\" src=\"https:\/\/i0.wp.com\/www.pastors-home.de\/wp-content\/uploads\/2019\/04\/Dosen.jpg?resize=880%2C596&#038;ssl=1\" alt=\"\" class=\"wp-image-3801 size-full\" srcset=\"https:\/\/i0.wp.com\/www.pastors-home.de\/wp-content\/uploads\/2019\/04\/Dosen-scaled.jpg?resize=1024%2C694&amp;ssl=1 1024w, https:\/\/i0.wp.com\/www.pastors-home.de\/wp-content\/uploads\/2019\/04\/Dosen-scaled.jpg?resize=300%2C203&amp;ssl=1 300w, https:\/\/i0.wp.com\/www.pastors-home.de\/wp-content\/uploads\/2019\/04\/Dosen-scaled.jpg?resize=768%2C521&amp;ssl=1 768w, https:\/\/i0.wp.com\/www.pastors-home.de\/wp-content\/uploads\/2019\/04\/Dosen-scaled.jpg?resize=1536%2C1041&amp;ssl=1 1536w, https:\/\/i0.wp.com\/www.pastors-home.de\/wp-content\/uploads\/2019\/04\/Dosen-scaled.jpg?resize=2048%2C1389&amp;ssl=1 2048w, https:\/\/i0.wp.com\/www.pastors-home.de\/wp-content\/uploads\/2019\/04\/Dosen-scaled.jpg?resize=400%2C271&amp;ssl=1 400w, https:\/\/i0.wp.com\/www.pastors-home.de\/wp-content\/uploads\/2019\/04\/Dosen-scaled.jpg?resize=150%2C102&amp;ssl=1 150w, https:\/\/i0.wp.com\/www.pastors-home.de\/wp-content\/uploads\/2019\/04\/Dosen-scaled.jpg?w=1760&amp;ssl=1 1760w\" sizes=\"auto, (max-width: 880px) 100vw, 880px\" \/><\/figure><div class=\"wp-block-media-text__content\">\n<p class=\"has-large-font-size\">Glaube in der Dose<\/p>\n\n\n\n<p>Aus eineinhalb Jahren Konfizeit hat jeder Konfirmand einen Vorrat an Eindr\u00fccken, Erlebnisen und Wissen \u00fcber den Glauben angesammelt. Wie aus einer Vorratsdose kann es sich in Laufe seines Lebens in unterschiedlichen Situationen immer wieder seines Glaubens bedienen. <br>Ich vergleiche es mit einer Bergwanderung, die durch d\u00fcstere T\u00e4ler und \u00fcber gl\u00e4nzende Gipfel f\u00fchrt. Und immer ist diese Vesperdose dabei, aus der man Kraft, Best\u00e4tigung und manchmal auch Korrektur f\u00fcr sein Leben beziehen kann.<br>Jeder Konfirmand erh\u00e4lt auch eine Konservendose, die mit dem Motiv der Dorfkirche, dem eigenen Namen und Konfirmationsspruch versehen ist.<\/p>\n\n\n\n<p><\/p>\n<\/div><\/div>\n\n\n\n<p><\/p>\n\n\n\n<p>Liebe Konfirmandinnen und Konfirmanden,<br>heute ist das Fest des vollgeschlichteten Altars. So viel wie heute steht ja nicht mal an Erntedank hier drauf: F\u00fcrs Abendmahl Kanne, Kelch, Hostienb\u00fcchse. Eure Konfirmationsurkunden, die Kreuze, die ihr bekommt, und diese Dosen hier: \u201eGlaube in der Dose\u201c steht da drauf. Die gibt\u2019s nur heute. Da ist n\u00e4mlich eure Konfi-Zeit eingedost.&nbsp; <\/p>\n\n\n\n<p>K\u00f6nnt ihr euch vorstellen, was ich\ndamit meine? <\/p>\n\n\n\n<p><strong><em>Die Konfirmations-Dose<\/em><\/strong><br>\nEineinhalb Jahre haben wir ja miteinander verbracht:&nbsp; Pr\u00e4parandenkurs, Gemeindepraktikum,\nPr\u00e4pinacht, Konfikurs, Fishlife-Zeltlager, Konfifreizeit,\nVorstellungsgottesdienst \u2026 und manches mehr. Das geht ja nicht spurlos an einem\nvorbei. Ihr habt euch untereinander besser kennen gelernt, auch die\nWilhelmsdorfer Konfis und die Mitarbeiter. Ihr habt gemerkt, wie euer Pfarrer\ntickt.<\/p>\n\n\n\n<p>Und nat\u00fcrlich war unser Glaube immer wieder Thema: \u00dcber Vertrauen haben wir gesprochen, den Sinn der 10 Gebote, wie Kirchengemeinde funktioniert, weshalb wir Kinder taufen. Bei Andachten haben wir Kerzen f\u00fcr unsere Hoffnungen angez\u00fcndet. So viel an Erlebnissen, Erfahrungen,\nErinnerungen.<\/p>\n\n\n\n<!--more-->\n\n\n\n<p>Und zuletzt habt ihr euch einen\nKonfirmationsspruch ausgesucht. Jeder f\u00fcr sich pers\u00f6nlich. Wahrscheinlich spiegelt\nsich in deinem eigenen Konfispruch ja auch das, was dir in Glaubensdingen\nselbst wichtig ist. <\/p>\n\n\n\n<p>Ich denke: Ohne, dass ich euch\ndessen unbedingt bewusst gewesen seid, habt ihr euch eine gro\u00dfe Vorratsdose in\nSachen Glauben angelegt. Mit alldem was ihr so erlebt, gelernt und erfahren\nhabt. Bei jedem ist sie ein bisschen anders gef\u00fcllt \u2013 so, wie jeder von euch\neine eigene Pers\u00f6nlichkeit ist.<\/p>\n\n\n\n<p><strong><em>Die Dose auf dem Lebensweg<\/em><\/strong><\/p>\n\n\n\n<p>Heute sagt ihr euer \u201eja\u201c zum eigenen\nGlauben. Mit eurer Konfirmation seid ihr selbstst\u00e4ndige Christen, denen wir\nzutrauen, auch in Glaubensdingen auf eigenen Beinen zu stehen.<br>\nSo werdet ihr also losziehen in euer Leben \u2026 mit der Glaubens-Dose.<\/p>\n\n\n\n<p>Ihr geht euren Weg. Ich vemute mal,\ndass dieser Weg nicht ganz so oft wie bisher hier in der Kirche verbeif\u00fchrt. Da\nm\u00fcssen wir zugeben, dass unser Sonntagmorgengottesdienst kein Spezialevent f\u00fcr\nLeute unter 30 ist. Aber daf\u00fcr gibt es ja manche andere Bereiche, wo man bei\nKirche dabei sein kann und mitarbeiten.<\/p>\n\n\n\n<p>Was werdet ihr in den kommenden\nMonaten und Jahren mit eurer Glaubensdose anstellen? <\/p>\n\n\n\n<p>Bei einigen wird sie vielleicht eine\nwichtige Rolle spielen \u2013 denn sie sp\u00fcren: Dieser unsichtbare Gott ist f\u00fcr mich\nwichtig. Auch nach der Konfizeit. Es tut mir gut zu beten. Es gibt mir Mut,\nwenn ich auf Gottes Hilfe und Begleitung hoffen kann.<\/p>\n\n\n\n<p>Bei anderen steht sie im Regal,\nGlaube geh\u00f6rt dazu, aber momentan ist im Leben so viel los, da wei\u00df ich noch\nnicht wie ich das Glaubensthema da grade unterbringen soll.<\/p>\n\n\n\n<p>Und so mancher pfeift vielleicht die\nDose ins hinterste Eck seines Zimmers: Endlich ist der Konfikram vorbei \u2013 keine\nAhnung, wozu das Gelaber von Gott wirklich gut sein soll.<br>\n<br>\n<\/p>\n\n\n\n<p>Liebe Konfis,<\/p>\n\n\n\n<p>egal, was du mit dieser Dose anstellst:\nSo schnell kriegt die keiner Kaputt! So wie die Konservendose aus Metall so manchen\nSchlag aush\u00e4lt und die Wurst da drin auch nach Jahrzenten noch nicht vergammelt\nist &#8211; so ist das auch mit der Glaubensdose. Haltbarkeit ist da das Mega-Thema. <\/p>\n\n\n\n<p>Vor einem Monat hat mir ein Mann\nerz\u00e4hlt, dass sein Vater (so um die 70 ist der) sein einiger Zeit anf\u00e4ngt, in\nder Bibel zu lesen, in den Gottesdienst zu gehen, obwohl der sein Leben lang\nimmer gesagt hat: Der Glaube ist Quatsch, das braucht man nicht.<\/p>\n\n\n\n<p>Die Glaubensdose ist lange haltbar \u2013\nund das ist gut so. So mancher l\u00e4sst sich viel Zeit, bis er entdeckt, was er an\nihr hat.<\/p>\n\n\n\n<p><strong><em>Die Dose \u00f6ffnen\u2026<\/em><\/strong><\/p>\n\n\n\n<p><em>(Pfr holt Rucksack mit Dose und Taschenmesser.<\/em>.) Wenn wir in den Bergen wandern, dann gibts f\u00fcr mich nichts Sch\u00f6neres, als irgendwo Mittags dann eine Brotzeit zu machen. Aus dem Rucksack holen wir etwas zum Trinken, ein paar Semmeln, \u00c4pfel, Karotten, und so eine kleine Wurstdose. Die Dose \u00f6ffnen, und mit dem Taschenmesser kleine St\u00fcckchen rausschnippeln und genie\u00dfen. Das ist ein Traum. Dabei dann den Blick schweifen lassen. \u00dcber die Gipfel schauen, sehen, was man geschafft hat, und schauen, wie der Weg aussieht, den man noch vor sich hat.<\/p>\n\n\n\n<p>Eigentlich ist euer ganzes Leben so\neine Wanderung. Auf und Ab wird es gehen. Gipfel und dunkle T\u00e4ler. Schwierige\nAnstiege und wunderbare Aussichten.<\/p>\n\n\n\n<p>Auf diesem Lebens-Weg hie und da mal\nanhalten. Hinsetzen. Den Rucksack des Alltags ablegen. Und die Dose des\nGlaubens aufmachen. Entdecken, wie der Glaube in meiner Situation weiterhelfen\nkann:<\/p>\n\n\n\n<p>Wenn der eigene Weg gerade schwer \u2026\nzu schwer ist: Seinem Gott das klagen, um Hilfe und Kraft zu bitten. \u201e<em>und ob ich schon wanderte im finsteren Tale\u2026<\/em>\u201c\nZu sp\u00fcren, wie das weiterhelfen kann. Erleben, wie der Glaube Kraft und Selbstvertrauen\ngeben kann.<\/p>\n\n\n\n<p>Wenn man eigentlich gar nicht mehr\nwei\u00df, welcher Weg der richtige ist \u2013 weil es da so viele gibt. Erinnern, f\u00fcr\nwelche Werte und Gebote unser Glaube steht \u2026 \u201e<em>du f\u00fchrest mich auf rechter Stra\u00dfe um deines Namens willen<\/em>\u201c. Ich\nwei\u00df, Gott bleibt an meiner Seite.<\/p>\n\n\n\n<p>Wenn man etwas erreicht hat. Stolz\nauf den Weg, den man zur\u00fcckgelegt hat. Sich dankbar erinnern, dass Erfolg nicht\nselbstverst\u00e4ndlich ist. Dass das Gl\u00fcck auch ein Geschenk ist. \u201e<em>du schenkst mir voll ein, Gutes und\nBarmherzigkeit werden mir folgen mein Leben lang<\/em>\u201c. Wie sch\u00f6n, dass es mein\nGott gut mit mir meint.<\/p>\n\n\n\n<p>Aus der Dose des Glaubes leben \u2026\nimmer wieder \u2026 auf allen m\u00f6glichen Stationen meines Lebenswegs.<\/p>\n\n\n\n<p><strong><em>Da steckt viel drin\u2026<\/em><\/strong><\/p>\n\n\n\n<p>Liebe Konfis, ihr merkt schon: Das\nsteckt viel drin, in dieser Glaubensdose \u2013 vor allem sehr Verschiedenes! Glaube\nist kein Einheitsbrei, der immer gleich schmeckt. &nbsp;Das kann er auch nicht.<\/p>\n\n\n\n<p>Wenn man euch anschaut, merkt man:\nIhr seid sehr unterschiedlich. Eure Lebenssituationen und eure Charakterz\u00fcge.\nJeder hat da seine eigenen St\u00e4rken und Schw\u00e4chen. Wenn ich \u00fcberlege, f\u00e4llt mir\neigentlich fast zu jedem etwas ein, wo er oder sie mich auch mal gernevt hat.\nUnd bei jedem gibt es Dinge, wo er oder sie mich begeistert hat, wo ich gedacht\nhab: So ein toller Konfi, sch\u00f6n, dass wir ihn oder sie dabei haben. Und bei\njedem ist &nbsp;das was anderes.<\/p>\n\n\n\n<p>So unterschiedlich ihr als\nPers\u00f6nlichkeiten seid, so unterschiedlich kann der Glaube euer Leben\nbeeinflussen. Denn dahinter steckt ja unser Gott, der jede einzelne und jeden\neinzelnen von euch kennt und liebt. Und da ben\u00f6tigt auch jeder etwas anderes\nvon seinem Gott. Darum kann man Glauben und Gottvertrauen auch nicht normieren.\nMit jedem von euch geht Gott seinen speziellen Weg.<\/p>\n\n\n\n<p>Darum: Nehmt eure Glaubens-Dose mit.\nVergesst nicht, dass Gott euch begleiten und segnen will.<\/p>\n\n\n\n<p>Ihr m\u00fcsst auch keine Angst haben,\ndass ihr die zu schnell aufbraucht, und sie irgendwann leer ist. K\u00f6nnt ihr euch\nan die Erz\u00e4hlung von Elia und der Witwe erinnern, die wir vorhin geh\u00f6rt haben? Diese\nFrau hat immer wieder das Mehl aus dem Tontopf herausgeholt und damit gebacken\n\u2013 aber der Topf wurde nicht leer. (1. K\u00f6n 17) \u201e<em>Das\nMehl in deinem Topf soll nicht ausgehen und das \u00d6l in deinem Krug nicht weniger\nwerden\u201c<\/em> hat Gott gesagt. Diese Geschichte ist so ein\nHinweis auf ein Wunder, das immer wieder passiert: Dass manchmal Dinge nicht\nweniger werden obwohl man sich gro\u00dfz\u00fcgig daraus bedient.<\/p>\n\n\n\n<p>Wenn wir Liebe\nan andere verschenken, werden wir entdecken: Sie geht uns nicht aus, vielmehr\nbekommen wir da ganz viel zur\u00fcck.<\/p>\n\n\n\n<p>Und wenn wir uns\naus der Dose des Glaubens bedienen, werden wir merken: Es wird nicht weniger,\nsondern es entstehen immer wieder neue gute Erfahrungen mit unserem Gott, aus\ndenen wir wieder neu sch\u00f6pfen k\u00f6nnen.<\/p>\n\n\n\n<p>So w\u00fcnsche ich euch mit eurer\nGlaubens-Dose auf eurer Lebens-Wanderung alles Gute und Gottes Segen.<\/p>\n\n\n\n<p>Amen<\/p>\n\n\n\n<p class=\"has-luminous-vivid-amber-background-color has-background\">Praktische Hinweise<\/p>\n\n\n\n<p>Sch\u00f6n ist es, wenn die Dosen tats\u00e4chlich etwas enthalten, was mit der Konfirmationszeit zu tun hat (Fotos, Konfispruch, Symbole &#8230;)<br><br>Wenn man vor Ort einen kooperativen Metzgereibetrieb hat, kann man bitten, die bef\u00fcllten Dosen dann professionell zu verschlie\u00dfen<br><br>Die Banderole habe ich mit Klebefolie hergestellt und nach dem Verschlie\u00dfen draufgeklebt (Tipp: Bei individueller F\u00fcllung mit wasserfestem Stift den Namen drauf notieren).<br>Wer keinen Fachberieb vor Ort hat, kann sich auch mit so  einer<a rel=\"noreferrer noopener\" aria-label=\" Pull-Ring-Dose zum Selbstbef\u00fcllen (opens in a new tab)\" href=\"https:\/\/amzn.to\/2uUoj8h\" target=\"_blank\"> Pull-Ring-Dose zum Selbstbef\u00fcllen<\/a> (ca. 1 Euro pro Dose) behelfen. (Achtung, die ist durchsichtig!) <\/p>\n\n\n\n<p>Recht neu ist &#8222;Pressitin&#8220;. Unter diesen Markennamen gibt es eine Technik, um tats\u00e4chlich ohne teures Werkzeug Konservendosen zu verschlie\u00dfen. Bei <a aria-label=\"Kronenberg24  (opens in a new tab)\" href=\"https:\/\/www.kronenberg24.de\/geschenkverpackungen\/press2seal-pressitin-spezialdosen\/patentierte-multistorage-dose-pressitin-73x55mm-silber-2-teilig-leer\/a-100994\/\" target=\"_blank\" rel=\"noreferrer noopener\">Kronenberg24 <\/a> ist man mit etwa 2 Euro pro Dose dabei, die D\u00f6schen sind da aber recht klein. Das <a aria-label=\"Angebot bei Amazon (opens in a new tab)\" href=\"https:\/\/amzn.to\/2UAacn3\" target=\"_blank\" rel=\"noreferrer noopener\">Angebot b<\/a><a href=\"https:\/\/amzn.to\/4iRO3Zd\" target=\"_blank\" rel=\"noreferrer noopener\">e<\/a><a aria-label=\"Angebot bei Amazon (opens in a new tab)\" href=\"https:\/\/amzn.to\/2UAacn3\" target=\"_blank\" rel=\"noreferrer noopener\">i Amazon<\/a> ist mit Vorsicht zu genie\u00dfen: Die Dosenh\u00f6he ist meist nur 2,3 cm hoch. <br><\/p>\n\n\n\n<p>Wenn man nicht so dicht am Konserven-Thema predigen will, bieten sich Vesperdosen an. Eine halbwegs<a href=\"https:\/\/amzn.to\/4iAb4jt\" target=\"_blank\" rel=\"noreferrer noopener\"> g\u00fcnstige aus Metall<\/a>, (ca. 8 Euro pro Dose) oder man nimmt ganz einfach <a href=\"https:\/\/amzn.to\/2I670dc\" target=\"_blank\" rel=\"noreferrer noopener\">Teedosen aus Metall<\/a> (ca 3 Euro pro Dose)<\/p>\n\n\n\n<p class=\"has-text-align-center has-cyan-bluish-gray-background-color has-background\">Hinweis: Die oben angezeigten Produktlinks zu Amazon erm\u00f6glichen die Finanzierung des Angebots von Pastors-home. Als Amazon-Partner verdiene ich an qualifizierten Verk\u00e4ufen.<\/p>\n\n\n\n<p><\/p>\n\n\n\n<p><\/p>\n","protected":false},"excerpt":{"rendered":"<p>Glaube in der Dose Aus eineinhalb Jahren Konfizeit hat jeder Konfirmand einen Vorrat an Eindr\u00fccken, Erlebnisen und Wissen \u00fcber den Glauben angesammelt. Wie aus einer Vorratsdose kann es sich in Laufe seines Lebens in unterschiedlichen Situationen immer wieder seines Glaubens bedienen. Ich vergleiche es mit einer Bergwanderung, die durch d\u00fcstere\u2026 <a class=\"continue-reading-link\" href=\"https:\/\/www.pastors-home.de\/?p=3803\">ich will weiterlesen<\/a><\/p>\n","protected":false},"author":1,"featured_media":3801,"comment_status":"open","ping_status":"open","sticky":false,"template":"","format":"standard","meta":{"jetpack_post_was_ever_published":false,"_jetpack_newsletter_access":"","_jetpack_dont_email_post_to_subs":false,"_jetpack_newsletter_tier_id":0,"_jetpack_memberships_contains_paywalled_content":false,"_jetpack_memberships_contains_paid_content":false,"footnotes":"","jetpack_publicize_message":"","jetpack_publicize_feature_enabled":true,"jetpack_social_post_already_shared":true,"jetpack_social_options":{"image_generator_settings":{"template":"highway","default_image_id":0,"font":"","enabled":false},"version":2}},"categories":[837,363,532],"tags":[11],"class_list":["post-3803","post","type-post","status-publish","format-standard","has-post-thumbnail","hentry","category-predigten-2019","category-symbolpredigt","category-themenpredigten","tag-konfirmation"],"jetpack_publicize_connections":[],"jetpack_featured_media_url":"https:\/\/i0.wp.com\/www.pastors-home.de\/wp-content\/uploads\/2019\/04\/Dosen-scaled.jpg?fit=2560%2C1736&ssl=1","jetpack_sharing_enabled":true,"jetpack_shortlink":"https:\/\/wp.me\/p4BNB2-Zl","jetpack_likes_enabled":true,"_links":{"self":[{"href":"https:\/\/www.pastors-home.de\/index.php?rest_route=\/wp\/v2\/posts\/3803","targetHints":{"allow":["GET"]}}],"collection":[{"href":"https:\/\/www.pastors-home.de\/index.php?rest_route=\/wp\/v2\/posts"}],"about":[{"href":"https:\/\/www.pastors-home.de\/index.php?rest_route=\/wp\/v2\/types\/post"}],"author":[{"embeddable":true,"href":"https:\/\/www.pastors-home.de\/index.php?rest_route=\/wp\/v2\/users\/1"}],"replies":[{"embeddable":true,"href":"https:\/\/www.pastors-home.de\/index.php?rest_route=%2Fwp%2Fv2%2Fcomments&post=3803"}],"version-history":[{"count":9,"href":"https:\/\/www.pastors-home.de\/index.php?rest_route=\/wp\/v2\/posts\/3803\/revisions"}],"predecessor-version":[{"id":5820,"href":"https:\/\/www.pastors-home.de\/index.php?rest_route=\/wp\/v2\/posts\/3803\/revisions\/5820"}],"wp:featuredmedia":[{"embeddable":true,"href":"https:\/\/www.pastors-home.de\/index.php?rest_route=\/wp\/v2\/media\/3801"}],"wp:attachment":[{"href":"https:\/\/www.pastors-home.de\/index.php?rest_route=%2Fwp%2Fv2%2Fmedia&parent=3803"}],"wp:term":[{"taxonomy":"category","embeddable":true,"href":"https:\/\/www.pastors-home.de\/index.php?rest_route=%2Fwp%2Fv2%2Fcategories&post=3803"},{"taxonomy":"post_tag","embeddable":true,"href":"https:\/\/www.pastors-home.de\/index.php?rest_route=%2Fwp%2Fv2%2Ftags&post=3803"}],"curies":[{"name":"wp","href":"https:\/\/api.w.org\/{rel}","templated":true}]}}