{"id":3716,"date":"2018-12-29T19:52:24","date_gmt":"2018-12-29T18:52:24","guid":{"rendered":"https:\/\/www.pastors-home.de\/?p=3716"},"modified":"2022-03-08T10:12:58","modified_gmt":"2022-03-08T09:12:58","slug":"predigt-zur-jahreslosung-2019-suche-den-frieden-und-jage-ihm-nach-psalm-3415-silvester-31-dezember-2018","status":"publish","type":"post","link":"https:\/\/www.pastors-home.de\/?p=3716","title":{"rendered":"Predigt zur Jahreslosung 2019: Suche den Frieden und Jage ihm nach! (Psalm 34,15) Silvester, 31. Dezember 2018"},"content":{"rendered":"\n<div class=\"wp-block-media-text alignwide\"><figure class=\"wp-block-media-text__media\"><img data-recalc-dims=\"1\" loading=\"lazy\" decoding=\"async\" width=\"880\" height=\"660\" data-attachment-id=\"3718\" data-permalink=\"https:\/\/www.pastors-home.de\/?attachment_id=3718\" data-orig-file=\"https:\/\/i0.wp.com\/www.pastors-home.de\/wp-content\/uploads\/2018\/12\/20181229_1931128971225427232456966.jpg?fit=2000%2C1500&amp;ssl=1\" data-orig-size=\"2000,1500\" data-comments-opened=\"1\" data-image-meta=\"{&quot;aperture&quot;:&quot;0&quot;,&quot;credit&quot;:&quot;&quot;,&quot;camera&quot;:&quot;&quot;,&quot;caption&quot;:&quot;&quot;,&quot;created_timestamp&quot;:&quot;0&quot;,&quot;copyright&quot;:&quot;&quot;,&quot;focal_length&quot;:&quot;0&quot;,&quot;iso&quot;:&quot;0&quot;,&quot;shutter_speed&quot;:&quot;0&quot;,&quot;title&quot;:&quot;&quot;,&quot;orientation&quot;:&quot;0&quot;}\" data-image-title=\"20181229_1931128971225427232456966.jpg\" data-image-description=\"\" data-image-caption=\"\" data-large-file=\"https:\/\/i0.wp.com\/www.pastors-home.de\/wp-content\/uploads\/2018\/12\/20181229_1931128971225427232456966.jpg?fit=880%2C660&amp;ssl=1\" src=\"https:\/\/i0.wp.com\/www.pastors-home.de\/wp-content\/uploads\/2018\/12\/20181229_1931128971225427232456966.jpg?resize=880%2C660&#038;ssl=1\" alt=\"\" class=\"wp-image-3718 size-full\" srcset=\"https:\/\/i0.wp.com\/www.pastors-home.de\/wp-content\/uploads\/2018\/12\/20181229_1931128971225427232456966.jpg?resize=1024%2C768&amp;ssl=1 1024w, https:\/\/i0.wp.com\/www.pastors-home.de\/wp-content\/uploads\/2018\/12\/20181229_1931128971225427232456966.jpg?resize=300%2C225&amp;ssl=1 300w, https:\/\/i0.wp.com\/www.pastors-home.de\/wp-content\/uploads\/2018\/12\/20181229_1931128971225427232456966.jpg?resize=768%2C576&amp;ssl=1 768w, https:\/\/i0.wp.com\/www.pastors-home.de\/wp-content\/uploads\/2018\/12\/20181229_1931128971225427232456966.jpg?resize=1536%2C1152&amp;ssl=1 1536w, https:\/\/i0.wp.com\/www.pastors-home.de\/wp-content\/uploads\/2018\/12\/20181229_1931128971225427232456966.jpg?resize=400%2C300&amp;ssl=1 400w, https:\/\/i0.wp.com\/www.pastors-home.de\/wp-content\/uploads\/2018\/12\/20181229_1931128971225427232456966.jpg?resize=150%2C113&amp;ssl=1 150w, https:\/\/i0.wp.com\/www.pastors-home.de\/wp-content\/uploads\/2018\/12\/20181229_1931128971225427232456966.jpg?w=2000&amp;ssl=1 2000w, https:\/\/i0.wp.com\/www.pastors-home.de\/wp-content\/uploads\/2018\/12\/20181229_1931128971225427232456966.jpg?w=1760&amp;ssl=1 1760w\" sizes=\"auto, (max-width: 880px) 100vw, 880px\" \/><\/figure><div class=\"wp-block-media-text__content\">\n<p class=\"has-large-font-size\">Friedensj\u00e4ger<\/p>\n\n\n\n<p class=\"has-background\" style=\"background-color:#dcb1ed\">Es ist nicht leicht, mit so einem wirren Jahr wie 2018 seinen inneren Frieden zu machen. Diese Predigt erz\u00e4hlt vom Frieden, der stets ein Prozess ist: Beim Ringen mit den eigenen Erinnerungen und beim Ringen mit seinen Mitmenschen.<\/p>\n<\/div><\/div>\n\n\n\n<p><br><strong><em>Der Blick in die Rumpelkammer von 2018<\/em><\/strong><\/p>\n\n\n\n<p>2018 &#8211; ein Jahr wie eine Rumpelkammer! So kommt es mir vor, wenn ich versuche, mir die vergangenen 12 Monate ein bisschen zu vergegenw\u00e4rtigen.<br>Da ist so viel \u2026 so vollgestopft \u2026 da wei\u00df ich gar nicht, wo ich zuerst hinlangen soll \u2026 da liegt Sch\u00f6nes und H\u00e4ssliches kreuz und quer.<\/p>\n\n\n\n<p>Zuerst schaue ich mir in dieser Rumpelkammer die sch\u00f6nen Dinge an. Fr\u00f6hliche Hochzeiten, Taufen, Festgottesdienste. Ein sehr ber\u00fchrendes Konzert mit Andi Wei\u00df in Wilhelmsdorf, das anspruchsvolle mit Sonat Vox in Brunn. Kirche im Gr\u00fcnen mit allen Bl\u00e4sern, den Kinderg\u00e4rten und sagenhaftem Wetter. Die Jubil\u00e4en von Singverein und Landeskirchlicher Gemeinschaft. <\/p>\n\n\n\n<p>Aber gleich daneben liegen schwere Abschiede. In diesem Jahr auch von etlichen Menschen, die jung verstorben sind. Mancher davon ganz unerwartet. Solche Erinnerungen liegen obenauf, in der Kammer der Erinnerungen, den Betroffenen stechen sie zuallererst ins Auge, wenn sie auf das Jahr 2018 schauen.<\/p>\n\n\n\n<!--more-->\n\n\n\n<p>Aber da ist noch so viel mehr:<br> Wilhelmsdorf w\u00e4hlt einen neuen B\u00fcrgermeister.<br> Bayern bekommt einen neuen Landtag.<br> Ach ja \u2026 die Politik! Diese H\u00e4ngepartie bis eine Bundesregierung gebildet war. \u00dcberhaupt war da so viel, was einen manchmal glauben hat lassen, man sei im falschen Film oder im falschen Land:<br>In Sachsen feiert sich ein brauner Mob: Hitlergru\u00df, \u00dcbergriffe auf j\u00fcdische Einrichtungen.<br>Im Hambacher Forst verlieren beide Seiten das Augenma\u00df. <br>In Berlin fetzen sich die Fraktionen wie auf dem Schulhof.<\/p>\n\n\n\n<p>So manches hatte ich glatt vergessen. Es liegt so weit unten in dem Geraffel meiner gedanklichen Rumpelkammer, dass ich es kaum wieder hervorzerren will &#8211; weil ich merke, wie sehr mich manche Erinnerungen aufregen! Und das will ich eigentlich gar nicht. Denn in den letzten Wochen kam ja so vieles wieder in Bahnen, die ein bisschen hoffen lassen:<br>\nDas Gegockel um die W\u00e4hlergunst bei den Wahlen zu Landtagen und zum CSU-Vorsitz ist erledigt. Jetzt k\u00f6nnte man ja wieder vern\u00fcnftig mit Politik anfangen.<br>\nDie Staatsf\u00fchrer von Nord- und S\u00fcdkorea reichen sich die H\u00e4nde.<br>\nEndlich wieder ergiebige Regenf\u00e4lle &#8211; nach so einem d\u00fcrren Sommer.<br>\nAuf facebook sehe ich wieder mehr Katzenbilder &#8211; und Urlaubseindr\u00fccke &#8211; das ist mir viel lieber als \u00e4tzende Hetzparolen und L\u00fcgen-Propaganda.<br>\nIch treffe Menschen, die ihren Partner verloren haben, aber nun wieder halbwegs festen Boden unter F\u00fc\u00dfen haben und nach vorne schauen.<\/p>\n\n\n\n<p><strong><em>Mit einem Jahr seinen Frieden schlie\u00dfen<\/em><\/strong><\/p>\n\n\n\n<p>Geht es wieder aufw\u00e4rts? Oder bin ich seit einigen Wochen dabei, mir das Jahr 2018 sch\u00f6nzureden? Einfach, weil ich  Sehnsucht danach habe, dass es nicht als Jahr in Erinnerung bliebt, \u00fcber das man nur noch den Kopf sch\u00fctteln kann.<br> Ich w\u00fcrde gerne auch mit diesem Jahr meinen Frieden schlie\u00dfen. <br> Mit allem, was da war. <br> Mit allem Licht und Schatten.<br> Mit Tr\u00e4nen und Lachen.<br> Wut und Vers\u00f6hnung.<\/p>\n\n\n\n<p>Ich m\u00f6chte die T\u00fcre der Erinnerung zu diesem vergangenen Jahr \u00f6ffnen k\u00f6nnen, ohne dass mir gleich alles wieder schmerzhaft auf die F\u00fc\u00dfe f\u00e4llt. Ich w\u00fcnsche mir, dass ich mit diesem wirren Miteinander von so vielen widerspr\u00fcchlichen Erfahrungen leben kann. Dass sie ein Teil meines Lebens sein k\u00f6nnen, mit dem ich Frieden geschlossen habe.<\/p>\n\n\n\n<p><strong><em>Den Frieden suchen<\/em><\/strong><\/p>\n\n\n\n<p><strong>\u201eSuche den Frieden und jage ihm nach<\/strong>\u201d &#8211; das ist die Jahreslosung f\u00fcr das kommende Jahr. Im Psalm 34 ist dieser Satz zu finden.<\/p>\n\n\n\n<p>\u201eFrieden suchen\u201d &#8211; Manchmal ist es ein wichtiger erster Schritt, wenn man mit seiner eigenen Vergangenheit Frieden schlie\u00dft:<br>\nMit dem, was man getan hat.<br>\nMit dem, was man unterlassen hat.<br>\nMit dem, was einem widerfahren ist.<\/p>\n\n\n\n<p>Das ist nicht immer einfach. Weil das belastende Alte manchmal partout  nicht in der Rumpelkammer der Vergangenheit bleiben will, sondern immer wieder herauskrabbelt und mich umtreibt. <br>\n\u201eSuche den Frieden und jage ihm nach\u201d &#8211; das ist da manchmal eine m\u00fchsame Aufgabe &#8211; warum kommen die alten Geschichten immer wieder? Vielleicht gibt es da noch etwas, was ich mit Menschen oder Gott kl\u00e4ren muss?<\/p>\n\n\n\n<p>Aber manchmal ist es einfach eine ungeheuer st\u00f6rrische Erinnerung, die halt immer wieder von mir in die Hand genommen und in die Vergangenheit zur\u00fcckgetragen werden will, damit man zumindest f\u00fcr eine Zeit lang Frieden damit hat.<\/p>\n\n\n\n<p><strong><em>Friedensj\u00e4ger<\/em><\/strong><\/p>\n\n\n\n<p>Liebe Gemeinde,<br> Frieden &#8211; das ist eben kein Zustand, sondern ein Prozess, eine dauernde Aufgabe. <br> Das gilt auch f\u00fcr den Blick in die Zukunft (es ist ja schlie\u00dflich auch die Jahreslosung f\u00fcr das n\u00e4chste Jahr). Im Miteinander von uns Menschen ist wird es immer darum gehen, dass wir den Frieden suchen, um Frieden ringen, friedfertig miteinander umgehen. <br> Wir werden den Frieden nie besitzen. <\/p>\n\n\n\n<p>So wie wir das Licht einer Kerze nicht festhalten k\u00f6nnen. Wir k\u00f6nnen versuchen, die Kerze festzuhalten, aber, wenn sie jemand ausbl\u00e4st, stehen wir im Dunkel. Wir m\u00fcssen immer wieder neu die Flamme des Friedens am brennen halten. <\/p>\n\n\n\n<p>Jesus war es, der uns dazu gute Werkzeuge in die Hand gibt.<br>\n\u201eSelig sind, die Frieden stiften\u201d das war einer seiner \u00dcberschriften in der Bergpredigt. Und dann spricht er davon, dass wir darauf verzichten sollen, B\u00f6ses mit B\u00f6sen zu vergelten. \u201eUnd wenn dich einer vor Gericht ziehen will, um dein Gewand zu nehmen, dann lass ihm auch den Mantel.\u201d &#8211; Um des Friedens willen. Eben weil der Friede wertvoller ist, als der Sieg.<br>\nDarum ermutigt Jesus uns, auch unsere Feinde zu lieben. <\/p>\n\n\n\n<p>Was Jesus da sagt, fordert, ja \u00fcberfordert uns. H\u00e4lt uns in Bewegung, es immer wieder zu versuchen. Auch wenn wir nie soweit kommen werden, dass wir es perfekt und dauerhaft schaffen.<br>\nSo bleiben wir unterwegs. Auf der Suche nach dem Frieden. Friedensj\u00e4ger.<\/p>\n\n\n\n<p>Aber da, wo wir zum Frieden unterwegs sind &#8211; da wo wir die Flamme des Friedens am Brennen halten da leuchtet sie hell. <br>\nDa strahlt sie W\u00e4rme aus und Geborgenheit.<br>\nDa zieht dieser Frieden vielleicht auch andere Menschen in seinen Bann, denn sie erkennen: Da, wo ihr Frieden sucht, da ist etwas Besonderes, da ist gut leben, da bin ich gern. <\/p>\n\n\n\n\n\n<p>AMEN<\/p>\n","protected":false},"excerpt":{"rendered":"<p>Friedensj\u00e4ger Es ist nicht leicht, mit so einem wirren Jahr wie 2018 seinen inneren Frieden zu machen. Diese Predigt erz\u00e4hlt vom Frieden, der stets ein Prozess ist: Beim Ringen mit den eigenen Erinnerungen und beim Ringen mit seinen Mitmenschen. Der Blick in die Rumpelkammer von 2018 2018 &#8211; ein Jahr\u2026 <a class=\"continue-reading-link\" href=\"https:\/\/www.pastors-home.de\/?p=3716\">ich will weiterlesen<\/a><\/p>\n","protected":false},"author":1,"featured_media":3718,"comment_status":"open","ping_status":"open","sticky":false,"template":"","format":"standard","meta":{"jetpack_post_was_ever_published":false,"_jetpack_newsletter_access":"","_jetpack_dont_email_post_to_subs":false,"_jetpack_newsletter_tier_id":0,"_jetpack_memberships_contains_paywalled_content":false,"_jetpack_memberships_contains_paid_content":false,"footnotes":"","jetpack_publicize_message":"","jetpack_publicize_feature_enabled":true,"jetpack_social_post_already_shared":true,"jetpack_social_options":{"image_generator_settings":{"template":"highway","default_image_id":0,"font":"","enabled":false},"version":2}},"categories":[802],"tags":[5,835,7,519,476,424],"class_list":["post-3716","post","type-post","status-publish","format-standard","has-post-thumbnail","hentry","category-predigten-2018","tag-jahreslosung","tag-jahreslosung-2019","tag-neujahr","tag-ps","tag-psalm","tag-silvester"],"jetpack_publicize_connections":[],"jetpack_featured_media_url":"https:\/\/i0.wp.com\/www.pastors-home.de\/wp-content\/uploads\/2018\/12\/20181229_1931128971225427232456966.jpg?fit=2000%2C1500&ssl=1","jetpack_sharing_enabled":true,"jetpack_shortlink":"https:\/\/wp.me\/p4BNB2-XW","jetpack_likes_enabled":true,"_links":{"self":[{"href":"https:\/\/www.pastors-home.de\/index.php?rest_route=\/wp\/v2\/posts\/3716","targetHints":{"allow":["GET"]}}],"collection":[{"href":"https:\/\/www.pastors-home.de\/index.php?rest_route=\/wp\/v2\/posts"}],"about":[{"href":"https:\/\/www.pastors-home.de\/index.php?rest_route=\/wp\/v2\/types\/post"}],"author":[{"embeddable":true,"href":"https:\/\/www.pastors-home.de\/index.php?rest_route=\/wp\/v2\/users\/1"}],"replies":[{"embeddable":true,"href":"https:\/\/www.pastors-home.de\/index.php?rest_route=%2Fwp%2Fv2%2Fcomments&post=3716"}],"version-history":[{"count":16,"href":"https:\/\/www.pastors-home.de\/index.php?rest_route=\/wp\/v2\/posts\/3716\/revisions"}],"predecessor-version":[{"id":5066,"href":"https:\/\/www.pastors-home.de\/index.php?rest_route=\/wp\/v2\/posts\/3716\/revisions\/5066"}],"wp:featuredmedia":[{"embeddable":true,"href":"https:\/\/www.pastors-home.de\/index.php?rest_route=\/wp\/v2\/media\/3718"}],"wp:attachment":[{"href":"https:\/\/www.pastors-home.de\/index.php?rest_route=%2Fwp%2Fv2%2Fmedia&parent=3716"}],"wp:term":[{"taxonomy":"category","embeddable":true,"href":"https:\/\/www.pastors-home.de\/index.php?rest_route=%2Fwp%2Fv2%2Fcategories&post=3716"},{"taxonomy":"post_tag","embeddable":true,"href":"https:\/\/www.pastors-home.de\/index.php?rest_route=%2Fwp%2Fv2%2Ftags&post=3716"}],"curies":[{"name":"wp","href":"https:\/\/api.w.org\/{rel}","templated":true}]}}