{"id":3529,"date":"2018-10-16T19:43:08","date_gmt":"2018-10-16T17:43:08","guid":{"rendered":"http:\/\/pastors-home.de\/?p=3529"},"modified":"2018-10-31T11:40:56","modified_gmt":"2018-10-31T10:40:56","slug":"radioandachten-im-oktober-2018-auf-chriavari-986","status":"publish","type":"post","link":"https:\/\/www.pastors-home.de\/?p=3529","title":{"rendered":"Radioandachten im Oktober 2018 auf Charivari 98,6"},"content":{"rendered":"<div class=\"wp-playlist wp-audio-playlist wp-playlist-light\">\n\t\t\t<div class=\"wp-playlist-current-item\"><\/div>\n\t\t<audio controls=\"controls\" preload=\"none\" width=\"858\"\n\t\t\t><\/audio>\n\t<div class=\"wp-playlist-next\"><\/div>\n\t<div class=\"wp-playlist-prev\"><\/div>\n\t<noscript>\n\t<ol>\n\t\t<li><a href='https:\/\/www.pastors-home.de\/wp-content\/uploads\/2018\/10\/Sorgenfaenger.mp3'>Sorgenf\u00e4nger<\/a><\/li><li><a href='https:\/\/www.pastors-home.de\/wp-content\/uploads\/2018\/10\/Welttag-des-Brotes.mp3'>Welttag des Brotes<\/a><\/li><li><a href='https:\/\/www.pastors-home.de\/wp-content\/uploads\/2018\/10\/Glaube_Hoffnung_Liebe.mp3'>Glaube Hoffnung Liebe<\/a><\/li><li><a href='https:\/\/www.pastors-home.de\/wp-content\/uploads\/2018\/10\/Multitasking.mp3'>Multitasking<\/a><\/li><li><a href='https:\/\/www.pastors-home.de\/wp-content\/uploads\/2018\/10\/Zierkuerbisse.mp3'>Zierk\u00fcrbisse<\/a><\/li><li><a href='https:\/\/www.pastors-home.de\/wp-content\/uploads\/2018\/10\/Kirchenvorstandswahl.mp3'>Kirchenvorstandswahl<\/a><\/li>\t<\/ol>\n\t<\/noscript>\n\t<script type=\"application\/json\" class=\"wp-playlist-script\">{\"type\":\"audio\",\"tracklist\":true,\"tracknumbers\":true,\"images\":false,\"artists\":false,\"tracks\":[{\"src\":\"https:\/\/www.pastors-home.de\/wp-content\/uploads\/2018\/10\/Sorgenfaenger.mp3\",\"type\":\"audio\/mpeg\",\"title\":\"Sorgenf\\u00e4nger\",\"caption\":\"\",\"description\":\"\\\"Sorgenf\\u00e4nger\\\" von Alexander Seidel.\",\"meta\":{\"artist\":\"Alexander Seidel\",\"length_formatted\":\"1:19\"},\"image\":{\"src\":\"https:\/\/www.pastors-home.de\/wp-includes\/images\/media\/audio.svg\",\"width\":48,\"height\":64},\"thumb\":{\"src\":\"https:\/\/www.pastors-home.de\/wp-includes\/images\/media\/audio.svg\",\"width\":48,\"height\":64}},{\"src\":\"https:\/\/www.pastors-home.de\/wp-content\/uploads\/2018\/10\/Welttag-des-Brotes.mp3\",\"type\":\"audio\/mpeg\",\"title\":\"Welttag des Brotes\",\"caption\":\"\",\"description\":\"\\\"Welttag des Brotes\\\" von Alexander Seidel.\",\"meta\":{\"artist\":\"Alexander Seidel\",\"length_formatted\":\"1:13\"},\"image\":{\"src\":\"https:\/\/www.pastors-home.de\/wp-includes\/images\/media\/audio.svg\",\"width\":48,\"height\":64},\"thumb\":{\"src\":\"https:\/\/www.pastors-home.de\/wp-includes\/images\/media\/audio.svg\",\"width\":48,\"height\":64}},{\"src\":\"https:\/\/www.pastors-home.de\/wp-content\/uploads\/2018\/10\/Glaube_Hoffnung_Liebe.mp3\",\"type\":\"audio\/mpeg\",\"title\":\"Glaube Hoffnung Liebe\",\"caption\":\"\",\"description\":\"\\\"Glaube Hoffnung Liebe\\\" von Alexander Seidel.\",\"meta\":{\"artist\":\"Alexander Seidel\",\"length_formatted\":\"1:23\"},\"image\":{\"src\":\"https:\/\/www.pastors-home.de\/wp-includes\/images\/media\/audio.svg\",\"width\":48,\"height\":64},\"thumb\":{\"src\":\"https:\/\/www.pastors-home.de\/wp-includes\/images\/media\/audio.svg\",\"width\":48,\"height\":64}},{\"src\":\"https:\/\/www.pastors-home.de\/wp-content\/uploads\/2018\/10\/Multitasking.mp3\",\"type\":\"audio\/mpeg\",\"title\":\"Multitasking\",\"caption\":\"\",\"description\":\"\\\"Multitasking\\\" von Alexander Seidel.\",\"meta\":{\"artist\":\"Alexander Seidel\",\"length_formatted\":\"1:19\"},\"image\":{\"src\":\"https:\/\/www.pastors-home.de\/wp-includes\/images\/media\/audio.svg\",\"width\":48,\"height\":64},\"thumb\":{\"src\":\"https:\/\/www.pastors-home.de\/wp-includes\/images\/media\/audio.svg\",\"width\":48,\"height\":64}},{\"src\":\"https:\/\/www.pastors-home.de\/wp-content\/uploads\/2018\/10\/Zierkuerbisse.mp3\",\"type\":\"audio\/mpeg\",\"title\":\"Zierk\\u00fcrbisse\",\"caption\":\"\",\"description\":\"\\\"Zierk\\u00fcrbisse\\\" von Alexander Seidel.\",\"meta\":{\"artist\":\"Alexander Seidel\",\"length_formatted\":\"1:19\"},\"image\":{\"src\":\"https:\/\/www.pastors-home.de\/wp-includes\/images\/media\/audio.svg\",\"width\":48,\"height\":64},\"thumb\":{\"src\":\"https:\/\/www.pastors-home.de\/wp-includes\/images\/media\/audio.svg\",\"width\":48,\"height\":64}},{\"src\":\"https:\/\/www.pastors-home.de\/wp-content\/uploads\/2018\/10\/Kirchenvorstandswahl.mp3\",\"type\":\"audio\/mpeg\",\"title\":\"Kirchenvorstandswahl\",\"caption\":\"\",\"description\":\"\\\"Kirchenvorstandswahl\\\" von Alexander Seidel.\",\"meta\":{\"artist\":\"Alexander Seidel\",\"length_formatted\":\"1:19\"},\"image\":{\"src\":\"https:\/\/www.pastors-home.de\/wp-includes\/images\/media\/audio.svg\",\"width\":48,\"height\":64},\"thumb\":{\"src\":\"https:\/\/www.pastors-home.de\/wp-includes\/images\/media\/audio.svg\",\"width\":48,\"height\":64}}]}<\/script>\n<\/div>\n\t\n<p><strong><em>Sorgenf\u00e4nger<\/em><\/strong><\/p>\n<p>K\u00fcrzlich habe ich zum ersten mal mit Kindern so einen indianischen Traumf\u00e4nger gebastelt. Mit Schn\u00fcren und Federn \u2013 wirklich sch\u00f6n. Ob der wirklich funktioniert und b\u00f6se Tr\u00e4ume abh\u00e4lt? Ich glaubs nicht.<br \/>\nWas ich aber glaube: Dass es so etwas \u00e4hnliches gibt \u2013 so einen Sorgenf\u00e4nger, wo man abends im Bett seine Sorgen und das, was einen umtreibt, hinh\u00e4ngen kann. Damit diese Sorgen aufger\u00e4umt sind, und einen nicht bis in die Tr\u00e4ume verfolgen.<br \/>\nDenn alter Spruch aus der Bibel sagt: \u201calle eure Sorgen werft auf Gott, den er sorgt f\u00fcr euch\u201d. Das ist mein Sorgenf\u00e4nger \u2013 abends im Bett diesem himmlischen Vater meinen Kummer anvertrauen und darauf hoffen, dass es mit Gottes Hilfe weitergeht \u2026. irgendwie.<br \/>\nDas ist kein Zaubermittel zum L\u00f6sen aller Probleme. Aber es l\u00e4sst mich besser schlafen, wenn ich mir bewusst mache: Ich bin nicht allein &#8211; ich habe meine Familie, gute Freunde und einen Gott, der es gut mit mir meint.<br \/>\nEinen guten Tag w\u00fcnsche ich Ihnen<!--more--><\/p>\n<p><strong>Tag des Brotes<\/strong><\/p>\n<p>Heute ist der Welttag des Brotes. Ich hoffe, sie wissen noch, was das ist.<br \/>\nDenn mittlerweile wird es von Sandwich, Hamburger, Baguette und \u00e4hnlichem verdr\u00e4ngt.<br \/>\nEigentlich schade, weil man mit so nem Butterbrot so viel ausdr\u00fccken kann.<br \/>\nEin Brot mit Butter, Bierschinken und d\u00fcnn geschnittener Gurke, vielleicht noch ein Hauch von Tomate drauf. Wer das in der Pause auspackt, der sieht die Liebe, mit der es daheim hergerichtet worden ist.<br \/>\n\u201eIch denk an dich und hab dich gerne&#8230;ich freu mich, wenn du wieder heim<br \/>\nEssen ist mehr als nur Nahrungsaufnahme. Vielleicht holen Sie mal wieder so ein Vesperbrett aus Holz raus, ein scharfes Messer, Gurken, Tomate, Butter, eine Wurst am St\u00fcck, einen K\u00e4se und ein Brot, wo sie die Scheiben mit dem Messer runterschneiden, wo jede ein bisschen anders aussieht.<br \/>\nSo ein Brot, das kann auch eine Liebesbotschaft sein. Einen guten Tag w\u00fcnsche ich Ihnen<\/p>\n<p><strong><em>Multitasking<\/em><\/strong><\/p>\n<p>Guten Morgen,<br \/>\nMultitasking ist ja f\u00fcr manche Leute ein Zauberwort. Die Kunst, mehrere Dinge gleichzeitig zu k\u00f6nnen. Telefonieren und parallel eine Email schreiben. Fernsehschauen, Abendessen und Zeitunglesen.<br \/>\nNoch krasser: Im Konzert feiern, und alles mit dem Smartphone filmen. Sein Kind stillen und dabei Nachrichten auf Whatsapp schreiben. \u2013 Gehts noch? Haben wir alle einen Batscher?<br \/>\nW\u00e4re es nicht viel gescheiter, das, was man tut, zu 100% zu tun \u2013 von ganzem Herzen? Das Konzert mit seiner unvergleichlichen Atmosp\u00e4re zu genie\u00dfen \u2013 wen interessiert denn so ein verwackeltes Video? Seinem Baby ungeteilt alle Liebe und Aufmerksamkeit zu schenken?<br \/>\nIch bin \u00fcberzeugt: Die Kunst des Lebens liegt nicht darin 10 unwichtige Dinge gleichzeitig zu tun, sondern zu entschieden, was wirklich wichtig ist, und das dann auch zu tun. Ganz im jetzt und hier zu sein. Ohne zu \u00fcberlegen, wie man das auf Instagramm oder Whatsapp beeindruckend teilen k\u00f6nnte. Denn dann w\u00e4re ich im Gedanken schon wieder ganz woanders.<br \/>\nEinen guten Tag w\u00fcnsche ich Ihnen<\/p>\n<p><em><strong>Glaube, Hoffnung, Liebe<\/strong><\/em><\/p>\n<p>Guten Morgen,<br \/>\nInnen in meinem Kopf, -da gibt es ein Regal, in dem die Dinge stehen, die mir wichtig sind: Gedanken, Personen, Werte.<br \/>\nDa stehen auch drei Klassiker. \u201cGlaube, Hoffnung, Liebe\u201d. Die stehen da gef\u00fchlt schon ewig \u2013geh\u00f6ren selbstverst\u00e4ndlich zu meinem Inventar \u2026. Naja, und wie es so ist, mit dem, was so allt\u00e4glich ist: Irgendwie staubt das dann auch ein bisschen ein. Glaube, Hoffnung, Liebe was soll man da gro\u00df dr\u00fcber reden.<br \/>\nAber seit ein paar Monaten hat sich da etwas gewandelt. Weil ich immer h\u00e4ufiger erlebe, dass bei Mitmenschen genau diese drei Klassiker nicht mehr z\u00e4hlen.<\/p>\n<p>Das werden Verachtung, Hass, Skepsis und Angst vor der Zukunft gesch\u00fcrt. Das macht nicht nur unsere Gesellschaft kaputt \u2013 das tut mir auch selber nicht gut: Wie soll ich mit mit Menschenverachtung und Zukunftsangst mein Leben gestalten? Das kann doch nichts werden?<br \/>\nUnd dann schaue ich wieder in mein Werte-Regal: Glaube, Hoffnung, Liebe \u2013 so alt und verstaubt die drei auch sind: Damit kann und will ich Zukunft gestalten . darum wird es Zeit, dass ich sie mal wieder bewusst in die Hand nehme, abstaube, und davon erz\u00e4hle, wie wichtig sie sind.<br \/>\nEinen guten Tag w\u00fcnsche ich Ihnen<\/p>\n<p><strong><em>K\u00fcrbisse<\/em><\/strong><\/p>\n<p>Guten Morgen<br \/>\nImmer wieder sehe ich sie jetzt am Stra\u00dfenrand: K\u00fcrbisse \u2013 in allen Gr\u00f6\u00dfen und Arten aufgereiht und gestapelt. K\u00fcrzlich habe ich mir einige mitgenommen und den Preis in die aufgestellte B\u00fcchse geworfen.<br \/>\nAlso: ich bin eigentlich kein klassicher K\u00fcrbisfan. Ich mag keine K\u00fcrbissuppe \u2013 und vor K\u00fcrbiskompott bin ich schon als Kind aus der K\u00fcche geflohen.<br \/>\nAber die Zierk\u00fcrbisse finde ich wunderbar! Gerade in unserer Welt, wo alles auf Effizienz und Leistung hin optimiert wird: K\u00fcrbisse, die einfach nur da sind, damit man sich an ihnen erfreut.<br \/>\nDa haben diese Zierk\u00fcrbisse irgendwie auch eine Botschaft:<br \/>\nEs ist gut, dass du da bist.<br \/>\nDein Dasein ist etwas wert, auch wenn man dich nicht f\u00fcr irgendetwas verwursten kann.<br \/>\nDu hast deinen Wert \u2013 weil Gott dich auf dieser Erde wachsen lie\u00df. Allein deshalb bist du etwas Einmaliges und hast deinen Platz auf dieser Erde.<br \/>\nEgal ob du ein Zierk\u00fcrbis bist, oder ein Mensch.<br \/>\nEinfach so leben \u2013 weil Gott mich auch \u201ceinfach so\u201d gemacht hat, weil er gut fand, dass ich auf dieser Welt bin.<\/p>\n<p><strong><em>KV-Wahl<\/em><\/strong><\/p>\n<p>Wer die Wahl hat, hat die Qual. Bei der Kirchenvorstandswahl der Evangelischen Kirche am morgigen Sonntag stimmt das f\u00fcr mich auf jeden Fall. Denn auf dem Wahlzettel stehen die Namen von dreizehn Menschen, die ich mir alle gut als Kirchenvorsteher vorstellen kann. Mein Ort ist recht klein, da kennt man sich. Der eine Kandidat ist im Posaunenchor mit Herzblut dabei, eine Andere managt den Kindergottesdienst &#8211; echt fitte Leute. Da ist auch der, der sich bisher noch gar nicht gro\u00df engagiert hat. Aber jetzt hat er Lust, etwas f\u00fcr die Gemeinde zu tun, und erz\u00e4hlt von dem, was er gerne in der Kirche bewegen w\u00fcrde.<br \/>\nOh Mann? Wem von denen soll ich meine Stimme geben? Das ist echt schwer.<br \/>\nAber was soll das jammern? Eigentlich ist es doch ein Grund zum feiern! Dass es so viele Menschen gibt, denen Kirche so wichtig ist, dass sie f\u00fcr den Kirchenvorstand kandidieren. Und denen will ich mit meinem Kreuzchen auf dem Wahlzettel sagen: Ich finde es gut, dass du Zeit, Ideen, Kraft und Nerven f\u00fcr deine Kirche investierst.<br \/>\nDarum gehe ich zur Wahl \u2013 auch wenn ich bis jetzt immer noch nicht so genau weiss, f\u00fcr wen ich stimmen will.<\/p>\n","protected":false},"excerpt":{"rendered":"<p>Im Oktober gibts folgende Themen:<br \/>\nSorgenf\u00e4nger, Welttag des Brotes, Glaube-Hoffnung-Liebe, Kirchenvorstandswahl, Zierk\u00fcrbisse, menschliches Multitasking <a class=\"continue-reading-link\" href=\"https:\/\/www.pastors-home.de\/?p=3529\">ich will weiterlesen<\/a><\/p>\n","protected":false},"author":1,"featured_media":3536,"comment_status":"open","ping_status":"open","sticky":false,"template":"","format":"standard","meta":{"jetpack_post_was_ever_published":false,"_jetpack_newsletter_access":"","_jetpack_dont_email_post_to_subs":false,"_jetpack_newsletter_tier_id":0,"_jetpack_memberships_contains_paywalled_content":false,"_jetpack_memberships_contains_paid_content":false,"footnotes":"","jetpack_publicize_message":"","jetpack_publicize_feature_enabled":true,"jetpack_social_post_already_shared":true,"jetpack_social_options":{"image_generator_settings":{"template":"highway","default_image_id":0,"font":"","enabled":false},"version":2}},"categories":[801],"tags":[824,823],"class_list":["post-3529","post","type-post","status-publish","format-standard","has-post-thumbnail","hentry","category-radioandachten-2018","tag-kirchenvorstandswahl","tag-multitasking"],"jetpack_publicize_connections":[],"jetpack_featured_media_url":"https:\/\/i0.wp.com\/www.pastors-home.de\/wp-content\/uploads\/2018\/10\/20181016_194103-16730340269798453760.jpg?fit=1999%2C1288&ssl=1","jetpack_sharing_enabled":true,"jetpack_shortlink":"https:\/\/wp.me\/p4BNB2-UV","jetpack_likes_enabled":true,"_links":{"self":[{"href":"https:\/\/www.pastors-home.de\/index.php?rest_route=\/wp\/v2\/posts\/3529","targetHints":{"allow":["GET"]}}],"collection":[{"href":"https:\/\/www.pastors-home.de\/index.php?rest_route=\/wp\/v2\/posts"}],"about":[{"href":"https:\/\/www.pastors-home.de\/index.php?rest_route=\/wp\/v2\/types\/post"}],"author":[{"embeddable":true,"href":"https:\/\/www.pastors-home.de\/index.php?rest_route=\/wp\/v2\/users\/1"}],"replies":[{"embeddable":true,"href":"https:\/\/www.pastors-home.de\/index.php?rest_route=%2Fwp%2Fv2%2Fcomments&post=3529"}],"version-history":[{"count":4,"href":"https:\/\/www.pastors-home.de\/index.php?rest_route=\/wp\/v2\/posts\/3529\/revisions"}],"predecessor-version":[{"id":3593,"href":"https:\/\/www.pastors-home.de\/index.php?rest_route=\/wp\/v2\/posts\/3529\/revisions\/3593"}],"wp:featuredmedia":[{"embeddable":true,"href":"https:\/\/www.pastors-home.de\/index.php?rest_route=\/wp\/v2\/media\/3536"}],"wp:attachment":[{"href":"https:\/\/www.pastors-home.de\/index.php?rest_route=%2Fwp%2Fv2%2Fmedia&parent=3529"}],"wp:term":[{"taxonomy":"category","embeddable":true,"href":"https:\/\/www.pastors-home.de\/index.php?rest_route=%2Fwp%2Fv2%2Fcategories&post=3529"},{"taxonomy":"post_tag","embeddable":true,"href":"https:\/\/www.pastors-home.de\/index.php?rest_route=%2Fwp%2Fv2%2Ftags&post=3529"}],"curies":[{"name":"wp","href":"https:\/\/api.w.org\/{rel}","templated":true}]}}