{"id":3504,"date":"2018-07-22T21:14:02","date_gmt":"2018-07-22T19:14:02","guid":{"rendered":"http:\/\/pastors-home.de\/?p=3504"},"modified":"2018-10-31T11:45:25","modified_gmt":"2018-10-31T10:45:25","slug":"radioandachten-auf-charivari-986-im-juli-2018","status":"publish","type":"post","link":"https:\/\/www.pastors-home.de\/?p=3504","title":{"rendered":"Radioandachten auf Charivari 98,6 im Juli 2018"},"content":{"rendered":"<div class=\"wp-playlist wp-audio-playlist wp-playlist-light\">\n\t\t\t<div class=\"wp-playlist-current-item\"><\/div>\n\t\t<audio controls=\"controls\" preload=\"none\" width=\"858\"\n\t\t\t><\/audio>\n\t<div class=\"wp-playlist-next\"><\/div>\n\t<div class=\"wp-playlist-prev\"><\/div>\n\t<noscript>\n\t<ol>\n\t\t<li><a href='https:\/\/www.pastors-home.de\/wp-content\/uploads\/2018\/07\/Parkplatzruepel.mp3'>Parkplatzr\u00fcpel?<\/a><\/li><li><a href='https:\/\/www.pastors-home.de\/wp-content\/uploads\/2018\/07\/Day_of_Joy.mp3'>Day of Joy<\/a><\/li><li><a href='https:\/\/www.pastors-home.de\/wp-content\/uploads\/2018\/07\/Motorsense.mp3'>Motorsense<\/a><\/li><li><a href='https:\/\/www.pastors-home.de\/wp-content\/uploads\/2018\/07\/Ferienreif.mp3'>Ferienreif<\/a><\/li><li><a href='https:\/\/www.pastors-home.de\/wp-content\/uploads\/2018\/07\/Noten_vergeben.mp3'>Noten vergeben<\/a><\/li><li><a href='https:\/\/www.pastors-home.de\/wp-content\/uploads\/2018\/07\/Glueck_sammeln.mp3'>Glueck sammeln<\/a><\/li>\t<\/ol>\n\t<\/noscript>\n\t<script type=\"application\/json\" class=\"wp-playlist-script\">{\"type\":\"audio\",\"tracklist\":true,\"tracknumbers\":true,\"images\":false,\"artists\":false,\"tracks\":[{\"src\":\"https:\/\/www.pastors-home.de\/wp-content\/uploads\/2018\/07\/Parkplatzruepel.mp3\",\"type\":\"audio\/mpeg\",\"title\":\"Parkplatzr\\u00fcpel?\",\"caption\":\"\",\"description\":\"\\\"Parkplatzr\\u00fcpel\\\" von Alexander Seidel.\",\"meta\":{\"artist\":\"Alexander Seidel\",\"length_formatted\":\"1:23\"},\"image\":{\"src\":\"https:\/\/www.pastors-home.de\/wp-includes\/images\/media\/audio.svg\",\"width\":48,\"height\":64},\"thumb\":{\"src\":\"https:\/\/www.pastors-home.de\/wp-includes\/images\/media\/audio.svg\",\"width\":48,\"height\":64}},{\"src\":\"https:\/\/www.pastors-home.de\/wp-content\/uploads\/2018\/07\/Day_of_Joy.mp3\",\"type\":\"audio\/mpeg\",\"title\":\"Day of Joy\",\"caption\":\"\",\"description\":\"\\\"Day of Joy\\\" von Alexander Seidel.\",\"meta\":{\"artist\":\"Alexander Seidel\",\"length_formatted\":\"1:23\"},\"image\":{\"src\":\"https:\/\/www.pastors-home.de\/wp-includes\/images\/media\/audio.svg\",\"width\":48,\"height\":64},\"thumb\":{\"src\":\"https:\/\/www.pastors-home.de\/wp-includes\/images\/media\/audio.svg\",\"width\":48,\"height\":64}},{\"src\":\"https:\/\/www.pastors-home.de\/wp-content\/uploads\/2018\/07\/Motorsense.mp3\",\"type\":\"audio\/mpeg\",\"title\":\"Motorsense\",\"caption\":\"\",\"description\":\"\\\"Motorsense\\\" von Alexander Seidel.\",\"meta\":{\"artist\":\"Alexander Seidel\",\"length_formatted\":\"1:23\"},\"image\":{\"src\":\"https:\/\/www.pastors-home.de\/wp-includes\/images\/media\/audio.svg\",\"width\":48,\"height\":64},\"thumb\":{\"src\":\"https:\/\/www.pastors-home.de\/wp-includes\/images\/media\/audio.svg\",\"width\":48,\"height\":64}},{\"src\":\"https:\/\/www.pastors-home.de\/wp-content\/uploads\/2018\/07\/Ferienreif.mp3\",\"type\":\"audio\/mpeg\",\"title\":\"Ferienreif\",\"caption\":\"\",\"description\":\"\\\"Ferienreif\\\" von Alexander Seidel.\",\"meta\":{\"artist\":\"Alexander Seidel\",\"length_formatted\":\"1:23\"},\"image\":{\"src\":\"https:\/\/www.pastors-home.de\/wp-includes\/images\/media\/audio.svg\",\"width\":48,\"height\":64},\"thumb\":{\"src\":\"https:\/\/www.pastors-home.de\/wp-includes\/images\/media\/audio.svg\",\"width\":48,\"height\":64}},{\"src\":\"https:\/\/www.pastors-home.de\/wp-content\/uploads\/2018\/07\/Noten_vergeben.mp3\",\"type\":\"audio\/mpeg\",\"title\":\"Noten vergeben\",\"caption\":\"\",\"description\":\"\\\"Noten vergeben\\\" von Alexander Seidel.\",\"meta\":{\"artist\":\"Alexander Seidel\",\"length_formatted\":\"1:23\"},\"image\":{\"src\":\"https:\/\/www.pastors-home.de\/wp-includes\/images\/media\/audio.svg\",\"width\":48,\"height\":64},\"thumb\":{\"src\":\"https:\/\/www.pastors-home.de\/wp-includes\/images\/media\/audio.svg\",\"width\":48,\"height\":64}},{\"src\":\"https:\/\/www.pastors-home.de\/wp-content\/uploads\/2018\/07\/Glueck_sammeln.mp3\",\"type\":\"audio\/mpeg\",\"title\":\"Glueck sammeln\",\"caption\":\"\",\"description\":\"\\\"Glueck sammeln\\\" von Alexander Seidel.\",\"meta\":{\"artist\":\"Alexander Seidel\",\"length_formatted\":\"1:13\"},\"image\":{\"src\":\"https:\/\/www.pastors-home.de\/wp-includes\/images\/media\/audio.svg\",\"width\":48,\"height\":64},\"thumb\":{\"src\":\"https:\/\/www.pastors-home.de\/wp-includes\/images\/media\/audio.svg\",\"width\":48,\"height\":64}}]}<\/script>\n<\/div>\n\t\n<p><em><strong>Parkplatzr\u00fcpel?<\/strong><\/em><\/p>\n<p>Guten Morgen<br \/>\nDa hab ich doch glatt auf dem kleinen Parkplatz die vorletzte freie L\u00fccke ergattert. Super! Als ich aus den Auto steige, rei\u00dft mich ein lautes Hupen aus meinen Gedanken: Da hat doch bei Hereinfahren auf den Parkplatz so ein fetter schwarzer Tesla einem kleinen Opel die Vorfahrt genommen. Und das bei nur noch einem einzigen freien Platz \u2013 das gibt b\u00f6ses Blut\u2026.<br \/>\nDer Luxus-Elektro-Schlitten gleitet ger\u00e4uschlos an mir vorbei und bleibt zwischen den andern Autos stehen, der kleine Opel direkt hinter ihm. Eine T\u00fcre geht auf, der Tesla-Fahrer steigt aus und geht zum offenen Fenster am Opel \u2013 au weiha \u2026<br \/>\nUnd dann h\u00f6re ich ihn: \u201cEntschuldigung, das tut mir leid, ich habe Sie \u00fcbersehen. Bitte fahren sie hier rein \u2013 das ist ihr Parkplatz. Das war nicht b\u00f6se gemeint\u201d.<br \/>\nSo kann es gehen \u2013 da musste ich doch meine ganzen Vorurteile \u00fcber die Fahrer von dicken Autos wieder einpacken. Durfte erleben, dass es doch gegenseitigen Respekt und R\u00fccksicht gibt. Den ganzen Tag \u00fcber hat mich diese Szene begleitet \u2013 das w\u00fcnsche ich mir \u00f6fter \u2013 solche Momente, die wie wundersch\u00f6ne Blumen der N\u00e4chstenliebe unser Leben einfach besser machen.<br \/>\nEinen guten Tag w\u00fcnsche ich Ihnen<!--more--><\/p>\n<p><strong>International Day of Joy<\/strong><\/p>\n<p>Guten Morgen<br \/>\nHeute ist der \u201cInternationale Tag der Freude\u201d. Das sagt mir zumindest das Internet. Aaber vorsicht: Bitte nicht verwechseln mit dem \u201cDay of Happyness\u201d, denn der ist am 20. M\u00e4rz, das hat die UNO festgelegt.<br \/>\nAlso &#8230; das hei\u00dft \u2026 dass wir zwei Tage haben, die das Fr\u00f6hlichsein als Thema aufgreifen. Vielelicht haben wir das als Franken auch n\u00f6tig \u2013 und daran zu erinnern wie gut es tut, sich einfach mal des Lebens zu freuen.<br \/>\nIch werd nie vergessen, wie ich als Pfarrer beim Beerdigunsggepr\u00e4ch einer alten Frau gefragt habe, woran die Oma denn Freude gehabt hat. Die Antwort: \u201cDie hat an nix Spa\u00df g\u00b4habt. Die hat blo\u00df ge\u00e4bert.\u201d Blo\u00df arbeiten \u2013 ja keinen Spa\u00df dran haben.<br \/>\nLiebe Franken! Es gibt mehr, als das fr\u00e4nkische \u201cbassd scho\u201d. Wir brauchen eigentlich jede Woche einen Day of Happyness. Da hat uns Gott schon so einen wunderbaren Planeten gegeben, eine Sonne die auf uns herunterlacht. Da w\u00e4re es doch auch eine angemessene Form von Dankbarkeit, wenn wir dar\u00fcber von Herzen fr\u00f6hlich sind.<br \/>\nEinen fr\u00f6hlichen Tag w\u00fcnsche ich Ihnen<\/p>\n<p><strong><em>Motorsense<\/em><\/strong><\/p>\n<p>Guten Morgen<br \/>\nIch habe jetzt so eine Motorsense f\u00fcr den Garten. Mein lieber Herr Gesangverein, das ist vielleicht ein Ger\u00e4t! Das Ding fetzt ja echt alles weg, was ihm im Weg ist. Gras \u2026. Ssssr \u2026. Weg<br \/>\nGestr\u00fcpp \u2026. Ratsch \u2026. abrasiert<br \/>\nJohannisbeer-Ableger \u2026 wosch \u2026. Nicht mehr zu sehen<br \/>\nFingerdicke Haselnuss-Triebe \u2026 spratzel \u2026. und fort sind sie.<br \/>\nDiese Motorsense haut echt alles weg. Die \u00fcberlegt nicht lange sondern serviert alles ab, was sich ihr entgegenstellt. Ich habe \u00fcberlegt, ob ich das Ding \u201cDonald\u201d nennen soll.<br \/>\nEhrlich gesagt: Irgendwie passt das Ding gar nicht zu mir. Ich bin nicht der Typ, der ohne gro\u00dfes Federlesen \u00fcber alles dr\u00fcberb\u00fcgelt. Nicht nur im Garten ist es mir wichtig, genau hinzusehen, das da los ist. Situationen, Entwicklungen, Menschen und Argumente will ich genau wahrzunehmen: Das ist da los, wozu ist das gut, und was kann da vielleicht noch Gutes draus werden?<br \/>\nIch will nicht alles planieren \u2013 vereinheitlichen und Fremdes abservieren. Ich will einen Garten und eine Welt, wo es bunt, lebendig und vief\u00e4ltig zugeht.<br \/>\nEinen guten Tag w\u00fcnsche ich Ihnen<\/p>\n<p><em><strong>Ferienreif<\/strong> <\/em><br \/>\nMorgen ist der letzte Schultag. Endlich!<br \/>\nEltern und Lehrer haben es schon lange gesp\u00fcrt: Unsere Kinder sind ferienreif.<br \/>\n\u201eFerienreif\u201c \u2013 das klingt komisch \u2013 aber tats\u00e4chlich ist das immer wieder zu erleben: Nach bestimmten Phasen in der Schule oder auch im Kindergarten ist die Luft raus. Da muss einfach eine l\u00e4ngere Pause her \u2013 ein Rhythmuswechsel.<br \/>\nWir Menschen sind einfach keine Maschinen die 365 Tage monoton durchrackern k\u00f6nnen. Das w\u00fcrde uns kaputt machen.<br \/>\nDa lerne ich wieder den Sonntag zu sch\u00e4tzen. Diese kleine Unterbrechung der Woche.<br \/>\nUnd die gro\u00dfen Kirchenfeste: Weihnachten, Ostern, Pfingsten. Da steckt wohl auch eine uralte Erfahrung drin, dass wir Menschen diesen Rhythmus von Arbeiten, Feiern und Ruhe brauchen.<br \/>\n\u201eDu sollst den Feiertag heiligen\u201c \u2013 das kann man nat\u00fcrlich als kirchliche Bevormundung meiner Wochengestaltung verstehen.<br \/>\nOder als ein leuchtend gelbes Warnschild \u2013 das mich daran erinnert, wie wir Menschen funktionieren, und vor dem warnt, was uns langfristig gar nicht gut tut.<br \/>\nDarum freue ich mich mit unseren Kindern auf die Ferien \u2013 und auf einen freien Sonntag \u2013 ganz ohne den Zwang, an diesem Tag irgendwie weiterarbeiten zu m\u00fcssen.<\/p>\n<p><strong><em>Noten vergeben<\/em><\/strong><\/p>\n<p>Guten Morgen<br \/>\nHeute, am letzten Schultag bekommen unsere Kinder wieder ihre Zeugnisse. Je nachdem, wie die Noten dann ausfallen, machen sie sich dann mehr oder weniger gl\u00fccklich auf den Heimweg.<br \/>\nIch wei\u00df noch, wie froh ich war, als ich zum allerletzten Mal eine Examenspr\u00fcfung hinter mir hatte: Endlich war das vorbei \u2026 die Angst vor Pr\u00fcfungen und Noten\u2026Aber ehrlich gesagt: So richtig rum ist es nie! Denn wir geben einander das ganze Leben lang Noten.<br \/>\nDie Leistung der Ingenieurin im Beruf, die Predigt vom Pfarrer, die Freundlichkeit der Krankenschwester, der Service im Restaurant, der Modegeschmack der Feundin, das \u00dcbergewicht des Kumpels.<br \/>\nWir vergeben so gerne Noten, beurteilen so gerne die Anderen \u2013 nur umgekehrt finden wir es nicht so toll, wenn andere sich ein kritisches Urteil \u00fcber uns erlauben.<br \/>\nIn der Bergpredigt sagt Jesus: Richtet nicht, damit ihr nicht gerichtet werdet. Und dann spricht er davon, dass wir gerne den Splitter im Auge des anderen sehen, aber den Balken im eigenen Auge nicht erkennen.<br \/>\nDamit trifft er bis heute den Nerv: Besser als Noten vergeben ist es, sich die ganze gegenseitige Bewerterei zu schenken.<br \/>\nEinen guten Tag w\u00fcnsche ich Ihnen<\/p>\n<p><strong><em>Gl\u00fcck- vor-sich-her-Schieber.<\/em><\/strong><\/p>\n<p>Manchmal stelle ich mir vor, das Gl\u00fcck des Lebens liegt einfach so auf der Stra\u00dfe, wie die Bl\u00e4tter im Herbst. Und ich stelle mir vor, jeder Mensch h\u00e4tte einen Besen, mit dem er das Gl\u00fcck f\u00fcr sich zusammenkehren k\u00f6nnte.<br \/>\nUnd da erwische ich mich dabei, dass ich gerne und flei\u00dfig dieses Gl\u00fcck zusammensammle. Immer gr\u00f6\u00dfer wird dieser Haufen, den ich da vor mir her schiebe. Und ich freue mich schon drauf, dass ich irgendwann dieses Gl\u00fcck dann einmal genie\u00dfen k\u00f6nnte \u2013 aber jetzt bin ich ja noch mit zusammensammeln besch\u00e4ftigt. Und das ist manchmal ganz sch\u00f6n anstrengend.<br \/>\nUnd eigentlich ist es ganz sch\u00f6n dumm!<br \/>\nGl\u00fcck vor sich herschieben, statt es dann zu genie\u00dfen, wenn es sich gerade bietet.<br \/>\nIn einem Psalm hei\u00dft es: \u201eSie sammeln, und wissen nicht, wer es einbringen wird\u201c \u2013 dass ist das Schicksal der Gl\u00fccks-Ansammler, die hoffen, so irgendwann das gro\u00dfe Gl\u00fcck zusammengebastelt zu haben \u2013 aber wer wei\u00df schon, was das Leben noch bringt&#8230;<br \/>\nDarum will ich die Gl\u00fccksmomente in dem Aufgenblick dankbar genie\u00dfen, in dem sie mir geschenkt werden.<br \/>\nEinen guten Tag w\u00fcnsche ich Ihnen<\/p>\n","protected":false},"excerpt":{"rendered":"<p>Im Juli haben die Radioandachten folgende Themen:<br \/>\nParkplatzr\u00fcpel, Day of Joy, Motorsense, Urlaubsreif, Noten vergeben, Gl\u00fcck-vor sich-her-schieben <a class=\"continue-reading-link\" href=\"https:\/\/www.pastors-home.de\/?p=3504\">ich will weiterlesen<\/a><\/p>\n","protected":false},"author":1,"featured_media":3409,"comment_status":"open","ping_status":"open","sticky":false,"template":"","format":"standard","meta":{"jetpack_post_was_ever_published":false,"_jetpack_newsletter_access":"","_jetpack_dont_email_post_to_subs":false,"_jetpack_newsletter_tier_id":0,"_jetpack_memberships_contains_paywalled_content":false,"_jetpack_memberships_contains_paid_content":false,"footnotes":"","jetpack_publicize_message":"","jetpack_publicize_feature_enabled":true,"jetpack_social_post_already_shared":true,"jetpack_social_options":{"image_generator_settings":{"template":"highway","default_image_id":0,"font":"","enabled":false},"version":2}},"categories":[801],"tags":[],"class_list":["post-3504","post","type-post","status-publish","format-standard","has-post-thumbnail","hentry","category-radioandachten-2018"],"jetpack_publicize_connections":[],"jetpack_featured_media_url":"https:\/\/i0.wp.com\/www.pastors-home.de\/wp-content\/uploads\/2018\/05\/andachtenwelt2000_2018.jpg?fit=2000%2C2000&ssl=1","jetpack_sharing_enabled":true,"jetpack_shortlink":"https:\/\/wp.me\/p4BNB2-Uw","jetpack_likes_enabled":true,"_links":{"self":[{"href":"https:\/\/www.pastors-home.de\/index.php?rest_route=\/wp\/v2\/posts\/3504","targetHints":{"allow":["GET"]}}],"collection":[{"href":"https:\/\/www.pastors-home.de\/index.php?rest_route=\/wp\/v2\/posts"}],"about":[{"href":"https:\/\/www.pastors-home.de\/index.php?rest_route=\/wp\/v2\/types\/post"}],"author":[{"embeddable":true,"href":"https:\/\/www.pastors-home.de\/index.php?rest_route=\/wp\/v2\/users\/1"}],"replies":[{"embeddable":true,"href":"https:\/\/www.pastors-home.de\/index.php?rest_route=%2Fwp%2Fv2%2Fcomments&post=3504"}],"version-history":[{"count":3,"href":"https:\/\/www.pastors-home.de\/index.php?rest_route=\/wp\/v2\/posts\/3504\/revisions"}],"predecessor-version":[{"id":3597,"href":"https:\/\/www.pastors-home.de\/index.php?rest_route=\/wp\/v2\/posts\/3504\/revisions\/3597"}],"wp:featuredmedia":[{"embeddable":true,"href":"https:\/\/www.pastors-home.de\/index.php?rest_route=\/wp\/v2\/media\/3409"}],"wp:attachment":[{"href":"https:\/\/www.pastors-home.de\/index.php?rest_route=%2Fwp%2Fv2%2Fmedia&parent=3504"}],"wp:term":[{"taxonomy":"category","embeddable":true,"href":"https:\/\/www.pastors-home.de\/index.php?rest_route=%2Fwp%2Fv2%2Fcategories&post=3504"},{"taxonomy":"post_tag","embeddable":true,"href":"https:\/\/www.pastors-home.de\/index.php?rest_route=%2Fwp%2Fv2%2Ftags&post=3504"}],"curies":[{"name":"wp","href":"https:\/\/api.w.org\/{rel}","templated":true}]}}