{"id":3492,"date":"2018-07-07T12:47:28","date_gmt":"2018-07-07T10:47:28","guid":{"rendered":"http:\/\/pastors-home.de\/?p=3492"},"modified":"2018-10-31T11:45:55","modified_gmt":"2018-10-31T10:45:55","slug":"gottesdienst-mit-taufe-gottes-guter-segen-ist-wie-ein-grosses-zelt-fleiluftgottesdienst-mit-symbolpredigt-24-juni-2018","status":"publish","type":"post","link":"https:\/\/www.pastors-home.de\/?p=3492","title":{"rendered":"Gottesdienst mit Taufe: Gottes guter Segen ist wie ein gro\u00dfes Zelt (Freiluftgottesdienst mit Symbolpredigt) 24. Juni 2018"},"content":{"rendered":"<blockquote><p><a href=\"http:\/\/pastors-home.de\/?attachment_id=3494\" rel=\"attachment wp-att-3494\"><img data-recalc-dims=\"1\" loading=\"lazy\" decoding=\"async\" data-attachment-id=\"3494\" data-permalink=\"https:\/\/www.pastors-home.de\/?attachment_id=3494\" data-orig-file=\"https:\/\/i0.wp.com\/www.pastors-home.de\/wp-content\/uploads\/2018\/07\/zelt.jpg?fit=400%2C267&amp;ssl=1\" data-orig-size=\"400,267\" data-comments-opened=\"1\" data-image-meta=\"{&quot;aperture&quot;:&quot;10&quot;,&quot;credit&quot;:&quot;KarlheinzWeiss&quot;,&quot;camera&quot;:&quot;Canon EOS 6D&quot;,&quot;caption&quot;:&quot;&quot;,&quot;created_timestamp&quot;:&quot;1529835766&quot;,&quot;copyright&quot;:&quot;&quot;,&quot;focal_length&quot;:&quot;24&quot;,&quot;iso&quot;:&quot;100&quot;,&quot;shutter_speed&quot;:&quot;0.005&quot;,&quot;title&quot;:&quot;&quot;,&quot;orientation&quot;:&quot;1&quot;}\" data-image-title=\"zelt\" data-image-description=\"\" data-image-caption=\"\" data-large-file=\"https:\/\/i0.wp.com\/www.pastors-home.de\/wp-content\/uploads\/2018\/07\/zelt.jpg?fit=400%2C267&amp;ssl=1\" class=\"alignright size-medium wp-image-3494\" src=\"https:\/\/i0.wp.com\/pastors-home.de\/wp-content\/uploads\/2018\/07\/zelt-300x200.jpg?resize=300%2C200\" alt=\"\" width=\"300\" height=\"200\" srcset=\"https:\/\/i0.wp.com\/www.pastors-home.de\/wp-content\/uploads\/2018\/07\/zelt.jpg?resize=300%2C200&amp;ssl=1 300w, https:\/\/i0.wp.com\/www.pastors-home.de\/wp-content\/uploads\/2018\/07\/zelt.jpg?resize=150%2C100&amp;ssl=1 150w, https:\/\/i0.wp.com\/www.pastors-home.de\/wp-content\/uploads\/2018\/07\/zelt.jpg?w=400&amp;ssl=1 400w, https:\/\/i0.wp.com\/www.pastors-home.de\/wp-content\/uploads\/2018\/07\/zelt.jpg?resize=225%2C150&amp;ssl=1 225w\" sizes=\"auto, (max-width: 300px) 100vw, 300px\" \/><\/a><span style=\"color: #800080;\">Gottes Segen wird in einem bekannten Lied mit einem gro\u00dfes Zelt verglichen. Mit den Kindergartenkinder probieren wir es aus! Wir erleben zugleich Geborgenheit und Fragilit\u00e4t eines Zeltes. In diesem Gottesdienst wird M. getauft. Der Taufspruch steht auch Pate f\u00fcr einige Predigtgedanken.<\/span><\/p><\/blockquote>\n<p>&nbsp;<\/p>\n<p>Liebe Kinder, liebe Erwachsene,<br \/>\nwie ihr seht, steht hier ein Zelt.\u00a0 Zelten macht vielen Spa\u00df. Viele lieben es, sich im Garten in ein Zelt zu verkriechen \u2026 diese sch\u00f6ne kleine kuschelige H\u00f6hle \u2026 das hat etwas. Man f\u00fchlt sich geborgen und sicher, und irgendwie ist es auch ein Abenteuer.<br \/>\nAlso ich stelle mir vor, wenn man mit dem Zelt nicht nur im eigenen Garten \u00fcbernachtet, sonden mal wirklich drau\u00dfen irgendwo in der fr\u00e4nkischen Wildnis, um mittelfr\u00e4nkischen Urwald!<\/p>\n<p><em><strong>Aktion mit den Kindern<\/strong><\/em><br \/>\nDamit wir uns das gut vorstellen k\u00f6nnen brauche ich jetzt ein bisschen Hilfe von euch Kindern<br \/>\n&#8211; Zu\u00e4chst eine Mutige, die in das Zelt reinkrabbeln und dann uns erz\u00e4hlen trauen, wie unheimlich oder sch\u00f6n das jeweils ist.<br \/>\n&#8211; Und vier bis sechs, die mir helfen, dass hier auch ein bisschen Urwald-Gef\u00fchl entsteht\u2026<br \/>\n(zwei Kinder gehen in das Zelt, nehmen ein Mikrofon mit, damit wir uns \u00fcber ihre Eindr\u00fccke austauschenk\u00f6nnen )<!--more--><\/p>\n<p>Wir beginnen mit einen st\u00fcrmischen Wind \u2026..<br \/>\nWir pusten und machen Winger\u00e4usche \u2026.<br \/>\nUnd, innen, wie f\u00fchlt ihr euch? Alles OK? Unwohlsein? Angst?<\/p>\n<p>Nun lassen wir es regnen!<br \/>\nDazu tippeln wir auf die Zeltplane \u2026 ermal leicht .. dann st\u00e4rker<br \/>\nUnd, innen, wie f\u00fchlt ihr euch? Alles OK? Unwohlsein? Angst?<\/p>\n<p>F\u00fcr einen richtigen Urwald brauchen wir einen L\u00f6wen!<br \/>\nDer schleicht erst einmal langsam, um euer Zelt herum \u2026 denn er hat Hunger! \u2026. Dann br\u00fcllt er, weil er will, dass jeder wei\u00df: Ich bin der K\u00f6nig im Dschungel!<br \/>\nUnd, wie f\u00fchlt ihr euch im Zelt? Kommr schon ein bisschen Gruseln auf?<\/p>\n<p>Oh \u2026 ich sehe da ein Flugzeug \u00fcber uns kreisen! Komisch, das hat sogar hinten einen Wohnwagen h\u00e4ngen. Einen ziemlich gro\u00dfen.<br \/>\nDa m\u00fcssen wir mal laut brummen<br \/>\nDas kreist genau \u00fcber eurem Zelt \u2026 was passiert da \u2026 der Wohnwagen l\u00f6st sich vom Flugzeug und f\u00e4llt genau in unsere Richtung vom Himmel herunter \u2026<br \/>\nUnd jetzt h\u00f6ren wir, wier der Wohnwagen vom Himmel ihmmer weiter herunter f\u00e4llt (uuuuuuiiiiiii) nur noch wenige Meter und er wird genau auf euer Zelt plumpsen \u2026<br \/>\nUnd\u2026 wie ist die Lage IM Zelt?<br \/>\n\u2026 wir gut, dass wir uns das alles nur ausgedacht haben\u2026.<br \/>\n&#8212; Ihr habt es geschafft \u2013 dankesch\u00f6n!<\/p>\n<p>&nbsp;<\/p>\n<p><em><strong>Segen &#8211; Geborgenheit macht Mut<\/strong> <\/em><\/p>\n<p>Liebe Kinder, liebe Erwachsene,<br \/>\nwir haben es verstanden: Ein Zelt ist etwas wunderbares. Man f\u00fchlt sich drin wohl und geborgen. Der Wind und der ERegen k\u00f6nnen einem nichts anhaben. Sogar das Br\u00fcllen des L\u00f6wen ist im Zelt l\u00e4ngst nicht so be\u00e4ngstigend, wie drau\u00dfen. Aber es kann nicht gegen alles sch\u00fctzen. Da muss ja nicht gleich ein Wohnwagen aufs Zeltdach fallen, ein Baum w\u00fcrde schon reichen \u2013 da bin ich auch in einem Zelt in Gefahr und werde mit gutem Grund Angst bekommen.<br \/>\nEs gibt ein Lied \u2013 das werdet ihr nachher ja auch singen \u2013 das hei\u00dft \u201eGott, dein guter Segen ist wie ein gro\u00dfes Zelt, hoch und weit, fest gespannt \u00fcber unsere Welt\u201c.<br \/>\nDas ist doch eine wunderbare Vorstellung: \u00dcber uns alle hat Gott ein gro\u00dfes Zelt seines Segens aufgespant. Gro\u00df und weit. So dass jeder von uns darunter Platz hat.<br \/>\nUnter Gottes Segenszelt k\u00f6nnen wir uns auch geborgen f\u00fchlen. Denn schlie\u00dflich meint Gott es gut mit uns: Er liebt jeden einzelnen von uns.<br \/>\nUnd wenn wir M. nachher taufen \u2026 das Wasser \u00fcber ihren Kopf gie\u00dfen und ihr den Segen Gottes zusprechen, dann nehmen wir sie auch mit in unser Segens-Zelt.<br \/>\nIch denke, wer sich bewusst macht, dass Gott bei ihm ist, und ihn begleitet, der hat es gut \u2013der f\u00fchlt sich beh\u00fctet und geborgen und sp\u00fcrt, dass Gott bei ihm ist.<br \/>\nVorhin haben wir in der Lesung davon geh\u00f6rt, wie Gott dem Josua Mut gemacht hat. Er hat ihm gesagt: \u201eSei mutig und stark! F\u00fcrchte dich also nicht und hab keine Angst; denn der Herr, dein Gott, ist mit dir bei allem, was du unternimmst.\u201d (Josua 1,9) Das ist doch mal eine Ansage! Und genasu den Satz sagen wir heute der kleinen M. : Sei mutig und stark! F\u00fcrchte dich also nicht und hab keine Angst; denn der Herr, dein Gott, ist mit dir bei allem, was du unternimmst.\u201d Diesen Satz haben sich M.s Eltern zur Taufe ausgesucht. Sie m\u00f6chten, dass sich M.\u00a0 immer wieder daran erinnert: Ich bin unter dem Segen Gottes \u2013 unter seinem Segens-Zelt \u2013 und darum kann ich mich geborgen f\u00fchlen, kann mutig sein, brauche nicht immer Angst haben \u2013 schlie\u00dflich ist ja Gott da.<\/p>\n<p>Ich \u00fcberlege. Wenn wir mit unseren Kindern abends beten \u201eM\u00fcde bin ich, geh zur Ruh, schlie\u00dfe meine \u00c4uglein zu, Vater, lass die Augen dein, \u00fcber meinem Bette sein\u2026\u201c Dann sprechen wir es aus: Da ist unser Gott, da ist dieses Segenszelt \u2013 du musst keine Angst haben vor dem Dunkel der Nacht und vor dem kommenden Tag \u2013 denn Gott ist bei dir.<br \/>\nIch denke: Es ist ein gro\u00dfer Schatz, den wir als Christen haben: Das Vertrauen ins Leben! Den Mut, jeden Tag anzupacken. Und auch ein gutes St\u00fcck Gelassenheit \u2026 weil nicht alles an mir, an meinem K\u00f6nnen, meiner Leistungsf\u00e4higeit h\u00e4ngt- Gott ist ja da.<\/p>\n<p><em><strong>Das fragile Zelt<\/strong><\/em><\/p>\n<p>Und wie ist das mit dem Wohnwagen, der auf mein Lebens-Zelt f\u00e4llt \u2013 oder dem Baum?<br \/>\nWir wissen es: Dieses gro\u00dfe Zelt des Segens Gottes ist keine Garantie, dass uns nichts passiert. Es k\u00f6nnen immer schlimme Dinge passieren. Genauso, wie ein Wohnwagen aus heiterem Himmel, kann mich ein Ungl\u00fcck ereilen, das mein ganzes Leben durcheinanderbringt und in Frage stellt. Das passiert immer wieder. Auch in unseren D\u00f6rfern. Wir haben es nicht in der Hand.<br \/>\nWem es trifft, der kann zuallermeist nichts daf\u00fcr \u2013 und wird dann dar\u00fcber auch mit seinem Gott zum k\u00e4mpfen haben \u2013 weil unsere Erwartungen an Gott die sind, dass er uns vollem allem beh\u00fctet. So mancher erlebt dann auch, wie trotz allem sein Glaube auch eine Kraftquelle in der Krise sein kann. Bei anderen tritt erst einmal Funkstille zwischen und ihrem Gott ein.<\/p>\n<p>\u201eGott, dein guter Segen ist wie ein gro\u00dfes Zelt, hoch und weit, fest gespannt \u00fcber unsere Welt\u201c. \u2013 Dieses Zelt des Segens Gottes ist aus einem feinen Stoff, kein Beton, der vor allem bewahrt. Aber es ist doch wie im Zelt, das hier steht:<br \/>\nDieser Hauch von Stoff, der da aufgespannt ist, der ver\u00e4ndert doch alles! Weil ich mit dem Zelt ein Dach \u00fcber den Kopf habe. Es vermittelt mir Geborgenheit, schafft Platz f\u00fcr Vertrauen und Mut. Mit diesem Zelt habe ich meinen Platz auf dieser Welt. Eine Heimat, in die ich immer wieder von meinem Ausfl\u00fcgen zur\u00fcckkehren kann.<br \/>\nOhne Zelt w\u00e4rer da nichts.<br \/>\nIch w\u00fcnsche ihnen, liebe Familie D. f\u00fcr ihre M.\u00a0 \u2013 und sich w\u00fcnsche es allen, die wir hier sind: Dass wir immer wieder dieses Zelt des Segens Gottes sp\u00fcren. Diese Zelt das mir sagt:<br \/>\nSei mutig und stark! F\u00fcrchte dich also nicht und hab keine Angst; denn der Herr, dein Gott, ist mit dir bei allem, was du unternimmst<\/p>\n<p>AMEN<\/p>\n<p>Lied der Kindergartenkinder: Gott, dein Guter Segen, ist wie ein gro\u00dfes Zelt<\/p>\n","protected":false},"excerpt":{"rendered":"<p>Gottes Segen wird in einem bekannten Lied mit einem gro\u00dfes Zelt verglichen. Mit den Kindergartenkinder probieren wir es aus! Wir erleben zugleich Geborgenheit und Fragilit\u00e4t eines Zeltes. In diesem Gottesdienst wird M. getauft. Der Taufspruch steht auch Pate f\u00fcr einige Predigtgedanken. <a class=\"continue-reading-link\" href=\"https:\/\/www.pastors-home.de\/?p=3492\">ich will weiterlesen<\/a><\/p>\n","protected":false},"author":1,"featured_media":3494,"comment_status":"open","ping_status":"open","sticky":false,"template":"","format":"standard","meta":{"jetpack_post_was_ever_published":false,"_jetpack_newsletter_access":"","_jetpack_dont_email_post_to_subs":false,"_jetpack_newsletter_tier_id":0,"_jetpack_memberships_contains_paywalled_content":false,"_jetpack_memberships_contains_paid_content":false,"footnotes":"","jetpack_publicize_message":"Gottesdienst mit Taufe: Gottes guter Segen ist wie ein gro\u00dfes Zelt (Fleiluftgottesdienst mit Symbolpredigt) 24. Juni 2018","jetpack_publicize_feature_enabled":true,"jetpack_social_post_already_shared":true,"jetpack_social_options":{"image_generator_settings":{"template":"highway","default_image_id":0,"font":"","enabled":false},"version":2}},"categories":[802,363],"tags":[821,641,820],"class_list":["post-3492","post","type-post","status-publish","format-standard","has-post-thumbnail","hentry","category-predigten-2018","category-symbolpredigt","tag-segen","tag-symbolpredigt","tag-zelt"],"jetpack_publicize_connections":[],"jetpack_featured_media_url":"https:\/\/i0.wp.com\/www.pastors-home.de\/wp-content\/uploads\/2018\/07\/zelt.jpg?fit=400%2C267&ssl=1","jetpack_sharing_enabled":true,"jetpack_shortlink":"https:\/\/wp.me\/p4BNB2-Uk","jetpack_likes_enabled":true,"_links":{"self":[{"href":"https:\/\/www.pastors-home.de\/index.php?rest_route=\/wp\/v2\/posts\/3492","targetHints":{"allow":["GET"]}}],"collection":[{"href":"https:\/\/www.pastors-home.de\/index.php?rest_route=\/wp\/v2\/posts"}],"about":[{"href":"https:\/\/www.pastors-home.de\/index.php?rest_route=\/wp\/v2\/types\/post"}],"author":[{"embeddable":true,"href":"https:\/\/www.pastors-home.de\/index.php?rest_route=\/wp\/v2\/users\/1"}],"replies":[{"embeddable":true,"href":"https:\/\/www.pastors-home.de\/index.php?rest_route=%2Fwp%2Fv2%2Fcomments&post=3492"}],"version-history":[{"count":4,"href":"https:\/\/www.pastors-home.de\/index.php?rest_route=\/wp\/v2\/posts\/3492\/revisions"}],"predecessor-version":[{"id":3598,"href":"https:\/\/www.pastors-home.de\/index.php?rest_route=\/wp\/v2\/posts\/3492\/revisions\/3598"}],"wp:featuredmedia":[{"embeddable":true,"href":"https:\/\/www.pastors-home.de\/index.php?rest_route=\/wp\/v2\/media\/3494"}],"wp:attachment":[{"href":"https:\/\/www.pastors-home.de\/index.php?rest_route=%2Fwp%2Fv2%2Fmedia&parent=3492"}],"wp:term":[{"taxonomy":"category","embeddable":true,"href":"https:\/\/www.pastors-home.de\/index.php?rest_route=%2Fwp%2Fv2%2Fcategories&post=3492"},{"taxonomy":"post_tag","embeddable":true,"href":"https:\/\/www.pastors-home.de\/index.php?rest_route=%2Fwp%2Fv2%2Ftags&post=3492"}],"curies":[{"name":"wp","href":"https:\/\/api.w.org\/{rel}","templated":true}]}}