{"id":3490,"date":"2018-07-07T11:38:33","date_gmt":"2018-07-07T09:38:33","guid":{"rendered":"http:\/\/pastors-home.de\/?p=3490"},"modified":"2018-07-07T11:38:33","modified_gmt":"2018-07-07T09:38:33","slug":"radioandachten-im-juni-2018-auf-charivari-986","status":"publish","type":"post","link":"https:\/\/www.pastors-home.de\/?p=3490","title":{"rendered":"Radioandachten im Juni 2018 auf Charivari 98,6"},"content":{"rendered":"<div class=\"wp-playlist wp-audio-playlist wp-playlist-light\">\n\t\t\t<div class=\"wp-playlist-current-item\"><\/div>\n\t\t<audio controls=\"controls\" preload=\"none\" width=\"858\"\n\t\t\t><\/audio>\n\t<div class=\"wp-playlist-next\"><\/div>\n\t<div class=\"wp-playlist-prev\"><\/div>\n\t<noscript>\n\t<ol>\n\t\t<li><a href='https:\/\/www.pastors-home.de\/wp-content\/uploads\/2018\/07\/Die-andere-Wange.mp3'>Die andere Wange hinhalten<\/a><\/li><li><a href='https:\/\/www.pastors-home.de\/wp-content\/uploads\/2018\/07\/Erdbeeren.mp3'>Erdbeeren<\/a><\/li><li><a href='https:\/\/www.pastors-home.de\/wp-content\/uploads\/2018\/07\/gehe-in-Frieden.mp3'>gehe in Frieden<\/a><\/li><li><a href='https:\/\/www.pastors-home.de\/wp-content\/uploads\/2018\/07\/je-ne-parle-pas-francais.mp3'>je ne parle pas francais<\/a><\/li><li><a href='https:\/\/www.pastors-home.de\/wp-content\/uploads\/2018\/07\/Datendrosselung.mp3'>Datendrosselung<\/a><\/li><li><a href='https:\/\/www.pastors-home.de\/wp-content\/uploads\/2018\/07\/Asteroidentag.mp3'>Asteroiden-Tag<\/a><\/li>\t<\/ol>\n\t<\/noscript>\n\t<script type=\"application\/json\" class=\"wp-playlist-script\">{\"type\":\"audio\",\"tracklist\":true,\"tracknumbers\":true,\"images\":false,\"artists\":false,\"tracks\":[{\"src\":\"https:\/\/www.pastors-home.de\/wp-content\/uploads\/2018\/07\/Die-andere-Wange.mp3\",\"type\":\"audio\/mpeg\",\"title\":\"Die andere Wange hinhalten\",\"caption\":\"\",\"description\":\"\\\"Die andere Wange hinhalten\\\" von Alexander Seidel.\",\"meta\":{\"artist\":\"Alexander Seidel\",\"length_formatted\":\"1:19\"},\"image\":{\"src\":\"https:\/\/www.pastors-home.de\/wp-includes\/images\/media\/audio.svg\",\"width\":48,\"height\":64},\"thumb\":{\"src\":\"https:\/\/www.pastors-home.de\/wp-includes\/images\/media\/audio.svg\",\"width\":48,\"height\":64}},{\"src\":\"https:\/\/www.pastors-home.de\/wp-content\/uploads\/2018\/07\/Erdbeeren.mp3\",\"type\":\"audio\/mpeg\",\"title\":\"Erdbeeren\",\"caption\":\"\",\"description\":\"\\\"Erdbeeren\\\" von Alexander Seidel.\",\"meta\":{\"artist\":\"Alexander Seidel\",\"length_formatted\":\"1:19\"},\"image\":{\"src\":\"https:\/\/www.pastors-home.de\/wp-includes\/images\/media\/audio.svg\",\"width\":48,\"height\":64},\"thumb\":{\"src\":\"https:\/\/www.pastors-home.de\/wp-includes\/images\/media\/audio.svg\",\"width\":48,\"height\":64}},{\"src\":\"https:\/\/www.pastors-home.de\/wp-content\/uploads\/2018\/07\/gehe-in-Frieden.mp3\",\"type\":\"audio\/mpeg\",\"title\":\"gehe in Frieden\",\"caption\":\"\",\"description\":\"\\\"gehe in Frieden\\\" von Alexander Seidel.\",\"meta\":{\"artist\":\"Alexander Seidel\",\"length_formatted\":\"1:19\"},\"image\":{\"src\":\"https:\/\/www.pastors-home.de\/wp-includes\/images\/media\/audio.svg\",\"width\":48,\"height\":64},\"thumb\":{\"src\":\"https:\/\/www.pastors-home.de\/wp-includes\/images\/media\/audio.svg\",\"width\":48,\"height\":64}},{\"src\":\"https:\/\/www.pastors-home.de\/wp-content\/uploads\/2018\/07\/je-ne-parle-pas-francais.mp3\",\"type\":\"audio\/mpeg\",\"title\":\"je ne parle pas francais\",\"caption\":\"\",\"description\":\"\\\"je ne parle pas francais\\\" von Alexander Seidel.\",\"meta\":{\"artist\":\"Alexander Seidel\",\"length_formatted\":\"1:19\"},\"image\":{\"src\":\"https:\/\/www.pastors-home.de\/wp-includes\/images\/media\/audio.svg\",\"width\":48,\"height\":64},\"thumb\":{\"src\":\"https:\/\/www.pastors-home.de\/wp-includes\/images\/media\/audio.svg\",\"width\":48,\"height\":64}},{\"src\":\"https:\/\/www.pastors-home.de\/wp-content\/uploads\/2018\/07\/Datendrosselung.mp3\",\"type\":\"audio\/mpeg\",\"title\":\"Datendrosselung\",\"caption\":\"\",\"description\":\"\\\"Datendrosselung\\\" von Alexander Seidel.\",\"meta\":{\"artist\":\"Alexander Seidel\",\"length_formatted\":\"1:27\"},\"image\":{\"src\":\"https:\/\/www.pastors-home.de\/wp-includes\/images\/media\/audio.svg\",\"width\":48,\"height\":64},\"thumb\":{\"src\":\"https:\/\/www.pastors-home.de\/wp-includes\/images\/media\/audio.svg\",\"width\":48,\"height\":64}},{\"src\":\"https:\/\/www.pastors-home.de\/wp-content\/uploads\/2018\/07\/Asteroidentag.mp3\",\"type\":\"audio\/mpeg\",\"title\":\"Asteroiden-Tag\",\"caption\":\"\",\"description\":\"\\\"Asteroiden-Tag\\\" von Alexander Seidel.\",\"meta\":{\"artist\":\"Alexander Seidel\",\"length_formatted\":\"1:27\"},\"image\":{\"src\":\"https:\/\/www.pastors-home.de\/wp-includes\/images\/media\/audio.svg\",\"width\":48,\"height\":64},\"thumb\":{\"src\":\"https:\/\/www.pastors-home.de\/wp-includes\/images\/media\/audio.svg\",\"width\":48,\"height\":64}}]}<\/script>\n<\/div>\n\t\n<p><em><strong>Montag: Die andere Wange hinhalten<\/strong><\/em><\/p>\n<p>Guten Morgen<br \/>\nLouisa schaut mich mit einer seltsamen Mischung von Wut und Unverst\u00e4ndnis an: Was? \u201cWenn dich einer auf die eine Wange schl\u00e4gt, dann halte ihm auch die andere hin\u201d \u2013 Das macht doch kein Mensch! Was soll das denn f\u00fcr ein bl\u00f6der Tipp sein, den Jesus da den Leuten sagt?<br \/>\nSo fassungslos habe ich die 12-j\u00e4hrige Sch\u00fclerin meiner Reliklasse noch nicht erlebt. Ich frage nach: Und was w\u00e4re, wenn du es wirklich machen w\u00fcrdest? Wenn dir jemand weh tut und du w\u00fcrdest ihn sagen: Wenn es dir grade so viel Spa\u00df macht, mich zu verletzen, wie w\u00e4rs, wenn du gleich nochmal \u2026.\u201d<br \/>\nEs dauert ein paar Sekunden, dann hellen sich Louisas Gesichtsz\u00fcge auf. Ich habe das Gef\u00fchl, dass ihn ihrem Kopf gerade eine Szene entsteht. Eine Szene, die sie schon mal erlebt hat, und die sie jetzt in ihren Gedanken einmal anders weitergehen l\u00e4sst. \u201cNaja,\u201d sagt sie \u201cvielleicht w\u00fcrde derjenige dann erst merken, was er mir angetan hat \u2013 und dann k\u00f6nnte sich was ver\u00e4ndern. Vielleicht ist der Tipp von Jesus doch nicht ganz so doof\u201d.<br \/>\nDa hat Louisa doch f\u00fcr heute richtig was gelernt \u2026<br \/>\nIch w\u00fcnsche ihnen einen guten Tag<!--more--><\/p>\n<p><strong><em>Dienstag Paradiesische Erdbeeren<\/em><\/strong><\/p>\n<p>Guten Morgen<br \/>\nIch liebe Erdbeeren. Mit der Erdbeere auf der Zunge entfalten sich in meinem Kopf die allersch\u00f6nsten Bilder meiner Kindheit: Wie ich im Schrebergarten meiner Familie die Kaninchen f\u00fcttere und dann zwischen den Reihen der Erdbeerstauden entlangkrabble. Immer auf der Suche nach diesen wunderbar leuchtend roten Erdbeeren \u2013 saftig, aromatisch \u2013 ein Traum \u2013 ein Paradies.<br \/>\nJa, Erdbeeren sind paradiesische Fr\u00fcchte \u2026<br \/>\nOb es damals bei Adam und Eva auch Erdbeeren gegeben hat? Ich denke schon \u2013 ein Paradies braucht Erdbeeren. Sonst w\u00e4rs kein Paradies.<br \/>\nAllein schon, wenn man sie anschaut: Rot \u2026 und diese Herzform. Die Erdbeere ist die Frucht gewordene Liebe Gottes zu den Menschen.<br \/>\nOb ich deshalb die Erdbeeren so mag, weil sie an die Liebe Gottes erinnern?<br \/>\nNunja, meistens esse ich sie schon wegen ihres Geschmacks. Aber irgendwie, bin ich beim Naschen doch immer auch ein bisschen in Gottes Paradiesgarten\u2026.<br \/>\nEinen guten Tag w\u00fcnsche ich Ihnen<\/p>\n<p><em><strong>Mittwoch: Den Staub von den F\u00fc\u00dfen sch\u00fctteln<\/strong><\/em><\/p>\n<p>Guten Morgen<br \/>\nManchmal ist auch irgendwann der Punkt erreicht, wo es mir zu bl\u00f6d wird.<br \/>\nIch bin ja eigentlich ein geduldiger Mensch, aber manchmal gibt\u2019s es Leute oder Situationen, da macht das ganze Diskutieren, die ganze Offenheit und Kompromissbereitschaft keinen Sinn.<br \/>\nDa geht nichts mehr vorw\u00e4rts. Da hat man mit Leuten zu tun, die offenbar gar kein Interesse haben, den anderen zu verstehen oder sich zu einigen.<br \/>\nJesus hat seinen J\u00fcngern gesagt: Es gibt den Punkt, wo ihr gehen solltet! Geht, sch\u00fcttelt den Staub dieses Hauses und dieser Situation von euren F\u00fc\u00dfen, und zieht weiter euren Weg. Lasst das hinter euch.<br \/>\nUnd mit \u201ehinter euch lassen\u201c hat er auch gemeint: Lasst es ruhen!<br \/>\nErkl\u00e4rt euch nicht selber zum Opfer, und den Anderen zum B\u00f6sen. Sondern lasst es einfach sein \u2013 Nur Gott steht ein Urteil zu, wer hier was falsch gemacht hat.<br \/>\nSch\u00fcttel den Staub von deinen F\u00fc\u00dfen und gehe in Frieden \u2013 denn der ist wertvoller als das Rechthaben oder das Gewinnen.<br \/>\nIch w\u00fcnsche Ihnen, dass Sie heute ihren Weg durch den Tag in Frieden gehen k\u00f6nnen.<\/p>\n<p>Donnerstag \u2013 Je ne parle pas fran\u00e7ais Guten Morgen<br \/>\n\u201cJe ne parle pas fran\u00e7ais &#8211; Aber bitte, red&#8216; weiter. \u201d Namika erz\u00e4hlt in ihrem Top-Ten-Lied davon, wie sie sich in Paris verl\u00e4uft. In einem kleinen Caf\u00e9 begegnet sie einem Franzosen, der sie in seinen Bann zieht: Obwohl sie kein Wort franz\u00f6sisch versteht, h\u00f6rt sie ihm stundenlang zu. Denn das, was sie zwischen den Zeilen h\u00f6rt, kommt auch so bei ihr an.<br \/>\nF\u00fcr manches braucht man keine Sprachkenntnisse oder \u00dcbersetzer. Weil das, worum es geht, von ganz alleine seinen Weg in Kopf und Herz findet.<br \/>\nUnd das funktioniert nicht nur in romantischen Pariser Cafes. Im S\u00fcden Frankreichs gibt es die Gemeinschaft von Taizee. Menschen aus allen L\u00e4ndern kommen dorthin. Feiern deren Gottesdienste mit. Ein Sprachengwir ohnegleichen.<br \/>\nUnd doch liegt \u00fcber allem eine Atmosph\u00e4re des Verstehens, des gegenseitigen Akzeptierens und der N\u00e4chstenliebe.<br \/>\nDie Sprache des christlichen Glaubens ist universal. Und in Zeiten der zunehmenden nationalen Eigenbr\u00f6tlerei bin ich froh, dass wenigsten diese Sprache alle Grenzen \u00fcberwinden kann.<br \/>\nEinen guten Tag w\u00fcnsche ich Ihnen<\/p>\n<p>&nbsp;<\/p>\n<p><em><strong>Freitag: Datenvolumen aufgebraucht<\/strong><\/em><\/p>\n<p>Guten Morgen<br \/>\n\u201cSehr geehrter Kunde. Ihr Datenvolumen ist aufgebraucht. Sie surfen ab sofort mit reduzierter Geschwindigkeit\u201d \u2013 Wie ich diese Botschaft auf dem Smartphone hasse!<br \/>\nEffektiv geht dann fast nichts mehr! Surfen, Lieder streamen, Fotos verschicken: Das kann ich getrost vergessen.<br \/>\nGrade mal \u201cich fahr jetzt los\u201d kriege ich \u00fcber Whatsapp verschickt. Ich merke schon, dass dadurch meine Kommunikation ziemlich abgew\u00fcrgt wird. Da ist der Begriff Datendrosselung wirklich passend.<br \/>\nAus meiner Erfahrung als Christ kenne ich das gleiche Ph\u00e4nomen ganz ohne digitales Drumherum. Manchmal habe ich einen richtig guten Draht zu meinem Gott. Da passt alles, keine offenen Fragen, und abends erz\u00e4hle ich ihm gro\u00df und breit, was mir durch den Kopf geht.<br \/>\nUnd dann gibt es Zeiten, da ist alles wie abgew\u00fcrgt. Da hab ich keine Lust zum Beten, weil gef\u00fchlt auch nichts zur\u00fcckkommt. Weil ich diesen Gott dann grade auch nicht verstehe. Da reichts grade mal f\u00fcr ein \u201clieber Gott, hilf, dass der Tag gut wird\u201d.<br \/>\nAberr: Beim Smartphone wie beim Draht zu Gott ist die H\u00e4ngepartie irgendwann auch mal rum \u2013 und man kann neu anfangen. Dann flutschen sie wieder \u2013 die Sprachnachristen \u2013 die an Freunde und die an meinen Gott.<br \/>\nEinen guten Tag w\u00fcnsche ich Ihnen<\/p>\n<p><strong><em>Samstag: Asteroiden-Tag<\/em><\/strong><\/p>\n<p>Guten Morgen,<\/p>\n<p>Heute, am 30. Juni ist der internationale Asteroiden-Tag. Es geht also im diese Himmelsk\u00f6rper in unserem Sonnensystem, die da herumschwirren, und manchmal der Erde ganz sch\u00f6n nahe kommen. Wenn ein ganz kleiner von denen mit der Erde zusammenst\u00f6\u00dft, dann sehen wir eine wundersch\u00f6ne Sternschnuppe. Wenn uns ein gro\u00dfer trifft, dann gibt es einen Krater. Vielleicht auch ein Inferno, das im Umkreis von tausend Kilometern alles Leben zerst\u00f6rt. Filme wie Armageddon oder Deep Impact greifen die Idee auf: Was k\u00f6nnnen wir tun, wenn so sein Asteroid jetzt auf uns zuk\u00e4me?<br \/>\nDer Asteroiden-Tag will das Bewusstsein f\u00fcr diese Gefahr wecken und die Forschung an Abwehrma\u00dfnahmen vorantreiben.<br \/>\nOb wir wirklich so einen Tag brauchen? Wir wissen doch, dass man sich nicht gegen alles absichern kann. Es kann in mein gut geplantes Leben immer etwas einschlagen, was ich nicht dem Radar hatte \u2013wo ich hilflos daneben stehe.<br \/>\nEs kann immer etwas passieren. Aber als Christ sage ich mir: \u201cMein Dasein ist in Gottes Hand\u201d. Ich bin nicht alleine.<br \/>\nVor dem Einschlag, der mein Leben ver\u00e4ndert, will ich auf Gott vertrauen.<br \/>\nUnd wenns micht trifft, dann hoffe ich, dass ich dass dieser Gott mich dann auch nicht alleine l\u00e4sst.<br \/>\nEinen guten Tag w\u00fcnsche ich Ihnen<\/p>\n","protected":false},"excerpt":{"rendered":"<p>Montag: Die andere Wange hinhalten Guten Morgen Louisa schaut mich mit einer seltsamen Mischung von Wut und Unverst\u00e4ndnis an: Was? \u201cWenn dich einer auf die eine Wange schl\u00e4gt, dann halte ihm auch die andere hin\u201d \u2013 Das macht doch kein Mensch! Was soll das denn f\u00fcr ein bl\u00f6der Tipp sein,\u2026 <a class=\"continue-reading-link\" href=\"https:\/\/www.pastors-home.de\/?p=3490\">ich will weiterlesen<\/a><\/p>\n","protected":false},"author":1,"featured_media":3409,"comment_status":"open","ping_status":"open","sticky":false,"template":"","format":"standard","meta":{"jetpack_post_was_ever_published":false,"_jetpack_newsletter_access":"","_jetpack_dont_email_post_to_subs":false,"_jetpack_newsletter_tier_id":0,"_jetpack_memberships_contains_paywalled_content":false,"_jetpack_memberships_contains_paid_content":false,"footnotes":"","jetpack_publicize_message":"","jetpack_publicize_feature_enabled":true,"jetpack_social_post_already_shared":true,"jetpack_social_options":{"image_generator_settings":{"template":"highway","default_image_id":0,"font":"","enabled":false},"version":2}},"categories":[801],"tags":[],"class_list":["post-3490","post","type-post","status-publish","format-standard","has-post-thumbnail","hentry","category-radioandachten-2018"],"jetpack_publicize_connections":[],"jetpack_featured_media_url":"https:\/\/i0.wp.com\/www.pastors-home.de\/wp-content\/uploads\/2018\/05\/andachtenwelt2000_2018.jpg?fit=2000%2C2000&ssl=1","jetpack_sharing_enabled":true,"jetpack_shortlink":"https:\/\/wp.me\/p4BNB2-Ui","jetpack_likes_enabled":true,"_links":{"self":[{"href":"https:\/\/www.pastors-home.de\/index.php?rest_route=\/wp\/v2\/posts\/3490","targetHints":{"allow":["GET"]}}],"collection":[{"href":"https:\/\/www.pastors-home.de\/index.php?rest_route=\/wp\/v2\/posts"}],"about":[{"href":"https:\/\/www.pastors-home.de\/index.php?rest_route=\/wp\/v2\/types\/post"}],"author":[{"embeddable":true,"href":"https:\/\/www.pastors-home.de\/index.php?rest_route=\/wp\/v2\/users\/1"}],"replies":[{"embeddable":true,"href":"https:\/\/www.pastors-home.de\/index.php?rest_route=%2Fwp%2Fv2%2Fcomments&post=3490"}],"version-history":[{"count":1,"href":"https:\/\/www.pastors-home.de\/index.php?rest_route=\/wp\/v2\/posts\/3490\/revisions"}],"predecessor-version":[{"id":3491,"href":"https:\/\/www.pastors-home.de\/index.php?rest_route=\/wp\/v2\/posts\/3490\/revisions\/3491"}],"wp:featuredmedia":[{"embeddable":true,"href":"https:\/\/www.pastors-home.de\/index.php?rest_route=\/wp\/v2\/media\/3409"}],"wp:attachment":[{"href":"https:\/\/www.pastors-home.de\/index.php?rest_route=%2Fwp%2Fv2%2Fmedia&parent=3490"}],"wp:term":[{"taxonomy":"category","embeddable":true,"href":"https:\/\/www.pastors-home.de\/index.php?rest_route=%2Fwp%2Fv2%2Fcategories&post=3490"},{"taxonomy":"post_tag","embeddable":true,"href":"https:\/\/www.pastors-home.de\/index.php?rest_route=%2Fwp%2Fv2%2Ftags&post=3490"}],"curies":[{"name":"wp","href":"https:\/\/api.w.org\/{rel}","templated":true}]}}