{"id":3411,"date":"2018-05-19T14:27:33","date_gmt":"2018-05-19T12:27:33","guid":{"rendered":"http:\/\/pastors-home.de\/?p=3411"},"modified":"2018-05-20T23:56:09","modified_gmt":"2018-05-20T21:56:09","slug":"predigt-in-einem-grossen-netz-zum-bild-netzwerk-des-geistes-von-christel-holl-1-korinther-12-4-11-pfingstsonntag-20-mail-2018","status":"publish","type":"post","link":"https:\/\/www.pastors-home.de\/?p=3411","title":{"rendered":"Predigt: In einem gro\u00dfen Netz  (zum Bild &#8222;Netzwerk des Geistes&#8220; von Christel Holl; 1. Korinther 12, 4-11) Pfingstsonntag, 20. Mai 2018"},"content":{"rendered":"<blockquote><p>Predigt zum Bild \u201eNetzwerk des Geistes\u201d von Christel Holl. Sie finden das Bild auf der Seite des\u00a0<a href=\"https:\/\/www.klosterkunst.de\/karten\/kunst-postkarten\/pfingsten\/1197\/netzwerk-des-geistes\" target=\"_blank\" rel=\"noopener\"> Beuroner Kunstverlages<\/a> Dort kann es auch bestellt werden. An diesem Sonntag werden die vorl\u00e4ufigen Kandidierendenlisten zur Kirchenvorstandswahl bekanntgegeben &#8211; darum nimmt die Predigt Bezug auf die Rolle der Kirchenvorsteherinnen und Kirchenvorsteher.<\/p><\/blockquote>\n<p>&nbsp;<\/p>\n<p>Liebe Gemeinde<\/p>\n<p>Ein Pfingst-Bild haben Sie da in Ihren H\u00e4nden. Sofort ist zu erkennen, dass es um die Pfingstgeschichte geht: Oben sehe ich die Taube herabkommen, vom Himmel schweben kleine rote Flammen auf die Menschen herab, und am Boden stehen die J\u00fcnger, die so langsam vom Geist Gottes erfasst werden und in Bewegung geraten.<\/p>\n<p><em><strong>mehr als nur 12 gleiche J\u00fcnger<\/strong><\/em><br \/>\nSoweit scheint auf den ersten Blick alles klar zu sein. Aber Moment &#8230; die 12 J\u00fcnger sind da irgendwie anscheinend mehr als nur ein Dutzend. Also ich z\u00e4hle mindestens 17, und in den nur angedeuteten Silhouetten erkenne ich, dass da noch viel viel mehr sein m\u00fcssen.<br \/>\nNat\u00fcrlich! Pfingsten war ja auch mehr als nur ein Erlebnis f\u00fcr die 12 J\u00fcnger Jesu. Schon in der Pfingsterz\u00e4hlung wird berichtet, dass innerhalb von wenigen Tagen 3000 Menschen sich taufen lie\u00dfen. Dreitausend Menschen, die auch J\u00fcnger dieses auferstandenen Jesus wurden. Eine Bewegung von faszinierendem Ausma\u00df. Und was manche Kritiker damals als kurzfristigen Hype abgetan haben, hat sich zu einer weltumspannenden Bewegung entwickelt, die auch nach 2000 Jahren Menschen ber\u00fchrt.<!--more--><\/p>\n<p>So geh\u00f6ren wohl auch wir zu diesen schwarz skizzierten Menschen. Und wenn ich sie mir genauer betrachte, entdecke ich da ganz unterschiedliche Haltungen und Bewegungen.<br \/>\nRechts oben im Hintergrund, da ist wohl jemand Feuer und Flamme: Beide Arme reckt er in die H\u00f6he, richtet sich zum Himmel aus.<br \/>\nGanz anders links unten, am Rande des blauen Flecks: Da blicken sich zwei an. Man sp\u00fcrt ein bisschen die Spannung &#8211; sie scheinen sich gegenseitig zu halten &#8211; vielleicht fragen sie sich: Was geschieht hier? Was soll das, und was wird das werden?<br \/>\nDrei K\u00f6pfe weiter rechts hockt jemand. Ist er \u00fcberfordert von dem, was gerade beginnt? Wei\u00df er nicht so recht, ob er sich dieser Bewegung anschlie\u00dfen soll? Vielleicht duckt er sich auch ein bisschen weg &#8230; weil ihm alles zu schnell geht.<br \/>\nUnd \u00fcberall Menschen, die offensichtlich gerade dabei sind, in Bewegung zu geraten.<\/p>\n<p>Der Geist Gottes, der da an Pfingsten kommt, ist \u00fcber allen der gleiche, aber das hei\u00dft nicht, dass alle dadurch gleich werden. Der selbe Geist in unterschiedlichen Menschen bringt Unterschiedliches hervor. Er trifft auf ganz individuelle Charaktere, verschiedene Temperamente und Talente.<br \/>\nEs werden daraus keine Norm-J\u00fcnger.<br \/>\nDer Apostel Paulus hat seiner Gemeinde in Korinth das einmal geschrieben:<\/p>\n<p><em><strong>(1. Korinther 12, 4-11)<\/strong><\/em><br \/>\nEs sind verschiedene Gaben; aber es ist ein Geist.<br \/>\n5 Und es sind verschiedene \u00c4mter; aber es ist ein Herr.<br \/>\n6 Und es sind verschiedene Kr\u00e4fte; aber es ist ein Gott, der da wirkt alles in allen.<br \/>\n7 Durch einen jeden offenbart sich der Geist zum Nutzen aller.<br \/>\n8 Dem einen wird durch den Geist ein Wort der Weisheit gegeben; dem andern ein Wort der Erkenntnis durch denselben Geist;<br \/>\n9 einem andern Glaube, in demselben Geist; einem andern die Gabe, gesund zu machen, in dem einen Geist;<br \/>\n10 einem andern die Kraft, Wunder zu tun; einem andern prophetische Rede; einem andern die Gabe, die Geister zu unterscheiden; einem andern mancherlei Zungenrede; einem andern die Gabe, sie auszulegen.<br \/>\n11 Dies alles aber wirkt derselbe eine Geist, der einem jeden das Seine zuteilt, wie er will.<\/p>\n<p>Liebe Gemeinde,<br \/>\nschon Paulus musste darum k\u00e4mpfen, dass seine Gemeinde anerkennt, wie unterschiedlich wir Menschen sind und wie unterschiedlich sie dann auch als Christen sind. Mit Begabungen, mit St\u00e4rken und mit Schw\u00e4chen &#8211; und alles das bringen wir mit ein, in dieses Miteinander der Gemeinschaft.<\/p>\n<p><em><strong>Das Netzwerk<\/strong><\/em><\/p>\n<p>Schauen wir nun aber auf die Besonderheit dieses Bildes schauen: Feine r\u00f6tliche und graue Linien durchziehen diese Szene.<br \/>\nEs wirkt wie ein Netz, das da \u00fcber allem aufgespannt ist. Ein Netzwerk der Glaubenden. Man ist f\u00fcreinander da, unterst\u00fctzt sich, man f\u00fchlt sich zusammengeh\u00f6rig, trotz aller Unterschiedlichkeiten und mancher Differenzen, die man m\u00f6glicherweise hat.<\/p>\n<p>Oder ist das, was ich da sehe ein Koordinaten-Netz, wie es auf einem Globus oder einer Weltkarte aufgedruckt ist? W\u00fcrde ja auch passen! Zu unserer weltweiten christlichen Gemeinschaft. Glaube an Jesus Christus, der in Mittelfranken sicher anders gelebt, gefeiert und ausgedr\u00fcckt wird, als auf Papua-Neuguinea. Und trotz dieser gewaltigen kulturellen Unterschiede f\u00fchlen wir uns mit den Christen auf der anderen H\u00e4lfte der Weltkugel geschwisterlich verbunden. Halten hier im Dekanat Neustadt Kontakt mit der Evangelistenschule Amron.<br \/>\nAuch im Weltgebetstag dr\u00fcckt sich diese Verbundenheit immer wieder aus, wenn wir uns \u00fcber ein Land wie Surinam informieren und hier einen Gottesdienst feiern, den die Frauen dort entworfen haben. Das ist weltweite \u00d6kumene.<\/p>\n<p><strong>\u00d6kumene<\/strong><\/p>\n<p>Dieser Geist Gottes schert sich wohl auch nicht \u00fcber katholisch und evangelisch. Wir sind im gleichen Netz. Am Freitag wurde ich gebeten, die Trauerfeier f\u00fcr unseren katholischen Mitb\u00fcrger Armin W. zu \u00fcbernehmen. Da hat mir der Messner in Niederndorf dann den Weihwasserkessel angeboten &#8211; und da musste ich \u00fcberlegen &#8230; was machst du jetzt? Es hat ein bisschen l\u00e4nger gedauert, bis ich f\u00fcr mich Klarheit hatte: Dieses Wasser erinnert an unsere Taufe. Und was will ich mehr, als uns in diesem Moment daran zu erinnern: Als Christ bin ich den Tod und die Auferstehung Jesu hinein getauft. Das ist doch ein zentraler Punkt unserer Glaubenshoffnung! Zwei Stunden sp\u00e4ter, als wir in Brunn Theresia T. ganz evangelisch beerdigt haben, da war es ja ganz logisch, dass wir das Foto der Verstorbenen neben dem Taufstein platzieren. Da geh\u00f6rt es hin. Aus dem gleichen Grund, wie ich das Weihwasser in Niederndorf genutzt habe: Weil wir als Lebende und Gestorbene durch die Taufe zu Jesus Christus geh\u00f6ren.<br \/>\nEgal, zu welcher christlichen Konfession wir uns z\u00e4hlen.<\/p>\n<p>Etwas ist mir noch eingefallen: Ein bisschen erinnern mich diese Linien an ein gro\u00dfes Gew\u00e4chshaus. Wie ein gro\u00dfe K\u00e4seglocke &#8211; abgeschottet mit einem eigenen Klima<br \/>\nNaja &#8230; ein bisschen sind wir als Kirche schon eine eigene Welt. Ein besonderer Kosmos, wo Menschen manchmal etwas anders ticken, als au\u00dferhalb. Mit eigenen Werten und Vorstellungen von dem, was im Leben z\u00e4hlt. Und man sieht auch, was da an Gutem wachsen und gedeihen kann, in der Gew\u00e4chshaus-Atmosph\u00e4re unseres Glaubens. Manchmal bilden wir ein Gegenmodell zur \u00fcbrigen Welt. Was dann durchaus Konflikte hervorrufen kann, weil wir aus dem Glauben heraus Dinge anders sehen. Und dann ist es wieder gut, wenn ich das Netz erkenne &#8211; dass ich mit meinen Glaubens\u00fcberzeugungen nicht alleine dastehe, sondern Teil einer Gemeinschaft bin.<\/p>\n<p><em><strong>Kirchenvorsteher<\/strong><\/em><\/p>\n<p>Liebe Gemeinde,<br \/>\nheute werden in den Abk\u00fcndigungen die Namen derer genannt, die zur Kirchenvorstandswahl im Oktober antreten. Die Listen sind noch offen, es k\u00f6nnen noch Kandidaten dazukommen.<br \/>\nUnsere Kirchenvorsteher sind ein wichtiger Teil unseres Netzes. Denn sie haben die Aufgabe, unser Miteinander in diesem Netz mitzugestalten. Sie stehen vor der Herausforderung immer wieder zu \u00fcberlegen, was f\u00fcr das Netz in unseren D\u00f6rfern wichtig ist. Wie wir als Kirchengemeinde unsern Glauben leben und bezeugen k\u00f6nnen.<\/p>\n<p>Sie sollen als gew\u00e4hlte Vertreter Verantwortung \u00fcbernehmen, beraten und manche Entscheidungen treffen.<br \/>\nPaulus hat geschrieben Jeder hat andere Gaben; und unsere Kirchenvorsteher werden versuchen, ihre St\u00e4rken uns Talente an dieser Stelle einzubringen.<\/p>\n<p>Aber das Netz selbst, das bilden wir alle. Jeder von uns ist ein Teil dieses Netzes, das der heilige Geist zwischen uns kn\u00fcpft. Und vielleicht haben Sie sich schon im Bild entdeckt: Als einer von den J\u00fcngerinnen und J\u00fcngern, die da versammelt sind &#8230; ja vielleicht da ganz rechts unten: Da kann man es sogar in gro\u00dfen Buchstaben lesen, dass Sie das sind: Da steht n\u00e4mlich; \u201eich\u201d.<\/p>\n<p>Amen<\/p>\n","protected":false},"excerpt":{"rendered":"<p>Predigt zum Bild \u201eNetzwerk des Geistes\u201d von Christel Holl. Sie finden das Bild auf der Seite des\u00a0 Beuroner Kunstverlages Dort kann es auch bestellt werden. An diesem Sonntag werden die vorl\u00e4ufigen Kandidierendenlisten zur Kirchenvorstandswahl bekanntgegeben &#8211; darum nimmt die Predigt Bezug auf die Rolle der Kirchenvorsteherinnen und Kirchenvorsteher. &nbsp; Liebe\u2026 <a class=\"continue-reading-link\" href=\"https:\/\/www.pastors-home.de\/?p=3411\">ich will weiterlesen<\/a><\/p>\n","protected":false},"author":1,"featured_media":0,"comment_status":"open","ping_status":"open","sticky":false,"template":"","format":"standard","meta":{"jetpack_post_was_ever_published":false,"_jetpack_newsletter_access":"","_jetpack_dont_email_post_to_subs":false,"_jetpack_newsletter_tier_id":0,"_jetpack_memberships_contains_paywalled_content":false,"_jetpack_memberships_contains_paid_content":false,"footnotes":"","jetpack_publicize_message":"Predigt: In einem gro\u00dfen Netz  (zum Bild \"Netzwerk des Geistes\" von Christel Holl; 1. Korinther 12, 4-11) Pfingstsonntag, 20. Mail 2018","jetpack_publicize_feature_enabled":true,"jetpack_social_post_already_shared":true,"jetpack_social_options":{"image_generator_settings":{"template":"highway","default_image_id":0,"font":"","enabled":false},"version":2}},"categories":[802],"tags":[625,480,297,697],"class_list":["post-3411","post","type-post","status-publish","format-standard","hentry","category-predigten-2018","tag-1-kor","tag-1-korinther","tag-pfingsten","tag-pfingstsonntag"],"jetpack_publicize_connections":[],"jetpack_featured_media_url":"","jetpack_sharing_enabled":true,"jetpack_shortlink":"https:\/\/wp.me\/p4BNB2-T1","jetpack_likes_enabled":true,"_links":{"self":[{"href":"https:\/\/www.pastors-home.de\/index.php?rest_route=\/wp\/v2\/posts\/3411","targetHints":{"allow":["GET"]}}],"collection":[{"href":"https:\/\/www.pastors-home.de\/index.php?rest_route=\/wp\/v2\/posts"}],"about":[{"href":"https:\/\/www.pastors-home.de\/index.php?rest_route=\/wp\/v2\/types\/post"}],"author":[{"embeddable":true,"href":"https:\/\/www.pastors-home.de\/index.php?rest_route=\/wp\/v2\/users\/1"}],"replies":[{"embeddable":true,"href":"https:\/\/www.pastors-home.de\/index.php?rest_route=%2Fwp%2Fv2%2Fcomments&post=3411"}],"version-history":[{"count":7,"href":"https:\/\/www.pastors-home.de\/index.php?rest_route=\/wp\/v2\/posts\/3411\/revisions"}],"predecessor-version":[{"id":3419,"href":"https:\/\/www.pastors-home.de\/index.php?rest_route=\/wp\/v2\/posts\/3411\/revisions\/3419"}],"wp:attachment":[{"href":"https:\/\/www.pastors-home.de\/index.php?rest_route=%2Fwp%2Fv2%2Fmedia&parent=3411"}],"wp:term":[{"taxonomy":"category","embeddable":true,"href":"https:\/\/www.pastors-home.de\/index.php?rest_route=%2Fwp%2Fv2%2Fcategories&post=3411"},{"taxonomy":"post_tag","embeddable":true,"href":"https:\/\/www.pastors-home.de\/index.php?rest_route=%2Fwp%2Fv2%2Ftags&post=3411"}],"curies":[{"name":"wp","href":"https:\/\/api.w.org\/{rel}","templated":true}]}}