{"id":3381,"date":"2018-03-31T15:31:44","date_gmt":"2018-03-31T13:31:44","guid":{"rendered":"http:\/\/pastors-home.de\/?p=3381"},"modified":"2022-05-14T00:27:59","modified_gmt":"2022-05-13T22:27:59","slug":"predigt-das-osterei-gekocht-roh-oder-ganz-lebendig-1-timotheus-1-7-11-ostersonntag-1-april-2018","status":"publish","type":"post","link":"https:\/\/www.pastors-home.de\/?p=3381","title":{"rendered":"Symbolpredigt: Das Osterei: Gekocht, roh &#8211; oder ganz lebendig (2. Timotheus 1, 7-11) Ostersonntag, 1. April 2018"},"content":{"rendered":"<blockquote><p><span style=\"color: #ff0000;\">Eine S<a style=\"color: #ff0000;\" href=\"http:\/\/pastors-home.de\/?attachment_id=2311\" rel=\"attachment wp-att-2311\"><img data-recalc-dims=\"1\" loading=\"lazy\" decoding=\"async\" data-attachment-id=\"2311\" data-permalink=\"https:\/\/www.pastors-home.de\/?attachment_id=2311\" data-orig-file=\"https:\/\/i0.wp.com\/www.pastors-home.de\/wp-content\/uploads\/2015\/04\/strickei3.jpg?fit=1200%2C1077&amp;ssl=1\" data-orig-size=\"1200,1077\" data-comments-opened=\"1\" data-image-meta=\"{&quot;aperture&quot;:&quot;0&quot;,&quot;credit&quot;:&quot;&quot;,&quot;camera&quot;:&quot;&quot;,&quot;caption&quot;:&quot;&quot;,&quot;created_timestamp&quot;:&quot;0&quot;,&quot;copyright&quot;:&quot;&quot;,&quot;focal_length&quot;:&quot;0&quot;,&quot;iso&quot;:&quot;0&quot;,&quot;shutter_speed&quot;:&quot;0&quot;,&quot;title&quot;:&quot;&quot;,&quot;orientation&quot;:&quot;0&quot;}\" data-image-title=\"strickei3\" data-image-description=\"\" data-image-caption=\"\" data-large-file=\"https:\/\/i0.wp.com\/www.pastors-home.de\/wp-content\/uploads\/2015\/04\/strickei3.jpg?fit=880%2C790&amp;ssl=1\" class=\"alignright size-medium wp-image-2311\" src=\"https:\/\/i0.wp.com\/pastors-home.de\/wp-content\/uploads\/2015\/04\/strickei3-300x269.jpg?resize=300%2C269\" alt=\"\" width=\"300\" height=\"269\" srcset=\"https:\/\/i0.wp.com\/www.pastors-home.de\/wp-content\/uploads\/2015\/04\/strickei3.jpg?resize=300%2C269&amp;ssl=1 300w, https:\/\/i0.wp.com\/www.pastors-home.de\/wp-content\/uploads\/2015\/04\/strickei3.jpg?resize=1024%2C919&amp;ssl=1 1024w, https:\/\/i0.wp.com\/www.pastors-home.de\/wp-content\/uploads\/2015\/04\/strickei3.jpg?resize=768%2C689&amp;ssl=1 768w, https:\/\/i0.wp.com\/www.pastors-home.de\/wp-content\/uploads\/2015\/04\/strickei3.jpg?resize=334%2C300&amp;ssl=1 334w, https:\/\/i0.wp.com\/www.pastors-home.de\/wp-content\/uploads\/2015\/04\/strickei3.jpg?resize=150%2C135&amp;ssl=1 150w, https:\/\/i0.wp.com\/www.pastors-home.de\/wp-content\/uploads\/2015\/04\/strickei3.jpg?resize=167%2C150&amp;ssl=1 167w, https:\/\/i0.wp.com\/www.pastors-home.de\/wp-content\/uploads\/2015\/04\/strickei3.jpg?w=1200&amp;ssl=1 1200w\" sizes=\"auto, (max-width: 300px) 100vw, 300px\" \/><\/a>ymbolpredigt zum Osterei. Dabei hilft 2. Tim 1, 7-11 um den Blick auf das Eigentliche zu fokussieren, was durch die Auferstehung offenbar geworden ist.<\/span><\/p><\/blockquote>\n<p><em><strong>Predigttext: 2. Tim 1, 7-11<\/strong><\/em><br \/>\n<em> Denn Gott hat uns nicht gegeben den Geist der Furcht, sondern der Kraft und der Liebe und der Besonnenheit.<\/em><br \/>\n<em> 8 Darum sch\u00e4me dich nicht des Zeugnisses von unserm Herrn noch meiner, der ich sein Gefangener bin, sondern leide mit f\u00fcr das Evangelium in der Kraft Gottes.<\/em><br \/>\n<em> 9 Er hat uns selig gemacht und berufen mit einem heiligen Ruf, nicht nach unsern Werken, sondern nach seinem Ratschluss und nach der Gnade, die uns gegeben ist in Christus Jesus vor der Zeit der Welt,<\/em><br \/>\n<em> 10 jetzt aber offenbart ist durch die Erscheinung unseres Heilands Christus Jesus, der dem Tode die Macht genommen und das Leben und ein unverg\u00e4ngliches Wesen ans Licht gebracht hat durch das Evangelium,<\/em><br \/>\n<em> 11 f\u00fcr das ich eingesetzt bin als Prediger und Apostel und Lehre<\/em>r.<\/p>\n<p><strong><em>Verborgenes wird sichtbar<\/em><\/strong><\/p>\n<p>Liebe Gemeinde,<br \/>\nOstern ist das Fest, an dem lange Verborgenes aufgedeckt wird. Und damit meine ich nicht die sorgf\u00e4ltig versteckten Osternester und Ostergeschenke. Es geht um das, was Jesus Christus, was Gott selbst am Ostermorgen aufdeckt: N\u00e4mlich, was es auf sich hat, mit diesem Jesus von Nazareth, der so lange durch Galil\u00e4a und Jud\u00e4a gezogen ist, gepredigt hat, und schlie\u00dflich hingerichtet wurde. Und auch die Frage, ob das, was er gesagt und verk\u00fcndet hat, wirklich stimmt &#8211; oder ob das nur nette Spr\u00fcche sind, die mit Gott eigentlich nichts zu tun haben.<!--more--><br \/>\nDa fehlte ja eigentlich eine Antwort! \u201eBist du Gottes Sohn?\u201d haben sie Jesus nach seiner Verhaftung gefragt. Aber das kann ja eigentlich jeder von sich behaupten &#8211; was fehlt, ist die Best\u00e4tigung, die nur Gott geben kann.<\/p>\n<p>Die Auferstehung Jesu bringt da Klarheit. Sie ist die Best\u00e4tigung dessen, was Jesus gesagt und getan hat. Sie ist quasi die Unterschrift Gottes unter Jesu Worte &#8211; auch unter seine Ank\u00fcndigung des kommenden Reiches Gottes.<br \/>\nSo haben seine J\u00fcnger die Botschaft von der Auferstehung Jesu verstanden. Durch sie wurde die Liebe Gottes, seine Vergebungsbereitschaft und sein Sieg \u00fcber den Tod ans Licht gebracht.<\/p>\n<p>Endlich ist alles klar.<br \/>\nEndlich hat der Zweifel, ob man dem Richtigen nachfolgt, ein Ende.<br \/>\nDie Botschaft der Liebe Gottes krabbelt zusammen mit dem Auferstandenen aus dem Felsengrab.<br \/>\nDrei Tage haben sie warten m\u00fcssen &#8211; hatten keine Ahnung von dem, was da hinter dieser Steinplatte eigentlich Neues entsteht.<br \/>\nErst als diese Platte sich einen Spalt breit auftut und Jesus das Grab verl\u00e4sst, ist f\u00fcr die J\u00fcnger Jesus zu erkennen: Ab jetzt ist alles anders!<\/p>\n<p><em><strong>Das Ei: Leben aus der leblosen H\u00f6hle<\/strong><\/em><\/p>\n<p>Liebe Gemeinde,<br \/>\nf\u00fcr diesen Prozess rund um Ostern ist ja eigentlich das Osterei kein schlechtes Symbol. So ein Ei im H\u00fchnerstall liegt da im Nest, gew\u00e4rmt von der Henne. Die harte Schale trennt das Innenleben von unserer Welt. Wir wissen nicht, das in diesem Ei geschieht. Entsteht da etwas Neues, wird irgendwann neues Leben aus dem Ei schl\u00fcpfen &#8211; oder war es nichts? Ich sehe es von au\u00dfen nicht. Ich muss abwarten &#8211; um zu erkennen, ob das Ei Leben in sich birgt.<\/p>\n<p>Aber irgendwann bekommt die Schale einen Riss! Aus dem Ei, das bis jetzt leblos schien &#8211; ohne den Hauch einer Bewegung &#8211; man k\u00f6nnte es auch f\u00fcr einen toten Stein halten &#8211; aus diesem Ei bahnt sich ein kleines gelbes K\u00fcken seinen Weg.<br \/>\nNeues Leben ist da, jeder kann es erkennen &#8211; dieses Leben, das irgendwie immer ein Wunder Gottes ist.<\/p>\n<p>Das Ei und das Grab Jesu &#8211; da gibt es zweifellos interessante Parallelen.<br \/>\nIst vielleicht darum das Ei schon recht fr\u00fch ein Symbol f\u00fcr Ostern geworden?<\/p>\n<p><em><strong>Eier-Geschichten<\/strong><\/em><\/p>\n<p>Eigentlich hat es die Bibel ja nicht so mit den Eiern. Das Ei als Symbol des Lebens und der Fruchtbarkeit suchen wir da vergeblich. Der Grund wird wohl darin liegen, dass viele Religionen des Orients schon zu Zeit der Propheten Fruchtbarkeitsrituale hatten und in mythischen Erz\u00e4hlungen Eier eine Rolle gespielt haben. Und f\u00fcr die Kinder Israels war klar: Mit deren Vorstellungen haben wir nichts zu tun. Wir vertrauen unserem Gott &#8211; nicht irgendwelchen Fruchtbarkeitsgottheiten. Leben kommt von Gott &#8211; nicht aus dem Ei.<\/p>\n<p>Aber zur Zeit der ersten Christen war das kein Streitpunkt mehr. Von daher konnte man sich der Symbolik des Eis unbefangen n\u00e4hern. Schon der Kirchenvater Augustin hat vom Ei als Symbol der Auferstehung Jesu gesprochen. Im 12. Jahrhundert gab es schon eine gottesdienstliche Eiersegnung, die unsere katholischen Geschwister bis heute kennen. Das beinhaltet dann eben auch, dass ich das Osterei bewusst als Erinnerung an die Auferstehung Jesu esse.<\/p>\n<p>Zugleich m\u00fcssen wir damit leben, dass das Osterei nicht unser ur-christliches<br \/>\nEigentum ist. Wir glauben an Jesus! Nicht an bunte Eier oder den Osterhasen. Darum hat das Ei nat\u00fcrlich weiterhin auch eine Symbolik, die nichts mit Ostern zu tun hat. Als Symbol des Lebens und des Neuanfangs passt es nat\u00fcrlich ideal zum beginnenden Fr\u00fchling.<\/p>\n<p>Das ist nat\u00fcrlich auch eine Schattenseite des Erfolgs des Ostereis und des Osterhasen: Die funktionieren auch ohne Christentum. So k\u00f6nnen auch Buddhisten, Muslime und Atheisten problemlos Ostern feiern und Eier verstecken &#8211; ohne sich mit unserem christlichen Glauben auseinanderzusetzen.<br \/>\nAber da teilen sich Ostern und Weihnachten das gleiche Schicksal: Weihnachtsbaum und Geschenke gibts auch bei den Menschen, die nicht mal wissen, wo ihre Kirche steht.<\/p>\n<p><em><strong>Was steckt in deinem Ei?<\/strong><\/em><\/p>\n<p>Liebe Ostergemeinde, ich habe noch einen letzten Gedanken. Eine Verwandte von uns hat vor ein paar Tagen zum Fr\u00fchst\u00fcck ein Ei essen wollen. Holt sich das Ei aus dem Fach im K\u00fchlschrank, wo normalerweise die Hartgekochten liegen. Tock tock schl\u00e4gt sie es am Tellerrand auf &#8230; sie schreit &#8230; und sprintet in die K\u00fcche, um einen Lappen zu holen. Tja, das Ei war dummerweise noch roh gewesen.<\/p>\n<p>So ist es halt, da steckt man nicht drin &#8211; auf Anhieb sieht man es dem Ei nicht an, ob es roh ist, hartgekocht, weichgekocht, oder ob in K\u00fcrze ein K\u00fcken draus schl\u00fcpft. Nach au\u00dfen sehen sie alle gleich aus!<br \/>\nUm die Unterschiede herauszufinden, kann man da allerlei Tricks anwenden, aber einfach durch das Aschauen aus der Entfernung habe ich keine Chance!<\/p>\n<p>Ich \u00fcberlege, ob unser Oster-Glaube auch in verschiedenen Zust\u00e4nden existiert. Ohne dass man das von au\u00dfen beurteilen kann.<\/p>\n<p>Ist bei mir die Osterfreude kurz vor dem Ausschl\u00fcpfen? Weil ich sp\u00fcre, wie wichtig mir das ist: Jesus ist auferstanden! Er hat den Tod \u00fcberwunden! Und er ist auch f\u00fcr mich auferstanden &#8211; hat meine Schuld getragen und er\u00f6ffnet mir den Weg zum ewigen Leben. Das muss gefeiert werden, und vor allem m\u00fcssen andere Menschen auch davon erfahren.<br \/>\nSie merken: Da kratzt die Glaubensfreude wie ein K\u00fcken von innen und will raus!<\/p>\n<p>Aber vielleicht ist es auch eher ein rohes Oster-Ei? Ich sp\u00fcre, dass mein Glaube auch schon zerbrechlich ist. Weil ich nicht auf alles eine Antwort finde. Auch das mit der Auferstehung Jesu will ich f\u00fcr mich annehmen, wei\u00df aber auch, dass mir ein bisschen die Vorstellung fehlt, wie das zugegangen sein soll. Ich nehme meinen Glauben ernst, gehe auch nicht fahrl\u00e4ssig mit ihm um. Weil ich wei\u00df: Er ist mir wichtig. Er soll keinen Schaden nehmen.<\/p>\n<p>Oder habe ich den Eindruck: In mir ruht ein solide gekochtes Oster-Glaubens-Ei. Robust, lange haltbar, vielleicht auch sch\u00f6n eingef\u00e4rbt. Mit der Zeit ist es auch mal irgendwo angesto\u00dfen, aber insgesamt doch noch in Ordnung. Na gut &#8211; ein bisschen hart und trocken f\u00fchlt es sich manchmal an &#8211; so richtig lebendig spr\u00fchend ist es auch nicht immer.<\/p>\n<p>Ich wei\u00df nicht, wo Sie sich da wiederfinden.<br \/>\nUnd vielleicht geht es Ihnen so, dass Ihnen alle drei Zust\u00e4nde bekannt vorkommen. Denn unser Glaube ist ein lebendiges Geschehen in uns selbst, das sich ver\u00e4ndert. Mal von roh zu gekocht &#8211; oder von hartgekocht zu \u201eich bin ganz aus dem H\u00e4uschen\u201d.<\/p>\n<p>Wichtig ist, dass Sie Ihren Glauben h\u00fcten &#8211; aber nicht verstecken. Auch wenns Ostern ist: Eier k\u00f6nnen wir verstecken &#8211; unser Glauben lieber nicht. So, wie es Paulus seinem Mitarbeiter Timotheus geschrieben hat:<br \/>\n<em>Denn Gott hat uns nicht gegeben den Geist der Furcht, sondern der Kraft und der Liebe und der Besonnenheit. Darum sch\u00e4me dich nicht des Zeugnisses von unserm Herrn. Er hat uns selig gemacht nach der Gnade, die uns durch Christus erschienen ist, der dem Tode die Macht genommen und das Leben und ein unverg\u00e4ngliches Wesen ans Licht gebracht hat.<\/em><br \/>\nAmen<\/p>\n","protected":false},"excerpt":{"rendered":"<p>Eine Symbolpredigt zum Osterei. Dabei hilft 2. Tim 1, 7-11 um den Blick auf das Eigentliche zu fokussieren, was durch die Auferstehung offenbar geworden ist. Predigttext: 2. Tim 1, 7-11 Denn Gott hat uns nicht gegeben den Geist der Furcht, sondern der Kraft und der Liebe und der Besonnenheit. 8\u2026 <a class=\"continue-reading-link\" href=\"https:\/\/www.pastors-home.de\/?p=3381\">ich will weiterlesen<\/a><\/p>\n","protected":false},"author":1,"featured_media":2315,"comment_status":"open","ping_status":"open","sticky":false,"template":"","format":"standard","meta":{"jetpack_post_was_ever_published":false,"_jetpack_newsletter_access":"","_jetpack_dont_email_post_to_subs":false,"_jetpack_newsletter_tier_id":0,"_jetpack_memberships_contains_paywalled_content":false,"_jetpack_memberships_contains_paid_content":false,"footnotes":"","jetpack_publicize_message":"","jetpack_publicize_feature_enabled":true,"jetpack_social_post_already_shared":true,"jetpack_social_options":{"image_generator_settings":{"template":"highway","default_image_id":0,"font":"","enabled":false},"version":2}},"categories":[802,363],"tags":[766,767,811,46,483,641],"class_list":["post-3381","post","type-post","status-publish","format-standard","has-post-thumbnail","hentry","category-predigten-2018","category-symbolpredigt","tag-2-tim","tag-2-timotheus","tag-osterei","tag-ostern","tag-ostersonntag","tag-symbolpredigt"],"jetpack_publicize_connections":[],"jetpack_featured_media_url":"https:\/\/i0.wp.com\/www.pastors-home.de\/wp-content\/uploads\/2015\/04\/strickei52.jpg?fit=857%2C1200&ssl=1","jetpack_sharing_enabled":true,"jetpack_shortlink":"https:\/\/wp.me\/p4BNB2-Sx","jetpack_likes_enabled":true,"_links":{"self":[{"href":"https:\/\/www.pastors-home.de\/index.php?rest_route=\/wp\/v2\/posts\/3381","targetHints":{"allow":["GET"]}}],"collection":[{"href":"https:\/\/www.pastors-home.de\/index.php?rest_route=\/wp\/v2\/posts"}],"about":[{"href":"https:\/\/www.pastors-home.de\/index.php?rest_route=\/wp\/v2\/types\/post"}],"author":[{"embeddable":true,"href":"https:\/\/www.pastors-home.de\/index.php?rest_route=\/wp\/v2\/users\/1"}],"replies":[{"embeddable":true,"href":"https:\/\/www.pastors-home.de\/index.php?rest_route=%2Fwp%2Fv2%2Fcomments&post=3381"}],"version-history":[{"count":4,"href":"https:\/\/www.pastors-home.de\/index.php?rest_route=\/wp\/v2\/posts\/3381\/revisions"}],"predecessor-version":[{"id":5244,"href":"https:\/\/www.pastors-home.de\/index.php?rest_route=\/wp\/v2\/posts\/3381\/revisions\/5244"}],"wp:featuredmedia":[{"embeddable":true,"href":"https:\/\/www.pastors-home.de\/index.php?rest_route=\/wp\/v2\/media\/2315"}],"wp:attachment":[{"href":"https:\/\/www.pastors-home.de\/index.php?rest_route=%2Fwp%2Fv2%2Fmedia&parent=3381"}],"wp:term":[{"taxonomy":"category","embeddable":true,"href":"https:\/\/www.pastors-home.de\/index.php?rest_route=%2Fwp%2Fv2%2Fcategories&post=3381"},{"taxonomy":"post_tag","embeddable":true,"href":"https:\/\/www.pastors-home.de\/index.php?rest_route=%2Fwp%2Fv2%2Ftags&post=3381"}],"curies":[{"name":"wp","href":"https:\/\/api.w.org\/{rel}","templated":true}]}}