{"id":3247,"date":"2017-12-22T16:05:54","date_gmt":"2017-12-22T15:05:54","guid":{"rendered":"http:\/\/pastors-home.de\/?p=3247"},"modified":"2024-01-31T18:50:37","modified_gmt":"2024-01-31T17:50:37","slug":"symbolpredigt-frueher-war-mehr-lametta-was-uns-lametta-ueber-weihnachten-lehrt-heilig-abend-24-dezember-2017","status":"publish","type":"post","link":"https:\/\/www.pastors-home.de\/?p=3247","title":{"rendered":"Symbolpredigt: Fr\u00fcher war mehr Lametta (Was uns Lametta \u00fcber Weihnachten lehrt) Heilig Abend, 24. Dezember 2017"},"content":{"rendered":"\n<div class=\"wp-block-media-text alignwide is-stacked-on-mobile has-luminous-vivid-amber-to-luminous-vivid-orange-gradient-background has-background\"><figure class=\"wp-block-media-text__media\"><img data-recalc-dims=\"1\" loading=\"lazy\" decoding=\"async\" width=\"880\" height=\"644\" data-attachment-id=\"3249\" data-permalink=\"https:\/\/www.pastors-home.de\/?attachment_id=3249\" data-orig-file=\"https:\/\/i0.wp.com\/www.pastors-home.de\/wp-content\/uploads\/2017\/12\/lametta.jpg?fit=975%2C713&amp;ssl=1\" data-orig-size=\"975,713\" data-comments-opened=\"1\" data-image-meta=\"{&quot;aperture&quot;:&quot;5&quot;,&quot;credit&quot;:&quot;KARLHEINZ WEISS  WILHELMSDORF O&quot;,&quot;camera&quot;:&quot;Canon EOS 70D&quot;,&quot;caption&quot;:&quot;&quot;,&quot;created_timestamp&quot;:&quot;1419444271&quot;,&quot;copyright&quot;:&quot;&quot;,&quot;focal_length&quot;:&quot;15&quot;,&quot;iso&quot;:&quot;2500&quot;,&quot;shutter_speed&quot;:&quot;0.016666666666667&quot;,&quot;title&quot;:&quot;&quot;,&quot;orientation&quot;:&quot;1&quot;}\" data-image-title=\"lametta\" data-image-description=\"\" data-image-caption=\"\" data-large-file=\"https:\/\/i0.wp.com\/www.pastors-home.de\/wp-content\/uploads\/2017\/12\/lametta.jpg?fit=880%2C644&amp;ssl=1\" src=\"https:\/\/i0.wp.com\/www.pastors-home.de\/wp-content\/uploads\/2017\/12\/lametta.jpg?resize=880%2C644&#038;ssl=1\" alt=\"\" class=\"wp-image-3249 size-full\" srcset=\"https:\/\/i0.wp.com\/www.pastors-home.de\/wp-content\/uploads\/2017\/12\/lametta.jpg?w=975&amp;ssl=1 975w, https:\/\/i0.wp.com\/www.pastors-home.de\/wp-content\/uploads\/2017\/12\/lametta.jpg?resize=300%2C219&amp;ssl=1 300w, https:\/\/i0.wp.com\/www.pastors-home.de\/wp-content\/uploads\/2017\/12\/lametta.jpg?resize=768%2C562&amp;ssl=1 768w, https:\/\/i0.wp.com\/www.pastors-home.de\/wp-content\/uploads\/2017\/12\/lametta.jpg?resize=400%2C293&amp;ssl=1 400w, https:\/\/i0.wp.com\/www.pastors-home.de\/wp-content\/uploads\/2017\/12\/lametta.jpg?resize=150%2C110&amp;ssl=1 150w, https:\/\/i0.wp.com\/www.pastors-home.de\/wp-content\/uploads\/2017\/12\/lametta.jpg?resize=205%2C150&amp;ssl=1 205w\" sizes=\"auto, (max-width: 880px) 100vw, 880px\" \/><\/figure><div class=\"wp-block-media-text__content\">\n<p class=\"has-medium-font-size\">Symbolpredigt: Lametta<\/p>\n\n\n\n<p>Lametta &#8211; der Stanniolgewordene Inbegriff des Weihnachtskitsches? Ich bin \u00fcberzeugt: Die feinen F\u00e4den kn\u00fcpfen sehr elegant ihre Verbindung zu Gottes Herrlichkeit, seiner Vergebung und mancher Last, die wir mit Weihnachten verbinden.<\/p>\n<\/div><\/div>\n\n\n<p><em><strong>Fr\u00fcher war mehr Lametta<\/strong><\/em><\/p>\n<p>\u201eFr\u00fcher war mehr Lametta\u201d, das sagt Opa Hoppenstedt in der ber\u00fchmten Szene von Loriot: \u201eWeihnachten bei den Hoppenstedts\u201d.<br \/>Das ist jetzt schon 40 Jahre her. Und tats\u00e4chlich war fr\u00fcher mehr Lametta. Irgendwie ist es aus der Mode gekommen. Ich selber wei\u00df aus meiner Kindheit noch, dass da Lamettaf\u00e4den am Baum hingen, aber irgendwann waren sie verschwunden. Dennoch geh\u00f6ren diese seltsamen silbernen und goldenen F\u00e4den, zu meinen Kindheitserinnerungen.<\/p>\n<p><em><strong>Zeitreise<\/strong><\/em><\/p>\n<p>\u00dcberhaupt ist Weihnachten ein Fest, an dem man eine Zeitreise unternimmt.<br \/>Zur\u00fcck zu der Atmosph\u00e4re, als man selbst Kind war. So viele Erwartungen und Hoffnungen waren mit dem Heiligen Abend verbunden, so viele W\u00fcnsche wurden wahr. Auch wenn wir nun erwachsen sind: Ein bisschen von jenem Gef\u00fchl erhoffen wir uns doch von diesen Fest, und sind ber\u00fchrt, wenn wir an den Kindern erleben k\u00f6nnen, dass sie in diesen Tagen das Gleiche empfinden k\u00f6nnen wie wir damals.<!--more--><\/p>\n<p>Zeitreise &#8211; Weihnachten ist auch eine Zeitreise in alte biblische Geschichten. Maria und Josef, die Hirten, die Weisen aus dem Morgenland und K\u00f6nig Herodes.<br \/>Als Zeitreisende pendeln wir zwischen Bethlehem, der eigenen Kindheit und dem Weihnachten 2017. Erleben, was sich gewandelt hat &#8211; und sp\u00fcren die Kraft, die in alten Erz\u00e4hlungen und in unseren inneren Bildern steckt.<\/p>\n<p><em><strong>Der \u00fcberirdische Glanz<\/strong><\/em><\/p>\n<p>Zur\u00fcck zum Lametta:<br \/>Wenn man den Wilhelmsdorfer Weihnachtsbaum bewundert, dann kann man (Kitsch hin oder her) erleben, was Lametta aus einem Baum macht: Ein fast \u00fcberirdisch strahlendes Etwas. Ein faszinierender Glanz durch das Licht, das sich in Tausenden von glitzernden F\u00e4den verf\u00e4ngt.<\/p>\n<p>Das ist vielleicht auch der Punkt, an dem die Lametta-Gegner ansetzen: Das ist halt dann eigentlich gar kein nat\u00fcrlicher Baum mehr. Das ist Kunst, Deko oder Kitsch &#8211; auf jeden Fall eben nicht nat\u00fcrlich! \u00dcbrigens haben schon die Hoppenstedts bei Loriot ihrem Opa gegen\u00fcber das Gleiche erkl\u00e4rt: \u201eDieses Jahr bleibt der Baum gr\u00fcn &#8211; naturgr\u00fcn. Mit frischen nat\u00fcrlichen \u00c4pfeln\u201d.<\/p>\n<p>Aber was ist an Weihnachten schon nat\u00fcrlich? Dieses Fest lebt davon, dass \u00dcbernat\u00fcrliches geschieht:<br \/>Eine Jungfrau wird Mama.<br \/>Engel erscheinen \u00fcber den Hirten.<br \/>Ein Stern zeigt den Weisen den Weg nach Bethlehem.<br \/>Gott wird Mensch.<br \/>Weihnachten ist kein \u201enat\u00fcrliches\u201d Fest. Und der Baum bringt diesen \u00fcberirdischen Glanz von Gottes Welt in unsere H\u00e4user.<br \/>Dann ist es nur passend, wenn er so gl\u00e4nzt, als k\u00e4me er aus einer fremden Welt. An einigen Stellen der Bibel wird davon geschrieben, dass Menschen einen Blick auf Gottes Welt erhaschen konnten. Weil sie es in einer Vision gesehen haben, weil ihnen ein Bote Gottes erscheint, oder weil sie davon tr\u00e4umen; und immer wieder tauchen da Begriffe wie \u201egl\u00e4nzend\u201d, \u201estrahlend\u201d und auch \u201egolden\u201d auf.<br \/>Von daher sind Kerzen, Kugeln und Lametta ganz zu Recht hier am Christbaum daheim.<\/p>\n<p><em><strong>Glanz des barmherzigen Gottes<\/strong><\/em><\/p>\n<p>Wir feiern Gottes Glanz in unserer H\u00fctte. Gott kommt zu uns &#8211; nach Bethlehem und in unsere Wohnstuben, in unsere Arbeitspl\u00e4tze. Auch in die Krankenh\u00e4user und Hospizstationen.<br \/>Gottes Herrlichkeit erhellt mein Leben mit all meinen Defiziten und Schw\u00e4chen.<br \/>Der gl\u00e4nzende Baum dokumentiert und zelebriert nicht unseren Wohlstand, sondern Gottes Kommen in unsere menschliche Bed\u00fcrftigkeit.<\/p>\n<p>Mit Lametta kann man wirklich den allerkrummsten Baum zu einer Sch\u00f6nheit dekorieren. Da ist es egal, dass da ein paar Astspitzen beim Transport abgebrochen sind oder in einer Astreihe eine L\u00fccke ist. Der Glanz der langen Lamettaf\u00e4den legt sich gro\u00dfz\u00fcgig \u00fcber solche Macken.<\/p>\n<p>Genau so geht Gottes Barmherzigkeit mit unseren Schw\u00e4chen und M\u00e4ngeln um. Gott sieht sie, er redet sie nicht klein. Aber er sagt: Ich nehme dich trotzdem an, und meine Liebe und Vergebung wird dich seltsamen Kerl schm\u00fccken, so dass man dich als den erkennt, der du eigentlich bist: Ein einzigartiges wunderbares Gotteskind.<\/p>\n<p><em><strong>Lametta hat es in sich<\/strong><\/em><\/p>\n<p>Liebe Gemeinde,<br \/>lobe ich das Lametta gerade ein bisschen zu sehr?<br \/>Nunja, es gibt ja auch die Kehrseite. Die Schattenseite des ganzen Glanzes.<br \/>Dazu muss man die traditionellen Lametta-F\u00e4den einmal etwas genauer unter die Lupe nehmen. Denn die waren fr\u00fcher aus Stanniol, also einer d\u00fcnnen Zinnfolie. Und damit die F\u00e4den sch\u00f6n nach unten h\u00e4ngen und nicht von jedem Lufthauch umhergewirbelt werden, besa\u00dfen diese F\u00e4den einen Kern aus Blei.<\/p>\n<p>Ja, was da auf den ersten Blick so sch\u00f6n gl\u00e4nzt hat innen einen giftigen Blei-Kern.<br \/>Das ist nicht so ganz ohne! Unser Weihnachtsfest hat es manchmal auch in sich. Die bleierne Schwere dieses Festes, wenn man alles richtig und perfekt hinbekommen will. Wenn die Erwartungen der Verwandten und der Kinder auf einem lasten, weil man sp\u00fcrt, dass man es nicht allen recht machen kann. Wenn die W\u00fcnsche des Nachwuchses die eigenen M\u00f6glichkeiten \u00fcbersteigen, aber man ja auch niemanden entt\u00e4uschen will, an diesem besonderes Fest. Und wohl auch die Last der eigenen Erwartungen. Wenn man sich selbst skeptisch be\u00e4ugt, ob man denn auch rechtzeitig die emotionale Kurve bekommt: Bis zum Mittag des 24. Dezember wird gewuselt, gemacht und herumgestresst, aber am Abend soll dann alles feierlich, friedlich und unvergesslich sein. Wer bekommt das schon wirklich hin? Mache ich ein feierliches Fest, obwohl ich innerlich noch l\u00e4ngst nicht an der Krippe angekommen bin?<br \/>Das macht das Fest manchmal zu einer schweren B\u00fcrde.<br \/>Ganz zu schweigen von der bitteren Erfahrung, wenn man miteinander Weihnachten feiern muss, obwohl die Stimmung vergiftet ist. Weil Konflikte nicht ausger\u00e4umt sind; weil es Menschen gibt, es mit traumwandlerischer Sicherheit schaffen, mit spitzen Kommentaren unterm Weihnachtsbaum die anderen zu verletzen.<br \/>Manchmal schlummert unter dem Glanz unseres Weihnachtsfestes ein \u00fcbel-schwerer Blei-Kern.<\/p>\n<p><strong><em>Sorgfalt ist gefordert<a href=\"http:\/\/pastors-home.de\/?attachment_id=3252\" rel=\"attachment wp-att-3252\"><img data-recalc-dims=\"1\" loading=\"lazy\" decoding=\"async\" data-attachment-id=\"3252\" data-permalink=\"https:\/\/www.pastors-home.de\/?attachment_id=3252\" data-orig-file=\"https:\/\/i0.wp.com\/www.pastors-home.de\/wp-content\/uploads\/2017\/12\/lametta-1-scaled.jpg?fit=2560%2C1759&amp;ssl=1\" data-orig-size=\"2560,1759\" data-comments-opened=\"1\" data-image-meta=\"{&quot;aperture&quot;:&quot;1.7&quot;,&quot;credit&quot;:&quot;&quot;,&quot;camera&quot;:&quot;SM-G950F&quot;,&quot;caption&quot;:&quot;&quot;,&quot;created_timestamp&quot;:&quot;1514030605&quot;,&quot;copyright&quot;:&quot;&quot;,&quot;focal_length&quot;:&quot;4.2&quot;,&quot;iso&quot;:&quot;640&quot;,&quot;shutter_speed&quot;:&quot;0.02&quot;,&quot;title&quot;:&quot;&quot;,&quot;orientation&quot;:&quot;1&quot;}\" data-image-title=\"lametta\" data-image-description=\"\" data-image-caption=\"\" data-large-file=\"https:\/\/i0.wp.com\/www.pastors-home.de\/wp-content\/uploads\/2017\/12\/lametta-1-scaled.jpg?fit=880%2C605&amp;ssl=1\" class=\"alignright size-medium wp-image-3252\" src=\"https:\/\/i0.wp.com\/pastors-home.de\/wp-content\/uploads\/2017\/12\/lametta-1-300x206.jpg?resize=300%2C206\" alt=\"\" width=\"300\" height=\"206\" srcset=\"https:\/\/i0.wp.com\/www.pastors-home.de\/wp-content\/uploads\/2017\/12\/lametta-1-scaled.jpg?resize=300%2C206&amp;ssl=1 300w, https:\/\/i0.wp.com\/www.pastors-home.de\/wp-content\/uploads\/2017\/12\/lametta-1-scaled.jpg?resize=1024%2C704&amp;ssl=1 1024w, https:\/\/i0.wp.com\/www.pastors-home.de\/wp-content\/uploads\/2017\/12\/lametta-1-scaled.jpg?resize=768%2C528&amp;ssl=1 768w, https:\/\/i0.wp.com\/www.pastors-home.de\/wp-content\/uploads\/2017\/12\/lametta-1-scaled.jpg?resize=1536%2C1056&amp;ssl=1 1536w, https:\/\/i0.wp.com\/www.pastors-home.de\/wp-content\/uploads\/2017\/12\/lametta-1-scaled.jpg?resize=2048%2C1407&amp;ssl=1 2048w, https:\/\/i0.wp.com\/www.pastors-home.de\/wp-content\/uploads\/2017\/12\/lametta-1-scaled.jpg?resize=400%2C275&amp;ssl=1 400w, https:\/\/i0.wp.com\/www.pastors-home.de\/wp-content\/uploads\/2017\/12\/lametta-1-scaled.jpg?resize=150%2C103&amp;ssl=1 150w, https:\/\/i0.wp.com\/www.pastors-home.de\/wp-content\/uploads\/2017\/12\/lametta-1-scaled.jpg?resize=218%2C150&amp;ssl=1 218w, https:\/\/i0.wp.com\/www.pastors-home.de\/wp-content\/uploads\/2017\/12\/lametta-1-scaled.jpg?w=1760&amp;ssl=1 1760w\" sizes=\"auto, (max-width: 300px) 100vw, 300px\" \/><\/a><br \/><\/em><\/strong><\/p>\n<p>Liebe Gemeinde,<br \/>ich gewinne den Eindruck, dass sich vieles, was man \u00fcber unser Weihnachtsfest sagen kann, im Lametta wiederspiegelt.<br \/>Der Glanz, das Festliche aber auch manche Probleme im Umgang mit diesem Fest.<br \/>Wo wir beim \u201eUmgang sind\u201d: Es gab Zeiten, da haben Menschen das Lametta geb\u00fcgelt. Weil die Lamettaf\u00e4den vom letzten Jahr recht verknittert waren, griff man zum B\u00fcgeleisen. Ich kann mir das gar nicht vorstellen, diese Arbeit &#8230; jeden Faden zurechtzupfen und drehen, vorsichtig, damit nichts abrei\u00dft. Ich frage mich, wer tut sich denn so etwas an?<\/p>\n<p>Aber zugleich ahne ich, das kommt vielleicht nicht von ungef\u00e4hr: Auch die anderen Dekorationen am Weihnachtsbaum geh\u00f6ren zu den empfindlichsten, was es zum Schm\u00fccken im Haushalt gibt: Ich denke an die zerbrechlichen Christbaumkugeln, die Strohsterne und gefalteten Engelchen.<\/p>\n<p>Zerbrechlichkeit ist Programm am Weihnachtsfest.<br \/>Gott wird ein Kind. Klein und verletzlich. Ein paar unvorsichtige Handbewegungen des Vaters oder ein machtbesessener Provinzf\u00fcrst k\u00f6nnen sein Leben in Gefahr bringen. Dieser verletzliche und sterbliche Jesus bringt die Botschaft Gottes. Mit der leisen Stimme eines einzelnen Wanderpredigers l\u00e4sst er uns Menschen wissen, was Gott uns Menschen sagen will.<\/p>\n<p>Das Wertvollste wird uns manchmal in den zerbrechlichsten Gef\u00e4\u00dfen \u00fcberreicht.<br \/>Vielleicht, um uns an unsere Verantwortung zu erinnern: Geht behutsam damit um! H\u00fcte die Botschaft dieses Festes wie deinen Augapfel.<br \/>Pass auf, dass sie nicht zerbricht oder versch\u00fcttet wird unter Last Christmas, Gl\u00fchwein und Einkaufslisten.<\/p>\n<p><em><strong>Gottes Lametta in unseren H\u00e4nden<\/strong><\/em><\/p>\n<p>Das Kind in der Krippe &#8211; seine Finger waren zart genug, um die lametta-feinen F\u00e4den der Liebe Gottes zu uns zu tragen.<br \/>Jetzt liegen sie in unseren H\u00e4nden:<br \/>F\u00e4den der Liebe und Vergebungsbereitschaft Gottes, mit denen er barmherzig unsere Fehler und Schuld bedeckt.<br \/>F\u00e4den, die uns erinnern, dass der Glanz der Welt Gottes auch in unsere Wohnzimmer strahlen kann.<br \/>Amen<\/p>\n<p><em><strong>Praktischer Hinweis:<\/strong><\/em><br \/>Wenn es Ihnen schon nicht peinlich ist, \u00fcber so einen kitschverd\u00e4chtigen Gegenstand zu predigen, ist es \u00fcberlegenswert, den Gottesdienstbesichern am Ausgang einen Lamettafaden mitzugeben (vor allem, wenn der letzte Absatz meines Entwurfs ein besonderes Gewicht bekommen soll).<br \/>Am Besten suchen Sie in ihrem \u00f6rtlichen Gartenmarkt. Das findet man am ehesten was. <br \/>Online ist es wirklich etwas tricky: F\u00fcr schnellen Versand w\u00e4re das<a href=\"https:\/\/amzn.to\/2rHZy1t\" target=\"_blank\" rel=\"noopener noreferrer\"> Com-four Lametta<\/a> ganz g\u00fcnstig. Es ist wie die meisten Lamatta-Produkte aus Kunststoff und darum nicht mit Blei belastet.<br \/>Ich habe auch schon litauisches (?) Lametta gefunden, das tats\u00e4chlich noch aus Zinn ist, aber wei\u00df nicht, wie es mit dem Bleigehalt aussieht.<\/p>\n\n\n<iframe style=\"width:120px;height:240px;\" marginwidth=\"0\" marginheight=\"0\" scrolling=\"no\" src=\"\/\/ws-eu.amazon-adsystem.com\/widgets\/q?ServiceVersion=20070822&amp;OneJS=1&amp;Operation=GetAdHtml&amp;MarketPlace=DE&amp;source=ss&amp;ref=as_ss_li_til&amp;ad_type=product_link&amp;tracking_id=pastorhome-21&amp;language=de_DE&amp;marketplace=amazon&amp;region=DE&amp;placement=B07K8QHFRN&amp;asins=B07K8QHFRN&amp;linkId=638b51f5abcd0d8c0f7fd0f06515f295&amp;show_border=true&amp;link_opens_in_new_window=true\" frameborder=\"0\"><\/iframe>\n\n\n\n<p class=\"has-text-align-center has-cyan-bluish-gray-background-color has-background\">Hinweis: Die oben angezeigten Produktlinks zu Amazon erm\u00f6glichen die Finanzierung des Angebots von Pastors-home. Als Amazon-Partner verdiene ich an qualifizierten Verk\u00e4ufen.<\/p>\n","protected":false},"excerpt":{"rendered":"<p>Lametta &#8211; der Stanniolgewordene Inbegriff des Weihnachtskitsches? Ich bin \u00fcberzeugt: Die feinen F\u00e4den kn\u00fcpfen sehr elegant ihre Verbindung zu Gottes Herrlichkeit, seiner Vergebung und mancher Last, die wir mit Weihnachten verbinden. <a class=\"continue-reading-link\" href=\"https:\/\/www.pastors-home.de\/?p=3247\">ich will weiterlesen<\/a><\/p>\n","protected":false},"author":1,"featured_media":3249,"comment_status":"open","ping_status":"open","sticky":false,"template":"","format":"standard","meta":{"jetpack_post_was_ever_published":false,"_jetpack_newsletter_access":"","_jetpack_dont_email_post_to_subs":false,"_jetpack_newsletter_tier_id":0,"_jetpack_memberships_contains_paywalled_content":false,"_jetpack_memberships_contains_paid_content":false,"footnotes":"","jetpack_publicize_message":"Symbolpredigt: Fr\u00fcher war mehr Lametta (Was uns Lametta \u00fcber Weihnachten lehrt) Heilig Abend, 24. Dezember 2017","jetpack_publicize_feature_enabled":true,"jetpack_social_post_already_shared":true,"jetpack_social_options":{"image_generator_settings":{"template":"highway","default_image_id":0,"font":"","enabled":false},"version":2}},"categories":[688,363],"tags":[161,33,798,89],"class_list":["post-3247","post","type-post","status-publish","format-standard","has-post-thumbnail","hentry","category-predigten-2017","category-symbolpredigt","tag-heilig-abend","tag-heiligabend","tag-lametta","tag-weihnachten"],"jetpack_publicize_connections":[],"jetpack_featured_media_url":"https:\/\/i0.wp.com\/www.pastors-home.de\/wp-content\/uploads\/2017\/12\/lametta.jpg?fit=975%2C713&ssl=1","jetpack_sharing_enabled":true,"jetpack_shortlink":"https:\/\/wp.me\/p4BNB2-Qn","jetpack_likes_enabled":true,"_links":{"self":[{"href":"https:\/\/www.pastors-home.de\/index.php?rest_route=\/wp\/v2\/posts\/3247","targetHints":{"allow":["GET"]}}],"collection":[{"href":"https:\/\/www.pastors-home.de\/index.php?rest_route=\/wp\/v2\/posts"}],"about":[{"href":"https:\/\/www.pastors-home.de\/index.php?rest_route=\/wp\/v2\/types\/post"}],"author":[{"embeddable":true,"href":"https:\/\/www.pastors-home.de\/index.php?rest_route=\/wp\/v2\/users\/1"}],"replies":[{"embeddable":true,"href":"https:\/\/www.pastors-home.de\/index.php?rest_route=%2Fwp%2Fv2%2Fcomments&post=3247"}],"version-history":[{"count":12,"href":"https:\/\/www.pastors-home.de\/index.php?rest_route=\/wp\/v2\/posts\/3247\/revisions"}],"predecessor-version":[{"id":5240,"href":"https:\/\/www.pastors-home.de\/index.php?rest_route=\/wp\/v2\/posts\/3247\/revisions\/5240"}],"wp:featuredmedia":[{"embeddable":true,"href":"https:\/\/www.pastors-home.de\/index.php?rest_route=\/wp\/v2\/media\/3249"}],"wp:attachment":[{"href":"https:\/\/www.pastors-home.de\/index.php?rest_route=%2Fwp%2Fv2%2Fmedia&parent=3247"}],"wp:term":[{"taxonomy":"category","embeddable":true,"href":"https:\/\/www.pastors-home.de\/index.php?rest_route=%2Fwp%2Fv2%2Fcategories&post=3247"},{"taxonomy":"post_tag","embeddable":true,"href":"https:\/\/www.pastors-home.de\/index.php?rest_route=%2Fwp%2Fv2%2Ftags&post=3247"}],"curies":[{"name":"wp","href":"https:\/\/api.w.org\/{rel}","templated":true}]}}