{"id":3180,"date":"2017-10-29T17:30:53","date_gmt":"2017-10-29T16:30:53","guid":{"rendered":"http:\/\/pastors-home.de\/?p=3180"},"modified":"2017-11-01T13:42:32","modified_gmt":"2017-11-01T12:42:32","slug":"radioandachten-im-der-reformationsjubilaeumswoche-oktobernovember-2017-auf-charivari-986","status":"publish","type":"post","link":"https:\/\/www.pastors-home.de\/?p=3180","title":{"rendered":"Radioandachten in der Reformationsjubil\u00e4umswoche Oktober\/November 2017 auf Charivari 98,6"},"content":{"rendered":"<div class=\"wp-playlist wp-audio-playlist wp-playlist-light\">\n\t\t\t<div class=\"wp-playlist-current-item\"><\/div>\n\t\t<audio controls=\"controls\" preload=\"none\" width=\"858\"\n\t\t\t><\/audio>\n\t<div class=\"wp-playlist-next\"><\/div>\n\t<div class=\"wp-playlist-prev\"><\/div>\n\t<noscript>\n\t<ol>\n\t\t<li><a href='https:\/\/www.pastors-home.de\/wp-content\/uploads\/2017\/10\/30Oktober2017-Seidel-Buecher.mp3'>30 Okt 2017 B\u00fccher versperren den Weg<\/a><\/li><li><a href='https:\/\/www.pastors-home.de\/wp-content\/uploads\/2017\/10\/31Oktober2017-500JahreReformation.mp3'>31 Okt 2017 500 Jahre Reformation<\/a><\/li><li><a href='https:\/\/www.pastors-home.de\/wp-content\/uploads\/2017\/10\/01November2017-Allerheiligen.mp3'>01 November2017 Allerheiligen<\/a><\/li><li><a href='https:\/\/www.pastors-home.de\/wp-content\/uploads\/2017\/10\/02November-2017-Meister-der-Zufriedenheit.mp3'>02 November 2017 Meister der Zufriedenheit<\/a><\/li><li><a href='https:\/\/www.pastors-home.de\/wp-content\/uploads\/2017\/10\/03November2017-Laubblaeser.mp3'>03 November 2017 Laubbl\u00e4ser<\/a><\/li><li><a href='https:\/\/www.pastors-home.de\/wp-content\/uploads\/2017\/10\/04November2017-Koalitionsfragen.mp3'>04 November 2017 Koalitionsfragen<\/a><\/li>\t<\/ol>\n\t<\/noscript>\n\t<script type=\"application\/json\" class=\"wp-playlist-script\">{\"type\":\"audio\",\"tracklist\":true,\"tracknumbers\":true,\"images\":false,\"artists\":false,\"tracks\":[{\"src\":\"https:\/\/www.pastors-home.de\/wp-content\/uploads\/2017\/10\/30Oktober2017-Seidel-Buecher.mp3\",\"type\":\"audio\/mpeg\",\"title\":\"30 Okt 2017 B\\u00fccher versperren den Weg\",\"caption\":\"\",\"description\":\"\\\"30 Okt 2017 B\\u00fccher versperren den Weg\\\" von Alexander Seidel. Ver\\u00f6ffentlicht: 17.\",\"meta\":{\"artist\":\"Alexander Seidel\",\"year\":\"017-09-18T10:09:27\",\"length_formatted\":\"1:11\"},\"image\":{\"src\":\"https:\/\/www.pastors-home.de\/wp-includes\/images\/media\/audio.svg\",\"width\":48,\"height\":64},\"thumb\":{\"src\":\"https:\/\/www.pastors-home.de\/wp-includes\/images\/media\/audio.svg\",\"width\":48,\"height\":64}},{\"src\":\"https:\/\/www.pastors-home.de\/wp-content\/uploads\/2017\/10\/31Oktober2017-500JahreReformation.mp3\",\"type\":\"audio\/mpeg\",\"title\":\"31 Okt 2017 500 Jahre Reformation\",\"caption\":\"\",\"description\":\"\\\"31 Okt 2017 500 Jahre Reformation\\\" von Alexander Seidel. Ver\\u00f6ffentlicht: 17.\",\"meta\":{\"artist\":\"Alexander Seidel\",\"year\":\"017-09-18T10:09:27\",\"length_formatted\":\"1:13\"},\"image\":{\"src\":\"https:\/\/www.pastors-home.de\/wp-includes\/images\/media\/audio.svg\",\"width\":48,\"height\":64},\"thumb\":{\"src\":\"https:\/\/www.pastors-home.de\/wp-includes\/images\/media\/audio.svg\",\"width\":48,\"height\":64}},{\"src\":\"https:\/\/www.pastors-home.de\/wp-content\/uploads\/2017\/10\/01November2017-Allerheiligen.mp3\",\"type\":\"audio\/mpeg\",\"title\":\"01 November2017 Allerheiligen\",\"caption\":\"\",\"description\":\"\\\"01 November2017 Allerheilgen\\\" von Alexander Seidel.\",\"meta\":{\"artist\":\"Alexander Seidel\",\"length_formatted\":\"1:10\"},\"image\":{\"src\":\"https:\/\/www.pastors-home.de\/wp-includes\/images\/media\/audio.svg\",\"width\":48,\"height\":64},\"thumb\":{\"src\":\"https:\/\/www.pastors-home.de\/wp-includes\/images\/media\/audio.svg\",\"width\":48,\"height\":64}},{\"src\":\"https:\/\/www.pastors-home.de\/wp-content\/uploads\/2017\/10\/02November-2017-Meister-der-Zufriedenheit.mp3\",\"type\":\"audio\/mpeg\",\"title\":\"02 November 2017 Meister der Zufriedenheit\",\"caption\":\"\",\"description\":\"\\\"02 November 2017 Meister der Zufriedenheit\\\" von Alexander Seidel.\",\"meta\":{\"artist\":\"Alexander Seidel\",\"length_formatted\":\"1:19\"},\"image\":{\"src\":\"https:\/\/www.pastors-home.de\/wp-includes\/images\/media\/audio.svg\",\"width\":48,\"height\":64},\"thumb\":{\"src\":\"https:\/\/www.pastors-home.de\/wp-includes\/images\/media\/audio.svg\",\"width\":48,\"height\":64}},{\"src\":\"https:\/\/www.pastors-home.de\/wp-content\/uploads\/2017\/10\/03November2017-Laubblaeser.mp3\",\"type\":\"audio\/mpeg\",\"title\":\"03 November 2017 Laubbl\\u00e4ser\",\"caption\":\"\",\"description\":\"\\\"03 November 2017 Laubbl\\u00e4ser\\\" von Alexander Seidel.\",\"meta\":{\"artist\":\"Alexander Seidel\",\"length_formatted\":\"1:19\"},\"image\":{\"src\":\"https:\/\/www.pastors-home.de\/wp-includes\/images\/media\/audio.svg\",\"width\":48,\"height\":64},\"thumb\":{\"src\":\"https:\/\/www.pastors-home.de\/wp-includes\/images\/media\/audio.svg\",\"width\":48,\"height\":64}},{\"src\":\"https:\/\/www.pastors-home.de\/wp-content\/uploads\/2017\/10\/04November2017-Koalitionsfragen.mp3\",\"type\":\"audio\/mpeg\",\"title\":\"04 November 2017 Koalitionsfragen\",\"caption\":\"\",\"description\":\"\\\"04 November 2017 Koalitionsfragen\\\" von Alexander Seidel.\",\"meta\":{\"artist\":\"Alexander Seidel\",\"length_formatted\":\"1:19\"},\"image\":{\"src\":\"https:\/\/www.pastors-home.de\/wp-includes\/images\/media\/audio.svg\",\"width\":48,\"height\":64},\"thumb\":{\"src\":\"https:\/\/www.pastors-home.de\/wp-includes\/images\/media\/audio.svg\",\"width\":48,\"height\":64}}]}<\/script>\n<\/div>\n\t\n<p><span style=\"color: #ff0000;\"><strong>Mal etwas Neues: Diesmal sind die Radioandachten mit einem Musikbett vom Scott Holmes versehen. Au\u00dferdem: Die Andachten gibts als PODCAST auch unter www.radioandachtenwelt.de und nat\u00fcrlich im<a href=\"https:\/\/itunes.apple.com\/de\/podcast\/radioandachtenwelt\/id989139048?l=en&amp;mt=2&amp;ls=1\" target=\"_blank\" rel=\"noopener\"> iTunes-Store<\/a>.<\/strong><\/span><\/p>\n<p><em><strong>B\u00fccher versperren den Weg<\/strong><\/em><\/p>\n<p>Guten Morgen,<br \/>\nin der N\u00e4he von Venedig habe ich im Sommer die alte Festung \u201eForte Treporti\u201c besucht. Sie war einst gebaut worden, um Angreifer der Lagune von Venedig vom Osten her zu beschie\u00dfen.<br \/>\nSie steht noch immer, inzwischen als Denkmal. Das Besondere: Das alte Zentralgeb\u00e4ude kann man nicht betreten. Alle T\u00fcren und Fenster sind sorgf\u00e4ltig mit B\u00fcchern zugeschlichtet. Wie gro\u00dfe Regale wirken diese ehemaligen Zug\u00e4nge.<br \/>\nB\u00fccher, die den Weg in die kriegerische Zentrale versperren. Auch Bibeln sind dabei. Ein wunderbares Bild.<br \/>\nB\u00fccher als Bollwerk gegen milit\u00e4rische Gewalt.<br \/>\nBibeln, die Widerstand leisten gegen blindes Vergelten.<br \/>\nGedichte, die Menschen auf dem Weg an die Waffe umkehren lassen.<br \/>\nVielleicht sollten wir \u00f6fter gute Worte lesen, gerne auch welche aus der Bibel. Und dadurch sp\u00fcren, welche Wege gut sind, und bei welchen genau diese Worte mir sagen, es ist besser, wieder umzukehren.<br \/>\nEinen guten Tag w\u00fcnsche ich Ihnen<!--more--><\/p>\n<p><em><strong>500 Jahre Reformation<\/strong><\/em><\/p>\n<p>Guten Morgen,<br \/>\nheute vor 500 Jahren hat Martin Luther seine ber\u00fchmten 95 Thesen ver\u00f6ffentlicht. Damit er hat nicht nur die Kirche ver\u00e4ndert, sondern das ganze Denken seiner Zeit. Eine gewaltige Ver\u00e4nderung der Welt \u2013 durch so einen kleinen M\u00f6nch mit 95 Thesen auf lapprigem Papier.<br \/>\nKaum zu glauben!<br \/>\nNaja, in Wirklichkeit waren da ja auch viele andere Menschen, die das gleiche dachten wie er, die die gleichen Fragen hatten.<br \/>\nAber erst, als er den Mut hatte, seine Forderung nach Ver\u00e4nderung auch gegen\u00fcber den M\u00e4chtigen \u00f6ffentlich auszusprechen, haben sich diese vielen auch aus der Deckung getraut \u2013 und schnell kam die Reformation in Schwung.<br \/>\nWer wei\u00df, was geworden w\u00e4re, wenn Luther den Mund gehalten h\u00e4tte\u2026<br \/>\nIch bin froh, dass wir auch heute immer wieder mutige Menschen haben, die sich trauen, es laut auszusprechen, wenn etwas nicht stimmt \u2013 und ich hoffe dass wir dann andere haben, die mithelfen, dass dieser eine, der die Wahrheit sagt, von den M\u00e4chtigen nicht mundtot gemacht wird.<br \/>\nDas brauchen wir \u2013 auch nach 500 Jahren &#8211; immer noch!<br \/>\nEine guten Tag w\u00fcnsche ich ihnen<\/p>\n<p><em><strong>Allerheiligen<\/strong><\/em><\/p>\n<p>Guten Morgen<\/p>\n<p>Heute ist der 1. November &#8211; Allerheiligen. Ein Fest, bei dem es urspr\u00fcnglich darum ging, an jene Christen zu denken, die f\u00fcr ihren Glauben gestorben sind. Die zum Beispiel w\u00e4hrend der Christenverfolgung in Rom umgekommen sind, oder auch von der eigenen Familie umgebracht wurden, weil denen dieser neue christliche Glaube nicht gefallen hat.<br \/>\nInzwischen hat sich die Frage \u201ewer sind Heilige\u201c in der Kirche ver\u00e4ndert. Denn nicht nur diese M\u00e4rtytrer oder besonders herausragende, heiliggesprochene Christen sind damit gemeint. Eigentlich ist jeder Christ, der sein Leben im Vertrauen auf Gott f\u00fchrt, ein Heiliger. Einer der zu Gott geh\u00f6rt, und damit etwas Besonderes ist.<br \/>\nUnd so m\u00f6chte ich Allerheiligen f\u00fcr mich verstehen: Als Tag, der mir bewusst macht: Die heldenhaften christlichen M\u00e4rtyrer, die bewunderten Heiliggesprochenen der vielen Jahrhunderte, und ich \u2013 wir geh\u00f6ren zur gleichen Mannschaft \u2013 uns verbindet der gleiche Glaube \u2013 den jeder an seinem Platz auf dieser Welt nach seinen M\u00f6glichkeiten mit Leben f\u00fcllt.<br \/>\nEinen guten Tag w\u00fcnsche ich Ihnen<\/p>\n<p><strong><em>Meister der Zufriedenheit<\/em><\/strong><\/p>\n<p>Guten Morgen,<br \/>\nPaul hatte k\u00fcrzlich seinen 90. Geburtstag. Neuzig, das ist ein hohes Alter; und er ist tats\u00e4chlich nicht mehr so richtig fit. Mit dem Rollator geht\u2019s ein paar Meter durch die Wohnung \u2013 mehr ist nicht mehr drin. Aber das macht nichts, denn am liebsten sitzt er in seinem Ohrensessel in der gut geheizten Bauernstube.<br \/>\nDa thront er ein bisschen wie ein K\u00f6nig. Gl\u00fccklich, zufrieden und dankbar f\u00fcr jedes einzelne Lebensjahr. Dabei hat er gar kein besonders abenteuerliches Leben gehabt. Aber er hat gelebt. Hat geliebt und wurde geliebt. Das reicht ihm.<br \/>\nAch ja: Als er vor 90 Jahren geboren wurde, wog er grade mal 1000 Gramm. Kaum einer h\u00e4tte gedacht, dass er die n\u00e4chsten Tage \u00fcberstehen w\u00fcrde.<br \/>\nUnd jetzt schaut er auf 90 Jahre Leben zur\u00fcck. Neunzig geschenkte Jahre Leben.<br \/>\nEr meint: Das Leben an sich ist es wert, dass man daf\u00fcr dankbar ist. Da muss man nicht versuchen, es mit Luxus und Firlefanz wertvoller zu machen.<br \/>\nEinen guten Tag w\u00fcnsche ich Ihnen<\/p>\n<p><strong><em>Laubbl\u00e4ser<\/em><\/strong><\/p>\n<p>Guten Morgen<br \/>\nbilde ich es mir nur ein, oder gibt es tats\u00e4chlich immer mehr Menschen, die im Garten oder vor dem Haus mit einem Laubbl\u00e4ser herumhantieren?<br \/>\nAlso ich wei\u00df nicht, ob das wirklich einen Vorteil bringt \u2013 also im Vergleich zum klassischen Laubrechen. Denn mit dem Laubbl\u00e4ser spielt man Wind \u2026. aber die natur kann das mit dem Wind viel besser, denn der pustet mit der Kraft und Ausdauer von hundert Laubbl\u00e4sern immer wieder neue Bl\u00e4tter in meinen Garten und vor mein Haus.<br \/>\nEs ist manchmal schon zum Verr\u00fccktwerden, wenn man sich scheinbar vergeblich abm\u00fcht.<br \/>\nDas ist ja nicht nur im Garten so.Manchmal habe ich das Gef\u00fchl, dass ich als Mensch so ein paar schlechte Angewohnheiten habe, die genauso sind, wie das Laub. Ich k\u00e4mpfe dagegen \u2013 habe irgendwann den Eindruck: Ja, geschafft, jetzt bist du ein besserer Mensch \u2026 und kurze Zeit sp\u00e4ter sieht es genauso aus wie vorher.<br \/>\nWie gut, dass ich einen Glauben und einen Garten habe.<br \/>\nDer Glaube hat mir beigebracht: Gott liebt mich. Trotz meiner Schw\u00e4chen.<br \/>\nUnd der Garten hat mich gelehrt: Wenn ich nur oft genug scheinbar vergeblich das Laub wegr\u00e4ume, irgendwann ist es dann doch geschafft \u2013 sp\u00e4testens beim ersten Schnee.<br \/>\nEinen guten Tag w\u00fcnsche ich Ihnen<\/p>\n<p><strong><em>Koalitionsfragen<\/em><\/strong><\/p>\n<p>Guten Morgen,<br \/>\nin Berlin, die Koalitions-Verhandlungen, die sind ja sogar dann noch spannend, wenn man sich gar nicht f\u00fcr Politik interessiert.<br \/>\nUnglaublich wie da gek\u00e4mpft wird. Man sucht nach den Gemeinsamkeiten und muss auch so manche Kr\u00f6te schlucken. Das ist der Moment der geschickten Verhandlungsgenies, die dann einfach hoffen m\u00fcssen dann nicht irgend ein kompromissloser Hardliner reingr\u00e4tscht und alles Erreichte wieder kaputt macht.<br \/>\nDa ist Politik wie das richtige Leben.<br \/>\nBei so ekelhaften Nachbarschaftstreitigkeiten, wo sich die Kampfh\u00e4hne rettungslos ineinander verkeilt haben. Da gibt\u2019s in den Familien auch meistens ein paar kompromissf\u00e4hige Menschen, die eigentlich Frieden und Vers\u00f6hnung wollen.<br \/>\nWenn die sich mal zusammentun \u2013 die Streith\u00e4hne rauslassen \u2013 und miteinander einen Weg finden sich zu vertragen. Das ist eine unglaubliche Chance.<br \/>\nUnd die zankenden Gockel lassen wir mal au\u00dfen vor und konfrontieren sie mit vollendeten Tatsachen konfrontiert: Wir versuchen es nochmal miteinander, weil die ewige Streiterei uns alle kaputtmacht. Basta.<br \/>\nJa, man muss nicht nur \u00fcber Politik, schimpfen \u2013 man kann ja auch was davon lernen.<br \/>\nEinen guten Tag w\u00fcnsche ich Ihnen<\/p>\n<p>&nbsp;<\/p>\n<p>Hinweis zur Musik in den Radioandachten:<br \/>\nCorporate &amp; Motivational Music by<a href=\"http:\/\/freemusicarchive.org\/music\/Scott_Holmes\/\"> Scott Holmes<\/a> is licensed under a <a href=\"http:\/\/creativecommons.org\/licenses\/by-nc\/4.0\/\">Attribution-NonCommercial License<\/a>. The Music is a derivate &#8211; the original track &#8222;corporate (uplifting)&#8220; can be found here: <a href=\"http:\/\/freemusicarchive.org\/music\/Scott_Holmes\/Corporate__Motivational_Music\/\">http:\/\/freemusicarchive.org\/music\/Scott_Holmes\/Corporate__Motivational_Music\/<\/a><\/p>\n","protected":false},"excerpt":{"rendered":"<p>Mal etwas Neues: Diesmal sind die Radioandachten mit einem Musikbett vom Scott Holmes versehen. Au\u00dferdem: Die Andachten gibts als PODCAST auch unter www.radioandachtenwelt.de und nat\u00fcrlich im iTunes-Store. B\u00fccher versperren den Weg Guten Morgen, in der N\u00e4he von Venedig habe ich im Sommer die alte Festung \u201eForte Treporti\u201c besucht. Sie war\u2026 <a class=\"continue-reading-link\" href=\"https:\/\/www.pastors-home.de\/?p=3180\">ich will weiterlesen<\/a><\/p>\n","protected":false},"author":1,"featured_media":2996,"comment_status":"open","ping_status":"open","sticky":false,"template":"","format":"standard","meta":{"jetpack_post_was_ever_published":false,"_jetpack_newsletter_access":"","_jetpack_dont_email_post_to_subs":false,"_jetpack_newsletter_tier_id":0,"_jetpack_memberships_contains_paywalled_content":false,"_jetpack_memberships_contains_paid_content":false,"footnotes":"","jetpack_publicize_message":"","jetpack_publicize_feature_enabled":true,"jetpack_social_post_already_shared":true,"jetpack_social_options":{"image_generator_settings":{"template":"highway","default_image_id":0,"font":"","enabled":false},"version":2}},"categories":[690],"tags":[],"class_list":["post-3180","post","type-post","status-publish","format-standard","has-post-thumbnail","hentry","category-radioandachten-2017"],"jetpack_publicize_connections":[],"jetpack_featured_media_url":"https:\/\/i0.wp.com\/www.pastors-home.de\/wp-content\/uploads\/2017\/04\/logo2017.jpg?fit=2000%2C2000&ssl=1","jetpack_sharing_enabled":true,"jetpack_shortlink":"https:\/\/wp.me\/p4BNB2-Pi","jetpack_likes_enabled":true,"_links":{"self":[{"href":"https:\/\/www.pastors-home.de\/index.php?rest_route=\/wp\/v2\/posts\/3180","targetHints":{"allow":["GET"]}}],"collection":[{"href":"https:\/\/www.pastors-home.de\/index.php?rest_route=\/wp\/v2\/posts"}],"about":[{"href":"https:\/\/www.pastors-home.de\/index.php?rest_route=\/wp\/v2\/types\/post"}],"author":[{"embeddable":true,"href":"https:\/\/www.pastors-home.de\/index.php?rest_route=\/wp\/v2\/users\/1"}],"replies":[{"embeddable":true,"href":"https:\/\/www.pastors-home.de\/index.php?rest_route=%2Fwp%2Fv2%2Fcomments&post=3180"}],"version-history":[{"count":4,"href":"https:\/\/www.pastors-home.de\/index.php?rest_route=\/wp\/v2\/posts\/3180\/revisions"}],"predecessor-version":[{"id":3185,"href":"https:\/\/www.pastors-home.de\/index.php?rest_route=\/wp\/v2\/posts\/3180\/revisions\/3185"}],"wp:featuredmedia":[{"embeddable":true,"href":"https:\/\/www.pastors-home.de\/index.php?rest_route=\/wp\/v2\/media\/2996"}],"wp:attachment":[{"href":"https:\/\/www.pastors-home.de\/index.php?rest_route=%2Fwp%2Fv2%2Fmedia&parent=3180"}],"wp:term":[{"taxonomy":"category","embeddable":true,"href":"https:\/\/www.pastors-home.de\/index.php?rest_route=%2Fwp%2Fv2%2Fcategories&post=3180"},{"taxonomy":"post_tag","embeddable":true,"href":"https:\/\/www.pastors-home.de\/index.php?rest_route=%2Fwp%2Fv2%2Ftags&post=3180"}],"curies":[{"name":"wp","href":"https:\/\/api.w.org\/{rel}","templated":true}]}}