{"id":313,"date":"2011-11-26T21:38:58","date_gmt":"2011-11-26T20:38:58","guid":{"rendered":"https:\/\/pastorshome.wordpress.com\/?p=313"},"modified":"2014-05-06T16:10:06","modified_gmt":"2014-05-06T16:10:06","slug":"beherztes-statement-gegen-luxussanierungen","status":"publish","type":"post","link":"https:\/\/www.pastors-home.de\/?p=313","title":{"rendered":"Beherztes Statement gegen Luxussanierungen"},"content":{"rendered":"<p>Allerorten werden Pfarrh\u00e4user und Dekanssitze f\u00fcr Unsummen instandgesetzt. H\u00e4ufig aus gutem Grund- schlie\u00dflich hat man manches Pfarrhaus in den letzten Jahrzehnten recht stiefm\u00fctterlich behandelt.<\/p>\n<p>Bei unserem Kabarettauftritt in Langenzenn kamen wir nicht nur in den Genuss eines hervorragenden Caterings sondern durften zwischendurch auch die sanit\u00e4ren Anlagen in Beschlag nehmen. &#8211; Und siehe da: Da ist offenbar noch nicht alles mit\u00a0 Millionenaufwand luxussaniert worden: So hat sich hier ein<strong><em><span style=\"color:#ff0000;\"> Stilleben aus boilerloser Boileranschlussgarnitur und Emaillewaschbecken erhalten<\/span><\/em><\/strong>. Und um die konzeptionelle Reduktion aufs Wesentliche zu unterstreichen, hat man auch gleich auf die \u00fcberfl\u00fcssigen Handgriffe verzichtet.<\/p>\n<p>Der \u00f6rtliche Dekan sei gewarnt: Wenn der Denkmalschutz davon Wind bekommt, wird nichts mehr mit der Renovierung, dann wird dieses Stille \u00d6rtchen zum Weltkulturerbe erhoben!<\/p>\n<p><img data-recalc-dims=\"1\" decoding=\"async\" style=\"display:block;margin-right:auto;margin-left:auto;\" src=\"http:\/\/pastorshome.files.wordpress.com\/2011\/11\/wpid-20111125_233009.jpg?w=880\" alt=\"image\" \/><\/p>\n","protected":false},"excerpt":{"rendered":"<p>Allerorten werden Pfarrh\u00e4user und Dekanssitze f\u00fcr Unsummen instandgesetzt. H\u00e4ufig aus gutem Grund- schlie\u00dflich hat man manches Pfarrhaus in den letzten Jahrzehnten recht stiefm\u00fctterlich behandelt. Bei unserem Kabarettauftritt in Langenzenn kamen wir nicht nur in den Genuss eines hervorragenden Caterings sondern durften zwischendurch auch die sanit\u00e4ren Anlagen in Beschlag nehmen. &#8211;\u2026 <a class=\"continue-reading-link\" href=\"https:\/\/www.pastors-home.de\/?p=313\">ich will weiterlesen<\/a><\/p>\n","protected":false},"author":1,"featured_media":0,"comment_status":"open","ping_status":"open","sticky":false,"template":"","format":"standard","meta":{"jetpack_post_was_ever_published":false,"_jetpack_newsletter_access":"","_jetpack_dont_email_post_to_subs":false,"_jetpack_newsletter_tier_id":0,"_jetpack_memberships_contains_paywalled_content":false,"_jetpack_memberships_contains_paid_content":false,"footnotes":"","jetpack_publicize_message":"","jetpack_publicize_feature_enabled":true,"jetpack_social_post_already_shared":false,"jetpack_social_options":{"image_generator_settings":{"template":"highway","default_image_id":0,"font":"","enabled":false},"version":2}},"categories":[232,76],"tags":[157,112,158],"class_list":["post-313","post","type-post","status-publish","format-standard","hentry","category-blog-2011","category-fundstucke","tag-denkmalschutz","tag-kabarett","tag-langenzenn"],"jetpack_publicize_connections":[],"jetpack_featured_media_url":"","jetpack_sharing_enabled":true,"jetpack_shortlink":"https:\/\/wp.me\/p4BNB2-53","jetpack_likes_enabled":true,"_links":{"self":[{"href":"https:\/\/www.pastors-home.de\/index.php?rest_route=\/wp\/v2\/posts\/313","targetHints":{"allow":["GET"]}}],"collection":[{"href":"https:\/\/www.pastors-home.de\/index.php?rest_route=\/wp\/v2\/posts"}],"about":[{"href":"https:\/\/www.pastors-home.de\/index.php?rest_route=\/wp\/v2\/types\/post"}],"author":[{"embeddable":true,"href":"https:\/\/www.pastors-home.de\/index.php?rest_route=\/wp\/v2\/users\/1"}],"replies":[{"embeddable":true,"href":"https:\/\/www.pastors-home.de\/index.php?rest_route=%2Fwp%2Fv2%2Fcomments&post=313"}],"version-history":[{"count":2,"href":"https:\/\/www.pastors-home.de\/index.php?rest_route=\/wp\/v2\/posts\/313\/revisions"}],"predecessor-version":[{"id":5256,"href":"https:\/\/www.pastors-home.de\/index.php?rest_route=\/wp\/v2\/posts\/313\/revisions\/5256"}],"wp:attachment":[{"href":"https:\/\/www.pastors-home.de\/index.php?rest_route=%2Fwp%2Fv2%2Fmedia&parent=313"}],"wp:term":[{"taxonomy":"category","embeddable":true,"href":"https:\/\/www.pastors-home.de\/index.php?rest_route=%2Fwp%2Fv2%2Fcategories&post=313"},{"taxonomy":"post_tag","embeddable":true,"href":"https:\/\/www.pastors-home.de\/index.php?rest_route=%2Fwp%2Fv2%2Ftags&post=313"}],"curies":[{"name":"wp","href":"https:\/\/api.w.org\/{rel}","templated":true}]}}