{"id":3102,"date":"2017-10-02T06:00:51","date_gmt":"2017-10-02T05:00:51","guid":{"rendered":"http:\/\/pastors-home.de\/?p=3102"},"modified":"2017-10-01T21:29:35","modified_gmt":"2017-10-01T20:29:35","slug":"radioandachten-im-oktober-2017-auf-charivari-986","status":"publish","type":"post","link":"https:\/\/www.pastors-home.de\/?p=3102","title":{"rendered":"Radioandachten im Oktober 2017 auf Charivari 98,6"},"content":{"rendered":"<div class=\"wp-playlist wp-audio-playlist wp-playlist-light\">\n\t\t\t<div class=\"wp-playlist-current-item\"><\/div>\n\t\t<audio controls=\"controls\" preload=\"none\" width=\"858\"\n\t\t\t><\/audio>\n\t<div class=\"wp-playlist-next\"><\/div>\n\t<div class=\"wp-playlist-prev\"><\/div>\n\t<noscript>\n\t<ol>\n\t\t<li><a href='https:\/\/www.pastors-home.de\/wp-content\/uploads\/2017\/10\/02Oktober2017-Seidel-Was-ist-der-Mensch-wert.mp3'>02 Oktober 2017 Was ist der Mensch wert?<\/a><\/li><li><a href='https:\/\/www.pastors-home.de\/wp-content\/uploads\/2017\/10\/03Oktober2017-Seidel-Deutsche-Einheit.mp3'>03 Oktober 2017 Deutsche Einheit?<\/a><\/li><li><a href='https:\/\/www.pastors-home.de\/wp-content\/uploads\/2017\/10\/04Oktober2017-Seidel-Nimm-mich-in-den-Arm.mp3'>04 Oktober 2017 Nimm mich in den Arm<\/a><\/li><li><a href='https:\/\/www.pastors-home.de\/wp-content\/uploads\/2017\/10\/05Oktober2017-Seidel-Mal-ein-anderer-Charakter.mp3'>05 Oktober 2017 mal ein anderer Charakter<\/a><\/li><li><a href='https:\/\/www.pastors-home.de\/wp-content\/uploads\/2017\/10\/06Oktober-2017-Seidel-der-6-Oktober-539-vor-Christus.mp3'>06 Oktober 2017 der 6 Oktober 539 vor Christus<\/a><\/li><li><a href='https:\/\/www.pastors-home.de\/wp-content\/uploads\/2017\/10\/07Oktober2017-Seidel-Trau-dich.mp3'>07 Oktober 2017  Trau dich!<\/a><\/li>\t<\/ol>\n\t<\/noscript>\n\t<script type=\"application\/json\" class=\"wp-playlist-script\">{\"type\":\"audio\",\"tracklist\":true,\"tracknumbers\":true,\"images\":false,\"artists\":false,\"tracks\":[{\"src\":\"https:\/\/www.pastors-home.de\/wp-content\/uploads\/2017\/10\/02Oktober2017-Seidel-Was-ist-der-Mensch-wert.mp3\",\"type\":\"audio\/mpeg\",\"title\":\"02 Oktober 2017 Was ist der Mensch wert?\",\"caption\":\"\",\"description\":\"\\\"02 Oktober 2017 Was ist der mensch wert?\\\" von Alexander Seidel.\",\"meta\":{\"artist\":\"Alexander Seidel\",\"length_formatted\":\"1:14\"},\"image\":{\"src\":\"https:\/\/www.pastors-home.de\/wp-includes\/images\/media\/audio.svg\",\"width\":48,\"height\":64},\"thumb\":{\"src\":\"https:\/\/www.pastors-home.de\/wp-includes\/images\/media\/audio.svg\",\"width\":48,\"height\":64}},{\"src\":\"https:\/\/www.pastors-home.de\/wp-content\/uploads\/2017\/10\/03Oktober2017-Seidel-Deutsche-Einheit.mp3\",\"type\":\"audio\/mpeg\",\"title\":\"03 Oktober 2017 Deutsche Einheit?\",\"caption\":\"\",\"description\":\"\\\"03 Oktober 2017 Deutsche Einheit?\\\" von Alexander Seidel.\",\"meta\":{\"artist\":\"Alexander Seidel\",\"length_formatted\":\"1:06\"},\"image\":{\"src\":\"https:\/\/www.pastors-home.de\/wp-includes\/images\/media\/audio.svg\",\"width\":48,\"height\":64},\"thumb\":{\"src\":\"https:\/\/www.pastors-home.de\/wp-includes\/images\/media\/audio.svg\",\"width\":48,\"height\":64}},{\"src\":\"https:\/\/www.pastors-home.de\/wp-content\/uploads\/2017\/10\/04Oktober2017-Seidel-Nimm-mich-in-den-Arm.mp3\",\"type\":\"audio\/mpeg\",\"title\":\"04 Oktober 2017 Nimm mich in den Arm\",\"caption\":\"\",\"description\":\"\\\"04 Oktober 2017 Nimm mich in den Arm\\\" von Alexander Seidel.\",\"meta\":{\"artist\":\"Alexander Seidel\",\"length_formatted\":\"1:13\"},\"image\":{\"src\":\"https:\/\/www.pastors-home.de\/wp-includes\/images\/media\/audio.svg\",\"width\":48,\"height\":64},\"thumb\":{\"src\":\"https:\/\/www.pastors-home.de\/wp-includes\/images\/media\/audio.svg\",\"width\":48,\"height\":64}},{\"src\":\"https:\/\/www.pastors-home.de\/wp-content\/uploads\/2017\/10\/05Oktober2017-Seidel-Mal-ein-anderer-Charakter.mp3\",\"type\":\"audio\/mpeg\",\"title\":\"05 Oktober 2017 mal ein anderer Charakter\",\"caption\":\"\",\"description\":\"\\\"05 Oktober 2017 mal ein anderer Charakter\\\" von Alexander Seidel.\",\"meta\":{\"artist\":\"Alexander Seidel\",\"length_formatted\":\"1:09\"},\"image\":{\"src\":\"https:\/\/www.pastors-home.de\/wp-includes\/images\/media\/audio.svg\",\"width\":48,\"height\":64},\"thumb\":{\"src\":\"https:\/\/www.pastors-home.de\/wp-includes\/images\/media\/audio.svg\",\"width\":48,\"height\":64}},{\"src\":\"https:\/\/www.pastors-home.de\/wp-content\/uploads\/2017\/10\/06Oktober-2017-Seidel-der-6-Oktober-539-vor-Christus.mp3\",\"type\":\"audio\/mpeg\",\"title\":\"06 Oktober 2017 der 6 Oktober 539 vor Christus\",\"caption\":\"\",\"description\":\"\\\"06 Oktober 2017 der 6 Oktober 539 vor Christus\\\" von Alexander Seidel.\",\"meta\":{\"artist\":\"Alexander Seidel\",\"length_formatted\":\"1:11\"},\"image\":{\"src\":\"https:\/\/www.pastors-home.de\/wp-includes\/images\/media\/audio.svg\",\"width\":48,\"height\":64},\"thumb\":{\"src\":\"https:\/\/www.pastors-home.de\/wp-includes\/images\/media\/audio.svg\",\"width\":48,\"height\":64}},{\"src\":\"https:\/\/www.pastors-home.de\/wp-content\/uploads\/2017\/10\/07Oktober2017-Seidel-Trau-dich.mp3\",\"type\":\"audio\/mpeg\",\"title\":\"07 Oktober 2017  Trau dich!\",\"caption\":\"\",\"description\":\"\\\"07 Oktober 2017  Trau dich!\\\" von Alexander Seidel.\",\"meta\":{\"artist\":\"Alexander Seidel\",\"length_formatted\":\"1:08\"},\"image\":{\"src\":\"https:\/\/www.pastors-home.de\/wp-includes\/images\/media\/audio.svg\",\"width\":48,\"height\":64},\"thumb\":{\"src\":\"https:\/\/www.pastors-home.de\/wp-includes\/images\/media\/audio.svg\",\"width\":48,\"height\":64}}]}<\/script>\n<\/div>\n\t\n<p><strong><em>Montag: Was ist der Mensch wert?<\/em><\/strong><br \/>\nGuten Morgen,<br \/>\nbei dem Champions-League-Spiel vergangene Woche war mal wieder die Rede von der irrsinnigen Summe von 222 Millionen Euro, die daf\u00fcr gezahlt wurde, dass der Fu\u00dfballer Neymar in Zukunft f\u00fcr den Verein Paris St. Germain die Tore schie\u00dft.<br \/>\nMir hat da jemand gesagt: Ein Mensch ist niemals 220 Millionen Euro wert, eigentlich nicht mal 10 Millionen. Und in seiner Stimme k\u00f6nnte ich h\u00f6ren, wie ihn diese Form von Menschen-Handel anwiderte.<br \/>\nAber wie viel ist denn ein Mensch wert? Wo sollen wir da anfangen zu rechnen?<br \/>\nWieviel bringt seine Arbeitskraft ein?<br \/>\nWie gro\u00df ist sein Wert als Werbeikone?<br \/>\nWieviel Euro w\u00e4ren wir bereit als L\u00f6segeld zu zahlen?<br \/>\nWas d\u00fcrfte ein lebensrettendes Medikament kosten, damit es sich rentiert?<br \/>\nUnd was zahlt die Versicherung den Angeh\u00f6rigen, wenn der Mensch bei einem Unfall ums Leben kommt?<br \/>\nDa merke ich, wie unsinnig und auch unw\u00fcrdig es ist, ein Menschenleben in Euro bewerten zu wollen. Jeder Mensch \u2013 jedes Leben \u2013ist ein Geschenk Gottes. Etwas, bei dem es wunderbar ist, wenn es da ist \u2013 und bei dem kein Geld der Welt \u00fcber den Verlust hinwegtr\u00f6sten kann.<br \/>\nJa, jedes Leben ist ein unbezahlbarer Schatz \u2013 also passen sie auch gut darauf auf. Auch wenn sie kein Fu\u00dfballstar sind.<!--more--><\/p>\n<p><em><strong>Dienstag: Tag der deutschen Einheit<\/strong><\/em><\/p>\n<p>Guten Morgen, heute am Tag der deutschen Einheit.<br \/>\nIch hatte zum Thema Ost-West noch nie derart gemischte Gef\u00fchle wie jetzt. Ist Sachsen mir jetzt fremder als vor dem Mauerfall?<br \/>\nAber dann denke ich an meine Kindheit und Jugend. Ich bin buchst\u00e4blich am Grenzzaun gro\u00dfgeworden. Jeden Tag habe ich sie gesehen: Die Mauern, die Wacht\u00fcrme, die Seile der Selbstschussanlagen. Und ich wei\u00df, wie es sich anf\u00fchlt, wenn einen nachts die Explosion einer Mine im Todesstreifen aus dem Schlaf rei\u00dft \u2013 und du \u00fcberlegst, ob da jetzt ein Reh oder ein Mensch zerrissen worden ist \u2026 mitten in Deutschland.<br \/>\nNun gibt es \u2013 Gott sei Dank \u2013 kein Regime mehr, dass uns mit Gewalt auseinander h\u00e4lt. Jetzt sind es wir selber, die wieder unsichtbare Grenzen aufbauen \u2013 oder auch versuchen zu \u00fcberwinden.<br \/>\nHelmut Kohl hat 1989 gesagt: \u201eOhne die Hilfe Gottes h\u00e4tten wir es nicht geschafft\u201d.<br \/>\nUnd ich glaube, heute brauchen wir auch Gottes Hilfe, damit wir nicht wieder ein geteiltes Deutschland bekommen. Die Hilfe eines Gottes, der von Liebe, Barmherzigkeit und der Bereitschaft zu vergeben spricht.<br \/>\nEinen guten Tag der deutschen Einheit w\u00fcnsche ich Ihnen<\/p>\n<p><em>Mittwoch. Nimm mich in den Arm<\/em><\/p>\n<p>Guten Morgen,<br \/>\nda sitze als Pfarrer mit einer Familie am K\u00fcchentisch. Der Vater ist gestorben, hoch in die Achzig. Zusammen schauen wir auf das Leben des Verstorbenen zur\u00fcck. Ich h\u00f6re von fr\u00f6hlichen Urlaubsreisen, von mancher \u00fcberstandenden Krise, von der gro\u00dfen Dankbarkeit, dass man so lange mit ihm zusammensein konnte \u2013 denn er war einer, der f\u00fcr seine Familie alles gemacht hat.<br \/>\nAber eines, ja eines war schade, \u2026 da schauen mich T\u00f6chter und S\u00f6hne gleicherma\u00dfen an, er hat uns halt eigentlich nie in den Arm genommen und geknuddelt. Das war uns als Kinder gar nicht so bewusst, und je \u00e4lter wir geworden sind, umso mehr sp\u00fcren wir, dass uns das gefehlt hat. Schade, dass man das nun nicht mehr nachholen kann.<br \/>\nOb wir heute da besser sind, als die Generationen vor uns? Im Beruf h\u00e4ngen wir uns rein. Den Gro\u00dfteil der Freizeit verbringen wir mit den Kindern; machen Ausfl\u00fcge, Action und tralala. Aber g\u00f6nne ich uns auch die Zeit, am Sonntagnachmittag gemeinsam auf dem Sofa zu kuscheln?<br \/>\nEinfach N\u00e4he schenken. Das Gef\u00fchl, dass der Papa mehr ist, als ein Entertainer.<br \/>\nEiner, der Liebe schenkt, auch wenn sein Bart beim knuddeln kratzt.<br \/>\nMit einem gro\u00dfes Herz, dem man alles anvertrauen kann.<br \/>\nDessen Bauch ein bisschen ein Fels in der Brandung des Lebens ist.<br \/>\nEinen guten Tag w\u00fcnsche ich Ihnen<\/p>\n<p><em><strong>Donnerstag: Mal ein anderer Charakter<\/strong><\/em><\/p>\n<p>Guten Morgen<br \/>\n\u201eHi, du, ich hab mir grade einen neuen Charakter freigeschaltet\u201c. Diesen seltsamen Satz habe ich zuf\u00e4llig in der U-Bahn geh\u00f6rt. Es ging um ein Online-Spiel, und der junge Mann hatte gen\u00fcgend Punkte erreicht, um eine neue Spielfigur nutzen. Nun war er nicht mehr als Bauer unterwegs, sondern als Ritter mit neuen F\u00e4higkeiten im Kampf und einer kleinen Burg.<br \/>\nSich schnell mal einen anderen Charakter freischalten \u2013 wenn das im echten Leben auch so einfach w\u00e4re. Die eigenen Schw\u00e4chen, die Eigenheiten, die mir am mir selber nicht gefallen, gegen ein anderes Ego einzutauschen. So eine Art Upgrade f\u00fcr das eigene Dasein. Das w\u00e4re ziemlich cool.<br \/>\nAber w\u00fcrde ich das wirklich wollen? Also \u2026 ich stecke ja schon l\u00e4nger in meiner Haut \u2013 ich bin mit mir selbst \u00fcber die Jahre ziemlich vertraut und im gro\u00dfen und ganzen nicht unzufrieden. Gott hat sich anscheinend schon etwas dabei gedacht, dass ich so bin, wie ich bin.<br \/>\nNein, ich w\u00fcrde keinen ganz anderen Alexander freischalten wollen \u2013 ich w\u00fcrde lieber mit dem, was ich bin, mein Leben gestalten &#8211; innerlich beweglich bleiben und dabei mein Leben und meine Umwelt immer wieder ein bisschen ver\u00e4ndern.<br \/>\nEinen guten Tag w\u00fcnsche ich Ihnen<\/p>\n<p><em><strong>Freitag der 6. Oktober 539 v.Chr.<\/strong><\/em><\/p>\n<p>Guten Morgen<br \/>\nEs war wie heute ein 6. Oktober als im Jahr 539 vor Christus ein Weltreich von der Landkarte verschwand.<br \/>\nDas Neubabylonische Reich hatte knapp 100 Jahre lang zwischen Zypern und dem Persischen Golf alles besiegt und unterworfen, was da zuvor als Staat oder K\u00f6nigreich existierte. Ihr K\u00f6nig Nebukadnezar war es auch, der einst die Stadt Jerusalem dem Erdboden gleichmachte und tausende von Israeliten in die eigene Hauptstadt verschleppte.<br \/>\nDie babylonische Supermacht war offenbar nicht zu stoppen.<br \/>\nBis die ersten inneren Zerfallserscheinungen auftauchten: Die M\u00e4chtigen kamen sich gegenseitig ins Gehege, viele kochten ihr eigenes S\u00fcppchen \u2026 am Ende war Babylon ein Schattens einer selbst, und an diesem 6. Oktober nahm der persische K\u00f6nig Kyros die Stadt praktisch kampflos ein.<br \/>\nAuch die Bibel erz\u00e4hlt davon \u2013 denn nun war Israel wieder frei und man konnte Jerusalem nach 50 Jahren wieder aufbauen. Damit hatte kaum einer mehr gerechnet. So ist f\u00fcr mich der 6. Oktober so ein Gedenktag daran, dass die Herrschaft der scheinbar absolut \u00dcber-M\u00e4chtigen auch irgendwann ein Ende haben kann.<\/p>\n<p>Einen guten Tag w\u00fcnsche ich Ihnen<\/p>\n<p><em><strong>Samstag: Trau Dich!<\/strong><\/em><\/p>\n<p>Guten Morgen,<br \/>\nein paar Stunden sind es noch, dann sagen sich in unserer kleinen Dorfkirche Uwe und Carina das Ja-Wort f\u00fcrs Leben. Das ist dann die zw\u00f6lfte Trauung, die ich in diesem Jahr halten darf. Ich kenne Jahre, da hatte ich grade mal ein oder zwei Paare vor dem Altar stehen.<br \/>\nOffenbar ist heiraten wieder im Trend.<br \/>\nNoch etwas anderes ist im Kommen: Immer mehr Paare haben auch den Mut, sich in der Kirche ihr Ja-Wort als gegenseitiges Trauversprechen zu geben. Mit eigenen Worten formulieren sie, was ihnen f\u00fcr die gemeinsame Zukunft wichtig ist. Da geht es um mehr als Brautkleid und Bling-Bling. Diese selbstformulierten Versprechen finde ich sehr ber\u00fchrend \u2013 vielleicht aus deshalb, weil sie mich anregen, zu \u00fcberlegen, was mir selber in meiner Ehe wichtig ist.<br \/>\nEine Braut hat in diesem Sommer zum Beispiel folgende Worte gefunden: Ich will dir ein Leben lang Geborgenheit und Liebe zu schenken, f\u00fcr dich und unsere Familie eine verl\u00e4ssliche und treue Gef\u00e4hrtin zu sein, dich achten und auf dich Acht geben, dir aber auch Kraft und Trost in schwierigen Zeiten zu spenden.<br \/>\nIch w\u00fcnsche Ihnen ein sch\u00f6nes Wochenende<\/p>\n<p>&nbsp;<\/p>\n","protected":false},"excerpt":{"rendered":"<p>Montag: Was ist der Mensch wert? Guten Morgen, bei dem Champions-League-Spiel vergangene Woche war mal wieder die Rede von der irrsinnigen Summe von 222 Millionen Euro, die daf\u00fcr gezahlt wurde, dass der Fu\u00dfballer Neymar in Zukunft f\u00fcr den Verein Paris St. Germain die Tore schie\u00dft. Mir hat da jemand gesagt:\u2026 <a class=\"continue-reading-link\" href=\"https:\/\/www.pastors-home.de\/?p=3102\">ich will weiterlesen<\/a><\/p>\n","protected":false},"author":1,"featured_media":0,"comment_status":"open","ping_status":"open","sticky":false,"template":"","format":"standard","meta":{"jetpack_post_was_ever_published":false,"_jetpack_newsletter_access":"","_jetpack_dont_email_post_to_subs":false,"_jetpack_newsletter_tier_id":0,"_jetpack_memberships_contains_paywalled_content":false,"_jetpack_memberships_contains_paid_content":false,"footnotes":"","jetpack_publicize_message":"Radioandachten im Oktober 2017 auf Charivari 98,6","jetpack_publicize_feature_enabled":true,"jetpack_social_post_already_shared":true,"jetpack_social_options":{"image_generator_settings":{"template":"highway","default_image_id":0,"font":"","enabled":false},"version":2}},"categories":[690],"tags":[],"class_list":["post-3102","post","type-post","status-publish","format-standard","hentry","category-radioandachten-2017"],"jetpack_publicize_connections":[],"jetpack_featured_media_url":"","jetpack_sharing_enabled":true,"jetpack_shortlink":"https:\/\/wp.me\/p4BNB2-O2","jetpack_likes_enabled":true,"_links":{"self":[{"href":"https:\/\/www.pastors-home.de\/index.php?rest_route=\/wp\/v2\/posts\/3102","targetHints":{"allow":["GET"]}}],"collection":[{"href":"https:\/\/www.pastors-home.de\/index.php?rest_route=\/wp\/v2\/posts"}],"about":[{"href":"https:\/\/www.pastors-home.de\/index.php?rest_route=\/wp\/v2\/types\/post"}],"author":[{"embeddable":true,"href":"https:\/\/www.pastors-home.de\/index.php?rest_route=\/wp\/v2\/users\/1"}],"replies":[{"embeddable":true,"href":"https:\/\/www.pastors-home.de\/index.php?rest_route=%2Fwp%2Fv2%2Fcomments&post=3102"}],"version-history":[{"count":2,"href":"https:\/\/www.pastors-home.de\/index.php?rest_route=\/wp\/v2\/posts\/3102\/revisions"}],"predecessor-version":[{"id":3104,"href":"https:\/\/www.pastors-home.de\/index.php?rest_route=\/wp\/v2\/posts\/3102\/revisions\/3104"}],"wp:attachment":[{"href":"https:\/\/www.pastors-home.de\/index.php?rest_route=%2Fwp%2Fv2%2Fmedia&parent=3102"}],"wp:term":[{"taxonomy":"category","embeddable":true,"href":"https:\/\/www.pastors-home.de\/index.php?rest_route=%2Fwp%2Fv2%2Fcategories&post=3102"},{"taxonomy":"post_tag","embeddable":true,"href":"https:\/\/www.pastors-home.de\/index.php?rest_route=%2Fwp%2Fv2%2Ftags&post=3102"}],"curies":[{"name":"wp","href":"https:\/\/api.w.org\/{rel}","templated":true}]}}