{"id":3063,"date":"2017-07-07T09:26:52","date_gmt":"2017-07-07T07:26:52","guid":{"rendered":"http:\/\/pastors-home.de\/?p=3063"},"modified":"2018-06-27T14:35:42","modified_gmt":"2018-06-27T12:35:42","slug":"spielszene-als-predigt-licht-der-welt-sonne-oder-kerze-freiluftgottesdienst-zu-johannes-812-mit-taufe-25-juni-2017","status":"publish","type":"post","link":"https:\/\/www.pastors-home.de\/?p=3063","title":{"rendered":"Spielszene als Predigt:  Licht der Welt &#8211; Sonne oder Kerze? (Freiluftgottesdienst zu Johannes 8,12 mit Taufe) 25. Juni 2017"},"content":{"rendered":"<blockquote><p>In<a href=\"http:\/\/pastors-home.de\/?attachment_id=3070\" rel=\"attachment wp-att-3070\"><img data-recalc-dims=\"1\" loading=\"lazy\" decoding=\"async\" data-attachment-id=\"3070\" data-permalink=\"https:\/\/www.pastors-home.de\/?attachment_id=3070\" data-orig-file=\"https:\/\/i0.wp.com\/www.pastors-home.de\/wp-content\/uploads\/2017\/07\/KIG17.jpg?fit=1000%2C667&amp;ssl=1\" data-orig-size=\"1000,667\" data-comments-opened=\"1\" data-image-meta=\"{&quot;aperture&quot;:&quot;7.1&quot;,&quot;credit&quot;:&quot;KarlheinzWeiss&quot;,&quot;camera&quot;:&quot;Canon EOS 6D&quot;,&quot;caption&quot;:&quot;&quot;,&quot;created_timestamp&quot;:&quot;1498381334&quot;,&quot;copyright&quot;:&quot;&quot;,&quot;focal_length&quot;:&quot;24&quot;,&quot;iso&quot;:&quot;100&quot;,&quot;shutter_speed&quot;:&quot;0.0025&quot;,&quot;title&quot;:&quot;&quot;,&quot;orientation&quot;:&quot;1&quot;}\" data-image-title=\"KIG17\" data-image-description=\"\" data-image-caption=\"\" data-large-file=\"https:\/\/i0.wp.com\/www.pastors-home.de\/wp-content\/uploads\/2017\/07\/KIG17.jpg?fit=880%2C587&amp;ssl=1\" class=\"alignright size-medium wp-image-3070\" src=\"https:\/\/i0.wp.com\/pastors-home.de\/wp-content\/uploads\/2017\/07\/KIG17-300x200.jpg?resize=300%2C200\" alt=\"\" width=\"300\" height=\"200\" srcset=\"https:\/\/i0.wp.com\/www.pastors-home.de\/wp-content\/uploads\/2017\/07\/KIG17.jpg?resize=300%2C200&amp;ssl=1 300w, https:\/\/i0.wp.com\/www.pastors-home.de\/wp-content\/uploads\/2017\/07\/KIG17.jpg?resize=768%2C512&amp;ssl=1 768w, https:\/\/i0.wp.com\/www.pastors-home.de\/wp-content\/uploads\/2017\/07\/KIG17.jpg?resize=400%2C267&amp;ssl=1 400w, https:\/\/i0.wp.com\/www.pastors-home.de\/wp-content\/uploads\/2017\/07\/KIG17.jpg?resize=150%2C100&amp;ssl=1 150w, https:\/\/i0.wp.com\/www.pastors-home.de\/wp-content\/uploads\/2017\/07\/KIG17.jpg?resize=225%2C150&amp;ssl=1 225w, https:\/\/i0.wp.com\/www.pastors-home.de\/wp-content\/uploads\/2017\/07\/KIG17.jpg?w=1000&amp;ssl=1 1000w\" sizes=\"auto, (max-width: 300px) 100vw, 300px\" \/><\/a> diesem Open-Air-Gottesdienst haben wir den kleinen Noel getauft. Als Besucher waren auch die \u00f6rtlichen Kinderg\u00e4rten dabei. Zur Verk\u00fcndigung hatten wir die folgende Spielszene.<\/p><\/blockquote>\n<p><span style=\"color: #800080;\">Rollen:<\/span><br \/>\n<span style=\"color: #800080;\">A: Junge Frau, mit den \u00fcblichen Sonnebad-Utensilien<\/span><br \/>\n<span style=\"color: #800080;\"> B: Nachdenklicher Mann mit einer kleinen Holzlaterne<\/span><br \/>\n<span style=\"color: #800080;\"> Pfr: Pfarrer<\/span><\/p>\n<p><strong><em>A) Einleitung: Licht kann vieles sein<br \/>\n<\/em><\/strong><br \/>\n<strong>Pfr<\/strong>: \u201cIch bin das Licht der Welt. Wer mir nachfolgt, der wird nicht wandeln in der Finsternis, sondern wird das Licht des Lebens haben.\u201d \u2013 So sagt Jesus im Johannesevangelium \u00fcber sich selbst. Jesus als Licht der Welt. Das klingt gut! \u2013 Positiv \u2013 buchst\u00e4blich hell &#8211;<br \/>\nHeute Vormittag wollen wir einmal genauer drauf schauen, was es denn hei\u00dft, wenn Jesus unser Licht ist.<!--more--><\/p>\n<p><strong><em>B) Die Sonne, die mich bescheint<a href=\"http:\/\/pastors-home.de\/?attachment_id=3066\" rel=\"attachment wp-att-3066\"><img data-recalc-dims=\"1\" loading=\"lazy\" decoding=\"async\" data-attachment-id=\"3066\" data-permalink=\"https:\/\/www.pastors-home.de\/?attachment_id=3066\" data-orig-file=\"https:\/\/i0.wp.com\/www.pastors-home.de\/wp-content\/uploads\/2017\/07\/KIG17a.jpg?fit=1000%2C667&amp;ssl=1\" data-orig-size=\"1000,667\" data-comments-opened=\"1\" data-image-meta=\"{&quot;aperture&quot;:&quot;10&quot;,&quot;credit&quot;:&quot;KarlheinzWeiss&quot;,&quot;camera&quot;:&quot;Canon EOS 6D&quot;,&quot;caption&quot;:&quot;&quot;,&quot;created_timestamp&quot;:&quot;1498382707&quot;,&quot;copyright&quot;:&quot;&quot;,&quot;focal_length&quot;:&quot;70&quot;,&quot;iso&quot;:&quot;250&quot;,&quot;shutter_speed&quot;:&quot;0.005&quot;,&quot;title&quot;:&quot;&quot;,&quot;orientation&quot;:&quot;1&quot;}\" data-image-title=\"KIG17a\" data-image-description=\"\" data-image-caption=\"\" data-large-file=\"https:\/\/i0.wp.com\/www.pastors-home.de\/wp-content\/uploads\/2017\/07\/KIG17a.jpg?fit=880%2C587&amp;ssl=1\" class=\"alignright size-medium wp-image-3066\" src=\"https:\/\/i0.wp.com\/pastors-home.de\/wp-content\/uploads\/2017\/07\/KIG17a-300x200.jpg?resize=300%2C200\" alt=\"\" width=\"300\" height=\"200\" srcset=\"https:\/\/i0.wp.com\/www.pastors-home.de\/wp-content\/uploads\/2017\/07\/KIG17a.jpg?resize=300%2C200&amp;ssl=1 300w, https:\/\/i0.wp.com\/www.pastors-home.de\/wp-content\/uploads\/2017\/07\/KIG17a.jpg?resize=768%2C512&amp;ssl=1 768w, https:\/\/i0.wp.com\/www.pastors-home.de\/wp-content\/uploads\/2017\/07\/KIG17a.jpg?resize=400%2C267&amp;ssl=1 400w, https:\/\/i0.wp.com\/www.pastors-home.de\/wp-content\/uploads\/2017\/07\/KIG17a.jpg?resize=150%2C100&amp;ssl=1 150w, https:\/\/i0.wp.com\/www.pastors-home.de\/wp-content\/uploads\/2017\/07\/KIG17a.jpg?resize=225%2C150&amp;ssl=1 225w, https:\/\/i0.wp.com\/www.pastors-home.de\/wp-content\/uploads\/2017\/07\/KIG17a.jpg?w=1000&amp;ssl=1 1000w\" sizes=\"auto, (max-width: 300px) 100vw, 300px\" \/><\/a><br \/>\n<\/em><\/strong><br \/>\n<strong>A:<\/strong> <em>(kommt im luftigen Top, hat in einem Korb eine Sonnencreme, Hut, Rettungsfolie und Sonnenbrille)<\/em><br \/>\nAchja, ein traumhaftes Wetter, kaum ein W\u00f6lkchen am Himmel. Was will man mehr? Am Sonntag drau\u00dfen sein, und sich von der Sonne verw\u00f6hnen lassen. Hmm, tut das gut.<em> (r\u00e4kelt sich ein bisschen in der Sonne)<\/em><br \/>\nMensch, jetzt wirds mir aber doch ein bisschen warm. Vielleicht sollte ich mal einen Sonnenhut aufsetzen. <em>(Setzt Hut auf)<\/em>. Da f\u00e4llt mir ein, ich muss mich noch ein bisschen eincremen, sonst krieg ich noch nen Sonnebrand. <em>(F\u00e4ngt an, sich einzucremen)<\/em> Achja, ich hasse es sowieso, wenn man dann so arg braun im Gesicht wird. Das ist ja auch gar nicht mehr angesagt. Das wirkt sonst so angeberisch.<br \/>\nSo \u2026 jetzt passt es \u2026<br \/>\nAch, jetzt blendet mich die Sonne so, da kann ich ja gar nicht in meinem Buch lesen. Hab ich da nicht irgendwo eine Sonnenbrille im Korb (setzt Sonnenbrille auf \u2026 wartet noch ein bisschen).<br \/>\nAch, das passt immer noch nicht. Ich habs!<em> (Holt die silberne Rettungsdecke raus und baut sich ein Zelt)<br \/>\n<\/em><strong>Pfr<\/strong>: Hallo!<br \/>\n<strong>A<\/strong>: H\u00e4?<br \/>\n<strong>Pfr<\/strong>: Wolltest du nicht eigentlich die Sonne genie\u00dfen?<br \/>\n<strong>A<\/strong>: mach ich doch!<br \/>\n<strong>Pfr<\/strong>: Naja, aber unter Hut, Sonnenbrille, Sonnencreme und der Folie kriegst du ja nicht wirklich was von der Sonne ab.<br \/>\n<strong>A<\/strong>: Ach, mir reicht das so!<br \/>\n<strong>Pfr<\/strong>: Das soll einer verstehen: Da gibt es eine wunderbare Sonne, man freut sich dr\u00fcber, aber m\u00f6chte sichergehen, dass sie nicht zu sehr auf mich einwirkt. \u2013 Da f\u00e4llt mir ein: Es gibt Menschen, die machen das mit Gott auch so: \u201cGott, das Licht meines Lebens! Das klingt gut! Es ist gut, dass es ihn gibt, aber bitte nicht zuviel davon. Also nicht, dass sich da in meinem Leben deshalb etwas ver\u00e4ndert. Alles soll so bleiben, wie es ist\u201d &#8211; Ja, wie denn jetzt \u2013 Sonne oder nicht?<br \/>\n<strong>A<\/strong>: Tschuldigung, dass ich da reinquatsche \u2013 aber ich will mir da keinen Sonnenbrand holen. Ich hab ja auch eine leichte Sonnen-Allergie.<br \/>\n<strong>Pfr<\/strong>: Aber eine Gottes-Licht-Allergie wirds ja kaum geben?<br \/>\n<strong>A<\/strong>: Nat\u00fcrlich nicht. Aber doch haben manche Angst, dass der Glaube, dann doch \u201czu viel\u201d ist.<br \/>\n<strong>Pfr<\/strong>: Nunja, da hast du wohl recht. Gott als Sonne \u2026 der kann mich manchmal ins Schwitzen bringen, wenn ich merke, dass ich Dinge tue oder sage, die nicht in Ordnung sind.<br \/>\nGott als Sonne \u2026 das f\u00e4rbt auf mein Leben ab. Vielleicht so, dass ich liebevoller mit anderen umgehe. Oder meinen Umgang mit unserer Sch\u00f6pfung \u00fcberdenke. Oder auch neu \u00fcberlegen muss, was wirklich in meinem Leben wichtig ist.<br \/>\n<strong>A<\/strong>: Eigentlich m\u00fcsste man sich entscheiden:<br \/>\n&#8211; Sonne oder nicht.<br \/>\n&#8211; Gott ins Leben strahlen lassen, oder ihn lieber auf Distanz halten, damit alles so bleibt.<\/p>\n<p><strong><em>C) Der zarte Lichtschein Gottes<a href=\"http:\/\/pastors-home.de\/?attachment_id=3067\" rel=\"attachment wp-att-3067\"><img data-recalc-dims=\"1\" loading=\"lazy\" decoding=\"async\" data-attachment-id=\"3067\" data-permalink=\"https:\/\/www.pastors-home.de\/?attachment_id=3067\" data-orig-file=\"https:\/\/i0.wp.com\/www.pastors-home.de\/wp-content\/uploads\/2017\/07\/KIG17b.jpg?fit=1000%2C1056&amp;ssl=1\" data-orig-size=\"1000,1056\" data-comments-opened=\"1\" data-image-meta=\"{&quot;aperture&quot;:&quot;10&quot;,&quot;credit&quot;:&quot;KarlheinzWeiss&quot;,&quot;camera&quot;:&quot;Canon EOS 6D&quot;,&quot;caption&quot;:&quot;&quot;,&quot;created_timestamp&quot;:&quot;1498382947&quot;,&quot;copyright&quot;:&quot;&quot;,&quot;focal_length&quot;:&quot;24&quot;,&quot;iso&quot;:&quot;200&quot;,&quot;shutter_speed&quot;:&quot;0.008&quot;,&quot;title&quot;:&quot;&quot;,&quot;orientation&quot;:&quot;1&quot;}\" data-image-title=\"KIG17b\" data-image-description=\"\" data-image-caption=\"\" data-large-file=\"https:\/\/i0.wp.com\/www.pastors-home.de\/wp-content\/uploads\/2017\/07\/KIG17b.jpg?fit=880%2C929&amp;ssl=1\" class=\"alignright size-medium wp-image-3067\" src=\"https:\/\/i0.wp.com\/pastors-home.de\/wp-content\/uploads\/2017\/07\/KIG17b-284x300.jpg?resize=284%2C300\" alt=\"\" width=\"284\" height=\"300\" srcset=\"https:\/\/i0.wp.com\/www.pastors-home.de\/wp-content\/uploads\/2017\/07\/KIG17b.jpg?resize=284%2C300&amp;ssl=1 284w, https:\/\/i0.wp.com\/www.pastors-home.de\/wp-content\/uploads\/2017\/07\/KIG17b.jpg?resize=970%2C1024&amp;ssl=1 970w, https:\/\/i0.wp.com\/www.pastors-home.de\/wp-content\/uploads\/2017\/07\/KIG17b.jpg?resize=768%2C811&amp;ssl=1 768w, https:\/\/i0.wp.com\/www.pastors-home.de\/wp-content\/uploads\/2017\/07\/KIG17b.jpg?resize=142%2C150&amp;ssl=1 142w, https:\/\/i0.wp.com\/www.pastors-home.de\/wp-content\/uploads\/2017\/07\/KIG17b.jpg?w=1000&amp;ssl=1 1000w\" sizes=\"auto, (max-width: 284px) 100vw, 284px\" \/><\/a><br \/>\n<\/em><\/strong><br \/>\n<strong>B<\/strong>: <em>(kommt mit einer Kerze \/ Windlicht)<\/em> Hallo, wie seht denn ihr aus? Was soll denn das werden?<br \/>\n<strong>Pfr<\/strong>: Schau dir das mal an: Sie will was von der Sonne, von Gott als Licht der Welt abbekommen, aber verkriecht sich total! Das wird doch nie was!<br \/>\n<strong>B<\/strong>: (zu A) Ach schau, ich h\u00e4tte hier ein kleines Windlicht. Das w\u00e4r vielleicht aus etwas f\u00fcr dich.<br \/>\n<strong>A<\/strong>: Oh, danke, das ist aber nett, da krieg ich bestimmt keinen Sonnenbrand.<br \/>\n<strong>Pfr<\/strong>: Aber ich krieg die Krise. Hallo! Da oben, die Mega-Sonne, endlos Energie! Und dann kommst du da mit ner mickrigen Kerze an.<br \/>\n<strong>B<\/strong>: Ja und? Ist die Kerze etwa kein Licht?<br \/>\n<strong>Pfr<\/strong>: Ja, doch.<br \/>\n<strong>B<\/strong>: Und hat Jesus nicht gesagt \u201cIch bin das Licht der Welt\u201d \u2013 Licht, nicht Sonne?<br \/>\n<strong>Pfr<\/strong>: Ja\u2026.<br \/>\n<strong>B<\/strong>: Und hat Jesus nicht auch davon gesprochen, dass das Reich Gottes gaaaanz klein anf\u00e4ngt? So klein, wie ein winziges Senfkorn! Es f\u00e4ngt klein an, und dann wird es wachsen.<br \/>\n<strong>Pfr<\/strong>: Das stimmt nat\u00fcrlich. Wenn ich an den kleinen Noel hier denke: Der ist ja auch noch ganz klein. Wenn wir den heute taufen, dann ist das ja auch erst ein kleiner Anfang. Er ist zwar schon ganz und gar Gottes geliebtes Kind. Aber das wird er erst mit der Zeit St\u00fcckchen f\u00fcr St\u00fcckchen kennenlernen. Seine Eltern und Paten k\u00f6nnen ihm dabei helfen, dass sein Glaube w\u00e4chst. Das f\u00e4ngt bei ihm wohl tats\u00e4chlich wie mit einer kleinen Kerze an.<br \/>\n<strong>B<\/strong>: \u00dcbrigens: So klein ist die Kerze gar nicht. Hier drau\u00dfen denkt man kaum, dass sie \u00fcberhaupt leuchtet. Wenn ich sie aber mit heim nehme, und es wird dunkel im Zimmer, dann taucht diese kleine Kerze den ganzen Raum in einen angenehmes Licht. Das kleine Licht ist in der Lage, das Dunkel eines gro\u00dfen Zimmers zu erhellen.<br \/>\n<strong>Pfr<\/strong>: Das w\u00fcrde hei\u00dfen: Wenn es in meinem Leben einmal dunkel ist, dann kann auch ein ganz kleiner und schwacher Glaube auch schon viel Dunkelheit vertreiben.<br \/>\n<strong>B<\/strong>: So hat Gott es versprochen! Du hast ja vorhin selbst Jesu Worte gesagt: \u201cIch bin das Licht der Welt. Wer mir nachfolgt, der wird nicht wandeln in der Finsternis, sondern wird das Licht des Lebens haben.\u201d<br \/>\n<strong>A<\/strong>: Entschuldigt, wenn ich euch unterbreche: Wenn ich das jetzt richtig verstanden habe. Gehts beim Kerze und bei Sonne um das gleiche Licht?<a href=\"http:\/\/pastors-home.de\/?attachment_id=3068\" rel=\"attachment wp-att-3068\"><img data-recalc-dims=\"1\" loading=\"lazy\" decoding=\"async\" data-attachment-id=\"3068\" data-permalink=\"https:\/\/www.pastors-home.de\/?attachment_id=3068\" data-orig-file=\"https:\/\/i0.wp.com\/www.pastors-home.de\/wp-content\/uploads\/2017\/07\/KIG17c.jpg?fit=1000%2C673&amp;ssl=1\" data-orig-size=\"1000,673\" data-comments-opened=\"1\" data-image-meta=\"{&quot;aperture&quot;:&quot;10&quot;,&quot;credit&quot;:&quot;KarlheinzWeiss&quot;,&quot;camera&quot;:&quot;Canon EOS 6D&quot;,&quot;caption&quot;:&quot;&quot;,&quot;created_timestamp&quot;:&quot;1498383043&quot;,&quot;copyright&quot;:&quot;&quot;,&quot;focal_length&quot;:&quot;55&quot;,&quot;iso&quot;:&quot;200&quot;,&quot;shutter_speed&quot;:&quot;0.008&quot;,&quot;title&quot;:&quot;&quot;,&quot;orientation&quot;:&quot;1&quot;}\" data-image-title=\"KIG17c\" data-image-description=\"\" data-image-caption=\"\" data-large-file=\"https:\/\/i0.wp.com\/www.pastors-home.de\/wp-content\/uploads\/2017\/07\/KIG17c.jpg?fit=880%2C592&amp;ssl=1\" class=\"alignright size-medium wp-image-3068\" src=\"https:\/\/i0.wp.com\/pastors-home.de\/wp-content\/uploads\/2017\/07\/KIG17c-300x202.jpg?resize=300%2C202\" alt=\"\" width=\"300\" height=\"202\" srcset=\"https:\/\/i0.wp.com\/www.pastors-home.de\/wp-content\/uploads\/2017\/07\/KIG17c.jpg?resize=300%2C202&amp;ssl=1 300w, https:\/\/i0.wp.com\/www.pastors-home.de\/wp-content\/uploads\/2017\/07\/KIG17c.jpg?resize=768%2C517&amp;ssl=1 768w, https:\/\/i0.wp.com\/www.pastors-home.de\/wp-content\/uploads\/2017\/07\/KIG17c.jpg?resize=400%2C269&amp;ssl=1 400w, https:\/\/i0.wp.com\/www.pastors-home.de\/wp-content\/uploads\/2017\/07\/KIG17c.jpg?resize=150%2C101&amp;ssl=1 150w, https:\/\/i0.wp.com\/www.pastors-home.de\/wp-content\/uploads\/2017\/07\/KIG17c.jpg?resize=223%2C150&amp;ssl=1 223w, https:\/\/i0.wp.com\/www.pastors-home.de\/wp-content\/uploads\/2017\/07\/KIG17c.jpg?w=1000&amp;ssl=1 1000w\" sizes=\"auto, (max-width: 300px) 100vw, 300px\" \/><\/a><br \/>\n<strong>Pfr\/B<\/strong>: Ja!<br \/>\n<strong>Pfr<\/strong>: Aber es wirkt unterschiedlich: Manchmal glaube ich, tut es gut, wenn die Sonne Gottes auf mich scheint. Dann gibt sie mir Kraft etwas zu ver\u00e4ndern und sagt: Hopp, sei nicht so bequem, mach was, aus deinem Glauben \u2013 du sollst ja nicht umsonst getauft sein!<br \/>\n<strong>B<\/strong>: Und manchmal leuchtet das Licht Gottes wie eine Kerze in das Dunkel meines Lebens: Dann sagt sie mir: Hab keine Angst, ich bin bei dir. Auch wenn du dich gerade ganz schwach f\u00fchlst, du hast einen Gott, der dich nicht im Dunkeln l\u00e4sst.<\/p>\n<p><strong>alle<\/strong>: Amen<\/p>\n","protected":false},"excerpt":{"rendered":"<p>In diesem Open-Air-Gottesdienst haben wir den kleinen Noel getauft. Als Besucher waren auch die \u00f6rtlichen Kinderg\u00e4rten dabei. Zur Verk\u00fcndigung hatten wir die folgende Spielszene. Rollen: A: Junge Frau, mit den \u00fcblichen Sonnebad-Utensilien B: Nachdenklicher Mann mit einer kleinen Holzlaterne Pfr: Pfarrer A) Einleitung: Licht kann vieles sein Pfr: \u201cIch bin\u2026 <a class=\"continue-reading-link\" href=\"https:\/\/www.pastors-home.de\/?p=3063\">ich will weiterlesen<\/a><\/p>\n","protected":false},"author":1,"featured_media":3070,"comment_status":"open","ping_status":"open","sticky":false,"template":"","format":"standard","meta":{"jetpack_post_was_ever_published":false,"_jetpack_newsletter_access":"","_jetpack_dont_email_post_to_subs":false,"_jetpack_newsletter_tier_id":0,"_jetpack_memberships_contains_paywalled_content":false,"_jetpack_memberships_contains_paid_content":false,"footnotes":"","jetpack_publicize_message":"","jetpack_publicize_feature_enabled":true,"jetpack_social_post_already_shared":true,"jetpack_social_options":{"image_generator_settings":{"template":"highway","default_image_id":0,"font":"","enabled":false},"version":2}},"categories":[688,363,532],"tags":[21,698],"class_list":["post-3063","post","type-post","status-publish","format-standard","has-post-thumbnail","hentry","category-predigten-2017","category-symbolpredigt","category-themenpredigten","tag-johannes","tag-sommerpredigt"],"jetpack_publicize_connections":[],"jetpack_featured_media_url":"https:\/\/i0.wp.com\/www.pastors-home.de\/wp-content\/uploads\/2017\/07\/KIG17.jpg?fit=1000%2C667&ssl=1","jetpack_sharing_enabled":true,"jetpack_shortlink":"https:\/\/wp.me\/p4BNB2-Np","jetpack_likes_enabled":true,"_links":{"self":[{"href":"https:\/\/www.pastors-home.de\/index.php?rest_route=\/wp\/v2\/posts\/3063","targetHints":{"allow":["GET"]}}],"collection":[{"href":"https:\/\/www.pastors-home.de\/index.php?rest_route=\/wp\/v2\/posts"}],"about":[{"href":"https:\/\/www.pastors-home.de\/index.php?rest_route=\/wp\/v2\/types\/post"}],"author":[{"embeddable":true,"href":"https:\/\/www.pastors-home.de\/index.php?rest_route=\/wp\/v2\/users\/1"}],"replies":[{"embeddable":true,"href":"https:\/\/www.pastors-home.de\/index.php?rest_route=%2Fwp%2Fv2%2Fcomments&post=3063"}],"version-history":[{"count":4,"href":"https:\/\/www.pastors-home.de\/index.php?rest_route=\/wp\/v2\/posts\/3063\/revisions"}],"predecessor-version":[{"id":3072,"href":"https:\/\/www.pastors-home.de\/index.php?rest_route=\/wp\/v2\/posts\/3063\/revisions\/3072"}],"wp:featuredmedia":[{"embeddable":true,"href":"https:\/\/www.pastors-home.de\/index.php?rest_route=\/wp\/v2\/media\/3070"}],"wp:attachment":[{"href":"https:\/\/www.pastors-home.de\/index.php?rest_route=%2Fwp%2Fv2%2Fmedia&parent=3063"}],"wp:term":[{"taxonomy":"category","embeddable":true,"href":"https:\/\/www.pastors-home.de\/index.php?rest_route=%2Fwp%2Fv2%2Fcategories&post=3063"},{"taxonomy":"post_tag","embeddable":true,"href":"https:\/\/www.pastors-home.de\/index.php?rest_route=%2Fwp%2Fv2%2Ftags&post=3063"}],"curies":[{"name":"wp","href":"https:\/\/api.w.org\/{rel}","templated":true}]}}