{"id":3023,"date":"2017-05-01T01:00:52","date_gmt":"2017-05-01T00:00:52","guid":{"rendered":"http:\/\/pastors-home.de\/?p=3023"},"modified":"2017-04-28T08:22:41","modified_gmt":"2017-04-28T07:22:41","slug":"radioandachten-im-mai-2017-auf-charivari-986","status":"publish","type":"post","link":"https:\/\/www.pastors-home.de\/?p=3023","title":{"rendered":"Radioandachten im Mai 2017 auf Charivari 98,6"},"content":{"rendered":"<div class=\"wp-playlist wp-audio-playlist wp-playlist-light\">\n\t\t\t<div class=\"wp-playlist-current-item\"><\/div>\n\t\t<audio controls=\"controls\" preload=\"none\" width=\"858\"\n\t\t\t><\/audio>\n\t<div class=\"wp-playlist-next\"><\/div>\n\t<div class=\"wp-playlist-prev\"><\/div>\n\t<noscript>\n\t<ol>\n\t\t<li><a href='https:\/\/www.pastors-home.de\/wp-content\/uploads\/2017\/04\/01052017-Seidel-Tag-der-Arbeit.mp3'>01 Mai 2017 Tag der Arbeit<\/a><\/li><li><a href='https:\/\/www.pastors-home.de\/wp-content\/uploads\/2017\/04\/02052017-Seidel-Kollegen-als-Geschenk-des-Himmels.mp3'>02 Mai 2017 Kollegen als Geschenk des Himmels<\/a><\/li><li><a href='https:\/\/www.pastors-home.de\/wp-content\/uploads\/2017\/04\/03052015-Seidel-Aufgewaermtes.mp3'>03 Mai 2017 Aufgewaermtes<\/a><\/li><li><a href='https:\/\/www.pastors-home.de\/wp-content\/uploads\/2017\/04\/04062017-Seidel-WLAN-ist-nicht-die-Loesung.mp3'>04 Mai 2017 WLAn ist nicht die Loesung<\/a><\/li><li><a href='https:\/\/www.pastors-home.de\/wp-content\/uploads\/2017\/04\/05052017-Seidel-Das-Z-klemmt.mp3'>05 Mai 2017 das Z klemmt<\/a><\/li><li><a href='https:\/\/www.pastors-home.de\/wp-content\/uploads\/2017\/04\/06052017-Seidel-Anti-Diaet-Tag.mp3'>06 Mai 2017 Anti-Diaet-Tag<\/a><\/li>\t<\/ol>\n\t<\/noscript>\n\t<script type=\"application\/json\" class=\"wp-playlist-script\">{\"type\":\"audio\",\"tracklist\":true,\"tracknumbers\":true,\"images\":false,\"artists\":false,\"tracks\":[{\"src\":\"https:\/\/www.pastors-home.de\/wp-content\/uploads\/2017\/04\/01052017-Seidel-Tag-der-Arbeit.mp3\",\"type\":\"audio\/mpeg\",\"title\":\"01 Mai 2017 Tag der Arbeit\",\"caption\":\"\",\"description\":\"\\\"01 Mai 2017 Tag der Arbeit\\\" von Alexander Seidel.\",\"meta\":{\"artist\":\"Alexander Seidel\",\"length_formatted\":\"1:12\"},\"image\":{\"src\":\"https:\/\/www.pastors-home.de\/wp-includes\/images\/media\/audio.svg\",\"width\":48,\"height\":64},\"thumb\":{\"src\":\"https:\/\/www.pastors-home.de\/wp-includes\/images\/media\/audio.svg\",\"width\":48,\"height\":64}},{\"src\":\"https:\/\/www.pastors-home.de\/wp-content\/uploads\/2017\/04\/02052017-Seidel-Kollegen-als-Geschenk-des-Himmels.mp3\",\"type\":\"audio\/mpeg\",\"title\":\"02 Mai 2017 Kollegen als Geschenk des Himmels\",\"caption\":\"\",\"description\":\"\\\"02 Mai 2017 Kollegen als Geschenk des Himmels\\\" von Alexander Seidel.\",\"meta\":{\"artist\":\"Alexander Seidel\",\"length_formatted\":\"1:10\"},\"image\":{\"src\":\"https:\/\/www.pastors-home.de\/wp-includes\/images\/media\/audio.svg\",\"width\":48,\"height\":64},\"thumb\":{\"src\":\"https:\/\/www.pastors-home.de\/wp-includes\/images\/media\/audio.svg\",\"width\":48,\"height\":64}},{\"src\":\"https:\/\/www.pastors-home.de\/wp-content\/uploads\/2017\/04\/03052015-Seidel-Aufgewaermtes.mp3\",\"type\":\"audio\/mpeg\",\"title\":\"03 Mai 2017 Aufgewaermtes\",\"caption\":\"\",\"description\":\"\\\"03 Mai 2017 Aufgewaermtes\\\" von Alexander Seidel.\",\"meta\":{\"artist\":\"Alexander Seidel\",\"length_formatted\":\"1:10\"},\"image\":{\"src\":\"https:\/\/www.pastors-home.de\/wp-includes\/images\/media\/audio.svg\",\"width\":48,\"height\":64},\"thumb\":{\"src\":\"https:\/\/www.pastors-home.de\/wp-includes\/images\/media\/audio.svg\",\"width\":48,\"height\":64}},{\"src\":\"https:\/\/www.pastors-home.de\/wp-content\/uploads\/2017\/04\/04062017-Seidel-WLAN-ist-nicht-die-Loesung.mp3\",\"type\":\"audio\/mpeg\",\"title\":\"04 Mai 2017 WLAn ist nicht die Loesung\",\"caption\":\"\",\"description\":\"\\\"04 Mai 2017 WLAn ist nicht die Loesung\\\" von Alexander Seidel.\",\"meta\":{\"artist\":\"Alexander Seidel\",\"length_formatted\":\"1:05\"},\"image\":{\"src\":\"https:\/\/www.pastors-home.de\/wp-includes\/images\/media\/audio.svg\",\"width\":48,\"height\":64},\"thumb\":{\"src\":\"https:\/\/www.pastors-home.de\/wp-includes\/images\/media\/audio.svg\",\"width\":48,\"height\":64}},{\"src\":\"https:\/\/www.pastors-home.de\/wp-content\/uploads\/2017\/04\/05052017-Seidel-Das-Z-klemmt.mp3\",\"type\":\"audio\/mpeg\",\"title\":\"05 Mai 2017 das Z klemmt\",\"caption\":\"\",\"description\":\"\\\"05 Mai 2017 das Z klemmt\\\" von Alexander Seidel.\",\"meta\":{\"artist\":\"Alexander Seidel\",\"length_formatted\":\"1:10\"},\"image\":{\"src\":\"https:\/\/www.pastors-home.de\/wp-includes\/images\/media\/audio.svg\",\"width\":48,\"height\":64},\"thumb\":{\"src\":\"https:\/\/www.pastors-home.de\/wp-includes\/images\/media\/audio.svg\",\"width\":48,\"height\":64}},{\"src\":\"https:\/\/www.pastors-home.de\/wp-content\/uploads\/2017\/04\/06052017-Seidel-Anti-Diaet-Tag.mp3\",\"type\":\"audio\/mpeg\",\"title\":\"06 Mai 2017 Anti-Diaet-Tag\",\"caption\":\"\",\"description\":\"\\\"06 Mai 2017 Anti-Diaet-Tag\\\" von Alexander Seidel.\",\"meta\":{\"artist\":\"Alexander Seidel\",\"length_formatted\":\"1:06\"},\"image\":{\"src\":\"https:\/\/www.pastors-home.de\/wp-includes\/images\/media\/audio.svg\",\"width\":48,\"height\":64},\"thumb\":{\"src\":\"https:\/\/www.pastors-home.de\/wp-includes\/images\/media\/audio.svg\",\"width\":48,\"height\":64}}]}<\/script>\n<\/div>\n\t\n<p><em><strong>Tag der Arbeit<\/strong><\/em><\/p>\n<p>Guten Morgen,<br \/>\nwir haben heute den Tag der Arbeit. Und das sch\u00f6ne daran: Die meisten m\u00fcssen heute nicht arbeiten. F\u00fcr uns Pfarrer ist das sogar einer der wenigen Feiertage, an denen wir auch frei haben \u2013 denn der erste Mai ist ja kein klassischer kirchlicher Feiertag.<br \/>\nIch mach heute mal nix. Und ich werde das auch mal genie\u00dfen!<br \/>\nAber ich ahne es schon: So richtig lang halte ich das \u201enichts machen\u201c nicht aus. Irgendwie f\u00e4llt mir dann schon etwas ein, was ich noch machen k\u00f6nnte, und wenn es der Wasserwechsel am Aquarium ist.<br \/>\nLuther hat einmal gesagt: Die Arbeit geh\u00f6rt zum Menschen wie zum Vogel das Fliegen!<br \/>\nEtwas tun, was sinnvoll scheint.<br \/>\nErleben, dass etwas durch mich entsteht oder sich ver\u00e4ndert.<br \/>\nUnd machmal darunter leiden, dass die ganze Arbeit und M\u00fche grade aus irgend einem Grund f\u00fcr die Katz war.<br \/>\nDas ist Arbeit \u2013 egal, ob man daf\u00fcr bezahlt wird oder nicht.<br \/>\nIch glaube darauf sind wir programmiert \u2013 eben, wie der Vogel zum fliegen gemacht ist.<br \/>\nSo ist es heute f\u00fcr mich ein Tag, an dem man dankbar sein kann, wenn man etwas zu tun hat, was man gerne macht.<br \/>\nEinen guten ersten Mai w\u00fcnsche ich Ihnen<!--more--><\/p>\n<p><strong><em>Kollegen als Geschenk des Himmels<\/em><\/strong><\/p>\n<p>Guten Morgen<br \/>\nAlles war vorbereitet. Die Konfirmation, das gro\u00dfe Fest in unserem Dorf, konnte steigen. Die Feier, auf die alle lange hingefiebert haben.<br \/>\nUnd am Abend vorher fange ich auch zu fiebern an. 40 Grad! Ich bin nur noch ein H\u00e4uchen Elend im Bett \u2013 es ist deutlich: Morgen wird\u2019s nichts mit mir als Pfarrer. Der absolute Alptraum! \u2013 Ich kann die Konfirmation doch nicht absagen\u2026<br \/>\nAbends um 10 fange ich an, meine Kollegen und Kolleginnen anzurufen, vielleicht gibt\u2019s ja jemanden, der morgen fr\u00fch nicht selber einen Gottesdienst h\u00e4lt.<br \/>\nTats\u00e4chlich: Claudia h\u00e4tte morgen frei. Sie z\u00f6gert keinen Moment: \u201eOk, ich \u00fcbernehme es, schick mir deine Texte per mail \u2013 das wird schon!\u201c<br \/>\nSolche Kollegen sind ein Geschenk des Himmels!<br \/>\nFast wie Engel.<br \/>\nIch habe zwei Sachen draus gelernt:<br \/>\nIch will meinem Gott von Herzen dankbar sein, f\u00fcr Menschen, die spontan f\u00fcr andere da sind, wenn sie Hilfe brauchen.<br \/>\nUnd wenn mich mal einer um Hilfe bittet, will ich auch nicht lange \u00fcberlegen, bevor ich sage. \u201eMach die keine Sorgen, ich helfe dir, das wird schon\u201c<br \/>\nEinen guten Tag w\u00fcnsche ich Ihnen<\/p>\n<p><strong><em>Aufgew\u00e4rmtes<\/em><\/strong><\/p>\n<p>Guten Morgen!<br \/>\nWenn wir am Sonntagmittag es mal wieder nicht schaffen alle Kl\u00f6\u00df und den Braten komplett zu verputzen \u2013 dann gibt\u2019s den nochmal am Montag. Meistens noch mit ein paar Nudeln dazu. Das liebe ich.<br \/>\nWenn es dann allerdings auch noch am Dienstag und Mittwoch aufgew\u00e4rmten Braten gibt, vielleicht mit Schupfnudeln oder Bratkartoffeln \u2013 dann spiele ich nicht mehr mit.<br \/>\nNeee, das mit dem Aufw\u00e4rmen kann man auch \u00fcbertreiben. Irgendwann wird einem von dem alten Zeug nur noch schlecht.<br \/>\nGenauso geht\u2019s mir mit alten Geschichten. Wenn die immer wieder aufgew\u00e4rmt und einem aufs Brot geschmiert werden \u201eschlie\u00dflich hat du damals \u2026 bla bla bla\u2026\u201c<br \/>\nMuss man das immer wieder aufw\u00e4rmen? Die alten Stories und Fehler?<br \/>\nEs bringt doch nichts, das den andern andauernd unter die Nase zu halten. Das tut doch keinem gut! Weg damit!<br \/>\nWer anderen vergeben kann, der erlebt, wie befreiend das ist:<br \/>\nWenn die alten Geschichten nicht mehr herumschimmeln und das Klima vergiften und man wieder frei atmen kann!<br \/>\nJa: Wer vergibt, der schenkt nicht nur dem Anderen \u2013 sondern vor allem sich selber einen neuen Anfang.<br \/>\nEinen guten Tag w\u00fcnsche ich Ihnen<\/p>\n<p><strong><em>WLAN ist auch keine L\u00f6sung<\/em><\/strong><\/p>\n<p>Wwwwwupp \u2013 so \u00e4hnlich hat es sich angeh\u00f6rt, als der Aufzug stecken geblieben ist, in dem Freddi gerade stand. Nicht bewegte sich mehr. Es war Sonntag, und so dauerte es l\u00e4ngere Zeit, bis ihn der Kundendienst aus seiner Aufzug-Kabine befreite.<br \/>\nAls er mir das am Tag darauf erz\u00e4hlt, habe ich gar nicht den Eindrick, das ihn dieses Erlebnis das allzu sehr zu schaffen gemacht hat. Da sagt er mir: \u201eWar gar nicht so schlimm, in Aufzug gab es ja WLAN! Da habe ich ein wenig auf dem Handy gezockt.\u201c<br \/>\nJa, wenn das WLAN da ist, dann ist alles gut!<br \/>\nFr\u00fcher haben Menschen in Krisenzeiten zu Gott gebetet, versucht aus dem Glauben Hoffnung zu sch\u00f6pfen. Heute reicht ein WLAN \u2013 das ist anscheinend die Zukunft.<br \/>\nIch glaube: WLAN ist nicht die L\u00f6sung! Nicht jede Lebenssituation l\u00e4sst sich mit Ablenkung, Whatsapp und Spotify wegdaddeln. Irgendwann holt mich die analoge Welt mit all ihren Herausforderungen ein.<br \/>\nDa bin ich dann doch froh, dass ich aus meinem Glauben Mut, Zuversicht und Hoffnung sch\u00f6pfen kann, und nicht nur auf\u00b4s WLAN angewiesen bin.<br \/>\nEinen guten Tag w\u00fcnsche ich Ihnen<\/p>\n<p><strong><em>Das \u201eZ\u201c klemmt <\/em><\/strong><\/p>\n<p>Guten Morgen,<br \/>\nan meinem Laptop klemmt neuerdings der Buchstabe Z. Mal geht die Taste, mal geht sie nicht.<br \/>\nNa gut, ich habe ja noch die anderen 85 Tasten. Und \u00fcberhaupt: Das Z ist ein Buchstabe, der gar nicht so oft auftaucht. Das E wird 15 mal \u00f6fter gebraucht. Genauer gesagt: Nur 1% der Buchstaben in einem Text ist ein Z. Auf dieses eine Prozent kann man ja auch pfeifen!<br \/>\nNein! Kann ich eben nicht! Denn jetzt stehen in meinen Texten neuerdings so Worte wie Ver\u00f6gerung, Anahlung und prinipiell.Ohne dieses eine Prozent Z ist alles nichts! Ohne das eine Prozent Z kann ich meinen Brief niemanden schicken. Die w\u00fcrden sagen, das hat ein schlechter Grundsch\u00fcler getippt.<br \/>\nDa erkenne ich, dass mir Zahlen und Statistiken oft nichts \u00fcber die wirkliche Welt sagen. Weil da jeder kleine Buchstabe z\u00e4hlt. Jedes kleine Kind ist wichtig. Jeder der scheinbar am Rand unserer Gesellschaft steht, geh\u00f6rt dazu.<br \/>\nDiejenigen in unserer Welt, die das kleine Prozent bilden\u2026 die sind ein fester Teil des gro\u00dfen Ganzen \u2026 die k\u00f6nnen wir nicht ignorieren oder abschreiben \u2013 sonst w\u00e4ren wir nicht mehr die, die wir eigentlich sind.<br \/>\nEinen guten Tag w\u00fcnsche ich Ihnen<\/p>\n<p><strong><em>Anti-Di\u00e4t-Tag<\/em><\/strong><\/p>\n<p>Guten Morgen,<br \/>\nheute am 6. Mai ist der Internationale \u201eAnti-Di\u00e4t-Tag\u201d. Gegr\u00fcndet wurde er von Mary Evans Young, nachdem sie ihre Magersucht \u00fcberwunden hatte.<br \/>\nSie k\u00e4mpft mit diesem Tag nicht nur gegen den Schlanheitswahn.<br \/>\nSie wirbt vor allem f\u00fcr etwas: Dass wir die Sch\u00f6nheit der Menschen mit all ihren vielf\u00e4ltigen nat\u00fcrlichen Gr\u00f6\u00dfen- und Gewichtsunterschieden entdecken.<br \/>\nEs ist sch\u00f6n, dass du genau die K\u00f6rperform hast, in der du heruml\u00e4ufst.<br \/>\nDu, mit all deinen \u00fcppigen Rundungen, du bist ein sch\u00f6ner Mensch, der das Leben genie\u00dfen kann.<br \/>\nUnd bei dir, d\u00fcnner Hering, hat Gott es gut gefunden, dass du dir beim Treppensteigen leichter tust.<br \/>\nEs ist sch\u00f6n, dass der eine ein bisschen gr\u00f6\u00dfer ist \u2013 und der andere ein bisschen breiter ist.<br \/>\nIn einen Psalm der Bibel hat jemand geschrieben: \u201eGott, ich danke dir daf\u00fcr, dass du mich so wunderbar und einzigartig gemacht hast! Gro\u00dfartig ist alles, was du geschaffen hast \u2013 das erkenne ich!\u201d<br \/>\nDiesen Satz m\u00fcsste man jedem Menschen mit in die Wiege legen und \u00fcber den Spiegel schreiben..<br \/>\nGott hat dich einzigartig gemacht \u2013 und dazu geh\u00f6ren auch deine K\u00f6rperformen.<br \/>\nEinen guten Tag w\u00fcnsche ich Ihnen.<\/p>\n","protected":false},"excerpt":{"rendered":"<p>Tag der Arbeit Guten Morgen, wir haben heute den Tag der Arbeit. Und das sch\u00f6ne daran: Die meisten m\u00fcssen heute nicht arbeiten. F\u00fcr uns Pfarrer ist das sogar einer der wenigen Feiertage, an denen wir auch frei haben \u2013 denn der erste Mai ist ja kein klassischer kirchlicher Feiertag. Ich\u2026 <a class=\"continue-reading-link\" href=\"https:\/\/www.pastors-home.de\/?p=3023\">ich will weiterlesen<\/a><\/p>\n","protected":false},"author":1,"featured_media":2996,"comment_status":"open","ping_status":"open","sticky":false,"template":"","format":"standard","meta":{"jetpack_post_was_ever_published":false,"_jetpack_newsletter_access":"","_jetpack_dont_email_post_to_subs":false,"_jetpack_newsletter_tier_id":0,"_jetpack_memberships_contains_paywalled_content":false,"_jetpack_memberships_contains_paid_content":false,"footnotes":"","jetpack_publicize_message":"Radioandachten im Mai 2017 auf Charivari 98,6","jetpack_publicize_feature_enabled":true,"jetpack_social_post_already_shared":true,"jetpack_social_options":{"image_generator_settings":{"template":"highway","default_image_id":0,"font":"","enabled":false},"version":2}},"categories":[690],"tags":[],"class_list":["post-3023","post","type-post","status-publish","format-standard","has-post-thumbnail","hentry","category-radioandachten-2017"],"jetpack_publicize_connections":[],"jetpack_featured_media_url":"https:\/\/i0.wp.com\/www.pastors-home.de\/wp-content\/uploads\/2017\/04\/logo2017.jpg?fit=2000%2C2000&ssl=1","jetpack_sharing_enabled":true,"jetpack_shortlink":"https:\/\/wp.me\/p4BNB2-ML","jetpack_likes_enabled":true,"_links":{"self":[{"href":"https:\/\/www.pastors-home.de\/index.php?rest_route=\/wp\/v2\/posts\/3023","targetHints":{"allow":["GET"]}}],"collection":[{"href":"https:\/\/www.pastors-home.de\/index.php?rest_route=\/wp\/v2\/posts"}],"about":[{"href":"https:\/\/www.pastors-home.de\/index.php?rest_route=\/wp\/v2\/types\/post"}],"author":[{"embeddable":true,"href":"https:\/\/www.pastors-home.de\/index.php?rest_route=\/wp\/v2\/users\/1"}],"replies":[{"embeddable":true,"href":"https:\/\/www.pastors-home.de\/index.php?rest_route=%2Fwp%2Fv2%2Fcomments&post=3023"}],"version-history":[{"count":2,"href":"https:\/\/www.pastors-home.de\/index.php?rest_route=\/wp\/v2\/posts\/3023\/revisions"}],"predecessor-version":[{"id":3031,"href":"https:\/\/www.pastors-home.de\/index.php?rest_route=\/wp\/v2\/posts\/3023\/revisions\/3031"}],"wp:featuredmedia":[{"embeddable":true,"href":"https:\/\/www.pastors-home.de\/index.php?rest_route=\/wp\/v2\/media\/2996"}],"wp:attachment":[{"href":"https:\/\/www.pastors-home.de\/index.php?rest_route=%2Fwp%2Fv2%2Fmedia&parent=3023"}],"wp:term":[{"taxonomy":"category","embeddable":true,"href":"https:\/\/www.pastors-home.de\/index.php?rest_route=%2Fwp%2Fv2%2Fcategories&post=3023"},{"taxonomy":"post_tag","embeddable":true,"href":"https:\/\/www.pastors-home.de\/index.php?rest_route=%2Fwp%2Fv2%2Ftags&post=3023"}],"curies":[{"name":"wp","href":"https:\/\/api.w.org\/{rel}","templated":true}]}}