{"id":2823,"date":"2016-11-11T16:33:07","date_gmt":"2016-11-11T15:33:07","guid":{"rendered":"http:\/\/pastors-home.de\/?p=2823"},"modified":"2022-01-14T11:01:13","modified_gmt":"2022-01-14T10:01:13","slug":"predigt-im-klapprigen-omnibus-unterwegs-zum-ziel-roemer-8-18-23-13-november-2016","status":"publish","type":"post","link":"https:\/\/www.pastors-home.de\/?p=2823","title":{"rendered":"Predigt: Im klapprigen Omnibus unterwegs zum Ziel (R\u00f6mer 8, 18-23) 13. November 2016"},"content":{"rendered":"\n<div class=\"wp-block-media-text alignwide is-stacked-on-mobile has-background\" style=\"background-color:#ecdcb6\"><figure class=\"wp-block-media-text__media\"><img data-recalc-dims=\"1\" loading=\"lazy\" decoding=\"async\" width=\"400\" height=\"294\" data-attachment-id=\"2824\" data-permalink=\"https:\/\/www.pastors-home.de\/?attachment_id=2824\" data-orig-file=\"https:\/\/i0.wp.com\/www.pastors-home.de\/wp-content\/uploads\/2016\/11\/326869_web_R_by_A.Dreher_pixelio.de_.jpg?fit=400%2C294&amp;ssl=1\" data-orig-size=\"400,294\" data-comments-opened=\"1\" data-image-meta=\"{&quot;aperture&quot;:&quot;0&quot;,&quot;credit&quot;:&quot;&quot;,&quot;camera&quot;:&quot;&quot;,&quot;caption&quot;:&quot;&quot;,&quot;created_timestamp&quot;:&quot;0&quot;,&quot;copyright&quot;:&quot;&quot;,&quot;focal_length&quot;:&quot;0&quot;,&quot;iso&quot;:&quot;0&quot;,&quot;shutter_speed&quot;:&quot;0&quot;,&quot;title&quot;:&quot;&quot;,&quot;orientation&quot;:&quot;0&quot;}\" data-image-title=\"326869_web_r_by_a-dreher_pixelio-de\" data-image-description=\"\" data-image-caption=\"&lt;p&gt;Foto: A.Dreher \/pixelio.de&lt;\/p&gt;\n\" data-large-file=\"https:\/\/i0.wp.com\/www.pastors-home.de\/wp-content\/uploads\/2016\/11\/326869_web_R_by_A.Dreher_pixelio.de_.jpg?fit=400%2C294&amp;ssl=1\" src=\"https:\/\/i0.wp.com\/www.pastors-home.de\/wp-content\/uploads\/2016\/11\/326869_web_R_by_A.Dreher_pixelio.de_.jpg?resize=400%2C294&#038;ssl=1\" alt=\"Foto: A.Dreher \/pixelio.de\" class=\"wp-image-2824 size-full\" srcset=\"https:\/\/i0.wp.com\/www.pastors-home.de\/wp-content\/uploads\/2016\/11\/326869_web_R_by_A.Dreher_pixelio.de_.jpg?w=400&amp;ssl=1 400w, https:\/\/i0.wp.com\/www.pastors-home.de\/wp-content\/uploads\/2016\/11\/326869_web_R_by_A.Dreher_pixelio.de_.jpg?resize=300%2C221&amp;ssl=1 300w, https:\/\/i0.wp.com\/www.pastors-home.de\/wp-content\/uploads\/2016\/11\/326869_web_R_by_A.Dreher_pixelio.de_.jpg?resize=150%2C110&amp;ssl=1 150w, https:\/\/i0.wp.com\/www.pastors-home.de\/wp-content\/uploads\/2016\/11\/326869_web_R_by_A.Dreher_pixelio.de_.jpg?resize=204%2C150&amp;ssl=1 204w\" sizes=\"auto, (max-width: 400px) 100vw, 400px\" \/><\/figure><div class=\"wp-block-media-text__content\">\n<p class=\"has-large-font-size\">R\u00f6m 8, 13-23<\/p>\n\n\n\n<p>Predigt mit dem Motiv eines alten, verrosteten klapprigen Omnibusses Namens Erde, in dem wir durch die Zeit unterwegs sind.<\/p>\n<\/div><\/div>\n\n\n<p>\u00a0<\/p>\n<p>Liebe Gemeinde,<br \/>manchmal kommt mir unsere Welt vor wie ein alter klappriger Omnibus, bei dem man sich mit bangem Herzen fragt, ob die alte Kiste denn nochmal durch den T\u00dcV kommt.<br \/>Denn da ist ja einiges im Argen! Es f\u00e4ngt ja schon bei der Steuerung an: Wie soll man das Gef\u00e4hrt denn noch lenken, wenn immer \u00f6fter seltsame Gestalten in den Regierungen auf diesem Planeten die F\u00fchrungsrolle \u00fcbernehmen?<br \/>Wenn ich den Motor denke: Das Abgasmanagement funktioniert schon l\u00e4nger nicht mehr &#8230; und der Verbrauch &#8211; was wir an Rohstoffen verpulvern &#8230;. ob wir da \u00fcberhaupt noch mal die M\u00f6glichkeit haben, das Verbrauchte aufzutanken?<br \/>Vom Innenraum ganz zu schweigen: Ein einziges Durcheinander! Jeder h\u00e4tte gerne einen sch\u00f6nen Platz, aber die besten sind schon l\u00e4ngst belegt und werden immer aufwendiger herausgeputzt, unterwegs wird Prosecco geschl\u00fcrft. Gleichzeitig hocken andere mit den einzigen Klamotten, die sie besitzen auf dem feuchten dreckigen Boden.<br \/>Die Klimaanlage wird vom Internet gesteuert und verpestet die Luft mit Hass und Hetze, mit Neid und Arroganz.<br \/>Wir alle sitzen drin &#8211; aussteigen geht nicht.<br \/>Alles \u00e4chzt und st\u00f6hnt und ich wei\u00df nicht, ob es die morschen Bauteile sind, oder die Menschen, die \u00e4ngstlich durch die Scheiben starren. Was soll das noch werden?<!--more--><br \/><strong><em>R\u00f6mer 8, 18-23<\/em><\/strong><br \/><em>Paulus schreibt:<\/em><br \/><em>18 Denn ich bin \u00fcberzeugt, dass dieser Zeit Leiden nicht ins Gewicht fallen gegen\u00fcber der Herrlichkeit, die an uns offenbart werden soll.<\/em><br \/><em>19 Denn das \u00e4ngstliche Harren der Kreatur wartet darauf, dass die Kinder Gottes offenbar werden.<\/em><br \/><em>20 Die Sch\u00f6pfung ist ja unterworfen der Verg\u00e4nglichkeit \u2013 ohne ihren Willen, sondern durch den, der sie unterworfen hat \u2013, doch auf Hoffnung;<\/em><br \/><em>21 denn auch die Sch\u00f6pfung wird frei werden von der Knechtschaft der Verg\u00e4nglichkeit zu der herrlichen Freiheit der Kinder Gottes.<\/em><br \/><em>22 Denn wir wissen, dass die ganze Sch\u00f6pfung bis zu diesem Augenblick seufzt und in Wehen liegt.<\/em><br \/><em>23 Nicht allein aber sie, sondern auch wir selbst, die wir den Geist als Erstlingsgabe haben, seufzen in uns selbst und sehnen uns nach der Kindschaft, der Erl\u00f6sung unseres Leibes.<\/em><\/p>\n<p><strong><em>Einer liebt unsere alte Erde<\/em><\/strong><\/p>\n<p>Paulus ist einer, der sitzt mitten drin, in diesem maroden und klapprigen St\u00fcck Welt. Auch zu seiner Zeit war sie nicht wirklich besser in Schuss, nur die Probleme waren andere. Und er f\u00e4ngt an, davon zu reden, dass es einmal nicht mehr klappern wird, nicht mehr rosten. Denn er wei\u00df von einem, der aus unerfindlichen Gr\u00fcnden diesen Oldtimer von Erde ins Herz geschlossen hat. Der hat ihn gekauft!<\/p>\n<p>Jeder hat gesagt: Lass es! Das wird nix mehr &#8211; schmeiss die Kiste auf den Schrott! Und die Typen da drin auch gleich mit, denn die sind ja auch nicht besser, schlie\u00dflich sind das die, die alles so heruntergewirtschaftet haben.<\/p>\n<p>Aber wie das bei Liebhabern halt so ist: Die lassen sich nicht davon abbringen, koste es, was es wolle! In seinem Fall hat es ihm sogar sein Leben gekostet &#8211; als Mensch ist er einst da mal mit eingestiegen, um das Lenkrad herumzurei\u00dfen.<br \/>Das haben sie ihm \u00fcbelgenommen und ihn rausgeschmissen &#8211; in voller Fahrt &#8211;<br \/>dann hing er tot an einem Holzkreuz.<br \/>Sie ahnten ja nicht, dass er nicht nur einer von ihnen war &#8211; und dass er st\u00e4rker war, als der eigene Tod. Die meisten hatten auch \u00fcbersehen, dass sein Einsatz das Fahrzeug auf einen ganz anderen Kurs gebracht hatte. Dorthin, wo er es einmal in Empfang nehmen wird &#8211; keiner wei\u00df, wann.<\/p>\n<p>Und davon spricht Paulus: Schaut euch um in dieser Welt und seht nicht nur den Rost und den Dreck. Entdeckt das wundersch\u00f6ne Fahrzeug, das es ja irgendwie immer noch ist; und das es wieder werden soll.<\/p>\n<p>H\u00f6rt nicht nur das Knarzen, das \u00c4chzen und St\u00f6hnen &#8230; wobei &#8230;klingt das nicht wie eine Frau, die in den Wehen liegt? Ist sie nicht das beste Beispiel f\u00fcr den Zustand unseres Fahrzeugs, fragt Paulus: Wenn eine Frau in den Wehen liegt klingt das nicht sch\u00f6n, es macht auch keinen Spa\u00df, es tut weh und doch wird sie wenig sp\u00e4ter sagen: Ich bin die gl\u00fccklichste Frau auf der Welt und habe gerade das gr\u00f6\u00dfte Wunder erlebt, was es gibt.<\/p>\n<p>Auf die Welt kommt noch etwas zu!<br \/>Ein Gott, der sie nicht aufgibt, der sie mit viel Liebe wieder zu dem machen wird, was sie eigentlich schon immer war und als was sie eigentlich gedacht war.<\/p>\n<p>Vielleicht wird Gott unsere Welt so \u00fcberarbeiten, wie einen alten rostigen Omnibus, wenn er die vergammelten Streben und Bleche abschleift, bis das gl\u00e4nzende Metall zu Vorschein kommt &#8211; strahlend, als h\u00e4tte es nie sch\u00f6ner gegl\u00e4nzt. St\u00fcck f\u00fcr St\u00fcck wird das sichtbar, was einst und schon immer da war: Ein einzigartiges Handwerkst\u00fcck Gottes von dem auf der ersten Seite der Bibel geschrieben steht: \u201cUnd Gott sah an alles, was er gemacht hatte, und siehe, es war sehr gut.\u201d<\/p>\n<p><em><strong>Und wir?<\/strong><\/em><\/p>\n<p>Paulus schaut seine Mitfahrer an und blickt in Augen, die alle eine Frage haben: Und was wird aus uns? Denn da ist die Ahnung, dass wir selber Teil dieses Omnibusses sind. Auch nicht perfekt, auch in die Jahre gekommen. Gealtert. Mit Dellen, mit dem einen oder anderen Knacks. Ja und da ist das dumpfe Gef\u00fchl, dass auch manches Grunds\u00e4tzliche nicht mehr so ist, wie es wohl mal gedacht war. Verformt, verbogen, &#8230; so dass Worte, in denen Jesus von Gericht nach unserem Taten spricht, uns bedrohlich erscheinen &#8230;. heute ist nicht der Tag, so etwas sch\u00f6nzureden.<br \/>\u201cAuch wir werden verwandelt werden\u201d sagt Paulus. Auch wir werden erfahren, was dieser Bus erlebt: Eine Erneuerung &#8211; ein wieder so werden, wie wir eigentlich gedacht waren. Damals, als Gott damit begonnen hatte \u201c&#8230; und schuf den Menschen zu seinem Bilde, zum Bilde Gottes schuf er ihn; und schuf sie als Mann und Frau\u201d<\/p>\n<p>Paulus hat wieder Platz genommen. Die Arme verschr\u00e4nkt, die Beine \u00fcber Kreuz. Er hat alles gesagt. Jetzt muss er nur noch warten, bis es soweit ist.<br \/>Aber wann?<\/p>\n<p><strong><em>Warten &#8230;. mit Geist!<\/em><\/strong><\/p>\n<p>Liebe Gemeinde,<br \/>vielleicht h\u00e4tte Paulus noch ein bisschen mehr gesagt, wenn er geahnt h\u00e4tte, das wir da noch locker 2000 Jahre mit der alten Erde unterwegs sein werden.<br \/>Oder w\u00fcrde er meinen: Ich habe doch alles gesagt &#8211; erinnert ihr euch nicht, dass ich davon geschrieben habe, dass ihr den Geist Gottes in euch habt. Diese Kraft in euch selbst; die euch immer wieder daran erinnert, woher ihr kommt, und wohin ihr unterwegs seid?<\/p>\n<p>Ihr sp\u00fcrt sie, wo Menschen in Liebe aufeinander zugehen, und sich gegenseitig trotz ihrer Schw\u00e4chen annehmen, einander treu sind; wo sie Hass uns hetze \u00fcberwinden Da ist dieser Geist Gottes am wirken.<br \/>Wo Menschen die Natur, die Tierwelt sch\u00e4tzen und sch\u00fctzen. Weil sie wissen, diese geh\u00f6ren mit zu unserem Omnibus Erde, der zu Gott hin unterwegs ist. Auch die Sch\u00f6pfung wartet &#8211; wie wir alle &#8211; auf diese Erl\u00f6sung vom Elend. Da weht der Geist Gottes.<br \/>Wo ein verzweifelter, einsamer oder gescheiterter Mensch sich selbst nicht aufgibt, weil er sp\u00fcrt: Ich bin trotz allem unendlich wertvoll. Da ist jemand geborgen in Gottes Geist, der ihn erinnert, dass Gott auch ihn pers\u00f6nlich geschaffen hat.<br \/>Und nat\u00fcrlich, wo Christen sich treffen, sie gemeinsam Gott, den Sch\u00f6pfer loben. Wo sie Abendmahl feiern als Zeichen der Gemeinschaft, die sie einmal mit Gott haben werden. Da sp\u00fcren sie den Geist des lebendigen Gottes.<\/p>\n<p>Liebe Gemeinde,<br \/>wir sind unterwegs. Wir haben eine Erde, von der wir das Gef\u00fchl gewinnen, dass sie so klapprig, marode und korrupt ist, dass sie bald von alleine auseinanderf\u00e4llt.<br \/>Aber als Christen haben wir zwei Hoffnungen:<br \/>Zum einen, dass Gott diese Erde so liebt, dass er sie zu einem guten Ende f\u00fchren wird, das besser sein wird, als ihr Anfang.<br \/>Zum anderen, dass wir nicht tatenlos zusehen m\u00fcssen sondern diese Fahrt mit Gottes Geist und Kraft gut gestalten k\u00f6nnen.<br \/>Amen<\/p>\n<p>Foto: A.Dreher \/<a href=\"http:\/\/www.pixelio.de\">pixelio.de<\/a><\/p>\n\n\n<blockquote class=\"wp-block-quote is-layout-flow wp-block-quote-is-layout-flow\"><p><\/p><cite>Bitte beachten Sie: Der Predigttext ist im Zuge der Perikopenrevision ab 2018 nicht mehr dem Vorletzten, sondern dem Drittletzten Sonntag im Kirchenjahr zugeordnet<\/cite><\/blockquote>\n","protected":false},"excerpt":{"rendered":"<p>Predigt mit dem Motiv eines alten, verrosteten klapprigen Omnibusses Namens Erde, in dem wir durch die Zeit unterwegs sind. <a class=\"continue-reading-link\" href=\"https:\/\/www.pastors-home.de\/?p=2823\">ich will weiterlesen<\/a><\/p>\n","protected":false},"author":1,"featured_media":2824,"comment_status":"open","ping_status":"open","sticky":false,"template":"","format":"standard","meta":{"jetpack_post_was_ever_published":false,"_jetpack_newsletter_access":"","_jetpack_dont_email_post_to_subs":true,"_jetpack_newsletter_tier_id":0,"_jetpack_memberships_contains_paywalled_content":false,"_jetpack_memberships_contains_paid_content":false,"footnotes":"","jetpack_publicize_message":"","jetpack_publicize_feature_enabled":true,"jetpack_social_post_already_shared":true,"jetpack_social_options":{"image_generator_settings":{"template":"highway","default_image_id":0,"font":"","enabled":false},"version":2}},"categories":[656],"tags":[790,461,462,573,737],"class_list":["post-2823","post","type-post","status-publish","format-standard","has-post-thumbnail","hentry","category-predigten-2016","tag-drittletzter-sonntag-im-kirchenjahr","tag-roem","tag-roemer","tag-volkstrauertag","tag-vorletzter-sonntag-des-kirchenjahres"],"jetpack_publicize_connections":[],"jetpack_featured_media_url":"https:\/\/i0.wp.com\/www.pastors-home.de\/wp-content\/uploads\/2016\/11\/326869_web_R_by_A.Dreher_pixelio.de_.jpg?fit=400%2C294&ssl=1","jetpack_sharing_enabled":true,"jetpack_shortlink":"https:\/\/wp.me\/p4BNB2-Jx","jetpack_likes_enabled":true,"_links":{"self":[{"href":"https:\/\/www.pastors-home.de\/index.php?rest_route=\/wp\/v2\/posts\/2823","targetHints":{"allow":["GET"]}}],"collection":[{"href":"https:\/\/www.pastors-home.de\/index.php?rest_route=\/wp\/v2\/posts"}],"about":[{"href":"https:\/\/www.pastors-home.de\/index.php?rest_route=\/wp\/v2\/types\/post"}],"author":[{"embeddable":true,"href":"https:\/\/www.pastors-home.de\/index.php?rest_route=\/wp\/v2\/users\/1"}],"replies":[{"embeddable":true,"href":"https:\/\/www.pastors-home.de\/index.php?rest_route=%2Fwp%2Fv2%2Fcomments&post=2823"}],"version-history":[{"count":7,"href":"https:\/\/www.pastors-home.de\/index.php?rest_route=\/wp\/v2\/posts\/2823\/revisions"}],"predecessor-version":[{"id":4985,"href":"https:\/\/www.pastors-home.de\/index.php?rest_route=\/wp\/v2\/posts\/2823\/revisions\/4985"}],"wp:featuredmedia":[{"embeddable":true,"href":"https:\/\/www.pastors-home.de\/index.php?rest_route=\/wp\/v2\/media\/2824"}],"wp:attachment":[{"href":"https:\/\/www.pastors-home.de\/index.php?rest_route=%2Fwp%2Fv2%2Fmedia&parent=2823"}],"wp:term":[{"taxonomy":"category","embeddable":true,"href":"https:\/\/www.pastors-home.de\/index.php?rest_route=%2Fwp%2Fv2%2Fcategories&post=2823"},{"taxonomy":"post_tag","embeddable":true,"href":"https:\/\/www.pastors-home.de\/index.php?rest_route=%2Fwp%2Fv2%2Ftags&post=2823"}],"curies":[{"name":"wp","href":"https:\/\/api.w.org\/{rel}","templated":true}]}}