{"id":2750,"date":"2016-09-19T15:21:22","date_gmt":"2016-09-19T14:21:22","guid":{"rendered":"http:\/\/pastors-home.de\/?p=2750"},"modified":"2016-10-01T17:28:20","modified_gmt":"2016-10-01T16:28:20","slug":"radiopandachtem-im-september-2016-auf-charivari-985","status":"publish","type":"post","link":"https:\/\/www.pastors-home.de\/?p=2750","title":{"rendered":"Radioandachten im September 2016 auf Charivari 98,5"},"content":{"rendered":"<div class=\"wp-playlist wp-audio-playlist wp-playlist-light\">\n\t\t\t<div class=\"wp-playlist-current-item\"><\/div>\n\t\t<audio controls=\"controls\" preload=\"none\" width=\"858\"\n\t\t\t><\/audio>\n\t<div class=\"wp-playlist-next\"><\/div>\n\t<div class=\"wp-playlist-prev\"><\/div>\n\t<noscript>\n\t<ol>\n\t\t<li><a href='https:\/\/www.pastors-home.de\/wp-content\/uploads\/2016\/09\/19September2016-Seidel-Weinrebe.mp3'>19 September 2016 Weinrebe<\/a><\/li><li><a href='https:\/\/www.pastors-home.de\/wp-content\/uploads\/2016\/09\/20September2016-Seidel-Karotte.mp3'>20 September 2016 Karotte<\/a><\/li><li><a href='https:\/\/www.pastors-home.de\/wp-content\/uploads\/2016\/09\/21September2016-Seidel-Kartoffel.mp3'>21 September 2016 Kartoffel<\/a><\/li><li><a href='https:\/\/www.pastors-home.de\/wp-content\/uploads\/2016\/09\/22September2016-Seidel-Tomate.mp3'>22 September 2016 Tomate<\/a><\/li><li><a href='https:\/\/www.pastors-home.de\/wp-content\/uploads\/2016\/09\/23September2016-Seidel-Zucchini.mp3'>23 September 2016 Zucchini<\/a><\/li><li><a href='https:\/\/www.pastors-home.de\/wp-content\/uploads\/2016\/09\/24September2016-Seidel-Zierkuerbis.mp3'>24 September2016 Zierkuerbis<\/a><\/li>\t<\/ol>\n\t<\/noscript>\n\t<script type=\"application\/json\" class=\"wp-playlist-script\">{\"type\":\"audio\",\"tracklist\":true,\"tracknumbers\":true,\"images\":false,\"artists\":false,\"tracks\":[{\"src\":\"https:\/\/www.pastors-home.de\/wp-content\/uploads\/2016\/09\/19September2016-Seidel-Weinrebe.mp3\",\"type\":\"audio\/mpeg\",\"title\":\"19 September 2016 Weinrebe\",\"caption\":\"\",\"description\":\"\\\"19 September 2016 Weinrebe\\\" von Alexander Seidel.\",\"meta\":{\"artist\":\"Alexander Seidel\",\"length_formatted\":\"1:02\"},\"image\":{\"src\":\"https:\/\/www.pastors-home.de\/wp-includes\/images\/media\/audio.svg\",\"width\":48,\"height\":64},\"thumb\":{\"src\":\"https:\/\/www.pastors-home.de\/wp-includes\/images\/media\/audio.svg\",\"width\":48,\"height\":64}},{\"src\":\"https:\/\/www.pastors-home.de\/wp-content\/uploads\/2016\/09\/20September2016-Seidel-Karotte.mp3\",\"type\":\"audio\/mpeg\",\"title\":\"20 September 2016 Karotte\",\"caption\":\"\",\"description\":\"\\\"20 September 2016 Karotte\\\" von Alexander Seidel.\",\"meta\":{\"artist\":\"Alexander Seidel\",\"length_formatted\":\"1:08\"},\"image\":{\"src\":\"https:\/\/www.pastors-home.de\/wp-includes\/images\/media\/audio.svg\",\"width\":48,\"height\":64},\"thumb\":{\"src\":\"https:\/\/www.pastors-home.de\/wp-includes\/images\/media\/audio.svg\",\"width\":48,\"height\":64}},{\"src\":\"https:\/\/www.pastors-home.de\/wp-content\/uploads\/2016\/09\/21September2016-Seidel-Kartoffel.mp3\",\"type\":\"audio\/mpeg\",\"title\":\"21 September 2016 Kartoffel\",\"caption\":\"\",\"description\":\"\\\"21 September 2016 Karotte\\\" von Alexander Seidel.\",\"meta\":{\"artist\":\"Alexander Seidel\",\"length_formatted\":\"1:04\"},\"image\":{\"src\":\"https:\/\/www.pastors-home.de\/wp-includes\/images\/media\/audio.svg\",\"width\":48,\"height\":64},\"thumb\":{\"src\":\"https:\/\/www.pastors-home.de\/wp-includes\/images\/media\/audio.svg\",\"width\":48,\"height\":64}},{\"src\":\"https:\/\/www.pastors-home.de\/wp-content\/uploads\/2016\/09\/22September2016-Seidel-Tomate.mp3\",\"type\":\"audio\/mpeg\",\"title\":\"22 September 2016 Tomate\",\"caption\":\"\",\"description\":\"\\\"22 September 2016 Tomate\\\" von Alexander Seidel.\",\"meta\":{\"artist\":\"Alexander Seidel\",\"length_formatted\":\"1:12\"},\"image\":{\"src\":\"https:\/\/www.pastors-home.de\/wp-includes\/images\/media\/audio.svg\",\"width\":48,\"height\":64},\"thumb\":{\"src\":\"https:\/\/www.pastors-home.de\/wp-includes\/images\/media\/audio.svg\",\"width\":48,\"height\":64}},{\"src\":\"https:\/\/www.pastors-home.de\/wp-content\/uploads\/2016\/09\/23September2016-Seidel-Zucchini.mp3\",\"type\":\"audio\/mpeg\",\"title\":\"23 September 2016 Zucchini\",\"caption\":\"\",\"description\":\"\\\"23 September 2016 Zucchini\\\" von Alexander Seidel.\",\"meta\":{\"artist\":\"Alexander Seidel\",\"length_formatted\":\"1:06\"},\"image\":{\"src\":\"https:\/\/www.pastors-home.de\/wp-includes\/images\/media\/audio.svg\",\"width\":48,\"height\":64},\"thumb\":{\"src\":\"https:\/\/www.pastors-home.de\/wp-includes\/images\/media\/audio.svg\",\"width\":48,\"height\":64}},{\"src\":\"https:\/\/www.pastors-home.de\/wp-content\/uploads\/2016\/09\/24September2016-Seidel-Zierkuerbis.mp3\",\"type\":\"audio\/mpeg\",\"title\":\"24 September2016 Zierkuerbis\",\"caption\":\"\",\"description\":\"\\\"24 September2016 Zierkuerbis\\\" von Alexander Seidel.\",\"meta\":{\"artist\":\"Alexander Seidel\",\"length_formatted\":\"1:03\"},\"image\":{\"src\":\"https:\/\/www.pastors-home.de\/wp-includes\/images\/media\/audio.svg\",\"width\":48,\"height\":64},\"thumb\":{\"src\":\"https:\/\/www.pastors-home.de\/wp-includes\/images\/media\/audio.svg\",\"width\":48,\"height\":64}}]}<\/script>\n<\/div>\n\t\n<p><strong><em>Radioandachtenreihe mit den Fr\u00fcchten aus unserem Garten<\/em><\/strong><\/p>\n<p><strong><em>Montag: Die Traube &#8211; Sich von \u00dcberfl\u00fcssigem trennen<\/em><\/strong><\/p>\n<p>Guten Morgen<br \/>\nBei uns in Franken kommt die Weinlese so gerade in Schwung. Wenn man sich jetzt die Trauben in den Weinbergen anschaut, ist das schon beachtlich, was so ein knorriger alter Weinstock alles hervorbringt. Da ist ja eigentlich nicht viel dran: Ein paar Bl\u00e4tter, wenige \u00c4ste -und so pr\u00e4chtige, volle Weinreben. In den Monaten zuvor ist der Winzer immer wieder durch den Weinberg gegangen und hat alles \u00dcberfl\u00fcssige weggeschnitten. Er wei\u00df, das die vielen Bl\u00e4tter und \u00c4stchen drumherum zwar sch\u00f6n aussehen, aber die Trauben eher schw\u00e4cht, als ihnen etwas bringt.<br \/>\nDa kann ich schon verstehen, dass Jesus einmal die Menschen mit Weinreben verglichen hat. Er sagte: Es ist ganz wenig, was ihr zum guten Leben braucht. Und vieles von dem, womit ihr euer Leben schm\u00fcckt, ist eigentlich nur kraftraubender Ballast. Ich bin der Weinstock, den ihr braucht, der euch die Kraft zum Leben schenkt. Beim den \u00fcbrigen Dingen, k\u00f6nnt ihr auf mehr verzichten, als ihr denkt \u2013 und werdet dadurch mehr gewinnen als verlieren.<br \/>\nAber ehrlich: So sehr mir das auch einleuchtet: Bis ich mal den Mut habe, mich von \u00dcberfl\u00fcssigen zu trennen, ist das schon immer ein verflixt langer Weg.<!--more--><\/p>\n<p><strong><em>Dienstag: Die Karotte \u2013 Abwarten<\/em><\/strong><\/p>\n<p>In meiner Kindheit war unser Karottenbeet im Garten wie eine Losbude: Oft bin ich hingeschlichen und habe mir die Pflanzen genau angeschaut. Die gro\u00dfen wuscheligen Bl\u00e4tter und die kleinen orangefarbenen H\u00f6ckerchen der Karotten, die aus der Erde schauten. Welche soll ich aus der Erde ziehen, um sie zu naschen? Die eine schaut viel breiter aus als die daneben; aber daf\u00fcr ist eben nicht so viel Kraut dran. Wo muss ich ziehen, um eine ordentliche Karotte zu ernten? Denn wenn ich sie einmal aus der Erde geholt habe, kann ich sie ja nicht wieder zur\u00fcckstecken. Die w\u00e4chst dann ja nicht mehr weiter.<br \/>\nManchmal hat es geklappt, und gelegentlich musste ich an einem k\u00fcmmerlichen Etwas herumknabbern, das gerade mal ein paar Zentimeter lang war.<br \/>\nJetzt bin ich erwachsen; und es sind nicht mehr die Karotten, bei denen ich auf den richtigen Moment warte, um sie aus der Erde zu ziehen.<br \/>\nHeute sind es Projekte, bei denen es darauf ankommt, sie im richtigen Zeitpunkt zu starten.<br \/>\nBei den eigenen Kindern \u00fcberlegt man hin und her, ob sie denn schon reif sind, f\u00fcr den Schritt in ein selbstst\u00e4ndiges Leben.<br \/>\nImmer wieder muss ich im Leben den richtigen Moment abwarten \u2013 und da ist das Feld mit den Karotten ein gutes Training gewesen: Weil es mir geduldiges Abwarten gelehrt hat, und dem Mut, irgenwann auch mal beherzt zuzupacken , und das Ding aus der Erde zu ziehen.<br \/>\nEinen guten Tag w\u00fcnsche ich ihnen.<\/p>\n<p><strong><em>Mittwoch: Die Kartoffel \u2013 Gottes geniale Idee<\/em><\/strong><\/p>\n<p>Guten Morgen,<br \/>\neigentlich ist sie ja die unattraktivste Pflanze auf Gottes Erdboden. Braun, dick und rund, mit allerlei unf\u00f6rmigen Dellen. Und wer da einfach mal reinbei\u00dft, ist ma\u00dflos entt\u00e4uscht: Hart ist sie, und ihr Fruchtfleich schmeckt eklig mehlig. Die Rede ist von der Kartoffel.<br \/>\nWas f\u00fcr ein Gl\u00fcck, dass irgendwann Menschen gute Ideen gehabt h\u00e4tten, was man daraus alles machen kann\u2026..:<br \/>\nPellkartoffeln \u2013 frisch gekocht, mit einer Flocke Butter und einer Prise Salz.<br \/>\nRunde dampfende Kl\u00f6\u00dfe zum Sonntagsbraten.<br \/>\nNicht zu vergessen: Baggers, Pommes und Kartoffelchips.<br \/>\nUnglaublich, was aus dieser tristen Knolle alles werden kann!<br \/>\nAls Gott entschieden hat, dass auch Kartoffeln zu unserer Sch\u00f6pfung geh\u00f6ren, hat er das schon so eingeplant? Oder verdanken wir es unserer menschlichen Phantasie und unserem Einfallsreichtum. \u2013 Naja, das haben wir ja wohl auch als Talent vom Sch\u00f6pfer bekommen.<br \/>\nSo oder so: Gott sei Dank gibts die Kartoffel, und die Pommes, die Kl\u00f6\u00df und die Baggers<\/p>\n<p><em><strong>Donnerstag: Die Tomate \u2013 Der treue Freund des Menschen<\/strong><\/em><br \/>\nGuten Morgen,<br \/>\ndie Tomate, das ist ja eine Pflanze mit h\u00f6chst betr\u00fcblicher Geschichte. Die meiste Zeit der Menschheitsgeschichte hat man einen gro\u00dfen Bogen um sie gemacht \u2013 denn sie galt als giftig. Sp\u00e4ter musste sie f\u00fcr einige unfreundliche Redensarten ihren Namen hergeben: Man sagt \u201eDu hast wohl Tomaten auf den Augen\u201c, oder man spricht davon, dass jemand eine \u201etreulose Tomate\u201c ist, wenn man sich nicht auf ihn verlassen kann.<br \/>\nAber in Wirklichkeit ist sie ja ein ganz treuer Freund der Menschen. Was w\u00e4re eine Pizza ohne Tomatenbelag, oder was w\u00e4ren die Pommes ohne Ketchup, was w\u00fcrde man im Urlaubflieger trinken, wenn nicht Tomatensaft! Nicht zu untersch\u00e4tzen ist auch die Wirkung auf unser Immunsystem. Da ist die Tomate ja ausgesprochen wirkungsvoll. Aber da gibts ja kein freundliches Sprichwort f\u00fcr die Tomate.<br \/>\nDas ist ja wie im richtigen Leben, diejenigen, die immer und \u00fcberall f\u00fcr andere da sind, gerne helfen ohne sich lange zu zieren \u2013 denen wird es viel zu selten gedankt. Weil es ja so selbstverst\u00e4ndlich ist.<br \/>\nDen Tomaten kann es egal sein. Aber die Leute, die sich so selbstverst\u00e4ndlich f\u00fcr Andre einsetzen, die sollten wir schon \u00f6fter wissen lassen, dass wir es wunderbar finden, dass sie f\u00fcr uns da sind.<\/p>\n<p><strong><em>Freitag: Die integrierte Zucchini<\/em><\/strong><\/p>\n<p>Guten Morgen,<br \/>\nDie Zucchini kennen wir alle \u2013 und meisten wissen nicht, wie man sie richtig schreibt. Das hat seinen Grund in ihrer italienischen Herkunft<br \/>\nSo lange gibts sie a noch nicht in unseren G\u00e4rten. Erst allm\u00e4hlich kam sie nach Deutschland, so wie unsere italienischen Gastarbeiter, die Pizzab\u00e4cker und die Eisdielen.<br \/>\nVor 40 Jahren war die Zucchini ein exotisches Gem\u00fcse und Mario nannten wir Spaghettifresser, und der hatte es in der Grundschule mit seinen schwarzen Haaren nicht immer leicht.<br \/>\nHeute lieben wir unsere Zucchinis, z\u00fcchten sie richtig fr\u00e4nkisch, n\u00e4mlich g\u00b4scheit gro\u00df! Und sie landet im Kuchen, im Eintopf, eigentlich fast \u00fcberall. Fremd ist sie schon lange nicht mehr<br \/>\nUnd Mario, unser Spagettifresser aus der Grundschule, arbeitet in der Sparkasse als Berater f\u00fcr Kleinunternehmer. \u2013 Und er isst auf der fr\u00e4nkischen Kerwa am liebsten ein Sch\u00e4uferla.<br \/>\nIntegration \u2013 von Gem\u00fcse und von Menschen braucht seine Zeit \u2013 aber Mario und die Zucchini zeigen mir, das das ganz wunderbar gelingen kann \u2013 wenn wir Geduld haben: Dann kann es auch klappen &#8211; Ibrahim, dem Kopftuch \u2013 und vielen Andren, die uns noch gescheit fremd erscheinen.<\/p>\n<p><strong><em>Samstag: Der Zierk\u00fcrbis \u2013 einfach nur sch\u00f6n<\/em><\/strong><\/p>\n<p>Guten Morgen<br \/>\nIn der vergangenen Woche habe ich jeden Morgen \u00fcber eine andere Frucht aus unserem Garten gesprochen: Tomate, Kartoffel, Zucchini, Karotte, &#8211; heute solls der Zierk\u00fcrbis sein.<br \/>\nMit dem k\u00f6nnen so manche Leute in Franken gar nichts anfangen: Wozu soll ich in meinen Garten Fr\u00fcchte anbauen, die man nicht essen kann? Die ganze Arbeit blo\u00df f\u00fcr ein paar bunte K\u00fcrbisschen, die man als h\u00fcbsche Dekoration ins Zimmer stellt? Einfach so?<br \/>\nAber ist das nicht gerade das Sch\u00f6ne im Leben? Das \u201cEinfach so?\u201d<br \/>\nEinfach so im Garten sitzen und nichts tun m\u00fcssen \u2013 nicht gleich wieder aufspringen, weil ich ein Unkraut sehe.<br \/>\nEinfach so seiner Frau Blumen mitbringen \u2013 ganz ohne Hochzeits- oder Valentinstag.<br \/>\nEinfach so in einer Kirche sitzen, die Ruhe und die besondere Stimmung auf sich wirken lassen.<br \/>\nEinfach so, Zierk\u00fcrbisse abauen, weil sie halt sch\u00f6n sind.<br \/>\nEinfach so leben \u2013 weil Gott mich auch \u201ceinfach so\u201d gemacht hat &#8211; weil er gut fand, dass ich auf dieser Welt bin.<\/p>\n","protected":false},"excerpt":{"rendered":"<p>Radioandachtenreihe mit den Fr\u00fcchten aus unserem Garten Montag: Die Traube &#8211; Sich von \u00dcberfl\u00fcssigem trennen Guten Morgen Bei uns in Franken kommt die Weinlese so gerade in Schwung. Wenn man sich jetzt die Trauben in den Weinbergen anschaut, ist das schon beachtlich, was so ein knorriger alter Weinstock alles hervorbringt.\u2026 <a class=\"continue-reading-link\" href=\"https:\/\/www.pastors-home.de\/?p=2750\">ich will weiterlesen<\/a><\/p>\n","protected":false},"author":1,"featured_media":0,"comment_status":"open","ping_status":"open","sticky":false,"template":"","format":"standard","meta":{"jetpack_post_was_ever_published":false,"_jetpack_newsletter_access":"","_jetpack_dont_email_post_to_subs":false,"_jetpack_newsletter_tier_id":0,"_jetpack_memberships_contains_paywalled_content":false,"_jetpack_memberships_contains_paid_content":false,"footnotes":"","jetpack_publicize_message":"Radiopandachtem im September 2016 auf Charivari 98,5","jetpack_publicize_feature_enabled":true,"jetpack_social_post_already_shared":true,"jetpack_social_options":{"image_generator_settings":{"template":"highway","default_image_id":0,"font":"","enabled":false},"version":2}},"categories":[1],"tags":[],"class_list":["post-2750","post","type-post","status-publish","format-standard","hentry","category-uncategorized"],"jetpack_publicize_connections":[],"jetpack_featured_media_url":"","jetpack_sharing_enabled":true,"jetpack_shortlink":"https:\/\/wp.me\/p4BNB2-Im","jetpack_likes_enabled":true,"_links":{"self":[{"href":"https:\/\/www.pastors-home.de\/index.php?rest_route=\/wp\/v2\/posts\/2750","targetHints":{"allow":["GET"]}}],"collection":[{"href":"https:\/\/www.pastors-home.de\/index.php?rest_route=\/wp\/v2\/posts"}],"about":[{"href":"https:\/\/www.pastors-home.de\/index.php?rest_route=\/wp\/v2\/types\/post"}],"author":[{"embeddable":true,"href":"https:\/\/www.pastors-home.de\/index.php?rest_route=\/wp\/v2\/users\/1"}],"replies":[{"embeddable":true,"href":"https:\/\/www.pastors-home.de\/index.php?rest_route=%2Fwp%2Fv2%2Fcomments&post=2750"}],"version-history":[{"count":4,"href":"https:\/\/www.pastors-home.de\/index.php?rest_route=\/wp\/v2\/posts\/2750\/revisions"}],"predecessor-version":[{"id":2764,"href":"https:\/\/www.pastors-home.de\/index.php?rest_route=\/wp\/v2\/posts\/2750\/revisions\/2764"}],"wp:attachment":[{"href":"https:\/\/www.pastors-home.de\/index.php?rest_route=%2Fwp%2Fv2%2Fmedia&parent=2750"}],"wp:term":[{"taxonomy":"category","embeddable":true,"href":"https:\/\/www.pastors-home.de\/index.php?rest_route=%2Fwp%2Fv2%2Fcategories&post=2750"},{"taxonomy":"post_tag","embeddable":true,"href":"https:\/\/www.pastors-home.de\/index.php?rest_route=%2Fwp%2Fv2%2Ftags&post=2750"}],"curies":[{"name":"wp","href":"https:\/\/api.w.org\/{rel}","templated":true}]}}