{"id":2664,"date":"2016-05-16T05:55:53","date_gmt":"2016-05-16T04:55:53","guid":{"rendered":"http:\/\/pastors-home.de\/?p=2664"},"modified":"2016-05-12T15:04:20","modified_gmt":"2016-05-12T14:04:20","slug":"radioandachten-auf-charivari-966-im-mai-2016","status":"publish","type":"post","link":"https:\/\/www.pastors-home.de\/?p=2664","title":{"rendered":"Radioandachten auf Charivari 96,6 im Mai 2016"},"content":{"rendered":"<div class=\"wp-playlist wp-audio-playlist wp-playlist-light\">\n\t\t\t<div class=\"wp-playlist-current-item\"><\/div>\n\t\t<audio controls=\"controls\" preload=\"none\" width=\"858\"\n\t\t\t><\/audio>\n\t<div class=\"wp-playlist-next\"><\/div>\n\t<div class=\"wp-playlist-prev\"><\/div>\n\t<noscript>\n\t<ol>\n\t\t<li><a href='https:\/\/www.pastors-home.de\/wp-content\/uploads\/2016\/05\/16Mai2016-Seidel-Pfingsten.mp3'>16 Mai 2016 Pfingsten<\/a><\/li><li><a href='https:\/\/www.pastors-home.de\/wp-content\/uploads\/2016\/05\/17Mai2016-Seidel-Evangelistin-Johanna.mp3'>17 Mai 2016 Evangelistin Johanna<\/a><\/li><li><a href='https:\/\/www.pastors-home.de\/wp-content\/uploads\/2016\/05\/18Mai2016-Seidel-Ruf-doch-mal-an.mp3'>18 Mai 2016 Ruf doch mal an<\/a><\/li><li><a href='https:\/\/www.pastors-home.de\/wp-content\/uploads\/2016\/05\/19Mai2016-Seidel-Gewinnen.mp3'>19 Mai 2016 Gewinnen oder gewinnen<\/a><\/li><li><a href='https:\/\/www.pastors-home.de\/wp-content\/uploads\/2016\/05\/20Mai2016-Seidel-Behuetet.mp3'>20 Mai 2016 Beh\u00fctet<\/a><\/li><li><a href='https:\/\/www.pastors-home.de\/wp-content\/uploads\/2016\/05\/21Mai2016-Seidel-Entschuldigung.mp3'>21 Mai 2016 Entschuldigung<\/a><\/li>\t<\/ol>\n\t<\/noscript>\n\t<script type=\"application\/json\" class=\"wp-playlist-script\">{\"type\":\"audio\",\"tracklist\":true,\"tracknumbers\":true,\"images\":false,\"artists\":false,\"tracks\":[{\"src\":\"https:\/\/www.pastors-home.de\/wp-content\/uploads\/2016\/05\/16Mai2016-Seidel-Pfingsten.mp3\",\"type\":\"audio\/mpeg\",\"title\":\"16 Mai 2016 Pfingsten\",\"caption\":\"\",\"description\":\"\\\"16 Mai 2016 Pfingsten\\\" von Alexander Seidel.\",\"meta\":{\"artist\":\"Alexander Seidel\",\"length_formatted\":\"1:07\"},\"image\":{\"src\":\"https:\/\/www.pastors-home.de\/wp-includes\/images\/media\/audio.svg\",\"width\":48,\"height\":64},\"thumb\":{\"src\":\"https:\/\/www.pastors-home.de\/wp-includes\/images\/media\/audio.svg\",\"width\":48,\"height\":64}},{\"src\":\"https:\/\/www.pastors-home.de\/wp-content\/uploads\/2016\/05\/17Mai2016-Seidel-Evangelistin-Johanna.mp3\",\"type\":\"audio\/mpeg\",\"title\":\"17 Mai 2016 Evangelistin Johanna\",\"caption\":\"\",\"description\":\"\\\"17 Mai 2016 Evangelistin Johanna\\\" von Alexander Seidel.\",\"meta\":{\"artist\":\"Alexander Seidel\",\"length_formatted\":\"1:11\"},\"image\":{\"src\":\"https:\/\/www.pastors-home.de\/wp-includes\/images\/media\/audio.svg\",\"width\":48,\"height\":64},\"thumb\":{\"src\":\"https:\/\/www.pastors-home.de\/wp-includes\/images\/media\/audio.svg\",\"width\":48,\"height\":64}},{\"src\":\"https:\/\/www.pastors-home.de\/wp-content\/uploads\/2016\/05\/18Mai2016-Seidel-Ruf-doch-mal-an.mp3\",\"type\":\"audio\/mpeg\",\"title\":\"18 Mai 2016 Ruf doch mal an\",\"caption\":\"\",\"description\":\"\\\"18 Mai 2016 Ruf doch mal an\\\" von Alexander Seidel.\",\"meta\":{\"artist\":\"Alexander Seidel\",\"length_formatted\":\"1:04\"},\"image\":{\"src\":\"https:\/\/www.pastors-home.de\/wp-includes\/images\/media\/audio.svg\",\"width\":48,\"height\":64},\"thumb\":{\"src\":\"https:\/\/www.pastors-home.de\/wp-includes\/images\/media\/audio.svg\",\"width\":48,\"height\":64}},{\"src\":\"https:\/\/www.pastors-home.de\/wp-content\/uploads\/2016\/05\/19Mai2016-Seidel-Gewinnen.mp3\",\"type\":\"audio\/mpeg\",\"title\":\"19 Mai 2016 Gewinnen oder gewinnen\",\"caption\":\"\",\"description\":\"\\\"19 Mai 2016 Gewinnen oder gewinnen\\\" von Alexander seidel.\",\"meta\":{\"artist\":\"Alexander seidel\",\"length_formatted\":\"1:09\"},\"image\":{\"src\":\"https:\/\/www.pastors-home.de\/wp-includes\/images\/media\/audio.svg\",\"width\":48,\"height\":64},\"thumb\":{\"src\":\"https:\/\/www.pastors-home.de\/wp-includes\/images\/media\/audio.svg\",\"width\":48,\"height\":64}},{\"src\":\"https:\/\/www.pastors-home.de\/wp-content\/uploads\/2016\/05\/20Mai2016-Seidel-Behuetet.mp3\",\"type\":\"audio\/mpeg\",\"title\":\"20 Mai 2016 Beh\\u00fctet\",\"caption\":\"\",\"description\":\"\\\"20 Mai 2016 Beh\\u00fctet\\\" von Alexander seidel.\",\"meta\":{\"artist\":\"Alexander seidel\",\"length_formatted\":\"1:04\"},\"image\":{\"src\":\"https:\/\/www.pastors-home.de\/wp-includes\/images\/media\/audio.svg\",\"width\":48,\"height\":64},\"thumb\":{\"src\":\"https:\/\/www.pastors-home.de\/wp-includes\/images\/media\/audio.svg\",\"width\":48,\"height\":64}},{\"src\":\"https:\/\/www.pastors-home.de\/wp-content\/uploads\/2016\/05\/21Mai2016-Seidel-Entschuldigung.mp3\",\"type\":\"audio\/mpeg\",\"title\":\"21 Mai 2016 Entschuldigung\",\"caption\":\"\",\"description\":\"\\\"21 Mai 2016 Entschuldigung\\\" von Alexander seidel.\",\"meta\":{\"artist\":\"Alexander seidel\",\"length_formatted\":\"1:04\"},\"image\":{\"src\":\"https:\/\/www.pastors-home.de\/wp-includes\/images\/media\/audio.svg\",\"width\":48,\"height\":64},\"thumb\":{\"src\":\"https:\/\/www.pastors-home.de\/wp-includes\/images\/media\/audio.svg\",\"width\":48,\"height\":64}}]}<\/script>\n<\/div>\n\t\n<p><strong><em>Montag: Einfach Pfingsten<\/em><\/strong><\/p>\n<p>Guten Morgen,<br \/>\neinen freien Tag schenkt das Pfingstfest heute den meisten Menschen \u2013 aber als Dank wissen viele \u00fcberaupt nicht, worums an Pfingsten geht.<br \/>\nDas h\u00e4ngt sicher auch damit zusammen, das diese alte biblische Pfingsterz\u00e4hlung so ungew\u00f6hnlich ist. Die J\u00fcnger Jesu mit Feuerflammen auf dem Kopf erz\u00e4hlen in vielen verschiedenen Sprache von Jesu Auferstehung. Mit dieser Geschichte tun sich manche Menschen ziemlich schwer.<br \/>\nAuf der anderen Seite ist das Thema von Pfingsten so nah, wie sonst keines: N\u00e4mlich, dass Gott nicht irgendwo ganz weit weg ist, sondern in mir drin! Und da bewegt er so einiges:<br \/>\nManchmal l\u00e4sst er mich innerlich gescheit sp\u00fcren, was richtig und falsch ist.<br \/>\nEinige Male gibt er mir einen Tritt in den Hintern, wenn ich mal wieder zu bequem und selbstzufrieden bin.<br \/>\nSch\u00f6n ist es, wenn ich in mir eine Kraftquelle sp\u00fcre, die mich motiviert, auch wenn eigentlich mein innerer Akku schon l\u00e4ngst leer sein m\u00fcsste.<br \/>\nDa passiert so viel, was ich mir manchmal nicht hundertprozentig erkl\u00e4ren kann. Das ist wohl diese Kraft von der Jesus immer gesprochen hat, und die er \u201cHeiliger Geist\u201d nennt. Und genau darum geht es Pfingsten.<!--more-->Pfingsten, das ist nicht nur ein Feiertag. Das ist ein Ereignis mittendrin in mir als Mensch.<br \/>\nEinen sch\u00f6nen Pfingst-Feiertag w\u00fcnsche ich Ihnen<\/p>\n<p><strong><em>Dienstag: Die Evangelistin Johanna<\/em><\/strong><\/p>\n<p>Guten Morgen,<br \/>\nk\u00fcrzlich habe ich in einer Dorfkirche eine Entdeckung gemacht: Und zwar ein aus Holz geschnitztes junges M\u00e4del. Etwa 20 Zentimeter gro\u00df hockte sie auf dem Sims der Kanzel. Ich fand sie total s\u00fc\u00df, mit vollen Wangen, die Haare kurz im 80er-Jahre Look, eine beige Weste mit wei\u00dfem Kragen \u2013 ich fand sie zum Knuddeln, wenn sie nicht aus Holz w\u00e4re \u2013 und wenn der Pfarrer der Kirche mir dann nicht gesagt h\u00e4tte: Das soll der Evangelist Johannes sein!<br \/>\nDa war ich dann schon ein bisschen entt\u00e4uscht. Aber ich habe mich dann entschieden: F\u00fcr mich bleibt das ein fr\u00e4nkisches M\u00e4del \u2013 ich nenn sie Evangelistin Johanna!<br \/>\nDie gibt es ja \u00f6fter \u2013 Evangelistinnen: Frauen, die von ihrem Glauben weitererz\u00e4hlen. Als Mitarbeiterinnen im Kindergottesdienst, als Mama, als Oma, als Erzieherin im Kindergarten, als Helferin auf der Konfirmandenfreizeit. Das sind meine Johannas.<br \/>\nWas w\u00fcrden wir ohne diese Frauen tun, die ganz authentisch ihren Glauben leben und daraus kein Geheimnis machen. Auch mit allen Unsicherheiten und Zweifeln, die sie manchmal plagen. Gerade weil sie so echt sind, tragen sie das Evangelium so erfolgreich in unsere Welt hinein.<br \/>\nUnseren fr\u00e4nkischen Johannas sei dieser Ehrenplatz an der Kanzel in der Kirche von Diespeck von Herzen geg\u00f6nnt.<br \/>\nEinen guten Tag w\u00fcnsche ich Ihnen<\/p>\n<p><strong><em>Mittwoch: Ruf doch mal an<\/em><\/strong><\/p>\n<p>Guten Morgen,<br \/>\nals ich noch ein Kind war, klebte an jeder Telefonzelle so eine wei\u00dfe Sprechblase mit dem Slogan: \u201cruf doch mal an!\u201d. So als Motivationsschub, mal wieder zu telefonieren, obwohl das damals manchmal unterwegs nicht so einfach war: man brauchte passendes Kleingeld, eine freie Telefonzelle, und man musste die Nummer parat haben.<br \/>\nHeute ist das viel einfacher \u2013 jeder hat sein Smartphone dabei. Blo\u00df es ruft keiner mehr an, sondern man schmei\u00dft sich de WhatsApp-Nachrichten gegenseitig an den Kopf. Ach, Nachrichten kann man das ja gar nicht nennen! Diese Halbs\u00e4tze, diese Smileys, die jeder anders interpretiert, halbgare Formulierungen \u2026 wen wundert es da, dass sich Leute missverstehen und beginnen sich zu streiten \u2013 obwohl sie das eigentlich gar nicht wollen!<br \/>\nWahnsinn, wie das da manchmal abgeht!<br \/>\n\u201cRuf doch mal an!\u201d \u2013 Du hast das Handy doch sowieso in der Hand! Dann k\u00f6nnt ihr &#8211; nein &#8211; dann m\u00fcsst ihr endlich wieder richtig und vern\u00fcnftig miteinander reden. Du h\u00f6rst dann, was der Andere wirklich meint und ihr bekommt euer Problem viel besser aus der Welt geschafft.<br \/>\nEigentlich ist es so einfach \u2026.. man darf halt mkeine Angst haben, mit dem Anderen einfach mal wirklich zu reden.<br \/>\nEinen guten Tag w\u00fcnsche ich Ihnen.<\/p>\n<p><em><strong>Donnerstag: Gewinnen oder gewinnen?<\/strong><\/em><\/p>\n<p>Guten Morgen,<br \/>\nRalf streitet sich eigentlich gar nicht gerne \u2013 er mags lieber harmonisch. Aber wenns dann mal \u00c4rger gibt, und ein Kollege ihm mit unangenehmen Problemen oder einer ganz anderen Meinung kommt, dann wird der rasiert. Da fackelt Ralf nicht lange, ihm fallen immer ein paar gute Argumente ein, mit denen er seinem Gegen\u00fcber das Maul stopfen kann. Denn auf den Mund ist Ralf wirklich nicht gefallen. Dann hat er wieder Ruhe.<br \/>\nIn letzter Zeit ist es aber ruhiger um ihn geworden, als es ihm lieb ist. Man hat den Eindruck, dass ihm viele aus dem Weg gehen, keine Lust mehr haben, mit ihm gemeinsam an einem Projekt zu arbeiten. Und er selbst hat inzwischen das Gef\u00fchl, hier auf einem verlorenen Posten zu k\u00e4mpfen.<br \/>\nZu oft hat er gestritten und dabei das Ziel gehabt, den Streit f\u00fcr sich zu gewinnen. Vielleicht h\u00e4tte er \u00f6fter versuchen sollen, den anderen Menschen f\u00fcr sich zu gewinnen. Die Kollegen, die als von ihm Besiegte die Meetings verlassen haben, die hat er verloren.<br \/>\nSo streiten, dass man mit Argumenten und Offenheit, den Anderen f\u00fcr sich gewinnt, statt ihm zu besiegen \u2013 ich hoffe, dass Ralf das irgendwann nochmal lernt, sonst wird es verdammt einsam um ihn.<br \/>\nEinen guten Tag w\u00fcnsche ich Ihnen.<\/p>\n<p><strong><em>Freitag: Beh\u00fctet<\/em><\/strong><\/p>\n<p>Guten Morgen,<br \/>\nich bin immer wieder \u00fcberrascht, mit welchen interessanten Kopfbedeckungen Menschen bei uns durch die Stadt laufen. Von futuristisch bis total retro: Manche erscheinen mir total praktisch und bei anderen habe ich das Gef\u00fchl, die sind eher Accesoire als Kopfbedeckung.<br \/>\nDie Hutmachern scheinen immer wieder ganz neue Ideen hervorzubringen.<br \/>\nOffenbar ist es vielen ein Bed\u00fcrfnis, beh\u00fctet durch die Welt zu gehen. \u00dcber dem eigenen Kopf mehr zu haben, als \u201cnichts\u201d.<br \/>\nBeh\u00fctet \u2026 das ist ja eigentlich ein religi\u00f6ser Begriff. Es bedeutet tats\u00e4chlich: \u00dcber meinem Kopf ist noch einer, einer der mich besch\u00fctzt.<br \/>\nBei mir ist es am Wochenende der Filzhut, beim Wandern ein K\u00e4ppi und beim Radfahren der Helm \u2026. und \u2026dar\u00fcber hinaus ist es an jedem einzelnen Tag Gott, der mich letztlich beh\u00fctet \u2013 bei jedem meiner Schritte<br \/>\nIn den Psalmen unserer Bibel finde ich den Wunsch: \u201eDer HERR beh\u00fcte dich vor allem \u00dcbel, er beh\u00fcte deine Seele.\u201c<br \/>\nDas m\u00fcsste ich mir eigentlich \u00f6fter selber sagen; und Ihnen sage ich es f\u00fcr heute auch: Ob mit Hut oder ohne: Der Herr beh\u00fcte ich!<\/p>\n<p><strong><em>Samstag: Entschuldigung<\/em><\/strong><\/p>\n<p>Guten Morgen,<br \/>\nim Gartencenter gings an der Kasse mal wieder hoch her, und da sah ich, wie eine Dame mit ihrem Einkaufswagen ihrem Vordermann von hinten in die Beine gefahren ist. Aua \u2026 jeder wei\u00df wie wie weh das tut.<br \/>\nUnd was sagt die gn\u00e4dige Frau? \u201cAh, des is net so schlimm\u2026\u201d \u2013 Das Gesicht von dem Angefahrenen k\u00f6nnen sie sich vorstellen.<br \/>\nJa super! Das nennt man Mitgef\u00fchl und Aufmerksamkeit. Hey Lady, das tut weh, da kann man sich doch mal entschuldigen, schlie\u00dflich war das ja keine Absicht.<br \/>\nIst es denn wirklich so schwer, einmal \u201cEntschuldigung\u201d zu sagen? \u201cTut mir leid, tut\u00b4s noch weh?\u201d Jeder ist mal unaufmerksam und macht einen Fehler \u2013 da f\u00e4llt mir doch kein Zacken aus der Krone, wenn ich das einmal zugebe.<br \/>\nWer sich entschuldigt, schafft Beziehung, der nimmt den Anderen und seine Gef\u00fchle ernst, der zeigt, dass er nicht nur an sich selber denkt.<br \/>\nWer eine Welt m\u00f6chte, die nicht kalt und herzlos ist, der muss bereit sein, \u201cEntschuldigung\u201d zu sagen auch bereit sein, zu vergeben. Dann klapps nicht nur an der Kasse vom Gartencenter besser.<br \/>\nEinen guten Tag w\u00fcnsche ich ihnen.<\/p>\n","protected":false},"excerpt":{"rendered":"<p>Montag: Einfach Pfingsten Guten Morgen, einen freien Tag schenkt das Pfingstfest heute den meisten Menschen \u2013 aber als Dank wissen viele \u00fcberaupt nicht, worums an Pfingsten geht. Das h\u00e4ngt sicher auch damit zusammen, das diese alte biblische Pfingsterz\u00e4hlung so ungew\u00f6hnlich ist. Die J\u00fcnger Jesu mit Feuerflammen auf dem Kopf erz\u00e4hlen\u2026 <a class=\"continue-reading-link\" href=\"https:\/\/www.pastors-home.de\/?p=2664\">ich will weiterlesen<\/a><\/p>\n","protected":false},"author":1,"featured_media":0,"comment_status":"open","ping_status":"open","sticky":false,"template":"","format":"standard","meta":{"jetpack_post_was_ever_published":false,"_jetpack_newsletter_access":"","_jetpack_dont_email_post_to_subs":false,"_jetpack_newsletter_tier_id":0,"_jetpack_memberships_contains_paywalled_content":false,"_jetpack_memberships_contains_paid_content":false,"footnotes":"","jetpack_publicize_message":"Radioandachten auf Charivari 96,6 im Mai 2016","jetpack_publicize_feature_enabled":true,"jetpack_social_post_already_shared":true,"jetpack_social_options":{"image_generator_settings":{"template":"highway","default_image_id":0,"font":"","enabled":false},"version":2}},"categories":[657],"tags":[],"class_list":["post-2664","post","type-post","status-publish","format-standard","hentry","category-radioandachten-2016"],"jetpack_publicize_connections":[],"jetpack_featured_media_url":"","jetpack_sharing_enabled":true,"jetpack_shortlink":"https:\/\/wp.me\/p4BNB2-GY","jetpack_likes_enabled":true,"_links":{"self":[{"href":"https:\/\/www.pastors-home.de\/index.php?rest_route=\/wp\/v2\/posts\/2664","targetHints":{"allow":["GET"]}}],"collection":[{"href":"https:\/\/www.pastors-home.de\/index.php?rest_route=\/wp\/v2\/posts"}],"about":[{"href":"https:\/\/www.pastors-home.de\/index.php?rest_route=\/wp\/v2\/types\/post"}],"author":[{"embeddable":true,"href":"https:\/\/www.pastors-home.de\/index.php?rest_route=\/wp\/v2\/users\/1"}],"replies":[{"embeddable":true,"href":"https:\/\/www.pastors-home.de\/index.php?rest_route=%2Fwp%2Fv2%2Fcomments&post=2664"}],"version-history":[{"count":1,"href":"https:\/\/www.pastors-home.de\/index.php?rest_route=\/wp\/v2\/posts\/2664\/revisions"}],"predecessor-version":[{"id":2671,"href":"https:\/\/www.pastors-home.de\/index.php?rest_route=\/wp\/v2\/posts\/2664\/revisions\/2671"}],"wp:attachment":[{"href":"https:\/\/www.pastors-home.de\/index.php?rest_route=%2Fwp%2Fv2%2Fmedia&parent=2664"}],"wp:term":[{"taxonomy":"category","embeddable":true,"href":"https:\/\/www.pastors-home.de\/index.php?rest_route=%2Fwp%2Fv2%2Fcategories&post=2664"},{"taxonomy":"post_tag","embeddable":true,"href":"https:\/\/www.pastors-home.de\/index.php?rest_route=%2Fwp%2Fv2%2Ftags&post=2664"}],"curies":[{"name":"wp","href":"https:\/\/api.w.org\/{rel}","templated":true}]}}