{"id":2525,"date":"2015-12-06T09:00:27","date_gmt":"2015-12-06T08:00:27","guid":{"rendered":"http:\/\/pastors-home.de\/?p=2525"},"modified":"2015-12-05T23:54:01","modified_gmt":"2015-12-05T22:54:01","slug":"predigt-der-kleine-dorn-stach-zu-und-setzte-die-welt-in-bewegung-predigt-zu-den-neuen-violetten-paramenten-der-hugenottenkirche-6-dezember-2015","status":"publish","type":"post","link":"https:\/\/www.pastors-home.de\/?p=2525","title":{"rendered":"Predigt: Der kleine Dorn stach zu und setzte die Welt in Bewegung (Predigt zu den neuen violetten Paramenten der Hugenottenkirche) 6. Dezember 2015"},"content":{"rendered":"<blockquote><p><span style=\"color: #800080;\"><a href=\"https:\/\/i0.wp.com\/pastors-home.de\/wp-content\/uploads\/2015\/12\/paramentwhdv4.jpg\"><img data-recalc-dims=\"1\" loading=\"lazy\" decoding=\"async\" data-attachment-id=\"2530\" data-permalink=\"https:\/\/www.pastors-home.de\/?attachment_id=2530\" data-orig-file=\"https:\/\/i0.wp.com\/www.pastors-home.de\/wp-content\/uploads\/2015\/12\/paramentwhdv4.jpg?fit=1000%2C969&amp;ssl=1\" data-orig-size=\"1000,969\" data-comments-opened=\"1\" data-image-meta=\"{&quot;aperture&quot;:&quot;0&quot;,&quot;credit&quot;:&quot;&quot;,&quot;camera&quot;:&quot;&quot;,&quot;caption&quot;:&quot;&quot;,&quot;created_timestamp&quot;:&quot;0&quot;,&quot;copyright&quot;:&quot;&quot;,&quot;focal_length&quot;:&quot;0&quot;,&quot;iso&quot;:&quot;0&quot;,&quot;shutter_speed&quot;:&quot;0&quot;,&quot;title&quot;:&quot;&quot;,&quot;orientation&quot;:&quot;0&quot;}\" data-image-title=\"paramentwhdv4\" data-image-description=\"\" data-image-caption=\"\" data-large-file=\"https:\/\/i0.wp.com\/www.pastors-home.de\/wp-content\/uploads\/2015\/12\/paramentwhdv4.jpg?fit=880%2C853&amp;ssl=1\" class=\"alignright size-medium wp-image-2530\" src=\"https:\/\/i0.wp.com\/pastors-home.de\/wp-content\/uploads\/2015\/12\/paramentwhdv4-300x291.jpg?resize=300%2C291\" alt=\"paramentwhdv4\" width=\"300\" height=\"291\" srcset=\"https:\/\/i0.wp.com\/www.pastors-home.de\/wp-content\/uploads\/2015\/12\/paramentwhdv4.jpg?resize=300%2C291&amp;ssl=1 300w, https:\/\/i0.wp.com\/www.pastors-home.de\/wp-content\/uploads\/2015\/12\/paramentwhdv4.jpg?resize=768%2C744&amp;ssl=1 768w, https:\/\/i0.wp.com\/www.pastors-home.de\/wp-content\/uploads\/2015\/12\/paramentwhdv4.jpg?resize=310%2C300&amp;ssl=1 310w, https:\/\/i0.wp.com\/www.pastors-home.de\/wp-content\/uploads\/2015\/12\/paramentwhdv4.jpg?resize=150%2C145&amp;ssl=1 150w, https:\/\/i0.wp.com\/www.pastors-home.de\/wp-content\/uploads\/2015\/12\/paramentwhdv4.jpg?resize=155%2C150&amp;ssl=1 155w, https:\/\/i0.wp.com\/www.pastors-home.de\/wp-content\/uploads\/2015\/12\/paramentwhdv4.jpg?w=1000&amp;ssl=1 1000w\" sizes=\"auto, (max-width: 300px) 100vw, 300px\" \/><\/a><\/span><span style=\"color: #800080;\">Predigt <\/span><span style=\"color: #800080;\">zu den neuen violetten Paramenten in unserer Wilhelmsdorfer Hugenottenkirche. Im Gottesdienst war auch die K\u00fcnstlerin <a href=\"http:\/\/andrea-thema.blogspot.de\/\" target=\"_blank\">Andrea Thema<\/a> zu Gast, die sp\u00e4ter selbst zum Entwurf und zur Herstellung der Paramente das Wort ergriff.<\/span><br \/>\nT<span style=\"color: #800080;\">eile der Predigt wurden von verschiedenen Sprechern des Kirchenvorstandes gehalten &#8211; wie sie auch die zentralen Gedanken der theologischen Diskussionen innerhalb des Kirchenvorstands wiederspiegeln. Die Gottesdienstbesucher haben zur Predigt die unten abgebildete Bildkarte mit der Gesamtansicht und zwei Detailausschnitten in die Hand bekommen.<br \/>\n<\/span><\/p><\/blockquote>\n<p><em><strong>A: Einf\u00fchrung zum Motiv: Der Dorn auf violettem Grund<\/strong><\/em><\/p>\n<p>Liebe Gemeinde,<br \/>\nunsere Kirchenvorsteher haben sich schon l\u00e4nger mit dem Gedanken getragen, die Paramente, die seit vielen Jahrzehnten Altar und Kanzel schm\u00fccken, durch neue Exemplare zu ersetzen. Denn einigen von ihnen hat der Zahn der Zeit schon m\u00e4chtig zugesetzt. Und nun haben wir den Schritt zu etwas Neuem gewagt &#8211; und hier sehen Sie, das Ergebnis: Unser neues violettes Parament.<!--more--><br \/>\nViolett, die Farbe der Besinnung, der Verwandlung. Sie ist in der Kirche die Farbe der Passionszeit, des Bu\u00df- und Bettags und der Adventszeit. Also eine verhaltene, stille Farbe, und zugleich ist sie intensiv und kraftvoll.<\/p>\n<p>Das ist die Grundfarbe unserer beiden Paramente. In dieses Violett aus Loden ragt jeweils ein Eck aus gefilzter Wolle in gemischten Violettt\u00f6nen. Hier von unten nach oben, dort von oben nach unten. Begleitet von einer goldenen Spur, die sich an einer Seite an dieses Dreieck anschmiegt und \u00fcber die Spitze hinaus die ganze violette Fl\u00e4che durchwandert.<\/p>\n<p>Soweit die Beschreibung dessen, was jeder erkennen kann.<br \/>\nSpannend wird es, wenn wir darauf blicken, was im Kopf des Einzelnen daraus wird. Denn Paramente sind Kunstwerke &#8211; und als solche sind sie offen f\u00fcr uns als Betrachter. Offen f\u00fcr unsere Interpretation, offen f\u00fcr unsere inneren Bilder, sie so ein Kunstwerk ausl\u00f6st.<br \/>\nDarum kann man dieses Parament nicht erkl\u00e4ren &#8230; aber wir k\u00f6nnen als Kirchenvorsteher, Pfarrer und Vikar davon erz\u00e4hlen, welche biblischen Bilder, welche Glaubensfragen dieses Parament bei uns wachgerufen hat.<\/p>\n<p><strong><em>B1: Der spitze Dorn der Dornenkrone<\/em><\/strong><\/p>\n<p><a href=\"https:\/\/i0.wp.com\/pastors-home.de\/wp-content\/uploads\/2015\/12\/paramentwhdv0.jpg\"><img data-recalc-dims=\"1\" loading=\"lazy\" decoding=\"async\" data-attachment-id=\"2529\" data-permalink=\"https:\/\/www.pastors-home.de\/?attachment_id=2529\" data-orig-file=\"https:\/\/i0.wp.com\/www.pastors-home.de\/wp-content\/uploads\/2015\/12\/paramentwhdv0.jpg?fit=1000%2C583&amp;ssl=1\" data-orig-size=\"1000,583\" data-comments-opened=\"1\" data-image-meta=\"{&quot;aperture&quot;:&quot;0&quot;,&quot;credit&quot;:&quot;&quot;,&quot;camera&quot;:&quot;&quot;,&quot;caption&quot;:&quot;&quot;,&quot;created_timestamp&quot;:&quot;0&quot;,&quot;copyright&quot;:&quot;&quot;,&quot;focal_length&quot;:&quot;0&quot;,&quot;iso&quot;:&quot;0&quot;,&quot;shutter_speed&quot;:&quot;0&quot;,&quot;title&quot;:&quot;&quot;,&quot;orientation&quot;:&quot;0&quot;}\" data-image-title=\"paramentwhdv0\" data-image-description=\"\" data-image-caption=\"\" data-large-file=\"https:\/\/i0.wp.com\/www.pastors-home.de\/wp-content\/uploads\/2015\/12\/paramentwhdv0.jpg?fit=880%2C513&amp;ssl=1\" class=\"alignright size-medium wp-image-2529\" src=\"https:\/\/i0.wp.com\/pastors-home.de\/wp-content\/uploads\/2015\/12\/paramentwhdv0-300x175.jpg?resize=300%2C175\" alt=\"paramentwhdv0\" width=\"300\" height=\"175\" srcset=\"https:\/\/i0.wp.com\/www.pastors-home.de\/wp-content\/uploads\/2015\/12\/paramentwhdv0.jpg?resize=300%2C175&amp;ssl=1 300w, https:\/\/i0.wp.com\/www.pastors-home.de\/wp-content\/uploads\/2015\/12\/paramentwhdv0.jpg?resize=768%2C448&amp;ssl=1 768w, https:\/\/i0.wp.com\/www.pastors-home.de\/wp-content\/uploads\/2015\/12\/paramentwhdv0.jpg?resize=400%2C233&amp;ssl=1 400w, https:\/\/i0.wp.com\/www.pastors-home.de\/wp-content\/uploads\/2015\/12\/paramentwhdv0.jpg?resize=150%2C87&amp;ssl=1 150w, https:\/\/i0.wp.com\/www.pastors-home.de\/wp-content\/uploads\/2015\/12\/paramentwhdv0.jpg?resize=250%2C146&amp;ssl=1 250w, https:\/\/i0.wp.com\/www.pastors-home.de\/wp-content\/uploads\/2015\/12\/paramentwhdv0.jpg?w=1000&amp;ssl=1 1000w\" sizes=\"auto, (max-width: 300px) 100vw, 300px\" \/><\/a>Das, was in die dunkle violette Fl\u00e4che hineinragt, ist f\u00fcr mich ein heller Dorn. Von der Form her erinnert es mich an einen gro\u00dfen Dorn, wie ich ihn an Rosen oder manchen Str\u00e4uchern finden kann. Schneller, als mir lieb ist, f\u00e4llt mir da die Dornenkrone Jesu ein.<br \/>\nSo sehe ich zun\u00e4chst einmal ein Parament, das mich in der Passionszeit an die Dornenkrone Jesu erinnert. Ein Dorn von den vielen, die Jesus auf seinem Kopf getragen hat, schiebt sich hier ins Bild. Ein Zeichen des Leidens Jesu, seines Todes am Kreuz.<br \/>\nAber da ist ja noch dieser goldene Faden an dem Dorn. Der will so gar nicht zur grauenvollen Leidensgeschichte Jesu passen.<br \/>\nOder doch? Es ist ja eine Dornen-Krone! Als \u201eK\u00f6nig\u201c wollten ihn die Soldaten verspotten; darum die Krone. \u201eINRI\u201c, Jesus von Nazareth, K\u00f6nig der Juden haben sie an sein Kreuz geschrieben &#8211; und dabei haben sie eine Wahrheit ausgedr\u00fcckt, von der sie nicht die leiseste Ahnung hatten. &#8211; Dass Jesus wirklich ein K\u00f6nig ist.<\/p>\n<p>Jetzt im Advent singen und sprechen wir davon: \u201eMachet die Tore weit und die T\u00fcren in der Welt hoch, dass der K\u00f6nig der Ehre einziehe!\u201c (Ps 24, 7) haben wir im Introitus gesungen, und im letzten Lied unseres Gottesdienstes werden wir auch davon singen. &#8211; Und wir kennen auch andere k\u00f6nigliche Weihnachtlieder: \u201eTochter Zion, freue dich, jauchze laut, Jerusalem! Sieh, dein K\u00f6nig kommt zu dir, ja er kommt, der Friedef\u00fcrst. Tochter Zion, freue dich,<br \/>\njauchze laut, Jerusalem\u201c (EG14\/ Sacharia 9,9)<br \/>\nDie Krone geh\u00f6rt zu Jesus als dem Herrn der Welt . Und der goldene Faden l\u00e4sst sie auch dort als K\u00f6nigskrone sichtbar bleiben, wo diese Krone zur Dornenkrone wird.<\/p>\n<p><strong><em>B2: Der eigene goldene Faden an den dornigen Wegen des Lebens<\/em><\/strong><\/p>\n<p>Beim Blick auf den Dorn und diesen goldenen Faden werden aber auch Erinnerungen an die eigenen dornigen Wege wach. Leidenswege, die man selbst zur\u00fccklegen musste. Wege, ges\u00e4umt von Dornen, Schmerz, Verlusten.<\/p>\n<p><a href=\"https:\/\/i0.wp.com\/pastors-home.de\/wp-content\/uploads\/2015\/12\/paramentwhdv2.jpg\"><img data-recalc-dims=\"1\" loading=\"lazy\" decoding=\"async\" data-attachment-id=\"2528\" data-permalink=\"https:\/\/www.pastors-home.de\/?attachment_id=2528\" data-orig-file=\"https:\/\/i0.wp.com\/www.pastors-home.de\/wp-content\/uploads\/2015\/12\/paramentwhdv2.jpg?fit=1000%2C732&amp;ssl=1\" data-orig-size=\"1000,732\" data-comments-opened=\"1\" data-image-meta=\"{&quot;aperture&quot;:&quot;0&quot;,&quot;credit&quot;:&quot;&quot;,&quot;camera&quot;:&quot;&quot;,&quot;caption&quot;:&quot;&quot;,&quot;created_timestamp&quot;:&quot;0&quot;,&quot;copyright&quot;:&quot;&quot;,&quot;focal_length&quot;:&quot;0&quot;,&quot;iso&quot;:&quot;0&quot;,&quot;shutter_speed&quot;:&quot;0&quot;,&quot;title&quot;:&quot;&quot;,&quot;orientation&quot;:&quot;0&quot;}\" data-image-title=\"paramentwhdv2\" data-image-description=\"\" data-image-caption=\"\" data-large-file=\"https:\/\/i0.wp.com\/www.pastors-home.de\/wp-content\/uploads\/2015\/12\/paramentwhdv2.jpg?fit=880%2C644&amp;ssl=1\" class=\"alignright size-medium wp-image-2528\" src=\"https:\/\/i0.wp.com\/pastors-home.de\/wp-content\/uploads\/2015\/12\/paramentwhdv2-300x220.jpg?resize=300%2C220\" alt=\"paramentwhdv2\" width=\"300\" height=\"220\" srcset=\"https:\/\/i0.wp.com\/www.pastors-home.de\/wp-content\/uploads\/2015\/12\/paramentwhdv2.jpg?resize=300%2C220&amp;ssl=1 300w, https:\/\/i0.wp.com\/www.pastors-home.de\/wp-content\/uploads\/2015\/12\/paramentwhdv2.jpg?resize=768%2C562&amp;ssl=1 768w, https:\/\/i0.wp.com\/www.pastors-home.de\/wp-content\/uploads\/2015\/12\/paramentwhdv2.jpg?resize=400%2C293&amp;ssl=1 400w, https:\/\/i0.wp.com\/www.pastors-home.de\/wp-content\/uploads\/2015\/12\/paramentwhdv2.jpg?resize=150%2C110&amp;ssl=1 150w, https:\/\/i0.wp.com\/www.pastors-home.de\/wp-content\/uploads\/2015\/12\/paramentwhdv2.jpg?resize=205%2C150&amp;ssl=1 205w, https:\/\/i0.wp.com\/www.pastors-home.de\/wp-content\/uploads\/2015\/12\/paramentwhdv2.jpg?w=1000&amp;ssl=1 1000w\" sizes=\"auto, (max-width: 300px) 100vw, 300px\" \/><\/a>Aber manchmal blickt man darauf zur\u00fcck und entdeckt die Momente, die einen zarten goldenen Schimmer haben:<br \/>\n&#8211; Da war jemand, der mich begleitet hat, getr\u00f6stet, der einfach da war.<br \/>\n&#8211; Ich habe in all dem Schweren, das ich durchmachen musste, doch die Hilfe Gottes gesp\u00fcrt.<br \/>\n&#8211; Ich durfte in den Zeiten der Verzweiflung und Ausweglosigkeit dann doch einem neuen Anfang finden.<br \/>\nDa gl\u00e4nzt er, der goldene Saum an meinem Lebensweg. Die Spur meines Gottes, der mir zwar den dornigen Weg nicht erspart, aber daf\u00fcr auch im Leiden nicht alleine l\u00e4sst.<br \/>\nPaul Gerhard hat es in einem seiner bekanntesten Lieder in Worte gefasst:<br \/>\nBefiehl du deine Wege und was dein Herze kr\u00e4nkt der allertreusten Pflege des, der den Himmel lenkt. Der Wolken, Luft und Winden gibt Wege, Lauf und Bahn, der wird auch Wege finden, da dein Fu\u00df gehen kann. (EG 361)<\/p>\n<p><strong><em>B3: Der Dorn, der die Welt bewegt<\/em><\/strong><\/p>\n<p>Wer sich auf eine Parkbank setzt, bei der ein dorniger Busch schon ein paar Ableger durch die Ritzen geschoben hat, der erf\u00e4hrt durch die Dornen eine \u00fcberraschend gro\u00dfe Motivation zur Bewegung. Da springt man auf und muss sich \u00fcberlegen, wo man sich denn nun gefahrlos hinsetzen kann. Ein Sprichwort sagt: Auch eine kleine Rei\u00dfzwecke kann einen gro\u00dfen Hintern in Bewegung bringen.<\/p>\n<p><a href=\"https:\/\/i0.wp.com\/pastors-home.de\/wp-content\/uploads\/2015\/12\/paramentwhdv1.jpg\"><img data-recalc-dims=\"1\" loading=\"lazy\" decoding=\"async\" data-attachment-id=\"2526\" data-permalink=\"https:\/\/www.pastors-home.de\/?attachment_id=2526\" data-orig-file=\"https:\/\/i0.wp.com\/www.pastors-home.de\/wp-content\/uploads\/2015\/12\/paramentwhdv1.jpg?fit=689%2C1000&amp;ssl=1\" data-orig-size=\"689,1000\" data-comments-opened=\"1\" data-image-meta=\"{&quot;aperture&quot;:&quot;0&quot;,&quot;credit&quot;:&quot;&quot;,&quot;camera&quot;:&quot;&quot;,&quot;caption&quot;:&quot;&quot;,&quot;created_timestamp&quot;:&quot;0&quot;,&quot;copyright&quot;:&quot;&quot;,&quot;focal_length&quot;:&quot;0&quot;,&quot;iso&quot;:&quot;0&quot;,&quot;shutter_speed&quot;:&quot;0&quot;,&quot;title&quot;:&quot;&quot;,&quot;orientation&quot;:&quot;0&quot;}\" data-image-title=\"paramentwhdv1\" data-image-description=\"\" data-image-caption=\"\" data-large-file=\"https:\/\/i0.wp.com\/www.pastors-home.de\/wp-content\/uploads\/2015\/12\/paramentwhdv1.jpg?fit=689%2C1000&amp;ssl=1\" class=\"alignright size-medium wp-image-2526\" src=\"https:\/\/i0.wp.com\/pastors-home.de\/wp-content\/uploads\/2015\/12\/paramentwhdv1-207x300.jpg?resize=207%2C300\" alt=\"paramentwhdv1\" width=\"207\" height=\"300\" srcset=\"https:\/\/i0.wp.com\/www.pastors-home.de\/wp-content\/uploads\/2015\/12\/paramentwhdv1.jpg?resize=207%2C300&amp;ssl=1 207w, https:\/\/i0.wp.com\/www.pastors-home.de\/wp-content\/uploads\/2015\/12\/paramentwhdv1.jpg?resize=103%2C150&amp;ssl=1 103w, https:\/\/i0.wp.com\/www.pastors-home.de\/wp-content\/uploads\/2015\/12\/paramentwhdv1.jpg?w=689&amp;ssl=1 689w\" sizes=\"auto, (max-width: 207px) 100vw, 207px\" \/><\/a>Das winzig kleine Kind in der Krippe von Bethlehem, das ist der kleine unscheinbare Dorn, der diese ganze Welt in Bewegung versetzt hat. Mit der Geburt des Gottessohnes beginnt eine neue Zeit &#8211; das Reich Gottes bricht an &#8211; alles dreht sich.<br \/>\nAlte Regeln, bisherige Gewissheiten werden fraglich, weil dieser Jesus als Stachel diese Welt in Bewegung bringt.<br \/>\nWo man bisher tapfer seine Feinde bek\u00e4mpfte sagt er: \u201eIch aber sage euch:\u00a0 Liebt eure Feinde und bittet f\u00fcr die, die euch verfolgen\u201c (Mt 5,44)<br \/>\nWo Menschen dachten, ihre guten Taten w\u00fcrden sie vor Gott gerecht machen und in den Himmel bringen, da mussten von Jesus lernen: \u201eIch bin die Auferstehung und das Leben. Wer an mich glaubt, der wird leben, auch wenn er stirbt\u201c (Joh 11,25)<\/p>\n<p>Als wir die beiden Paramente betrachtet haben, haben wir genau diese Bewegung entdeckt: Beide Teile &#8211; oben und unten &#8211; sind zu einander gedreht! Was an der Kanzel links ist, ist am Altar rechts, was am Altar oben ist, ist an der Kanzel unten.<br \/>\nUnd dazwischen, als Punkt, in dem sich alles spiegelt, steht unser Kreuz mit Jesus Christus. Er ist der Dreh- und Angelpunkt. An ihm h\u00e4ngt alles. Er ist es, der alles neu gemacht hat.<\/p>\n<p><strong><em>C: Dornen und Flammen<\/em><\/strong><\/p>\n<p>Ein letzter Gedanke, den wir aufgreifen wollen: Wenn ich diesen gefilzten Dorn vom Nahen betrachte (rechts auf der Foto-Karte k\u00f6nnen Sie das tun) erscheint mir das Muster so, als k\u00f6nnten das auch Flammen sein. Ein Feuer das hier brennt. Und so wandern meine Gedanken weit nach vorne in unserer Bibel zur Geschichte von Mose, der Gott in einem brennenden Dornbusch begegnet:<\/p>\n<p><a href=\"https:\/\/i0.wp.com\/pastors-home.de\/wp-content\/uploads\/2015\/12\/paramentwhdv3.jpg\"><img data-recalc-dims=\"1\" loading=\"lazy\" decoding=\"async\" data-attachment-id=\"2527\" data-permalink=\"https:\/\/www.pastors-home.de\/?attachment_id=2527\" data-orig-file=\"https:\/\/i0.wp.com\/www.pastors-home.de\/wp-content\/uploads\/2015\/12\/paramentwhdv3.jpg?fit=1000%2C667&amp;ssl=1\" data-orig-size=\"1000,667\" data-comments-opened=\"1\" data-image-meta=\"{&quot;aperture&quot;:&quot;0&quot;,&quot;credit&quot;:&quot;&quot;,&quot;camera&quot;:&quot;&quot;,&quot;caption&quot;:&quot;&quot;,&quot;created_timestamp&quot;:&quot;0&quot;,&quot;copyright&quot;:&quot;&quot;,&quot;focal_length&quot;:&quot;0&quot;,&quot;iso&quot;:&quot;0&quot;,&quot;shutter_speed&quot;:&quot;0&quot;,&quot;title&quot;:&quot;&quot;,&quot;orientation&quot;:&quot;0&quot;}\" data-image-title=\"paramentwhdv3\" data-image-description=\"\" data-image-caption=\"\" data-large-file=\"https:\/\/i0.wp.com\/www.pastors-home.de\/wp-content\/uploads\/2015\/12\/paramentwhdv3.jpg?fit=880%2C587&amp;ssl=1\" class=\"alignright size-medium wp-image-2527\" src=\"https:\/\/i0.wp.com\/pastors-home.de\/wp-content\/uploads\/2015\/12\/paramentwhdv3-300x200.jpg?resize=300%2C200\" alt=\"paramentwhdv3\" width=\"300\" height=\"200\" srcset=\"https:\/\/i0.wp.com\/www.pastors-home.de\/wp-content\/uploads\/2015\/12\/paramentwhdv3.jpg?resize=300%2C200&amp;ssl=1 300w, https:\/\/i0.wp.com\/www.pastors-home.de\/wp-content\/uploads\/2015\/12\/paramentwhdv3.jpg?resize=768%2C512&amp;ssl=1 768w, https:\/\/i0.wp.com\/www.pastors-home.de\/wp-content\/uploads\/2015\/12\/paramentwhdv3.jpg?resize=400%2C267&amp;ssl=1 400w, https:\/\/i0.wp.com\/www.pastors-home.de\/wp-content\/uploads\/2015\/12\/paramentwhdv3.jpg?resize=150%2C100&amp;ssl=1 150w, https:\/\/i0.wp.com\/www.pastors-home.de\/wp-content\/uploads\/2015\/12\/paramentwhdv3.jpg?resize=225%2C150&amp;ssl=1 225w, https:\/\/i0.wp.com\/www.pastors-home.de\/wp-content\/uploads\/2015\/12\/paramentwhdv3.jpg?w=1000&amp;ssl=1 1000w\" sizes=\"auto, (max-width: 300px) 100vw, 300px\" \/><\/a>\u201eMose aber h\u00fctete die Schafe Jitros, seines Schwiegervaters, des Priesters in Midian, und trieb die Schafe \u00fcber die Steppe hinaus und kam an den Berg Gottes, den Horeb. Und der Engel des HERRN erschien ihm in einer feurigen Flamme aus dem Dornbusch. Und er sah, dass der Busch im Feuer brannte und doch nicht verzehrt wurde. Da sprach er: Ich will hingehen und die wundersame Erscheinung besehen, warum der Busch nicht verbrennt\u201c. (2. Mose 3,1-3)<\/p>\n<p>Der brennende Dornbusch &#8211; der Ort, an dem Mose Gott begegnet. Der Ort, an dem sein Leben eine wichtige Wendung nimmt. Ein Ort, an dem etwas geschieht, was er sich nicht erkl\u00e4ren kann &#8211; aber erlebt, dass das Unerkl\u00e4rbare ganz konkrete und sp\u00fcrbare Auswirkungen auf sein Leben hat.<\/p>\n<p>Da ist diese Geschichte ein Paradigma f\u00fcr unseren Gottesdienst: Denn auch da bleibt diese unerkl\u00e4rliche L\u00fccke. Dass da etwas ist, etwas geschieht, war unser Verstehehen \u00fcbersteigt. Wir k\u00f6nnen uns vieles nicht wirklich erkl\u00e4ren; aber wir k\u00f6nnen es erleben, annehmen, f\u00fcr unser Leben fruchtbar werden lassen. Mit Mose hierher kommen: \u201eIch will hingehen und die wundersame Erscheinung besehen, warum der Busch nicht verbrennt\u201c<\/p>\n<p>&#8230; die wundersame Erscheinung besehen, dass hier mit menschlichen Worten das Wort Gottes in die Herzen der Menschen kommt.<br \/>\n&#8230; die wundersame Erfahrung besehen, dass in einfachem Brot und Wein Menschen die unmittelbare N\u00e4he von Jesus Christus sp\u00fcren.<br \/>\n&#8230; das wundersame Ereignis erleben, wie Menschen unterschiedlicher Herkunft, Bildung und Altersstufe als eine Gemeinde miteinander verbunden sind.<br \/>\n&#8230; die wundersame Kraft erleben, die Menschen hier sp\u00fcren und mit in ihren Alltag nehmen.<\/p>\n<p>Amen<\/p>\n","protected":false},"excerpt":{"rendered":"<p>Predigt zu den neuen violetten Paramenten in unserer Wilhelmsdorfer Hugenottenkirche. Im Gottesdienst war auch die K\u00fcnstlerin Andrea Thema zu Gast, die sp\u00e4ter selbst zum Entwurf und zur Herstellung der Paramente das Wort ergriff. Teile der Predigt wurden von verschiedenen Sprechern des Kirchenvorstandes gehalten &#8211; wie sie auch die zentralen Gedanken\u2026 <a class=\"continue-reading-link\" href=\"https:\/\/www.pastors-home.de\/?p=2525\">ich will weiterlesen<\/a><\/p>\n","protected":false},"author":1,"featured_media":0,"comment_status":"open","ping_status":"open","sticky":false,"template":"","format":"standard","meta":{"jetpack_post_was_ever_published":false,"_jetpack_newsletter_access":"","_jetpack_dont_email_post_to_subs":false,"_jetpack_newsletter_tier_id":0,"_jetpack_memberships_contains_paywalled_content":false,"_jetpack_memberships_contains_paid_content":false,"footnotes":"","jetpack_publicize_message":"","jetpack_publicize_feature_enabled":true,"jetpack_social_post_already_shared":true,"jetpack_social_options":{"image_generator_settings":{"template":"highway","default_image_id":0,"font":"","enabled":false},"version":2}},"categories":[619],"tags":[653],"class_list":["post-2525","post","type-post","status-publish","format-standard","hentry","category-predigten-2015","tag-paramente"],"jetpack_publicize_connections":[],"jetpack_featured_media_url":"","jetpack_sharing_enabled":true,"jetpack_shortlink":"https:\/\/wp.me\/p4BNB2-EJ","jetpack_likes_enabled":true,"_links":{"self":[{"href":"https:\/\/www.pastors-home.de\/index.php?rest_route=\/wp\/v2\/posts\/2525","targetHints":{"allow":["GET"]}}],"collection":[{"href":"https:\/\/www.pastors-home.de\/index.php?rest_route=\/wp\/v2\/posts"}],"about":[{"href":"https:\/\/www.pastors-home.de\/index.php?rest_route=\/wp\/v2\/types\/post"}],"author":[{"embeddable":true,"href":"https:\/\/www.pastors-home.de\/index.php?rest_route=\/wp\/v2\/users\/1"}],"replies":[{"embeddable":true,"href":"https:\/\/www.pastors-home.de\/index.php?rest_route=%2Fwp%2Fv2%2Fcomments&post=2525"}],"version-history":[{"count":5,"href":"https:\/\/www.pastors-home.de\/index.php?rest_route=\/wp\/v2\/posts\/2525\/revisions"}],"predecessor-version":[{"id":2535,"href":"https:\/\/www.pastors-home.de\/index.php?rest_route=\/wp\/v2\/posts\/2525\/revisions\/2535"}],"wp:attachment":[{"href":"https:\/\/www.pastors-home.de\/index.php?rest_route=%2Fwp%2Fv2%2Fmedia&parent=2525"}],"wp:term":[{"taxonomy":"category","embeddable":true,"href":"https:\/\/www.pastors-home.de\/index.php?rest_route=%2Fwp%2Fv2%2Fcategories&post=2525"},{"taxonomy":"post_tag","embeddable":true,"href":"https:\/\/www.pastors-home.de\/index.php?rest_route=%2Fwp%2Fv2%2Ftags&post=2525"}],"curies":[{"name":"wp","href":"https:\/\/api.w.org\/{rel}","templated":true}]}}