{"id":2425,"date":"2015-09-06T17:50:50","date_gmt":"2015-09-06T16:50:50","guid":{"rendered":"http:\/\/pastors-home.de\/?p=2425"},"modified":"2015-09-06T17:50:50","modified_gmt":"2015-09-06T16:50:50","slug":"radioandachten-auf-charivari-986-im-september-2015","status":"publish","type":"post","link":"https:\/\/www.pastors-home.de\/?p=2425","title":{"rendered":"Radioandachten auf Charivari 98,6 im September 2015"},"content":{"rendered":"<div class=\"wp-playlist wp-audio-playlist wp-playlist-light\">\n\t\t\t<div class=\"wp-playlist-current-item\"><\/div>\n\t\t<audio controls=\"controls\" preload=\"none\" width=\"858\"\n\t\t\t><\/audio>\n\t<div class=\"wp-playlist-next\"><\/div>\n\t<div class=\"wp-playlist-prev\"><\/div>\n\t<noscript>\n\t<ol>\n\t\t<li><a href='https:\/\/www.pastors-home.de\/wp-content\/uploads\/2015\/09\/07-September-2015-Seidel-Radfahren-lernen.mp3'>07 september 2015 - Radfahren lernen<\/a><\/li><li><a href='https:\/\/www.pastors-home.de\/wp-content\/uploads\/2015\/09\/08-September-2015-Seidel-Wespen.mp3'>08 September 2015 - Wespen<\/a><\/li><li><a href='https:\/\/www.pastors-home.de\/wp-content\/uploads\/2015\/09\/09-September-2015-Seidel-Welttag-des-FAS.mp3'>09 September 2015 - Welttag des FAS<\/a><\/li><li><a href='https:\/\/www.pastors-home.de\/wp-content\/uploads\/2015\/09\/10-September-2015-Seidel-Florence-Foster-Jenkins.mp3'>10 September 2015 - Florence Foster Jenkins<\/a><\/li><li><a href='https:\/\/www.pastors-home.de\/wp-content\/uploads\/2015\/09\/11-September-2015-Seidel-Muscheln-sammeln.mp3'>11 September 2015 - Muscheln sammeln<\/a><\/li><li><a href='https:\/\/www.pastors-home.de\/wp-content\/uploads\/2015\/09\/12-September-2015-Seidel-Franken-Derby.mp3'>12 September 2015 - Franken-Derby<\/a><\/li>\t<\/ol>\n\t<\/noscript>\n\t<script type=\"application\/json\" class=\"wp-playlist-script\">{\"type\":\"audio\",\"tracklist\":true,\"tracknumbers\":true,\"images\":false,\"artists\":false,\"tracks\":[{\"src\":\"https:\/\/www.pastors-home.de\/wp-content\/uploads\/2015\/09\/07-September-2015-Seidel-Radfahren-lernen.mp3\",\"type\":\"audio\/mpeg\",\"title\":\"07 september 2015 - Radfahren lernen\",\"caption\":\"\",\"description\":\"\\\"07 september 2015 - Radfahren lernen\\\" von Alexander Seidel.\",\"meta\":{\"artist\":\"Alexander Seidel\",\"length_formatted\":\"1:20\"},\"image\":{\"src\":\"https:\/\/www.pastors-home.de\/wp-includes\/images\/media\/audio.svg\",\"width\":48,\"height\":64},\"thumb\":{\"src\":\"https:\/\/www.pastors-home.de\/wp-includes\/images\/media\/audio.svg\",\"width\":48,\"height\":64}},{\"src\":\"https:\/\/www.pastors-home.de\/wp-content\/uploads\/2015\/09\/08-September-2015-Seidel-Wespen.mp3\",\"type\":\"audio\/mpeg\",\"title\":\"08 September 2015 - Wespen\",\"caption\":\"\",\"description\":\"\\\"08 September 2015 - Wespen\\\" von Alexander Seidel.\",\"meta\":{\"artist\":\"Alexander Seidel\",\"length_formatted\":\"1:25\"},\"image\":{\"src\":\"https:\/\/www.pastors-home.de\/wp-includes\/images\/media\/audio.svg\",\"width\":48,\"height\":64},\"thumb\":{\"src\":\"https:\/\/www.pastors-home.de\/wp-includes\/images\/media\/audio.svg\",\"width\":48,\"height\":64}},{\"src\":\"https:\/\/www.pastors-home.de\/wp-content\/uploads\/2015\/09\/09-September-2015-Seidel-Welttag-des-FAS.mp3\",\"type\":\"audio\/mpeg\",\"title\":\"09 September 2015 - Welttag des FAS\",\"caption\":\"\",\"description\":\"\\\"09 September 2015 - Welttag des FAS\\\" von Alexander Seidel.\",\"meta\":{\"artist\":\"Alexander Seidel\",\"length_formatted\":\"1:25\"},\"image\":{\"src\":\"https:\/\/www.pastors-home.de\/wp-includes\/images\/media\/audio.svg\",\"width\":48,\"height\":64},\"thumb\":{\"src\":\"https:\/\/www.pastors-home.de\/wp-includes\/images\/media\/audio.svg\",\"width\":48,\"height\":64}},{\"src\":\"https:\/\/www.pastors-home.de\/wp-content\/uploads\/2015\/09\/10-September-2015-Seidel-Florence-Foster-Jenkins.mp3\",\"type\":\"audio\/mpeg\",\"title\":\"10 September 2015 - Florence Foster Jenkins\",\"caption\":\"\",\"description\":\"\\\"10 September 2015 - Florence Foster Jenkins\\\" von Alexander Seidel.\",\"meta\":{\"artist\":\"Alexander Seidel\",\"length_formatted\":\"1:29\"},\"image\":{\"src\":\"https:\/\/www.pastors-home.de\/wp-includes\/images\/media\/audio.svg\",\"width\":48,\"height\":64},\"thumb\":{\"src\":\"https:\/\/www.pastors-home.de\/wp-includes\/images\/media\/audio.svg\",\"width\":48,\"height\":64}},{\"src\":\"https:\/\/www.pastors-home.de\/wp-content\/uploads\/2015\/09\/11-September-2015-Seidel-Muscheln-sammeln.mp3\",\"type\":\"audio\/mpeg\",\"title\":\"11 September 2015 - Muscheln sammeln\",\"caption\":\"\",\"description\":\"\\\"11 September 2015 - Muscheln sammeln\\\" von Alexander Seidel.\",\"meta\":{\"artist\":\"Alexander Seidel\",\"length_formatted\":\"1:20\"},\"image\":{\"src\":\"https:\/\/www.pastors-home.de\/wp-includes\/images\/media\/audio.svg\",\"width\":48,\"height\":64},\"thumb\":{\"src\":\"https:\/\/www.pastors-home.de\/wp-includes\/images\/media\/audio.svg\",\"width\":48,\"height\":64}},{\"src\":\"https:\/\/www.pastors-home.de\/wp-content\/uploads\/2015\/09\/12-September-2015-Seidel-Franken-Derby.mp3\",\"type\":\"audio\/mpeg\",\"title\":\"12 September 2015 - Franken-Derby\",\"caption\":\"\",\"description\":\"\\\"12 September 2015 - Franken-Derby\\\" von Alexander Seidel.\",\"meta\":{\"artist\":\"Alexander Seidel\",\"length_formatted\":\"1:07\"},\"image\":{\"src\":\"https:\/\/www.pastors-home.de\/wp-includes\/images\/media\/audio.svg\",\"width\":48,\"height\":64},\"thumb\":{\"src\":\"https:\/\/www.pastors-home.de\/wp-includes\/images\/media\/audio.svg\",\"width\":48,\"height\":64}}]}<\/script>\n<\/div>\n\t\n<p class=\"ox-9b3e03e3fc-MsoNormal\"><b>Montag: Radfahren lernen<\/b><\/p>\n<p class=\"ox-9b3e03e3fc-MsoNormal\">\u00a0Guten Morgen,<br \/>\nfast jeder von uns hat irgendwann Fahrradfahren gelernt. Das geh\u00f6rt ja zu den Dingen, die man selber tun muss. Selbst das tr\u00e4gste und verw\u00f6hnteste Kind, das es gar nicht anders kennst, als dass Mama und Papa alles erledigen: Radfahren lernen muss man schon selber.<br \/>\nSelber sich draufsetzen, selber zittern und wackeln, selber hinfallen und selber wieder aufstehen. Das zu lernen, kann dir keiner abnehmen! Von daher sind so Dinge wie Radfahren oder Schwimmen lernen wirklich eine ganz wichtige Erfahrung.<!--more--><br \/>\nWenn ich daran denke, wie das bei mir war&#8230; da war immer meine gro\u00dfe Schwester Anita dabei.\u00a0 Anita hat beim Aufsteigen den Sattel gehalten, ist neben mir hergerannt, wenn ich wackelig die ersten Meter zur\u00fcckgelegt habe. Und sie hat mich getr\u00f6stet, als ich mit Karacho ins Geb\u00fcsch am Stra\u00dfenrand gerumpelt bin.<br \/>\nOhne meine Schwester w\u00e4re das alles nichts geworden &#8211; mein \u201eselber-lernen\u201c hat doch jemanden gebraucht, der einfach da war. Der mir Vertrauen gibt, dass er da ist, mich manchmal anschubst, manchmal korrigiert, und in dessen tr\u00f6stende Arme ich kommen kann, wenn es mal richtig schief gegangen ist.<br \/>\nJetzt, \u00fcber vierzig Jahre sp\u00e4ter bilde ich mir ein, auch t\u00e4glich alles \u201eselber\u201c zu k\u00f6nnen. Aber als Christ habe ich manchmal das gleiche Gef\u00fchl wie damals beim Radfahren-Lernen: Ich versuche die Aufgaben des Lebens selber hinzubekommen &#8211; aber so ein bisschen schiele ich nach hinten, und sag: Lieber Gott, ich versuch es jetzt mal, aber bleib bitte ganz nah hinter mir, dann geht es echt besser.<\/p>\n<p class=\"ox-9b3e03e3fc-MsoNormal\">Einen guten Tag w\u00fcnsche ich ihnen<\/p>\n<p class=\"ox-9b3e03e3fc-MsoNormal\">\n<p class=\"ox-9b3e03e3fc-MsoNormal\"><strong>Dienstag: Wespen!<\/strong><\/p>\n<p class=\"ox-9b3e03e3fc-MsoNormal\">Guten Morgen,<br \/>\nwie mich diese Wespen aufregen! Drau\u00dfen beim Kaffeetrinken auf der Terrasse: Eins oder zwei dieser Biester fliegen immer um uns herum &#8230; in diesem typischen hektischen Zick-Zack-Flug. Ja, und wenn ich dann anfange, sie irgendwie mit der Fliegenpatsche zu erlegen, dann schimpft meine gro\u00dfe Tochter: Lass die doch in Ruhe! Die tun doch nichts, die wollen blo\u00df ein bisschen fressen und gehen dann wieder. Wehe, du tust denen was an!<br \/>\nIch sag\u00b4s ihnen: Die Diskussion, die danach kam, hat mich noch mehr aufgeregt, als diese bl\u00f6den Wespen. Vielleicht hat mein \u00c4rger auch damit zu tun, dass ich erkennen musste: Eigentlich hat meine Tochter Recht. Die Wespe will nichts B\u00f6ses, ein klitzekleines Kr\u00fcmelchen vom Pflaumenkuchen w\u00e4re ihr schon genug. Dann ist sie gl\u00fccklich und kann ihr Wespenleben zufrieden weiterf\u00fchren &#8211; ihren Nachwuchs f\u00fcttern, ihr Nest bewachen.<br \/>\nAlbert Schweitzer hat gesagt: \u201eIch bin Leben, das leben will, inmitten von Leben, das leben will.\u201c Respekt, Ehrfurcht von den anderen Gesch\u00f6pfen, vor deren Leben und ihren Bed\u00fcrfnissen. Das vergesse ich manchmal viel zu schnell, wenn sie mein bequemes Leben st\u00f6ren. Und da hat meine Tochter einfach recht, wenn sie fragt: \u201eWas ist wichtiger. Dein Komfort, oder das Leben deiner Mitgesch\u00f6pfe?\u201c<br \/>\nUnd da ahne ich: Diese Frage k\u00f6nnte ich mir ein paar Mal t\u00e4glich stellen.<\/p>\n<p class=\"ox-9b3e03e3fc-MsoNormal\">\u00a0Einen guten, aber nicht unbedingt bequemen Tag w\u00fcnsche ich ihnen.<\/p>\n<p class=\"ox-9b3e03e3fc-MsoNormal\">\n<p class=\"ox-9b3e03e3fc-MsoNormal\"><b>Mittwoch: Welttag des FAS<\/b><\/p>\n<p class=\"ox-9b3e03e3fc-MsoNormal\">Guten Morgen<br \/>\nwissen wie welches Teil des K\u00f6rpers die alten Griechen als erogenste Zone des Menschen vermuteten? Das Philtrum!<br \/>\nDas ist das Gr\u00fcbchen, das sich von der Oberlippe bis zu Nase hochzieht. Und dieses Gr\u00fcbchen dellt ja die Oberlippe auch ein bisschen nach unten ein. Das nennt man bis heute \u201eAmorbogen\u201c. Ist irgendwie s\u00fc\u00df &#8211; oder?<br \/>\nAber es gibt auch Menschen, die haben dieses Gr\u00fcbchen gar nicht. Das fehlt einfach.<br \/>\nBei einigen ist das einfach eine Laune der Natur.Bei manchen Anderen fehlt es, weil ihre Mutter w\u00e4hrend der Schwangerschaft Alkohol getrunken hat. Und diesen Menschen fehlt dann meist nicht nur der s\u00fc\u00dfe Amorbogen ab der Oberlippe. Ihnen fehlt es an Einf\u00fchlungsverm\u00f6gen, an Konzentrations- und Lernf\u00e4higkeit, sie bekommen ihr Leben nicht organisiert, haben kein Gef\u00fchl f\u00fcr menschliche N\u00e4he und Distanz.<br \/>\nAlles nur, weil Mama gemeint hat: Das macht ja nichts, das bisschen Alkohol&#8230;.<\/p>\n<p class=\"ox-9b3e03e3fc-MsoNormal\">Heute ist der Welttag des alkoholgesch\u00e4digten Kindes.<br \/>\nDer Tag, der uns daran erinnert: Mancher, der uns verplant und mit seltsamen Verhalten begegnet kann nichts daf\u00fcr -, das ist Teil seiner Krankheit, er kann sich nicht ver\u00e4ndern.<br \/>\nVer\u00e4ndern m\u00fcssen wir uns &#8211; die wir das Gl\u00fcck hatten &#8211; mit Gr\u00fcbchen und ohne Alkoholsch\u00e4digung auf die Welt zu kommen.<\/p>\n<p class=\"ox-9b3e03e3fc-MsoNormal\">Einen guten Tag w\u00fcnsche ich Ihnen<\/p>\n<p class=\"ox-9b3e03e3fc-MsoNormal\">\n<p class=\"ox-9b3e03e3fc-MsoNormal\"><b>Donnerstag: Florence Forster Jenkins <\/b><\/p>\n<p class=\"ox-9b3e03e3fc-MsoNormal\">Guten Morgen,<br \/>\nnie werde ich vergessen, wie ich zum ersten Mal ein Lied von Florence Foster Jenkins geh\u00f6rt habe. Die gute Dame ist schon seit \u00fcber 60 Jahren tot &#8211; aber sie gilt bis heute f\u00fcr viele als schlechteste S\u00e4ngerin der Welt.<br \/>\nFlorence wollte schon als kleines Kind S\u00e4ngerin werden. Aber keiner wollte sie unterst\u00fctzen, sie sang schr\u00e4g, hatte kein Gef\u00fchl f\u00fcr Rhythmus &#8230; also das konnte nichts werden. Aber sie lie\u00df sich nicht beirren. Sie investierte viel Geld in Gesangsunterricht und Unsummen in den Lebensstil einer Operndiva &#8211; Und tats\u00e4chlich gab sie mit 44 Jahren ihr erstes Konzert.<br \/>\nUnd? Sie traf die hohen T\u00f6ne nicht, verstolperte den Takt &#8211; und das Publikum war fasziniert. So schr\u00e4g, so selbstbewusst, und so charismatisch &#8211; Florence Foster Jenkins wurde zum Geheimtipp, als schlechteste S\u00e4ngerin des Landes &#8211; und f\u00fcllte damit die Konzerts\u00e4le bis auf den letzten Platz.<br \/>\nDas letzte Konzert gab sie 1944 in der weltber\u00fchmten Carnegie Hall in New York, und auf dem Schwarzmarkt wurden horrende Summen f\u00fcr die ausverkauften Pl\u00e4tze gezahlt.<br \/>\nWarum sind die Menschen so auf diese S\u00e4ngerin geflogen? Hatten sie es einfach satt, dass auf der B\u00fchne alles perfekt und makellos sein musste?<br \/>\nEndlich eine B\u00fchne f\u00fcr Menschen wir du und ich.<br \/>\nEine Frau, die den Mut hatte, ihren Lebenstraum zu verwirklichen, egal, was die Fachleute sagen.<br \/>\nUnd eine Gemeinschaft, die sagt: Sch\u00f6n, dass es dich gibt,\u00a0\u00a0 heute wollen wir dir zuh\u00f6ren, einfach so &#8211; und nachher keine Noten vergeben.<br \/>\nFlorence Foster Jenkins &#8211; ihren Namen muss man sich nicht merken; aber ihren Mut sollte man nicht vergessen<\/p>\n<p class=\"ox-9b3e03e3fc-MsoNormal\">\n<p class=\"ox-9b3e03e3fc-MsoNormal\"><strong>Freitag: Muscheln sammeln<\/strong><\/p>\n<p class=\"ox-9b3e03e3fc-MsoNormal\">\u00a0Guten Morgen,<br \/>\nim Urlaub am Mittelmeer haben unsere Kinder wieder Muscheln gesammelt &#8211; und irgendwann haben wir als Erwachsene auch damit angefangen.<br \/>\nDas hat schon was: Am Ufer entlanggehen und die Vielfalt der unterschiedlichen Muscheln zu bewundern.<br \/>\nIrgendwie ist jede doch anders, hat ihr eigenes Muster, einen speziellen Farbton oder hat irgend eine ungew\u00f6hnliche Form, die nur sie hat. Und wenn ich das Ergebnis unserer ganzen Sammelei dann gewaschen auf dem Tisch zum Trocknen liegen sehe &#8211; wie sie da gl\u00e4nzen &#8211; da komme ich ganz ins schw\u00e4rmen, wie so ein gehobener Schatz liegen sie da. Irgendwie ganz sch\u00f6n kindisch. Es sind ja nur Muscheln, die zu Millionen am Ufer angeschwemmt werden, eigentlich v\u00f6llig wertlos.<br \/>\nJesus hat einmal gesagt: Ihr sollt werden wie die Kinder! Im Urlaub, bei den Muscheln f\u00e4llt mir das nicht schwer: Wie ein Kind die unterschiedlichen Farben und Formen der Muscheln zu bewundern, mich in jede einzelne zu verlieben.<br \/>\nWie sch\u00f6n w\u00e4re es, wenn ich daheim die vielen unterschiedlichen Menschen auch so begeistert bewundern k\u00f6nnte. Auch die etwas schr\u00e4gen und bunten Zeitgenossen &#8211; ihren speziellen Glanz, des besondere Muster ihrer Pers\u00f6nlichkeit. Das f\u00e4llt mir nicht ganz so leicht.<br \/>\n\u201eIhr sollt werden wie die Kinder!\u201c &#8211; ja, die Unbefangenheit und Offenheit de Kinder &#8211; die w\u00fcnsche ich mir da oft.<\/p>\n<p class=\"ox-9b3e03e3fc-MsoNormal\">Einen guten Tag w\u00fcnsche ich Ihnen<\/p>\n<p class=\"ox-9b3e03e3fc-MsoNormal\">\n<p class=\"ox-9b3e03e3fc-MsoNormal\">\n<p class=\"ox-9b3e03e3fc-MsoNormal\"><strong>Samstag: Franken-Derby<\/strong><\/p>\n<p class=\"ox-9b3e03e3fc-MsoNormal\">Guten Morgen,<br \/>\ndas Franken-Derby r\u00fcckt immer n\u00e4her. Ich bin auch schon gespannt, wie es wird. Momentan kann ja keine der beiden Mannschaften von sich behaupten gerade auf der Welle des Erfolgs in den Ronhof hineinzureiten. Beide hoffen das Beste, und ahnen, dass es auch richtig schief gehen kann. Eigentlich sind beide Mannschaften da so richtig mittelfr\u00e4nkisch-evangelisch:\u00a0 Man t\u00e4t\u00b4sich zwar w\u00fcnschen, dass alles besser, erfolgreicher und problemloser l\u00e4uft &#8211; aber man wei\u00df: Bei mir wird es halt meistens doch nicht so toll.<br \/>\nDas kann man von Paulus und von Luther lernen. Auch zum eigenen Mittelma\u00df zu sagen: Es ist in Ordnung so, ich akzeptiere meine momentanen Schw\u00e4chen und mach das Beste draus.<br \/>\nDas ist evangelisch.<br \/>\nIch bin nicht immer der Sieger, und ich zerbreche nicht dran, wenn es immer wieder auch schief geht.<br \/>\nSchw\u00e4chen und Fehler muss man nicht besch\u00f6nigen &#8211; aber ich kann ja als Fan nicht einfach den Verein wechseln, weil miserabel l\u00e4uft.<br \/>\nMit H\u00f6hen, mit Tiefen und mit langen Zeiten des Mittelma\u00dfes zu leben und zu wissen, dass sie dazugeh\u00f6ren &#8211; das ist die hohe Kunst des Lebens, nicht blo\u00df am Spielfeldrand.<br \/>\nEin gutes Wochenende w\u00fcnsche ich Ihnen<\/p>\n","protected":false},"excerpt":{"rendered":"<p>Montag: Radfahren lernen \u00a0Guten Morgen, fast jeder von uns hat irgendwann Fahrradfahren gelernt. Das geh\u00f6rt ja zu den Dingen, die man selber tun muss. Selbst das tr\u00e4gste und verw\u00f6hnteste Kind, das es gar nicht anders kennst, als dass Mama und Papa alles erledigen: Radfahren lernen muss man schon selber. Selber\u2026 <a class=\"continue-reading-link\" href=\"https:\/\/www.pastors-home.de\/?p=2425\">ich will weiterlesen<\/a><\/p>\n","protected":false},"author":1,"featured_media":0,"comment_status":"open","ping_status":"open","sticky":false,"template":"","format":"standard","meta":{"jetpack_post_was_ever_published":false,"_jetpack_newsletter_access":"","_jetpack_dont_email_post_to_subs":false,"_jetpack_newsletter_tier_id":0,"_jetpack_memberships_contains_paywalled_content":false,"_jetpack_memberships_contains_paid_content":false,"footnotes":"","jetpack_publicize_message":"","jetpack_publicize_feature_enabled":true,"jetpack_social_post_already_shared":true,"jetpack_social_options":{"image_generator_settings":{"template":"highway","default_image_id":0,"font":"","enabled":false},"version":2}},"categories":[621],"tags":[],"class_list":["post-2425","post","type-post","status-publish","format-standard","hentry","category-radioandachten-2015"],"jetpack_publicize_connections":[],"jetpack_featured_media_url":"","jetpack_sharing_enabled":true,"jetpack_shortlink":"https:\/\/wp.me\/p4BNB2-D7","jetpack_likes_enabled":true,"_links":{"self":[{"href":"https:\/\/www.pastors-home.de\/index.php?rest_route=\/wp\/v2\/posts\/2425","targetHints":{"allow":["GET"]}}],"collection":[{"href":"https:\/\/www.pastors-home.de\/index.php?rest_route=\/wp\/v2\/posts"}],"about":[{"href":"https:\/\/www.pastors-home.de\/index.php?rest_route=\/wp\/v2\/types\/post"}],"author":[{"embeddable":true,"href":"https:\/\/www.pastors-home.de\/index.php?rest_route=\/wp\/v2\/users\/1"}],"replies":[{"embeddable":true,"href":"https:\/\/www.pastors-home.de\/index.php?rest_route=%2Fwp%2Fv2%2Fcomments&post=2425"}],"version-history":[{"count":1,"href":"https:\/\/www.pastors-home.de\/index.php?rest_route=\/wp\/v2\/posts\/2425\/revisions"}],"predecessor-version":[{"id":2432,"href":"https:\/\/www.pastors-home.de\/index.php?rest_route=\/wp\/v2\/posts\/2425\/revisions\/2432"}],"wp:attachment":[{"href":"https:\/\/www.pastors-home.de\/index.php?rest_route=%2Fwp%2Fv2%2Fmedia&parent=2425"}],"wp:term":[{"taxonomy":"category","embeddable":true,"href":"https:\/\/www.pastors-home.de\/index.php?rest_route=%2Fwp%2Fv2%2Fcategories&post=2425"},{"taxonomy":"post_tag","embeddable":true,"href":"https:\/\/www.pastors-home.de\/index.php?rest_route=%2Fwp%2Fv2%2Ftags&post=2425"}],"curies":[{"name":"wp","href":"https:\/\/api.w.org\/{rel}","templated":true}]}}