{"id":2193,"date":"2014-12-20T16:08:16","date_gmt":"2014-12-20T15:08:16","guid":{"rendered":"http:\/\/pastors-home.de\/?p=2193"},"modified":"2021-12-14T08:57:39","modified_gmt":"2021-12-14T07:57:39","slug":"predigt-freuet-euch-auch-wenns-gerade-nicht-danach-ausschaut-philipper-44-7-4-advent-21-dezember-2015","status":"publish","type":"post","link":"https:\/\/www.pastors-home.de\/?p=2193","title":{"rendered":"Predigt: \u201eFreuet Euch\u201d auch, wenns gerade nicht danach ausschaut! (Philipper 4,4-7) 4. Advent, 21. Dezember 2014"},"content":{"rendered":"\n<div class=\"wp-block-media-text alignwide is-stacked-on-mobile has-very-light-gray-to-cyan-bluish-gray-gradient-background has-background\" style=\"grid-template-columns:29% auto\"><figure class=\"wp-block-media-text__media\"><img data-recalc-dims=\"1\" loading=\"lazy\" decoding=\"async\" width=\"500\" height=\"760\" data-attachment-id=\"2195\" data-permalink=\"https:\/\/www.pastors-home.de\/?attachment_id=2195\" data-orig-file=\"https:\/\/i0.wp.com\/www.pastors-home.de\/wp-content\/uploads\/2014\/12\/advent4.jpg?fit=500%2C760&amp;ssl=1\" data-orig-size=\"500,760\" data-comments-opened=\"1\" data-image-meta=\"{&quot;aperture&quot;:&quot;0&quot;,&quot;credit&quot;:&quot;&quot;,&quot;camera&quot;:&quot;&quot;,&quot;caption&quot;:&quot;&quot;,&quot;created_timestamp&quot;:&quot;0&quot;,&quot;copyright&quot;:&quot;&quot;,&quot;focal_length&quot;:&quot;0&quot;,&quot;iso&quot;:&quot;0&quot;,&quot;shutter_speed&quot;:&quot;0&quot;,&quot;title&quot;:&quot;&quot;,&quot;orientation&quot;:&quot;0&quot;}\" data-image-title=\"advent4\" data-image-description=\"\" data-image-caption=\"\" data-large-file=\"https:\/\/i0.wp.com\/www.pastors-home.de\/wp-content\/uploads\/2014\/12\/advent4.jpg?fit=500%2C760&amp;ssl=1\" src=\"https:\/\/i0.wp.com\/www.pastors-home.de\/wp-content\/uploads\/2014\/12\/advent4.jpg?resize=500%2C760&#038;ssl=1\" alt=\"\" class=\"wp-image-2195 size-full\" srcset=\"https:\/\/i0.wp.com\/www.pastors-home.de\/wp-content\/uploads\/2014\/12\/advent4.jpg?w=500&amp;ssl=1 500w, https:\/\/i0.wp.com\/www.pastors-home.de\/wp-content\/uploads\/2014\/12\/advent4.jpg?resize=197%2C300&amp;ssl=1 197w, https:\/\/i0.wp.com\/www.pastors-home.de\/wp-content\/uploads\/2014\/12\/advent4.jpg?resize=99%2C150&amp;ssl=1 99w, https:\/\/i0.wp.com\/www.pastors-home.de\/wp-content\/uploads\/2014\/12\/advent4.jpg?resize=98%2C150&amp;ssl=1 98w\" sizes=\"auto, (max-width: 500px) 100vw, 500px\" \/><\/figure><div class=\"wp-block-media-text__content\">\n<p class=\"has-large-font-size\">Phil 4, 4-7<\/p>\n\n\n\n<p>Paulus verstr\u00f6mt mit seinen Zeilen Hoffnung und Zuversicht, obwohl er gerade selbst in einer sehr bedr\u00e4ngenden Situation steckt. Wie bekommen wir Weihnachtsfreude und die Nachrichten von IS und brennenden Asylunterk\u00fcnften in Vorra zusammen? Predigt von zwei Welten, die vielleicht deshalb zusammengeh\u00f6ren, weil sie scheinbar nichts gemeinsam haben.<\/p>\n<\/div><\/div>\n\n\n\n<p><\/p>\n\n\n\n<p><\/p>\n\n\n\n<p><span style=\"color: #008000;\"><em>Freuet euch in dem Herrn allewege,<\/em><\/span><br><span style=\"color: #008000;\"> <em>\u00a0\u00a0 \u00a0und abermals sage ich: Freuet euch!<\/em><\/span><br><span style=\"color: #008000;\"> <em>Eure G\u00fcte lasst kund sein allen Menschen!<\/em><\/span><br><span style=\"color: #008000;\"> <em>Der Herr ist nahe!<\/em><\/span><br><span style=\"color: #008000;\"> <em>Sorgt euch um nichts,<\/em><\/span><br><span style=\"color: #008000;\"> <em>\u00a0\u00a0 \u00a0sondern in allen Dingen lasst eure Bitten<\/em><\/span><br><span style=\"color: #008000;\"> <em>\u00a0\u00a0 \u00a0in Gebet und Flehen mit Danksagung vor Gott kundwerden!<\/em><\/span><br><span style=\"color: #008000;\"> <em>Und der Friede Gottes, der h\u00f6her ist als alle Vernunft,<\/em><\/span><br><span style=\"color: #008000;\"> <em>\u00a0\u00a0 \u00a0bewahre eure Herzen und Sinne in Christus Jesus.<\/em><\/span><br>Philipper 4,4-7<\/p>\n\n\n\n<p>Liebe Gemeinde,<br>manche Predigttexte sind so sch\u00f6n, die w\u00fcrden sich sogar als Sinnspruch f\u00fcr eine Weihnachtskarte eignen. Denn hier finde ich Worte und Gedanken, die Mut machen, die auf das Gute hinweisen, die manche dunkle Sorgen-Wolke wegpusten:<\/p>\n\n\n\n<!--more-->\n\n\n\n<p>Freut euch!<br>Lasst andere sp\u00fcren, dass ihr es gut meint.<br>Sorgt euch um nichts.<br>Gott ist euch nah!<br>Friede sei in deinem Herzen.<\/p>\n\n\n\n<p>Obwohl es bis Weihnachten noch ein paar Tage sind, wird einem da ja ganz wohlig, man riecht schon f\u00f6rmlich den Tannenduft und die Pl\u00e4tzchen, atmet Frieden. Und sicherheitshalber machen wir dann lieber die Fensterl\u00e4den zu und lassen den Fernseher aus &#8211; weil wir ja wissen: Ganz so friedlich, gut und fr\u00f6hlich ist unsere Welt gerade nicht.<\/p>\n\n\n\n<p><strong><em>Zwei Welten, die so gar nicht zusammenpassen<\/em><\/strong><\/p>\n\n\n\n<p>Im Osten erfahren wir vom W\u00fcten des IS, und anderer islamistischer Gruppierungen die mit gro\u00dfer Grausamkeit St\u00e4dte erobern und dort eine Terrorherrschaft etablieren, die Christen nur Flucht oder Tod als Wahlm\u00f6glichkeit l\u00e4sst. Wo man sich ihnen entgegenstellt, scheuen sie sich nicht, an hunderten von Schulkindern blutige Rache zu \u00fcben. Im gleichen Osten kommt ein waffenstrotzendes Russland wirtschaftlich ins Schlingern. W\u00e4hrenddessen wird im Westen an Freihandelsabkommen gebastelt, bei denen viele die Sorge haben, dass dadurch irgendwann die milliardenschweren Gro\u00dfkonzerne die Politik bestimmen &#8211; und nicht umgekehrt.<br>Im eigenen Land m\u00fcssen wir erleben, dass in 20 km Entfernung die einen Menschen Kleider f\u00fcr die Asylbewerber in Bad Windsheim sammeln, und 50 km in die andere Richtung z\u00fcnden Andere solche Geb\u00e4ude an. Ganz zu schweigen von Pegida, wo man sich schwer tut, das zu beurteilen, weil man da dumpfen Ausl\u00e4nderhass genauso sehen kann, wie die verst\u00e4ndlichen Sorgen von Menschen, die sich fragen, was hier momentan in unserer Welt passiert.<\/p>\n\n\n\n<p>Das ist mir alles es bisschen viel &#8211; zu komplex, als dass ich mir da einen Reim drauf zu machen k\u00f6nnte &#8211; vor allem aber empfinde ich da vieles als bedrohlich &#8211; und wei\u00df auch, dass ich da eher hilflos bin.<br>Das ist das Kontrastprogramm zu \u201eFreut euch und sorgt euch um nichts.\u201d.<\/p>\n\n\n\n<p>Aber was gilt jetzt? Die Worte aus dem Philipperbrief:<br><em>Freuet euch in dem Herrn allewege,<\/em><br><em> Eure G\u00fcte lasst kund sein allen Menschen!<\/em><br><em> Der Herr ist nahe!<\/em><br><em> Sorgt euch um nichts,<\/em><\/p>\n\n\n\n<p>Oder doch die Diagnose:<br><em>Unsere Welt ist aus den Fugen.<\/em><br><em> Eine Katastrophe jagt die n\u00e4chste.<\/em><br><em> Egoismus und Wahnsinn macht kaputt, was andere m\u00fchsam aufgebaut haben.<\/em><\/p>\n\n\n\n<p>Liebe Gemeinde,<br>wir leben in beiden Welten. Aber so kurz vor Weihnachten ist uns die eine lieber als die andere. Da h\u00f6ren wir lieber die Worte von Paulus \u00fcber die Freude und die Sorglosigkeit, als die n\u00e4chsten Hiobsbotschaften in den Nachrichten.<br>Weil die beiden Welten halt so gar nicht zusammenpassen:<br>Pl\u00e4tzchenbacken und Ebola.<br>Stohstern und Fl\u00fcchtlingscamps.<br>Da ist es verst\u00e4ndlich, wenn man das ganze Elend lieber mal ausblendet f\u00fcr ein paar beschauliche Wochen im Advent und \u00fcber die Feiertage.<\/p>\n\n\n\n<p><em><strong>Wenn sich widerspr\u00fcchliche Welten ber\u00fchen<\/strong><\/em><\/p>\n\n\n\n<p>Aber passen diese Welten wirklich gar nicht zusammen?<br>Oder geh\u00f6ren sie vielleicht genau deshalb zusammen, weil sie so gegens\u00e4tzlich sind?<br>Wie eben zwei Puzzleteile, die nur dann zusammenpassen, wenn beim einen genau die W\u00f6lbung fehlt, die das andere Puzzleteil hat.<\/p>\n\n\n\n<p>Da wird ein junges M\u00e4dchen, das von ihren Eltern schon fest einem Mann versprochen war, kurz vor der Hochzeit schwanger &#8211; aber dummerweise nicht von ihrem Zuk\u00fcnftigen. Das ist ein menschliches Drama, heutzutage ein passendes Szenario f\u00fcr die Boulevardpresse, &#8211; und vor 2000 Jahren wird so eine Situation f\u00fcr die Betroffene nicht weniger dramatisch gewesen sein. Und doch: Als Maria das widerf\u00e4hrt (im Evangelium haben wird das geh\u00f6rt), finden wir nach dem anf\u00e4nglichen Entsetzen, einige Tage sp\u00e4ter in unserer Bibel&nbsp; einen gro\u00dfartigen Lobgesang, in dem Maria Gott lobt, f\u00fcr alles, was er tut.<br>Unsere Bibel verschweigt ja nicht, dass Josef auch zun\u00e4chst geschockt war, aber er, wie auch Maria haben entdeckt, dass diese schwierige Situation eben Teil eines gr\u00f6\u00dferen Ganzen ist, an dem sie Anteil haben.<\/p>\n\n\n\n<p>Und unser heutiger Predigttext, der ja so harmonisch klingt, der so viel Positives ausstrahlt, so ein Grundvertrauen, dass alles gut wird &#8211; den hat Paulus im Gef\u00e4ngnis verfasst. In einer Situation, in der er damit rechnen musste, in den kommenden Wochen verurteilt und hingerichtet zu werden. Da w\u00e4re Grund genug zum Zetern und Jammern und Klagen. Aber Paulus spricht von Freude, Gottvertrauen, Friede und Zuversicht.<\/p>\n\n\n\n<p>Immer wieder erleben wir eine Welt, die in zwei H\u00e4lften auseinanderf\u00e4llt, die dem Anschein nach nicht zusammenpassen. Weil sie sich manchmal derart widersprechen dass es beim Zusammendenken schon weh tut.<\/p>\n\n\n\n<p>Das ist, liebe Gemeinde, manchmal ja auch bei Menschen so. Dass man an ein-und-denselben Menschen Seiten entdeckt, die man beim besten Willen nicht zusammendenken kann. Da gibts den kaltbl\u00fctigen Manager, der ohne Skrupel Firmenanteile ohne R\u00fccksicht auf die Zukunft der Angestellten verschachert, aber zusammen mit seiner Tochter weint, weil der Hamster gestorben ist.<\/p>\n\n\n\n<p>Vieles bekommen wir nicht zusammen &#8211; und wir m\u00fcssen es wohl auch nicht zusammen-denken k\u00f6nnen. Es reicht schon wenn wir es nebeneinander stehen lassen und uns \u00fcberlegen, wie wir mit diesen unterschiedlichen Welt-H\u00e4lften umgehen.<\/p>\n\n\n\n<p>Vielleicht wie Paulus, von dem unser Predigttext ja stammt. Er wei\u00df darum, dass seine Situation brandgef\u00e4hrlich ist, da redet er auch nichts sch\u00f6n Aber er r\u00fcckt das in den Vordergrund, was f\u00fcr ihn das gr\u00f6\u00dfere Gewicht hat: Die Hoffnung auf Gott, sein Glaube, dass er in Gottes Hand ist. Und wenn man will, kann man an einigen Stellen erkennen, wie seine Worte des Vertrauens nat\u00fcrlich auch ihr Licht auf diese andere Welt werfen.<\/p>\n\n\n\n<p>Das m\u00f6chte ich einmal versuchen. Die vertrauensvollen Worte des Paulus Ihnen noch einmal vorzulesen, und dann ein bisschen zwischen den Zeilen zu lesen &#8211; entdecken, wie dieser Text, der eigentlich in der harmonischen Welt der Liebe und des Glaubens daheim ist, sehr genau diese chaotische Welt im blick hat:<\/p>\n\n\n\n<p><span style=\"color: #008000;\"><em>Freuet euch in dem Herrn allewege, und abermals sage ich: Freuet euch!<\/em><\/span><br>Ihr wisst doch: Wir machen ja nichts dadurch besser, dass wir uns stets vom Negativen beeindrucken lassen. Gott liebt euch und l\u00e4sst euch auch in Schwierigkeiten nicht allein. Darum habt ihr zuallerst Grund, froh zu sein.<\/p>\n\n\n\n<p><span style=\"color: #339966;\"><em>Eure G\u00fcte lasst kund sein allen Menschen!<\/em><\/span><br>Auch wenn ihr Ablehnung und Lieblosigkeit erlebt: Wenn ihr B\u00f6ses mit B\u00f6sem vergeltet, werdet ihr absolut nichts zum Besseren wenden. Lernt von Jesus, der mit Liebe die Herzen der Menschen gewonnen hat.<\/p>\n\n\n\n<p><span style=\"color: #008000;\"><em>Der Herr ist nahe!<\/em><\/span><br>Ich seid nicht allein. Und auch diese Welt ist in seiner Hand. Auch wenn du nicht verstehst, was geschieht &#8211; denke daran, dass kein Spatz vom Dach f\u00e4llt, ohne dass Gott davon wei\u00df.<\/p>\n\n\n\n<p><span style=\"color: #008000;\"><em>Sorgt euch um nichts, sondern in allen Dingen lasst eure Bitten in Gebet und Flehen mit Danksagung vor Gott kundwerden!<\/em><\/span><br>Nutzt das Gebet. Ihr k\u00f6nnt Gott danken. In Gebet k\u00f6nnt ihr eure Sorgen loswerden. Und im Gebet k\u00f6nnt ihr erbitten, was euch wichtig ist. H\u00f6rt nicht auf zu beten, auch wenn es oft vergeblich scheint.<\/p>\n\n\n\n<p><span style=\"color: #008000;\"><em>Und der Friede Gottes, der h\u00f6her ist als alle Vernunft, bewahre eure Herzen und Sinne in Christus Jesus.<\/em><\/span><br>All unsere Logik und unser Verstehen hat seine Grenzen. Gott ist gr\u00f6\u00dfer.<br>Aber wir wollen uns an Jesus festhalten, und darin Frieden finden, auch mit Situationen, die wir gerne anders h\u00e4tten, aber f\u00fcr deren Ver\u00e4nderungen unsere Kraft nicht reicht.<\/p>\n\n\n\n<p>Amen.<\/p>\n","protected":false},"excerpt":{"rendered":"<p>Paulus verstr\u00f6mt mit seinen Zeilen Hoffnung und Zuversicht, obwohl er gerade selbst in einer sehr bedr\u00e4ngenden Situation steckt. Wie bekommen wir Weihnachtsfreude und die Nachrichten von IS und brennenden Asylunterk\u00fcnften in Vorra zusammen? Predigt von zwei Welten, die vielleicht deshalb zusammengeh\u00f6ren, weil sie scheinbar nichts gemeinsam haben. <a class=\"continue-reading-link\" href=\"https:\/\/www.pastors-home.de\/?p=2193\">ich will weiterlesen<\/a><\/p>\n","protected":false},"author":1,"featured_media":2195,"comment_status":"open","ping_status":"open","sticky":false,"template":"","format":"standard","meta":{"jetpack_post_was_ever_published":false,"_jetpack_newsletter_access":"","_jetpack_dont_email_post_to_subs":false,"_jetpack_newsletter_tier_id":0,"_jetpack_memberships_contains_paywalled_content":false,"_jetpack_memberships_contains_paid_content":false,"footnotes":"","jetpack_publicize_message":"","jetpack_publicize_feature_enabled":true,"jetpack_social_post_already_shared":true,"jetpack_social_options":{"image_generator_settings":{"template":"highway","default_image_id":0,"font":"","enabled":false},"version":2}},"categories":[23],"tags":[746,86,401,402],"class_list":["post-2193","post","type-post","status-publish","format-standard","has-post-thumbnail","hentry","category-predigten-2014","tag-4-advent","tag-advent","tag-phil","tag-philipper"],"jetpack_publicize_connections":[],"jetpack_featured_media_url":"https:\/\/i0.wp.com\/www.pastors-home.de\/wp-content\/uploads\/2014\/12\/advent4.jpg?fit=500%2C760&ssl=1","jetpack_sharing_enabled":true,"jetpack_shortlink":"https:\/\/wp.me\/p4BNB2-zn","jetpack_likes_enabled":true,"_links":{"self":[{"href":"https:\/\/www.pastors-home.de\/index.php?rest_route=\/wp\/v2\/posts\/2193","targetHints":{"allow":["GET"]}}],"collection":[{"href":"https:\/\/www.pastors-home.de\/index.php?rest_route=\/wp\/v2\/posts"}],"about":[{"href":"https:\/\/www.pastors-home.de\/index.php?rest_route=\/wp\/v2\/types\/post"}],"author":[{"embeddable":true,"href":"https:\/\/www.pastors-home.de\/index.php?rest_route=\/wp\/v2\/users\/1"}],"replies":[{"embeddable":true,"href":"https:\/\/www.pastors-home.de\/index.php?rest_route=%2Fwp%2Fv2%2Fcomments&post=2193"}],"version-history":[{"count":7,"href":"https:\/\/www.pastors-home.de\/index.php?rest_route=\/wp\/v2\/posts\/2193\/revisions"}],"predecessor-version":[{"id":4929,"href":"https:\/\/www.pastors-home.de\/index.php?rest_route=\/wp\/v2\/posts\/2193\/revisions\/4929"}],"wp:featuredmedia":[{"embeddable":true,"href":"https:\/\/www.pastors-home.de\/index.php?rest_route=\/wp\/v2\/media\/2195"}],"wp:attachment":[{"href":"https:\/\/www.pastors-home.de\/index.php?rest_route=%2Fwp%2Fv2%2Fmedia&parent=2193"}],"wp:term":[{"taxonomy":"category","embeddable":true,"href":"https:\/\/www.pastors-home.de\/index.php?rest_route=%2Fwp%2Fv2%2Fcategories&post=2193"},{"taxonomy":"post_tag","embeddable":true,"href":"https:\/\/www.pastors-home.de\/index.php?rest_route=%2Fwp%2Fv2%2Ftags&post=2193"}],"curies":[{"name":"wp","href":"https:\/\/api.w.org\/{rel}","templated":true}]}}