{"id":1620,"date":"2003-12-25T22:05:08","date_gmt":"2003-12-25T20:05:08","guid":{"rendered":"http:\/\/pastors-home.de\/?p=1620"},"modified":"2014-06-02T22:10:12","modified_gmt":"2014-06-02T20:10:12","slug":"predigt-zum-bild-ein-lichtstrahl-im-dunkeln-von-barbara-helfer-25-dezember-2003-weihnachten-2003","status":"publish","type":"post","link":"https:\/\/www.pastors-home.de\/?p=1620","title":{"rendered":"Predigt zum Bild &#8222;Ein Lichtstrahl im Dunkeln&#8220; von Barbara Helfer, 25. Dezember 2003, Weihnachten 2003"},"content":{"rendered":"<p align=\"JUSTIFY\">Liebe Gemeinde,<\/p>\n<p align=\"JUSTIFY\">ist das ein<a href=\"https:\/\/i0.wp.com\/pastors-home.de\/wp-content\/uploads\/2014\/06\/pred_lichtstrahl.jpg\"><img data-recalc-dims=\"1\" loading=\"lazy\" decoding=\"async\" data-attachment-id=\"1621\" data-permalink=\"https:\/\/www.pastors-home.de\/?attachment_id=1621\" data-orig-file=\"https:\/\/i0.wp.com\/www.pastors-home.de\/wp-content\/uploads\/2014\/06\/pred_lichtstrahl.jpg?fit=178%2C255&amp;ssl=1\" data-orig-size=\"178,255\" data-comments-opened=\"1\" data-image-meta=\"{&quot;aperture&quot;:&quot;0&quot;,&quot;credit&quot;:&quot;&quot;,&quot;camera&quot;:&quot;&quot;,&quot;caption&quot;:&quot;&quot;,&quot;created_timestamp&quot;:&quot;0&quot;,&quot;copyright&quot;:&quot;&quot;,&quot;focal_length&quot;:&quot;0&quot;,&quot;iso&quot;:&quot;0&quot;,&quot;shutter_speed&quot;:&quot;0&quot;,&quot;title&quot;:&quot;&quot;,&quot;orientation&quot;:&quot;0&quot;}\" data-image-title=\"pred_lichtstrahl\" data-image-description=\"\" data-image-caption=\"\" data-large-file=\"https:\/\/i0.wp.com\/www.pastors-home.de\/wp-content\/uploads\/2014\/06\/pred_lichtstrahl.jpg?fit=178%2C255&amp;ssl=1\" class=\"alignright size-full wp-image-1621\" src=\"https:\/\/i0.wp.com\/pastors-home.de\/wp-content\/uploads\/2014\/06\/pred_lichtstrahl.jpg?resize=178%2C255\" alt=\"pred_lichtstrahl\" width=\"178\" height=\"255\" srcset=\"https:\/\/i0.wp.com\/www.pastors-home.de\/wp-content\/uploads\/2014\/06\/pred_lichtstrahl.jpg?w=178&amp;ssl=1 178w, https:\/\/i0.wp.com\/www.pastors-home.de\/wp-content\/uploads\/2014\/06\/pred_lichtstrahl.jpg?resize=105%2C150&amp;ssl=1 105w, https:\/\/i0.wp.com\/www.pastors-home.de\/wp-content\/uploads\/2014\/06\/pred_lichtstrahl.jpg?resize=104%2C150&amp;ssl=1 104w\" sizes=\"auto, (max-width: 178px) 100vw, 178px\" \/><\/a> Weihnachtsbild? Passt das zu Weihnachten? Eigentlich k\u00f6nnte man bei diesen Gem\u00e4lde von Barbara Helfer fast erschaudern. Dunkelheit und D\u00fcsterkeit fast \u00fcberall.<\/p>\n<p align=\"JUSTIFY\">Bedrohlich sind dunkle Wolken aufgezogen.\u00a0 Graue, schwarze und dunkelblaue Schleier ziehen sich durch Bild. So, als wenn sich ein furchtbares Unwetter zusammenbrauen w\u00fcrde. <!--more--><\/p>\n<p align=\"JUSTIFY\">\u00a0Viel kann man auf diesem Bild, auf der Welt, die die K\u00fcnstlerin gemalt hat, nicht erkennen. Die Dunkelheit scheint zu dominieren . So etwas zu betrachten macht eher traurig als froh, passt er nicht in meine Erwartung von Weihnachten.<\/p>\n<p align=\"JUSTIFY\">Auf der anderen Seite stimmt es ja eigentlich: Es ist ziemlich oft ziemlich dunkel in unserer Welt.\u00a0 Nicht nur, weil wir jetzt die so genannte dunkle Jahreszeit haben, sondern weil es auch immer wieder viel Dunkles gibt, viel Bedauernswertes, viel Trauriges. So etwas macht unsere Welt dunkel.<\/p>\n<p align=\"JUSTIFY\">\u00a0Das Gem\u00e4lde hei\u00dft &#8222;ein Lichtstrahl im Dunkeln&#8220;. Und der Lichtstrahl ist auch deutlich zu sehen. Von irgendwo aus der Ferne nimmt er seinen Ausgang, und trifft an der Stelle dieses Stalls unsere Erde.<\/p>\n<p align=\"JUSTIFY\">Er durchbricht das Dunkel dieser Welt; und dort wo er den Boden ber\u00fchrt, da wird es pl\u00f6tzlich hell. Ungew\u00f6hnlich hell.<\/p>\n<p align=\"JUSTIFY\">Die Menschen, die das beobachten sind auch auf dem Bild zu sehen. Mir scheint, als stehen sie fasziniert und ehrf\u00fcrchtig vor dieser Erscheinung. Die Herrlichkeit des Lichts zieht sie an, und zugleich halten die respektvoll Abstand, zu ungew\u00f6hnlich ist das, was da passiert.<\/p>\n<p align=\"JUSTIFY\">\u00a0<strong><em>Ein kosmisches Geschehen<\/em><\/strong><\/p>\n<p align=\"JUSTIFY\">Dieses Bild macht f\u00fcr mich etwas deutlich, was man sonst ganz gerne in theologischen Fachbegriffen beschreibt. Die Pfarrer reden davon, dass die Geburt Jesu Christi ein kosmisches Geschehen ist, indem sich Gott offenbart.<\/p>\n<p align=\"JUSTIFY\">Was man damit meint, zeigt unser Bild:<\/p>\n<p align=\"JUSTIFY\">Das Licht im Stall kommt nicht aus dem r\u00fchrenden Geschehen um Maria und Joseph, um das Kind in der Krippe oder um Ochs und Esel. Es wird im Stall deshalb so hell, weil sich in dieser Welt etwas Wichtiges getan hat: Weil ein Lichtstrahl sich von Gott aus aufgemacht hat, die Weiten des Weltalls durchpfl\u00fcgt hat, an dem, was oft so sch\u00f6n und paradiesisch ist vorbei gezogen ist, und sich letztlich in dieser dunklen\u00a0 Situation im Stall von Bethlehem auf unserer Erde niedergelassen hat.<\/p>\n<p align=\"JUSTIFY\">\n<p align=\"JUSTIFY\">Dieses Kind hat sein Licht, hat seine einmalige Ausstrahlung allein von Gott her, sein Licht leuchtet uns aus dem Stall entgegen. Das hei\u00dft: Wenn wir Gottes Licht sehen wollen, dann brauchen wir nicht in die Weite des Weltraums blicken, es reicht der Blick in die Krippe. Dort finden wir das Licht, das Gott uns Menschen gesandt hat.<\/p>\n<p align=\"JUSTIFY\">\n<p align=\"JUSTIFY\">Im Johannesevangelium hei\u00dft es am Anfang: In ihm war das Leben, und das Leben war das\u00a0 Licht der Menschen. Und das Licht scheint in der Finsternis, und die Finsternis hat&#8217;s nicht ergriffen.Das war das wahre Licht, das alle Menschen erleuchtet, die in diese Welt kommen. Er war in der Welt, und die Welt ist durch ihn gemacht; aber die Welt erkannte ihn nicht. Er kam\u00a0 in sein Eigentum; und die Seinen nahmen ihn nicht auf. Wie viele ihn aber aufnahmen, denen gab er Macht,\u00a0 Gottes Kinder zu werden, denen, die an seinen Namen glauben.<\/p>\n<p align=\"JUSTIFY\">Um dieses Licht dreht sich alles, was wir in unserer Kirche tun. Zum Beispiel, wenn wir von Gott reden wollen: Dann tun wir gut daran, auf dieses Licht zu blicken, auf diesen Jesus Christus, in dem das Licht Gottes auf unsere Erde gekommen ist. Von ihm wissen wir viel, \u00fcber ihn k\u00f6nnen wir viel in der Bibel lesen. In seinem Licht erkennen wir den unsichtbaren Gott.<\/p>\n<p align=\"JUSTIFY\">\u00a0Ein anderer Punkt, den die Theologen immer wieder hochhalten, ist auch in diesem Bild zu sp\u00fcren: Der Ausgangspunkt des Lichts scheint fern und geheimnisvoll. Wo Gott wohnt, dort k\u00f6nnen wir nicht hinkommen, werden dort nicht hineinblicken k\u00f6nnen, werden auch seine Gedanken und Wege nicht ergr\u00fcnden k\u00f6nnen.<\/p>\n<p align=\"JUSTIFY\">Wir bleiben darauf angewiesen, uns an dieses Licht Gottes auf unserer Erde zu halten, auf Jesus Christus zu schauen, und von ihm her zu verstehen, was Gott von uns will. Was er uns sagen will, was er von uns verlangt.<\/p>\n<p align=\"JUSTIFY\">\n<p align=\"JUSTIFY\"><em><strong>Licht zieht an<\/strong><\/em><\/p>\n<p align=\"JUSTIFY\">\u00a0Ich werfe noch einmal einen Blick auf diesen Stall. Ich merke, dass mich dieses Licht anzieht, am liebsten w\u00fcrde ich auch dort hingehen und schauen, was dort zu sehen ist. Licht zieht Menschen an, vielleicht deshalb weil wir in unserem Innersten wissen, dass wir auf Licht angewiesen sind. Vielleicht auch deshalb, weil wir manchmal den Eindruck haben, dass es um uns herum eher d\u00fcster und dunkel ist.<\/p>\n<p align=\"JUSTIFY\">Es ist eine Binsenweisheit, aber trotzdem ist sie wahr: Erst im Kontrast zu Dunkelheit lernen wir das Licht sch\u00e4tzen. Damit k\u00f6nnte ich mir auch erkl\u00e4ren, deshalb wir uns gerade im dunklen Winter so sehr nach Kerzen und nach Licht sehnen.<\/p>\n<p align=\"JUSTIFY\">\n<p align=\"JUSTIFY\">Weihnachten als das Fest des Lichts in unserer Welt als &#8222;Licht-Therapie&#8220; f\u00fcr unsere Seelen. Eine Feier, die es in uns, wo es auch oft dunkel aussieht, wieder hell machen will. Dabei m\u00fcssen wir aber aufpassen: So eine Lichttherapie kann man nicht mit jeder billigen Funzel machen. Auffallenderweise werden bei uns Jahr f\u00fcr Jahr in der Adventszeit und Weihnachtszeit mehr L\u00e4mpchen, Leuchtsterne, Lichterketten, beleuchtete Weihnachtsm\u00e4nner und Wihnachtsfrauen und sonstiges Licht-Werkzeuge verkauft und in die Fenster und G\u00e4rten geh\u00e4ngt. Warum?<\/p>\n<p align=\"JUSTIFY\">Weil es uns wirtschaftlich so gut geht und wir deshalb alles erstrahlen lassen wollen? Oder weil diese Lampen vielleicht doch unbewusst ein Ausdruck unserer Sehnsucht nach Licht im Leben sind?\u00a0 Die Antwort muss jeder f\u00fcr sich selber finden.<\/p>\n<p align=\"JUSTIFY\">\u00a0Die K\u00fcnstlerin hat ihre &#8211; biblische &#8211; Antwort auf die Leinwand gemalt:<\/p>\n<p align=\"JUSTIFY\">Das Licht, nach dem sich viele sehnen, die helle Zuversicht, die viele gerne h\u00e4tten, der Lichtstrahl, der in eine Zukunft weist, die \u00fcber unser Leben auf dieser Erde hinausgeht, dieses Licht kommt von Gott, in Bethlehem ist es vor 2000 Jahren auf unserer Erde eingetroffen.<\/p>\n<p>Amen<\/p>\n","protected":false},"excerpt":{"rendered":"<p>Liebe Gemeinde, ist das ein Weihnachtsbild? Passt das zu Weihnachten? Eigentlich k\u00f6nnte man bei diesen Gem\u00e4lde von Barbara Helfer fast erschaudern. Dunkelheit und D\u00fcsterkeit fast \u00fcberall. Bedrohlich sind dunkle Wolken aufgezogen.\u00a0 Graue, schwarze und dunkelblaue Schleier ziehen sich durch Bild. So, als wenn sich ein furchtbares Unwetter zusammenbrauen w\u00fcrde. <a class=\"continue-reading-link\" href=\"https:\/\/www.pastors-home.de\/?p=1620\">ich will weiterlesen<\/a><\/p>\n","protected":false},"author":1,"featured_media":0,"comment_status":"open","ping_status":"open","sticky":false,"template":"","format":"standard","meta":{"jetpack_post_was_ever_published":false,"_jetpack_newsletter_access":"","_jetpack_dont_email_post_to_subs":false,"_jetpack_newsletter_tier_id":0,"_jetpack_memberships_contains_paywalled_content":false,"_jetpack_memberships_contains_paid_content":false,"footnotes":"","jetpack_publicize_message":"Predigt zum Bild \"Ein Lichtstrahl im Dunkeln\" von Barbara Helfer, 25. Dezember 2003, Weihnachten 2003","jetpack_publicize_feature_enabled":true,"jetpack_social_post_already_shared":true,"jetpack_social_options":{"image_generator_settings":{"template":"highway","default_image_id":0,"font":"","enabled":false},"version":2}},"categories":[30,363],"tags":[640,89],"class_list":["post-1620","post","type-post","status-publish","format-standard","hentry","category-predigten-2001-2003","category-symbolpredigt","tag-post-format-image","tag-weihnachten"],"jetpack_publicize_connections":[],"jetpack_featured_media_url":"","jetpack_sharing_enabled":true,"jetpack_shortlink":"https:\/\/wp.me\/p4BNB2-q8","jetpack_likes_enabled":true,"_links":{"self":[{"href":"https:\/\/www.pastors-home.de\/index.php?rest_route=\/wp\/v2\/posts\/1620","targetHints":{"allow":["GET"]}}],"collection":[{"href":"https:\/\/www.pastors-home.de\/index.php?rest_route=\/wp\/v2\/posts"}],"about":[{"href":"https:\/\/www.pastors-home.de\/index.php?rest_route=\/wp\/v2\/types\/post"}],"author":[{"embeddable":true,"href":"https:\/\/www.pastors-home.de\/index.php?rest_route=\/wp\/v2\/users\/1"}],"replies":[{"embeddable":true,"href":"https:\/\/www.pastors-home.de\/index.php?rest_route=%2Fwp%2Fv2%2Fcomments&post=1620"}],"version-history":[{"count":1,"href":"https:\/\/www.pastors-home.de\/index.php?rest_route=\/wp\/v2\/posts\/1620\/revisions"}],"predecessor-version":[{"id":1622,"href":"https:\/\/www.pastors-home.de\/index.php?rest_route=\/wp\/v2\/posts\/1620\/revisions\/1622"}],"wp:attachment":[{"href":"https:\/\/www.pastors-home.de\/index.php?rest_route=%2Fwp%2Fv2%2Fmedia&parent=1620"}],"wp:term":[{"taxonomy":"category","embeddable":true,"href":"https:\/\/www.pastors-home.de\/index.php?rest_route=%2Fwp%2Fv2%2Fcategories&post=1620"},{"taxonomy":"post_tag","embeddable":true,"href":"https:\/\/www.pastors-home.de\/index.php?rest_route=%2Fwp%2Fv2%2Ftags&post=1620"}],"curies":[{"name":"wp","href":"https:\/\/api.w.org\/{rel}","templated":true}]}}