{"id":1602,"date":"2004-09-05T21:21:36","date_gmt":"2004-09-05T19:21:36","guid":{"rendered":"http:\/\/pastors-home.de\/?p=1602"},"modified":"2014-06-02T21:23:57","modified_gmt":"2014-06-02T19:23:57","slug":"predigt-licht-ist-mehr-als-das-fehlen-von-dunkelheit-johannes-812-5-september-2004-taufe-von-lars","status":"publish","type":"post","link":"https:\/\/www.pastors-home.de\/?p=1602","title":{"rendered":"Predigt: Licht ist mehr als das Fehlen von Dunkelheit (Johannes 8,12) 5. September 2004,   Taufe von Lars"},"content":{"rendered":"<p>Liebe Familie N.N., liebe Taufgemeinde<\/p>\n<p><b><i>Wir sehnen uns nach Licht <\/i><\/b><\/p>\n<p>kennen Sie den Grottenolm? &#8211; Im Urlaub haben wir ihn kennen gelernt. Nicht jetzt, sondern schon vor 2 Jahren.<br \/>\nIn einer H\u00f6hle im Harz haben wir eine F\u00fchrung mitgemacht und tief unten in dieser H\u00f6hle waren in einem kleinen T\u00fcmpel ein knappes Dutzend Grottenolme.<br \/>\nSie sehen tats\u00e4chlich so komisch aus, wie sie hei\u00dfen: Wie gebleichte Salamander ohne Augen.<br \/>\nJa &#8230; sie haben keine Augen! Diese seltsamen Tiere leben in absoluter Dunkelheit. &#8211; das ist ein Leben!<!--more--><\/p>\n<p>Seitdem wei\u00df ich, was ein Grottenolm ist, und ich wei\u00df auch, dass ich kein Grottenolm bin. Denn ich brauche Licht, ich brauche die Sonne zum Leben ; und die anderen Menschen auf diesem Planeten auch.<\/p>\n<p>Licht ist lebenswichtig f\u00fcr uns Menschen. Nicht nur, weil es zum Wachstum der Pflanzen und unser Weltklima wichtig ist.<br \/>\nWenn es hell ist, wird unsere Stimmung heller. Wenn drau\u00dfen die Sonne scheint, dann werden im Hause N. die Geschwister von Lars in den Garten raus wollen &#8211; weils eben so sch\u00f6n in der Sonne ist.<br \/>\nF\u00fcr ein Fest, wie die Taufe heute w\u00fcnschen wir uns darum auch ein sonniges Wetter.<br \/>\nUnd nicht umsonst fahren viele Leute im Urlaub da hin, wo die Sonne scheint, ans Mittelmeer oder sonst in den S\u00fcden.<\/p>\n<p>Umgekehrt hat so Mancher schon mit Bedauern festgestellt: Die Tage werden wieder k\u00fcrzer, es ist abends nicht mehr so lange hell. &#8230; Das ist auch ein kleiner Abschied vom Licht.<br \/>\nDer Sonnenschein hat einfach etwas sch\u00f6nes, etwas lebensbejahendes.<\/p>\n<p>Vom Licht spricht auch der Taufspruch f\u00fcr Lars:<br \/>\nIch bin das Licht der Welt, wer mir nachfolgt, der wird nicht wandeln in der Finsternis, sondern Licht des Lebens haben.<\/p>\n<p>Jesus sagt, dass bei ihm das Licht ist, dass unser Leben hell machen soll. Ein Licht von ganz anderer Qualit\u00e4t, als unser Sonnenlicht &#8211; aber genauso wichtig.<\/p>\n<p>Was f\u00fcr ein Licht ist es denn, dass Jesus zu bieten hat?<\/p>\n<p>Die Frage l\u00e4sst sich am leichtesten beantworten, wenn man \u00fcberlegt, was Jesus damit meint, wenn er davon spricht dass mit ihm nicht in der Finsternis wandelt.<\/p>\n<p><i><b>Die Finsternis erscheint unvermeidbar<\/b><\/i><\/p>\n<p>Finsternis, die w\u00fcnscht man niemanden.<br \/>\nDa denke ich an Traurigkeit und Trostlosigkeit.<br \/>\nAn Verlust, von Menschen oder Dingen.<br \/>\nAn Krankheit oder Ungl\u00fcck.<br \/>\nOft spricht man da von \u201edunklen Stunden&#8220;.<\/p>\n<p>Ganz d\u00fcster wurde es in der letzten Woche f\u00fcr viele Menschen in der s\u00fcdrussischen Stadt Beslan. Das, was sich da\u00a0 abgespielt hat, geh\u00f6rte zu den bisher als unvorstellbar gehaltenen Albtr\u00e4umen von Eltern. Zu wissen, dass das eigene Kind in der Gewalt von skupellosen Terroristen ist, denen das Leben ihrer Geiseln egal ist.<br \/>\nZu sp\u00fcren, dass man hilflos ist, dass der Staat genauso hilflos erscheint,\u00a0 dass man ohnm\u00e4chtig daneben steht und nur hoffen &#8230; im besten Fall noch beten kann.<\/p>\n<p>Finsternis macht mir Angst.<br \/>\nUnd oft sp\u00fcre ich in mir den Impuls, etwas gegen die Gefahr der Finsternis zu tun. Wir Eltern wollen ja unsere Kinder bewahren.<\/p>\n<p>Wir versorgen und umsorgen sie; und wir sorgen vor:<br \/>\n~ die Lebensversicherung, falls dem Papa was passiert<br \/>\n~ die Unfallversicherung f\u00fcrs Kind<br \/>\n~ bei den Kleinen werden Steckdosensicherungen eingebaut und ein Gitter vor die steile Treppe geschraubt.<br \/>\n~ Im Auto wird das Kind hinten im Kindersitz festgezurrt<br \/>\n~ Und wir erkl\u00e4ren unseren Kindern die Welt: Sagen, was richtig und falsch ist, wo Gefahren lauern und zeigen, wo man unbesorgt herumtollen kann.<\/p>\n<p>Und das ist tats\u00e4chlich alles wichtig.<br \/>\nAber zugleich ahnen wir es schon: Wir k\u00f6nnen tun, was wir wollen &#8230; letztlich haben wir es nicht in der Hand.<\/p>\n<p>Liebe Taufgemeinde,<br \/>\nauch unser Glaube an Jesus Christus ist keine Versicherung gegen Erfahrungen von Dunkelheit. Die l\u00e4sst sich nicht vermeiden. Auch als Christ kann es mich mit mitsamt meinem Gottvertrauen in dunkle T\u00e4ler verschlagen.<br \/>\nAber durch den Glauben habe ich auch in solchen dunklen Abschnitten noch ein Licht dabei. Das Licht der Hoffnung.<br \/>\nDas Licht, das sich an einer Gewissheit entz\u00fcnden l\u00e4sst: Da gibt es einen, der gr\u00f6\u00dfer ist, als das Ungl\u00fcck, das mich da ereilt hat.<br \/>\nDann ist es eben nicht mehr zappenduster, sondern da ist noch Licht.<\/p>\n<p><i><b>Licht ist mehr als das das Fehlen von Dunkelheit<\/b><\/i><\/p>\n<p>Aber gehen wir einmal weg von diesen d\u00fcsteren Gedanken.<br \/>\nDenn im Taufspruch geht es ja ums Licht: \u201eIch bin das Licht der Welt, wer mir nachfolgt, der wird nicht wandeln in der Finsternis, sondern Licht des Lebens haben.&#8220;<\/p>\n<p>Erinnern wir uns an das, was ich zu Beginn \u00fcber das Licht gesagt habe:<br \/>\nWir genie\u00dfen das Licht als Licht &#8230; nicht nur als Fehlen von Dunkelheit.<br \/>\nChrist zu sein, getauft sein, zu Jesus zu geh\u00f6ren das bringt eben auch Licht ins Leben eines Menschen.<\/p>\n<p>&#8211; Gottes N\u00e4he kann mir Mut und Ausdauer geben, wenn ich neue Herausforderungen anpacke. Im Gebet kann ich Kraft tanken und Orientierung finden.<br \/>\n&#8211; Weil Gott von meiner Taufe an \u201eja&#8220; zu mir sagt, darf ich auch selbstbewusst sein, kann ich zu meinen eigenen Eigenheiten und Schw\u00e4chen stehen. Kann mich von ihm geliebt f\u00fchlen.<br \/>\n&#8211; Und weil ich mich von Gott ohne wenn und aber geliebt wei\u00df, kann ich auch diese Liebe an andere weitergeben. Eigentlich auch unabh\u00e4ngig davon ob der andere gerade liebenswert oder anstrengend ist.<br \/>\n&#8211; F\u00fcr die Eltern kann es auch entlastend sein: Wenn wir wissen, dass wir nicht alleine die Verantwortung f\u00fcr alles tragen m\u00fcssen und k\u00f6nnen, was mit unserem Kind geschieht. Auch der Vater im Himmel wacht mit seinem Auge \u00fcber diesem Kind.<\/p>\n<p>In der Taufe sagt Gott ja zu ihrem Sohn Lars.<br \/>\nEr sagt: Ich liebe dich, seit du auf dieser Welt bist, auch wenn du noch viel zu klein bist, um mich zu lieben.<br \/>\nAber mit jedem bisschen, das du dich im Glauben zu mir entgegen streckst, wirst du mein Licht und meine W\u00e4rme sp\u00fcren.<\/p>\n<p><i><b>Aufgabe der Eltern und der Patin<\/b><\/i><\/p>\n<p>Als Eltern und Patin k\u00f6nnen sie es dem kleinen Lars erm\u00f6glichen:<br \/>\nDass er ihn kennen lernt, den Mehrwert des Lebens, der nicht vom Sonnenlicht, sondern von der Liebe Gottes kommt.<\/p>\n<p>Wie alle Menschen wird er es am besten lernen, wenn er es von ihnen als Eltern und Patin abschauen kann:<br \/>\nWenn der Glaube etwas unverkrampftes und fr\u00f6hliches ist,<br \/>\nwenn das Gebet nicht Peinliches ist<br \/>\nund man merkt, dass alle sich wohl f\u00fchlen als Christen, die von sich sagen k\u00f6nnen:<br \/>\nJesus Christus ist f\u00fcr uns das Licht der Welt, das Licht f\u00fcr unser Leben.<\/p>\n<p>Amen<!--more--><\/p>\n","protected":false},"excerpt":{"rendered":"<p>Liebe Familie N.N., liebe Taufgemeinde Wir sehnen uns nach Licht kennen Sie den Grottenolm? &#8211; Im Urlaub haben wir ihn kennen gelernt. Nicht jetzt, sondern schon vor 2 Jahren. In einer H\u00f6hle im Harz haben wir eine F\u00fchrung mitgemacht und tief unten in dieser H\u00f6hle waren in einem kleinen T\u00fcmpel\u2026 <a class=\"continue-reading-link\" href=\"https:\/\/www.pastors-home.de\/?p=1602\">ich will weiterlesen<\/a><\/p>\n","protected":false},"author":1,"featured_media":0,"comment_status":"open","ping_status":"open","sticky":false,"template":"","format":"standard","meta":{"jetpack_post_was_ever_published":false,"_jetpack_newsletter_access":"","_jetpack_dont_email_post_to_subs":false,"_jetpack_newsletter_tier_id":0,"_jetpack_memberships_contains_paywalled_content":false,"_jetpack_memberships_contains_paid_content":false,"footnotes":"","jetpack_publicize_message":"Predigt: Licht ist mehr als das Fehlen von Dunkelheit (Johannes 8,12) 5. September 2004,   Taufe von Lars","jetpack_publicize_feature_enabled":true,"jetpack_social_post_already_shared":true,"jetpack_social_options":{"image_generator_settings":{"template":"highway","default_image_id":0,"font":"","enabled":false},"version":2}},"categories":[29],"tags":[352,21,305,319],"class_list":["post-1602","post","type-post","status-publish","format-standard","hentry","category-predigten-2004-2006","tag-joh","tag-johannes","tag-licht","tag-taufe"],"jetpack_publicize_connections":[],"jetpack_featured_media_url":"","jetpack_sharing_enabled":true,"jetpack_shortlink":"https:\/\/wp.me\/p4BNB2-pQ","jetpack_likes_enabled":true,"_links":{"self":[{"href":"https:\/\/www.pastors-home.de\/index.php?rest_route=\/wp\/v2\/posts\/1602","targetHints":{"allow":["GET"]}}],"collection":[{"href":"https:\/\/www.pastors-home.de\/index.php?rest_route=\/wp\/v2\/posts"}],"about":[{"href":"https:\/\/www.pastors-home.de\/index.php?rest_route=\/wp\/v2\/types\/post"}],"author":[{"embeddable":true,"href":"https:\/\/www.pastors-home.de\/index.php?rest_route=\/wp\/v2\/users\/1"}],"replies":[{"embeddable":true,"href":"https:\/\/www.pastors-home.de\/index.php?rest_route=%2Fwp%2Fv2%2Fcomments&post=1602"}],"version-history":[{"count":1,"href":"https:\/\/www.pastors-home.de\/index.php?rest_route=\/wp\/v2\/posts\/1602\/revisions"}],"predecessor-version":[{"id":1603,"href":"https:\/\/www.pastors-home.de\/index.php?rest_route=\/wp\/v2\/posts\/1602\/revisions\/1603"}],"wp:attachment":[{"href":"https:\/\/www.pastors-home.de\/index.php?rest_route=%2Fwp%2Fv2%2Fmedia&parent=1602"}],"wp:term":[{"taxonomy":"category","embeddable":true,"href":"https:\/\/www.pastors-home.de\/index.php?rest_route=%2Fwp%2Fv2%2Fcategories&post=1602"},{"taxonomy":"post_tag","embeddable":true,"href":"https:\/\/www.pastors-home.de\/index.php?rest_route=%2Fwp%2Fv2%2Ftags&post=1602"}],"curies":[{"name":"wp","href":"https:\/\/api.w.org\/{rel}","templated":true}]}}