{"id":1537,"date":"2006-04-09T21:23:49","date_gmt":"2006-04-09T19:23:49","guid":{"rendered":"http:\/\/pastors-home.de\/?p=1537"},"modified":"2022-05-13T23:11:07","modified_gmt":"2022-05-13T21:11:07","slug":"predigt-zur-konfirmation-ihr-seid-das-salz-der-erde-matthaeus-5-13-9-april-2006","status":"publish","type":"post","link":"https:\/\/www.pastors-home.de\/?p=1537","title":{"rendered":"Predigt zur Konfirmation: Ihr seid das Salz der Erde (Matth\u00e4us 5, 13) 9. April 2006"},"content":{"rendered":"\n<div class=\"wp-block-media-text alignwide is-stacked-on-mobile\" style=\"grid-template-columns:52% auto\"><figure class=\"wp-block-media-text__media\"><img data-recalc-dims=\"1\" loading=\"lazy\" decoding=\"async\" width=\"225\" height=\"400\" data-attachment-id=\"1538\" data-permalink=\"https:\/\/www.pastors-home.de\/?attachment_id=1538\" data-orig-file=\"https:\/\/i0.wp.com\/www.pastors-home.de\/wp-content\/uploads\/2014\/06\/konfirm06.jpg?fit=225%2C400&amp;ssl=1\" data-orig-size=\"225,400\" data-comments-opened=\"1\" data-image-meta=\"{&quot;aperture&quot;:&quot;0&quot;,&quot;credit&quot;:&quot;&quot;,&quot;camera&quot;:&quot;&quot;,&quot;caption&quot;:&quot;&quot;,&quot;created_timestamp&quot;:&quot;0&quot;,&quot;copyright&quot;:&quot;&quot;,&quot;focal_length&quot;:&quot;0&quot;,&quot;iso&quot;:&quot;0&quot;,&quot;shutter_speed&quot;:&quot;0&quot;,&quot;title&quot;:&quot;&quot;,&quot;orientation&quot;:&quot;0&quot;}\" data-image-title=\"konfirm06\" data-image-description=\"\" data-image-caption=\"\" data-large-file=\"https:\/\/i0.wp.com\/www.pastors-home.de\/wp-content\/uploads\/2014\/06\/konfirm06.jpg?fit=225%2C400&amp;ssl=1\" src=\"https:\/\/i0.wp.com\/www.pastors-home.de\/wp-content\/uploads\/2014\/06\/konfirm06.jpg?resize=225%2C400&#038;ssl=1\" alt=\"\" class=\"wp-image-1538 size-full\" srcset=\"https:\/\/i0.wp.com\/www.pastors-home.de\/wp-content\/uploads\/2014\/06\/konfirm06.jpg?w=225&amp;ssl=1 225w, https:\/\/i0.wp.com\/www.pastors-home.de\/wp-content\/uploads\/2014\/06\/konfirm06.jpg?resize=169%2C300&amp;ssl=1 169w, https:\/\/i0.wp.com\/www.pastors-home.de\/wp-content\/uploads\/2014\/06\/konfirm06.jpg?resize=84%2C150&amp;ssl=1 84w\" sizes=\"auto, (max-width: 225px) 100vw, 225px\" \/><\/figure><div class=\"wp-block-media-text__content\">\n<p class=\"has-medium-font-size\">Konfirmationspredigt  zu Mt 5,13: Was bedeutet als f\u00fcr mich als Sch\u00fclerIn, wenn ich Salz der Erde sein soll?<\/p>\n<\/div><\/div>\n\n\n\n<p><\/p>\n\n\n<blockquote>\n<p><i>Predigttext: Ihr seid das Salz der Erde. Wenn nun das Salz nicht mehr salzt, womit soll man salzen? Es ist zu nichts mehr n\u00fctze, als da\u00df man es wegsch\u00fcttet und l\u00e4\u00dft es von den Leuten zertreten. (Matth\u00e4us 5,13)<br \/><\/i><\/p>\n<\/blockquote>\n<p>Liebe Konfirmanden,<\/p>\n<p><i>\u201cIhr seid das Salz der Erde<\/i>\u201d sagt Jesus in der Bergpredigt zu seinen Zuh\u00f6rern.\u00a0 Ihr, die ihr an mich glaubt, seid Salz!\u00a0 Naja, ich habe schon mal schmeichelhaftere Komplimente geh\u00f6rt: Du bist ein Goldschatz, eine Superfrau, ein wilder Feger, ein prima Kumpel. &#8211; Wer das h\u00f6rt, freut sich und f\u00fchlt sich geehrt &#8230; aber \u201cdu bist ein Salz!\u201d. Was hat sich Jesus nur dabei gedacht?<!--more--><\/p>\n<p><b>Salz ist wichtig<\/b><\/p>\n<p>Salz als Kompliment? Na gut, wenn ich nochmal nachdenke, ist das Salz ziemlich wichtig:<\/p>\n<p>Zum Beispiel heute beim gemeinsamen Fr\u00fchst\u00fcck:<\/p>\n<p>~ Wenn in der Wurst vom Metzger Wagner das Salz gefehlt h\u00e4tte; ich denke ihr h\u00e4ttet die gleich wieder zur\u00fcckgelegt und w\u00e4rt zur Marmelade \u00fcbergegangen.<\/p>\n<p>~ Oder beim Fr\u00fchst\u00fccksei wird alle Nase lang gefragt: Kannste mir mal das Salz r\u00fcbergeben?<\/p>\n<p>~ Ich m\u00f6chte gar nicht wissen, was heute mittag los w\u00e4re, wenn in der Suppe beim Konfirmationsessen der Koch das Salz vergessen h\u00e4tte!<\/p>\n<p>~ Und viele wissen: Wenn in den Getr\u00e4nken heute nicht diese entscheidenden Milligramm Mineralsalze w\u00e4ren, k\u00f6nntet ihr euch heute nacht ins Krankenhaus legen.<\/p>\n<p>Also: Salz ist unglaublich wichtig. Und: Es wird v\u00f6llig untersch\u00e4tzt! Salz geh\u00f6rt zu den Grundlagen des Lebens auf unserem Planeten.<\/p>\n<p>Jetzt kann ich es ja nochmal sagen: \u201cIhr seid das Salz der Erde\u201d &#8211; Wer an Jesus glaubt geh\u00f6rt zum Salz in der Suppe dieser Welt. Ohne Leute wie euch k\u00f6nnten wir einpacken.<\/p>\n<p>Das klingt jetzt schon ganz anders: Aber stimmt es auch?\u00a0 Ich meine: Christ sein, an Jesus glauben, in die Kirche gehen, das alles hat ja so eher ein Langeweiler-Image.<\/p>\n<p>Stellt euch vor, ihr geht in 15 Tagen nach den Osterferien in die Schule und es spielt sich folgendes ab:<\/p>\n<p><span style=\"color: #ff0000;\"><i>\u201cHey, stell dir vor: Ich bin konfirmiert. Hab offiziell ja zum Glauben gesagt!\u201d\u00a0\u00a0 <\/i><\/span><\/p>\n<p><i>\u201c<span style=\"color: #0099cc;\">Na, was hast du so gekriegt, was ist denn rausgesprungen?\u201d<\/span><\/i><\/p>\n<p><span style=\"color: #ff0000;\"><i>\u201cDer Segen zum Beispiel..\u201d <\/i><\/span><\/p>\n<p><span style=\"color: #0099cc;\"><i>\u201cRed keinen Quatsch, wie viel Euro hast du eingesackt?\u201d<\/i><\/span><\/p>\n<p><span style=\"color: #ff0000;\"><i>\u201cIst doch egal! Wei\u00dft du, ich bin jetzt Salz der Erde\u201d<\/i><\/span><\/p>\n<p><span style=\"color: #0099cc;\"><i>\u201cNa toll, dann kanste ja demn\u00e4chst beim Winterdienst mitmachen &#8211; kannst die Wege damit streuen\u201d<\/i><\/span><\/p>\n<p>Liebe Konfirmanden,<\/p>\n<p>ihr seht, die Sache mit dem Salz der Erde &#8211; so wichtig sie ist &#8211; wird heute oft nicht ernst genommen und damit ma\u00dflos untersch\u00e4tzt . Zur Beruhigung m\u00f6chte ich aber auch sagen. Dem Salz war das aber auch schon immer egal. Es wei\u00df ja, wie wertvoll es ist &#8211; egal ob es die Leute entsprechend anerkennen oder nicht.<\/p>\n<p>\u00a0<\/p>\n<p><b>Salz ist eindeutig im Geschmack<\/b><\/p>\n<p>Nachdem wir die Frage mit der Bedeutung abgehakt haben, m\u00f6chte ich als zweites danach fragen, was denn das Salz zum Salz macht? &#8211; Beim echten Salz ist es ganz klar (ich hole einen kleinen Salzstreuer, bestreue meinen Finger damit und schlecke ihn ab): Es schmeckt nach Salz! &#8230; Und daran erkenne ich es sofort und kann es problemlos von Zucker, Backpulver, Mehl sonstigen Pulvern unterscheiden.\u00a0 Salz hat einen klar definierten Geschmack &#8211; und so schmeckt es immer. Egal ob in Gollhofen, Moskau oder Los Angeles.<\/p>\n<p>Brausepulver, Gummib\u00e4rchen oder Schokolade gibts in Tausend Geschmacksrichtungen &#8211; aber Salz schmeckt immer ganz eindeutig nach Salz.<\/p>\n<p>Wenn wir Christen Salz der Erde sind, dann haben wir auch eine ganz klare Geschmacksrichtung: Ich nenn ihn mal dem Jesus-Geschmack &#8211; und der geh\u00f6rt dazu.<\/p>\n<p>Wenn ich als Christ nach Kreditkartenbetr\u00fcger schmecke, oder nach Drogendealer, nach notorischer L\u00fcgner oder Schl\u00e4ger &#8211; dann passt etwas nicht mehr! Zum Salz der Erde geh\u00f6rt eine klare Geschmacksrichtung. &#8211; Und mache Dinge gehen dann mit mir &#8211; oder eben nicht.<\/p>\n<p>Wenn Leute auf ihren Handys Videos von Gewalttaten tauschen, da frag ich mich, ob ich da wirklich mitmachen muss. Ob ich mir, meiner Seele, meinen n\u00e4chtlichen Tr\u00e4umen so etwas antun muss. Oder ob ich sage: So was anzusehen, so etwas cool zu finden, passt nicht zu mir und meinem Glauben. Ist nicht nach meinem \u201cGeschmack\u201d als Salz der Erde.<\/p>\n<p>Das klingt so ein bisschen nach einem Verbot. Ist es aber nicht. Der Apostel Paulus hat gesagt: Als Christ darf ich grunds\u00e4tzlich alles, &#8230; aber es vertr\u00e4gt sich eben nicht alles mit meinem Geschmack als Salz der Erde.<\/p>\n<p>Ich habe die Erfahrung gemacht, dass es manchmal lohnend ist, nicht jeden Bl\u00f6dsinn mitzumachen, und dass man langfristig eher gesch\u00e4tzt als ausgelacht wird, wenn man seinen eigenen Standpunkt hat und vertritt.<\/p>\n<p>\u00a0<\/p>\n<p><b>Salz sein f\u00fcr die Gemeinschaft<\/b><\/p>\n<p>\u201cIhr seid das Salz der Erde\u201d &#8211; das hei\u00dft auch ich seid Salz f\u00fcr die Erde. Denn das Salz ist naturgem\u00e4\u00df zum salzen da. Es soll eine Suppe aufpeppen, ein Brot lecker machen, den Mineralhaushalt eines Sportlers wieder in Schwung bringen.\u00a0 Salz ist nicht nur f\u00fcr sich selbst, sondern f\u00fcr andere da.<\/p>\n<p>Ihr wart in den letzten 2 Jahren engagierte Salzstreuer in unserer Kirchengemeinde. Ihr habt Klingelbeutel getragen, Gemeindebriefe und Dekanatsbriefe ausgeteilt. Durch das Geld eurer Haussammlungen konnte behinderten Kindern in Rummelsberg geholfen werden, konnten Gemeinden in Mecklenburg ihre Geb\u00e4ude erhalten, wurden Beratungsstellen f\u00fcr Menschen in Notsituationen finanziert. Da war euer Weg jeden Monat von Haus zu Haus eine ordentliche Hilfe. Im Kindergarten beim Kindergartenfest haben einige geholfen und als Bl\u00e4ser im Posaunenchor haben etliche von euch ja auch schon einen guten Eindruck &#8211; einen guten Salzgeschmack &#8211; hinterlassen.<\/p>\n<p>Es w\u00e4re sch\u00f6n, wenn unsere auch weiterhin Gemeinde so manchen Salzkr\u00fcmel von euch erhalten k\u00f6nnte; als Bl\u00e4ser, als Mitarbeiter im Kindergottesdienst oder in der Landjugend. Da ist vieles m\u00f6glich.<\/p>\n<p><b>Die Nachf\u00fcll-Packung<\/b><\/p>\n<p>Das klingt jetzt nach Arbeit und nach einem hohen Anspruch. \u201cDer Pfarrer tut so, als w\u00e4ren wir schon komplette Salzsilos, dabei stehen wir in vielen, auch im Glauben eher am Anfang &#8211; haben selber unsere offene Fragen und Zweifel.\u201d<\/p>\n<p>Da kann ich euch tr\u00f6sten, mir geht es da auch nicht viel anders. Es geht hier nicht um gro\u00dfe Helden, um gro\u00dfe Vorr\u00e4te an Glauben und Bibelwissen. Ich glaube, es geht darum, dass ihr grunds\u00e4tzlich bereit seid, Salz &#8211; und Salzstreuer &#8211; zu sein. Nach \u201cSalz\u201d zu schmecken.<\/p>\n<p>Als Mensch bin ich sie so ein Salzstreuer: Der hat da eine \u00d6ffnung, wo der Hausherr immer wieder nachf\u00fcllen kann (ich hole ein Salzs\u00e4ckchen und f\u00fclle ein wenig nach).<\/p>\n<p>Das geh\u00f6rt f\u00fcr mich zum Glauben dazu: Ich muss nicht alles selber aus eigener Kraft schaffen. Gott ist f\u00fcr mich die Kraft- und Salzquelle.<\/p>\n<p>Bei ihm tanke ich immer wieder auf und lasse mich mit dem versorgen, was ich brauche, um selber wieder Salz der Erde zu sein.<\/p>\n<p>Liebe Konfirmanden,<\/p>\n<p>ich w\u00fcnsche euch, dass ihr so wie dieser Salzstreuer leben k\u00f6nnt.<\/p>\n<p>Dass ihr euch auf der eine Seite Salz verbreitet, den Glauben lebt und man das hie und da auch sp\u00fcren kann.<\/p>\n<p>Und dass ihr auf der anderen Seite offen seid f\u00fcr Gott, damit er euch seine Kraft gibt und ihr sp\u00fcrt, dass ihr von ihm mehr geschenkt bekommt, als ihr \u00fcberhaupt weitergeben k\u00f6nnt.<\/p>\n<p>Amen<\/p>","protected":false},"excerpt":{"rendered":"<p>Konfirmationspredigt  zu Mt 5,13: Was bedeutet als f\u00fcr mich als Sch\u00fclerIn, wenn ich Salz der Erde sein soll? <a class=\"continue-reading-link\" href=\"https:\/\/www.pastors-home.de\/?p=1537\">ich will weiterlesen<\/a><\/p>\n","protected":false},"author":1,"featured_media":1538,"comment_status":"open","ping_status":"open","sticky":false,"template":"","format":"standard","meta":{"jetpack_post_was_ever_published":false,"_jetpack_newsletter_access":"","_jetpack_dont_email_post_to_subs":false,"_jetpack_newsletter_tier_id":0,"_jetpack_memberships_contains_paywalled_content":false,"_jetpack_memberships_contains_paid_content":false,"footnotes":"","jetpack_publicize_message":"Predigt zur Konfirmation: Ihr seid das Salz der Erde (Matth\u00e4us 5, 13) 9. April 2006","jetpack_publicize_feature_enabled":true,"jetpack_social_post_already_shared":true,"jetpack_social_options":{"image_generator_settings":{"template":"highway","default_image_id":0,"font":"","enabled":false},"version":2}},"categories":[29,363],"tags":[11,356,357,528],"class_list":["post-1537","post","type-post","status-publish","format-standard","has-post-thumbnail","hentry","category-predigten-2004-2006","category-symbolpredigt","tag-konfirmation","tag-matthaeus","tag-mt","tag-salz"],"jetpack_publicize_connections":[],"jetpack_featured_media_url":"https:\/\/i0.wp.com\/www.pastors-home.de\/wp-content\/uploads\/2014\/06\/konfirm06.jpg?fit=225%2C400&ssl=1","jetpack_sharing_enabled":true,"jetpack_shortlink":"https:\/\/wp.me\/p4BNB2-oN","jetpack_likes_enabled":true,"_links":{"self":[{"href":"https:\/\/www.pastors-home.de\/index.php?rest_route=\/wp\/v2\/posts\/1537","targetHints":{"allow":["GET"]}}],"collection":[{"href":"https:\/\/www.pastors-home.de\/index.php?rest_route=\/wp\/v2\/posts"}],"about":[{"href":"https:\/\/www.pastors-home.de\/index.php?rest_route=\/wp\/v2\/types\/post"}],"author":[{"embeddable":true,"href":"https:\/\/www.pastors-home.de\/index.php?rest_route=\/wp\/v2\/users\/1"}],"replies":[{"embeddable":true,"href":"https:\/\/www.pastors-home.de\/index.php?rest_route=%2Fwp%2Fv2%2Fcomments&post=1537"}],"version-history":[{"count":2,"href":"https:\/\/www.pastors-home.de\/index.php?rest_route=\/wp\/v2\/posts\/1537\/revisions"}],"predecessor-version":[{"id":5232,"href":"https:\/\/www.pastors-home.de\/index.php?rest_route=\/wp\/v2\/posts\/1537\/revisions\/5232"}],"wp:featuredmedia":[{"embeddable":true,"href":"https:\/\/www.pastors-home.de\/index.php?rest_route=\/wp\/v2\/media\/1538"}],"wp:attachment":[{"href":"https:\/\/www.pastors-home.de\/index.php?rest_route=%2Fwp%2Fv2%2Fmedia&parent=1537"}],"wp:term":[{"taxonomy":"category","embeddable":true,"href":"https:\/\/www.pastors-home.de\/index.php?rest_route=%2Fwp%2Fv2%2Fcategories&post=1537"},{"taxonomy":"post_tag","embeddable":true,"href":"https:\/\/www.pastors-home.de\/index.php?rest_route=%2Fwp%2Fv2%2Ftags&post=1537"}],"curies":[{"name":"wp","href":"https:\/\/api.w.org\/{rel}","templated":true}]}}