{"id":1531,"date":"2006-06-04T21:13:27","date_gmt":"2006-06-04T20:13:27","guid":{"rendered":"http:\/\/pastors-home.de\/?p=1531"},"modified":"2017-10-24T19:00:43","modified_gmt":"2017-10-24T18:00:43","slug":"predigt-der-glaube-ist-und-hat-eine-sprache-1-kor-212-16-4-juni-2006-pfingstsonntag","status":"publish","type":"post","link":"https:\/\/www.pastors-home.de\/?p=1531","title":{"rendered":"Predigt: Der Glaube ist und hat eine Sprache (1. Kor 2,12-16) 4. Juni 2006, Pfingstsonntag"},"content":{"rendered":"<p><b>Predigttext: <\/b><i>1 Kor 2, 12-16<br \/>\n12 Wir aber haben nicht empfangen den Geist der Welt, sondern den Geist aus Gott, dass wir wissen k\u00f6nnen, was uns von Gott geschenkt ist.<br \/>\n13 Und davon reden wir auch nicht mit Worten, wie sie menschliche Weisheit lehren kann, sondern mit Worten, die der Geist lehrt, und deuten geistliche Dinge f\u00fcr geistliche Menschen.<br \/>\n14 Der nat\u00fcrliche Mensch aber vernimmt nichts vom Geist Gottes; es ist ihm eine Torheit und er kann es nicht erkennen; denn es muss geistlich beurteilt werden.<br \/>\n15 Der geistliche Mensch aber beurteilt alles und wird doch selber von niemandem beurteilt.<br \/>\n16 Denn \u00bbwer hat des Herrn Sinn erkannt, oder wer will ihn unterweisen\u00ab? (Jesaja 40,13) Wir aber haben Christi Sinn.<\/i><!--more--><\/p>\n<p>Liebe Gemeinde,<br \/>\nzwei Zeilen aus unserem Predigttext m\u00f6chte ich Ihnen noch einmal vorlesen: \u201cDavon reden wir auch nicht mit Worten, wie sie menschliche Weisheit lehren kann, sondern mit Worten, die der Geist lehrt, und deuten geistliche Dinge f\u00fcr geistliche Menschen. Der nat\u00fcrliche Mensch aber vernimmt nichts vom Geist Gottes; es ist ihm eine Torheit und er kann es nicht erkennen; denn es muss geistlich beurteilt werden.\u201d &#8211; Alles klar?<\/p>\n<p>Falls Sie sich mit dem Verstehen ein bisschen schwer tun, sind Sie in guter Gesellschaft &#8211; denn der Apostel Paulus pr\u00e4sentiert uns hier schon eine kr\u00e4ftige Portion von theologischen Fachchinesisch.<\/p>\n<p>Und das Besondere: Er spricht &#8211; so erscheint es mir &#8211; in diesem Fachchinesich \u00fcber das Problem des theologischen Fachchinesisch. Er spricht in einer Sprache, die niemand versteht \u00fcber das Problem, dass ihn keiner versteht &#8230; mit dem Ergebnis dass ihn sowieso wieder keiner versteht.<\/p>\n<p><b><i>Das Problem der unterschiedlichen Sprache<\/i><\/b><\/p>\n<p>Liebe Gemeinde, was ich hier etwas karikiere hat einen ganz ernsthaften Hintergrund, n\u00e4mlich das Problem, unserer Sprache. Wir sprechen nicht alle die gleiche, und darum tun wir uns manchmal schwer, uns gegenseitig zu verstehen. Und dazu brauche ich nicht erst ins Ausland gehen. Sprachunterschiede gibt es hierzulande genug.<\/p>\n<p>Da gibt es die Fachsprachen. Der Computerexperte spricht von Firewall, USB und Festplattenpartition\u00a0 &#8211; und er Laie wird blass. Der Arzt erz\u00e4hlt vom H\u00e4matom, einer partiellen L\u00e4sion und einem viel zu hohen Gamma-GT-Wert\u00a0 im Blut, und ich als Patient verstehe Bahnhof. Der Landwirt spricht vom Kleberanteil und Sedimentationswert und der Nachbar sieht sp\u00e4testens bei der Nematodentoleranz der Zuckerr\u00fcbe nur noch Fragezeichen.<\/p>\n<p>\u00c4hnlich verwirrend kann es mit den Dialekten sein. Beim Urlaub an der Nordsee erleben wir Franken immer wieder \u00dcberraschungen &#8211; und umgekehrt w\u00e4hnt sich so mancher Norddeutsche bei uns sprachlich schon im Ausland.<\/p>\n<p>Aber denken wir nicht nur an Worte und Begriffe: Sprache ist mehr!<\/p>\n<p>Musik ist auch eine Sprachform.\u00a0 Der eine sch\u00e4tzt die klassische Musik, kann innerhalb einer Symphonie die darin enthaltenen Spannungen, Konflikte, Harmonien und Bewegungen erkennen und f\u00fchlen. Schw\u00e4rmt von Bachs Toccata und Fuge in D-Moll und erkl\u00e4rt , wo sich in Beethovens 6. Sinfonie das Landleben zu Wort meldet. Ein anderer kann mit so etwas gar nichts anfangen, f\u00fcr ihn ist das alles das gleiche Gedudel. Darum hat er beim letzten Eurovisions- Wettbewerb f\u00fcr die Gruselschocker-Hardrockband Lordi gestimmt &#8211; das ist n\u00e4mlich Musik, die fetzt und ihn vom Hocker haut. Es bleibt zu hoffen, dass beide nicht gemeinsam in einem Aufzug stecken bleiben.<\/p>\n<p>Wo sich unsere Sprachen unterscheiden, da ist es mit der Verst\u00e4ndigung schwer. Da missversteht man sich schnell oder versteht den Anderen gleich \u00fcberhaupt nicht. Da geht es eben nicht nur um Worte, die man einfach \u00fcbersetzen kann, sondern darum, dass mit dieser Sprache eben viel mehr und Tiefergehendes verbunden ist. Mit der Sprache, die man spricht ist auch ein bestimmtes Denken und Weltverstehen verbunden.<\/p>\n<p><b><i>Der Glaube hat und ist\u00a0 eine eigene Sprache<\/i><\/b><\/p>\n<p>Und an dieser m\u00f6chte ich wieder zu dem zur\u00fcck, was in unserem Predigttext passiert. Hier sagt Paulus etwas \u00fcber den Glauben und seine Sprache. Dazu m\u00f6chte ich den Satz von vorhin einmal in eine Sprache \u00fcbersetze , wie wir sie in einer Predigt gewohnt sind:<\/p>\n<p>Vom Glauben reden wir nicht in einer Sprache der menschlichen Logik, sondern in der Sprache, die mit Gott rechnet; und die f\u00fcr Leute da ist, die mit Gott rechnen. Der Mensch, der nicht glaubt, wird diese Sprache nie verstehen und sie f\u00fcr unsinnig halten.<\/p>\n<p>Ich meine: Unser Glaube hat seine eigene Sprache und er ist sogar eine eigene Sprache.<\/p>\n<p>Das f\u00e4ngt ganz harmlos an. Da haben wir Begriffe, die haben nur im Glauben einen Sinn und k\u00f6nnen nur durch ihn verstanden werden.<\/p>\n<p>Zum Beispiel der Begriff \u201cWunder\u201d. Man kann es missverstehen als eine Form von \u201cZufall\u201d, von\u00a0 \u201cGl\u00fcck gehabt\u201d oder was auch immer. Wirklich verstehen kann man ihn aber nur aus dem Glauben heraus, wo ich das Wunder als Ereignis verstehe, wo etwas Gutes, etwas Wunderbares, geschieht &#8211; weil Gott es uns geschenkt hat.<\/p>\n<p>Auch \u201cHoffnung\u201d klingt in der Sprache des Glaubens anders als in der Sprache des Mathematik. Es liegt ein Unterschied darin, ob ich einfach entsprechend mathematischer Wahrscheinlichkeit erwarte, dass etwas Bestimmtes passiert; oder ob ich von Gott erhoffe und erbitte, dass sich etwas tut.<\/p>\n<p>Nat\u00fcrlich ist in beiden F\u00e4llen nicht garantiert, dass das Erhoffte passiert, aber ich merke \u201choffen\u201d und \u201choffen\u201d sind wirklich zwei Paar Stiefel.<\/p>\n<p><b><i>Die Sprache des Glaubens verstehen<\/i><\/b><\/p>\n<p>Liebe Gemeinde, ich bin \u00fcberzeugt: Es geht um mehr als nur um Bedeutungsfeinheiten bei bestimmten Begriffen, die mit Glauben zu tun haben.<\/p>\n<p>Eine Sprache \u201ck\u00f6nnen\u201d bedeutet: Ich verstehe, was in dieser Sprache ausgedr\u00fcckt wird. Ich kann den Lauten, die jemand von sich gibt, einen Sinn oder eine Bedeutung entnehmen. Wenn ich die Sprache der Hunde nicht verstehe, h\u00f6re ich nur \u201cWau wau\u201d, aber wei\u00df aber nicht, was da gespielt wird. Wenn ich den Hund gauzen h\u00f6re, wundere ich mich \u00fcber den komischen Klang, aber weil ich ihn nicht verstehe, messe ich ihm keine Bedeutung zu und gehe dar\u00fcber hinweg. &#8211; Vielleicht w\u00e4re es ja wichtig gewesen &#8211; aber ich versteh\u0301s ja nicht &#8211; und ich erfahre nicht, dass der Hund mir sagen wollte \u201cim Keller ist die Wasserleitung geplatzt und die K\u00fchltruhe schwimmt 20 cm unter der Decke\u201d.<\/p>\n<p>Tragisch, wenn man Wichtiges verpasst, weil man die entscheidende Sprache nicht beherrscht.<\/p>\n<p>So frage ich mich: Kann ich den Sonntag wirklich ohne den Glauben verstehen? Oder bleibt mit das Entscheidende verborgen, weil ich ihn nicht verstehe, wenn er mir zufl\u00fcstert, dass er als Ruhetag ein Geschenk Gottes an uns ist?<\/p>\n<p>Kann ich die Sch\u00f6pfung verstehen, wie sie ihren Sch\u00f6pfer lobt, und mir durch ihre N\u00e4he zu ihm auch mitteilt: Pass auf mich auf, ich geh\u00f6re dir nicht, sondern ich bin nur Leihgabe, die du bebauen und bewahren sollst.<\/p>\n<p>Bin ich in der Lage, die Regungen in meinem Gewissen zu entschl\u00fcsseln, die mir als gutes oder schlechtes Gewissen meinen Weg weisen wollen?<\/p>\n<p>Wer die Sprache des Glaubens nicht kennt, der ist taub f\u00fcr viele wichtige Dinge unseres Daseins. In der Sprache des Paulus hei\u00dft es \u201cDer nat\u00fcrliche Mensch aber vernimmt nichts vom Geist Gottes; es ist ihm eine Torheit und er kann es nicht erkennen\u201d<\/p>\n<p><b><i>Pfingsten als Hoffnungszeichen<\/i><\/b><\/p>\n<p>Das klingt tragisch &#8211; und ist es wohl auch. Wenn Menschen mit den Glauben nichts am Hut haben, die Sprache des Glaubens nicht kennen gelernt haben, wenn sie vieles nicht verstehen, nicht mitempfinden k\u00f6nnen.<\/p>\n<p>Da k\u00f6nnte man ja manchmal verr\u00fcckt werden, wenn einem selbst eine Sache des Glaubens ganz wichtig und auch klar erscheint, und der andere steht nur da und zuckt teilnahmslos mit den Schultern. Da kann man erz\u00e4hlen und erkl\u00e4ren und es hilft nichts.<\/p>\n<p>Ja &#8230; so ist es bei den Fremdsprachen. Die fliegen einem nicht einfach zu &#8230;.<\/p>\n<p>Moment mal &#8211; wir haben ja Pfingsten.<\/p>\n<p>Und wenn wir uns das so betrachten hatten die J\u00fcnger Jesu das gleiche Problem: Die Anderen hatten von deren Glauben keine Ahnung. Und noch schlimmer: Die konnten mit dem Aram\u00e4isch der J\u00fcnger nichts anfangen, weil sie ganz andere Muttersprachen hatten.<\/p>\n<p>Und da geschah das Wunder: Verstehen wurde m\u00f6glich &#8211; der heilige Geist als Vermittler, als Dolmetscher f\u00fcr etwas, was wir eigentlich gar nicht \u00fcbersetzen k\u00f6nnen. &#8211; Und siehe da, die Menschen fingen Feuer f\u00fcr den Glauben und verstanden die Sprache des Glaubens.<\/p>\n<p>Es ist schon verr\u00fcckt: Durch den Heiligen Geist passiert etwas, was nach logischem Denken &#8211; auch nach dem, was ich gerade entt\u00e4uscht konstatiert habe &#8211; gar nicht geht.<\/p>\n<p>Aber m\u00f6glich ist es f\u00fcr Gottes Geist offenbar doch &#8211; da ist in der Welt des Glaubens ja doch vieles m\u00f6glich. Und bekommen ich doch wieder Mut, den Glauben weiterzusagen &#8211; zu erz\u00e4hlen, wie ich die Dinge sehe.<\/p>\n<p>Auch wenn ich wei\u00df, dass vieles, was mir im Glauben wichtig ist, f\u00fcr Au\u00dfenstehende nicht unbedingt einleuchtend ist, so will ich es dennoch weitersagen.<\/p>\n<p>Denn das Pfingstfest lehrt mich, immer damit zu rechnen, dass Gottes Geist es m\u00f6glich macht: Dass einem, der bisher \u00fcber meinen Glauben gel\u00e4chelt hat, dann doch einmal ein Licht aufgeht.<\/p>\n<p>Amen<\/p>\n","protected":false},"excerpt":{"rendered":"<p>Predigttext: 1 Kor 2, 12-16 12 Wir aber haben nicht empfangen den Geist der Welt, sondern den Geist aus Gott, dass wir wissen k\u00f6nnen, was uns von Gott geschenkt ist. 13 Und davon reden wir auch nicht mit Worten, wie sie menschliche Weisheit lehren kann, sondern mit Worten, die der\u2026 <a class=\"continue-reading-link\" href=\"https:\/\/www.pastors-home.de\/?p=1531\">ich will weiterlesen<\/a><\/p>\n","protected":false},"author":1,"featured_media":0,"comment_status":"open","ping_status":"open","sticky":false,"template":"","format":"standard","meta":{"jetpack_post_was_ever_published":false,"_jetpack_newsletter_access":"","_jetpack_dont_email_post_to_subs":false,"_jetpack_newsletter_tier_id":0,"_jetpack_memberships_contains_paywalled_content":false,"_jetpack_memberships_contains_paid_content":false,"footnotes":"","jetpack_publicize_message":"Predigt: Der Glaube ist und hat eine Sprache (1. Kor 2,12-16) 4. Juni 2006, Pfingstsonntag","jetpack_publicize_feature_enabled":true,"jetpack_social_post_already_shared":true,"jetpack_social_options":{"image_generator_settings":{"template":"highway","default_image_id":0,"font":"","enabled":false},"version":2}},"categories":[29],"tags":[625,480,526,297],"class_list":["post-1531","post","type-post","status-publish","format-standard","hentry","category-predigten-2004-2006","tag-1-kor","tag-1-korinther","tag-geist","tag-pfingsten"],"jetpack_publicize_connections":[],"jetpack_featured_media_url":"","jetpack_sharing_enabled":true,"jetpack_shortlink":"https:\/\/wp.me\/p4BNB2-oH","jetpack_likes_enabled":true,"_links":{"self":[{"href":"https:\/\/www.pastors-home.de\/index.php?rest_route=\/wp\/v2\/posts\/1531","targetHints":{"allow":["GET"]}}],"collection":[{"href":"https:\/\/www.pastors-home.de\/index.php?rest_route=\/wp\/v2\/posts"}],"about":[{"href":"https:\/\/www.pastors-home.de\/index.php?rest_route=\/wp\/v2\/types\/post"}],"author":[{"embeddable":true,"href":"https:\/\/www.pastors-home.de\/index.php?rest_route=\/wp\/v2\/users\/1"}],"replies":[{"embeddable":true,"href":"https:\/\/www.pastors-home.de\/index.php?rest_route=%2Fwp%2Fv2%2Fcomments&post=1531"}],"version-history":[{"count":1,"href":"https:\/\/www.pastors-home.de\/index.php?rest_route=\/wp\/v2\/posts\/1531\/revisions"}],"predecessor-version":[{"id":1532,"href":"https:\/\/www.pastors-home.de\/index.php?rest_route=\/wp\/v2\/posts\/1531\/revisions\/1532"}],"wp:attachment":[{"href":"https:\/\/www.pastors-home.de\/index.php?rest_route=%2Fwp%2Fv2%2Fmedia&parent=1531"}],"wp:term":[{"taxonomy":"category","embeddable":true,"href":"https:\/\/www.pastors-home.de\/index.php?rest_route=%2Fwp%2Fv2%2Fcategories&post=1531"},{"taxonomy":"post_tag","embeddable":true,"href":"https:\/\/www.pastors-home.de\/index.php?rest_route=%2Fwp%2Fv2%2Ftags&post=1531"}],"curies":[{"name":"wp","href":"https:\/\/api.w.org\/{rel}","templated":true}]}}