{"id":1476,"date":"2007-05-28T21:41:44","date_gmt":"2007-05-28T19:41:44","guid":{"rendered":"http:\/\/pastors-home.de\/?p=1476"},"modified":"2014-05-30T21:47:26","modified_gmt":"2014-05-30T19:47:26","slug":"gottesdienst-am-pfingstmontag-2007-hopp-etz-28-mai-2007","status":"publish","type":"post","link":"https:\/\/www.pastors-home.de\/?p=1476","title":{"rendered":"Gottesdienst am Pfingstmontag 2007: \u201cHopp etz&#8230;\u201d 28. Mai 2007"},"content":{"rendered":"<p><i>Die Texte dieses Gottesdienstes wurden\u00a0 von Pfr. Helmut Spaeth und Pfr. Alexander Seidel entworfen.<a href=\"https:\/\/i0.wp.com\/pastors-home.de\/wp-content\/uploads\/2014\/05\/Pfingsten07c.jpg\"><img data-recalc-dims=\"1\" loading=\"lazy\" decoding=\"async\" data-attachment-id=\"1480\" data-permalink=\"https:\/\/www.pastors-home.de\/?attachment_id=1480\" data-orig-file=\"https:\/\/i0.wp.com\/www.pastors-home.de\/wp-content\/uploads\/2014\/05\/Pfingsten07c.jpg?fit=400%2C300&amp;ssl=1\" data-orig-size=\"400,300\" data-comments-opened=\"1\" data-image-meta=\"{&quot;aperture&quot;:&quot;0&quot;,&quot;credit&quot;:&quot;&quot;,&quot;camera&quot;:&quot;&quot;,&quot;caption&quot;:&quot;&quot;,&quot;created_timestamp&quot;:&quot;0&quot;,&quot;copyright&quot;:&quot;&quot;,&quot;focal_length&quot;:&quot;0&quot;,&quot;iso&quot;:&quot;0&quot;,&quot;shutter_speed&quot;:&quot;0&quot;,&quot;title&quot;:&quot;&quot;,&quot;orientation&quot;:&quot;0&quot;}\" data-image-title=\"Pfingsten07c\" data-image-description=\"\" data-image-caption=\"\" data-large-file=\"https:\/\/i0.wp.com\/www.pastors-home.de\/wp-content\/uploads\/2014\/05\/Pfingsten07c.jpg?fit=400%2C300&amp;ssl=1\" class=\"alignright size-medium wp-image-1480\" src=\"https:\/\/i0.wp.com\/pastors-home.de\/wp-content\/uploads\/2014\/05\/Pfingsten07c-300x225.jpg?resize=300%2C225\" alt=\"Pfingsten07c\" width=\"300\" height=\"225\" srcset=\"https:\/\/i0.wp.com\/www.pastors-home.de\/wp-content\/uploads\/2014\/05\/Pfingsten07c.jpg?resize=300%2C225&amp;ssl=1 300w, https:\/\/i0.wp.com\/www.pastors-home.de\/wp-content\/uploads\/2014\/05\/Pfingsten07c.jpg?resize=150%2C113&amp;ssl=1 150w, https:\/\/i0.wp.com\/www.pastors-home.de\/wp-content\/uploads\/2014\/05\/Pfingsten07c.jpg?resize=200%2C150&amp;ssl=1 200w, https:\/\/i0.wp.com\/www.pastors-home.de\/wp-content\/uploads\/2014\/05\/Pfingsten07c.jpg?w=400&amp;ssl=1 400w\" sizes=\"auto, (max-width: 300px) 100vw, 300px\" \/><\/a><\/i><\/p>\n<p><b><span style=\"text-decoration: underline;\">Szene: Der Couch-Potatoe<br \/>\n<\/span><\/b><i>(Darsteller: A: Der Faulenzer im Jogginganzug; B: der normal gekleidete Fragesteller)<\/i><\/p>\n<p>Sprecher:Jesu Himmelfahrt, haben wir eben geh\u00f6rt. Eigentlich ein sinnvoller Schluss des Weges Jesu mit seinen J\u00fcngern. Jesus ist auferstanden, die J\u00fcnger sind frohund zufrieden &#8230; und Jesus kehrt zur\u00fcck zu seinen himmlischen Vater.<br \/>\nAlles in Ordnung &#8230; die J \u00fcnger sind von da an auf sich gestellt und bew\u00e4ltigen die Arbeit allein.<br \/>\nWozu da noch Pfingsten? Da kommt doch eigentlich nix anderes mehr nach &#8211; oder?<br \/>\nNaja, tats\u00e4chlich k\u00f6nnte man manchmal den Eindruck haben, es h\u00e4tte Pfingsten unter Ausschluss der \u00d6ffentlichkeit stattgefunden. Ohne einen bleibenden Eindruck bei den Menschen zu hinterlassen.\u00a0<!--more--><\/p>\n<p>Hat das Pfingstfest mehr gebracht als einen zus\u00e4tzlichen Feiertag und 2 Wochen Schulferien? Wir haben mal zur Feder gegriffen und uns so einen Menschen ausgedacht &#8230; f\u00fcr den Pfingsten nie stattgefunden hat.<\/p>\n<p>A:<br \/>\n<span style=\"color: #6666cc;\">Was f\u00fcr ein Ungl\u00fcck! Es regnet. Na da werden sich die Gottesdienstler in Lipprichhausen freuen.<br \/>\nIch wusste ja schon von Anfang an, dass es sich nicht lohnen wird \u00fcberhaupt aufzustehen.<br \/>\nUnd dann soll ich auch noch aufraffen, um nach Lipprichhausen zu gehen. Zu einem Open-Air Gottesdienst am Pfingstmontag! Meine Frau ist ja gegangen. Das hat sie jetzt davon.<br \/>\nSo ein Schwachsinn. So etwas hat es fr\u00fcher auch nicht gegeben.<\/span><\/p>\n<p>Na, aber jetzt regnet es. Da muss ich gar nicht hin. Und helfen kann ich schon gar nicht.<br \/>\n\u00dcberhaupt. Wo k\u00e4men wir da hin, wenn jeder macht, was er will.<br \/>\nAch, ich mache es mir erst mal gem\u00fctlich.<br \/>\n<i>(er greift sich die Fernbedienung)<br \/>\n<\/i>So <a href=\"https:\/\/i0.wp.com\/pastors-home.de\/wp-content\/uploads\/2014\/05\/Pfingsten07a.jpg\"><img data-recalc-dims=\"1\" loading=\"lazy\" decoding=\"async\" data-attachment-id=\"1479\" data-permalink=\"https:\/\/www.pastors-home.de\/?attachment_id=1479\" data-orig-file=\"https:\/\/i0.wp.com\/www.pastors-home.de\/wp-content\/uploads\/2014\/05\/Pfingsten07a.jpg?fit=250%2C255&amp;ssl=1\" data-orig-size=\"250,255\" data-comments-opened=\"1\" data-image-meta=\"{&quot;aperture&quot;:&quot;0&quot;,&quot;credit&quot;:&quot;&quot;,&quot;camera&quot;:&quot;&quot;,&quot;caption&quot;:&quot;&quot;,&quot;created_timestamp&quot;:&quot;0&quot;,&quot;copyright&quot;:&quot;&quot;,&quot;focal_length&quot;:&quot;0&quot;,&quot;iso&quot;:&quot;0&quot;,&quot;shutter_speed&quot;:&quot;0&quot;,&quot;title&quot;:&quot;&quot;,&quot;orientation&quot;:&quot;0&quot;}\" data-image-title=\"Pfingsten07a\" data-image-description=\"\" data-image-caption=\"\" data-large-file=\"https:\/\/i0.wp.com\/www.pastors-home.de\/wp-content\/uploads\/2014\/05\/Pfingsten07a.jpg?fit=250%2C255&amp;ssl=1\" class=\"alignright size-full wp-image-1479\" src=\"https:\/\/i0.wp.com\/pastors-home.de\/wp-content\/uploads\/2014\/05\/Pfingsten07a.jpg?resize=250%2C255\" alt=\"Pfingsten07a\" width=\"250\" height=\"255\" srcset=\"https:\/\/i0.wp.com\/www.pastors-home.de\/wp-content\/uploads\/2014\/05\/Pfingsten07a.jpg?w=250&amp;ssl=1 250w, https:\/\/i0.wp.com\/www.pastors-home.de\/wp-content\/uploads\/2014\/05\/Pfingsten07a.jpg?resize=147%2C150&amp;ssl=1 147w\" sizes=\"auto, (max-width: 250px) 100vw, 250px\" \/><\/a>auch mal Bayerischen Rundfunk. Abendschau.<br \/>\nAch. Sogar den Bischof Huber verregnet es. Da siehst du mal. Ich brauche gar nicht erst losfahren, oder mich in Bewegung setzen f\u00fcr die Kirche. Auf dem Hesselberg regnet es genauso wie hier. Hehe denen verregnet es jetzt alle ihre Aktionen. Ich hab\u00b4s ja gleich gesagt: Immer diese neuen Ideen. Am Besten man macht gar nichts.<\/p>\n<p>Ich sag immer: Wer nichts macht, macht auch keine Fehler. Und: Was ich am wenigsten brauchen kann sind Fehler.<br \/>\nWas sagen die Leute, wenn ich mich irgendwo hinstellen w\u00fcrde und mich f\u00fcr den Glauben einsetzen w\u00fcrde.<br \/>\nOder gar als Lektor mich der Kritik Anderer stelle.<br \/>\nNe. Da bin ich hier sicherer. In jeder Gemeinde gibt es bestimmt irgendwelche, die kritisieren. Naja und die Lektoren: die reden ja doch zu leise, und stellen sich dann auch noch vorne hin. M\u00fcssen wohl immer im Vordergrund stehen, he?<\/p>\n<p>B: <i>Kommt dazu<br \/>\n<\/i><span style=\"color: #ff3300;\">Hallo, Couchi.<br \/>\nNa du fauler Sack, Was machst du denn hier? Darf ich? <i>(Zeigt auf den freien Platz auf der Couch)<br \/>\n<\/i>Hey, du l\u00fcmmelst da rumm, w\u00e4hrend anderswo sich viele Leute aufgemacht haben, um einen Gottesdienst zu besuchen.<br \/>\nUnd. Schaust du wenigstens den Fernseh \u2013 Gottesdienst an?<\/span><\/p>\n<p>A:<br \/>\n<span style=\"color: #6666cc;\">Nee. Das lohnt doch nicht. Schau mal her: Selbst beim Bischof am Hesselberg regnet es.<br \/>\nNa ich w\u00e4re doch bl\u00f6d, wenn ich mich von meiner geliebten Couch weg bewegen w\u00fcrde.<\/span><\/p>\n<p>B:<br \/>\n<span style=\"color: #ff3300;\">Na aber Couchi, du wei\u00dft ja gar nicht, was du alles verpasst.<br \/>\nDu h\u00e4ngst hier faul rum und das Leben geht an dir vorbei.<br \/>\nWann hast du denn das letzte Mal etwas getan?<br \/>\nOder etwas geplant?<\/span><\/p>\n<p>A:<br \/>\n<span style=\"color: #6666cc;\">Ach, was solls. Ich habe hier doch alles.<br \/>\nIch brauche gar nichts zu tun. Mein Fernseher schafft mir alles heran.<br \/>\nUnd au\u00dferdem: es langt ja doch, dass ich meine Arbeit habe.<br \/>\nIch gehe jeden Werktag zu meiner Arbeit. Das langt mir.<br \/>\nIch habe genug Geld, ich kann mir was leisten, aber ich will hier sitzen und fernsehen.<\/span><\/p>\n<p>B:<a href=\"https:\/\/i0.wp.com\/pastors-home.de\/wp-content\/uploads\/2014\/05\/Pfingsten07b.jpg\"><img data-recalc-dims=\"1\" loading=\"lazy\" decoding=\"async\" data-attachment-id=\"1478\" data-permalink=\"https:\/\/www.pastors-home.de\/?attachment_id=1478\" data-orig-file=\"https:\/\/i0.wp.com\/www.pastors-home.de\/wp-content\/uploads\/2014\/05\/Pfingsten07b.jpg?fit=300%2C272&amp;ssl=1\" data-orig-size=\"300,272\" data-comments-opened=\"1\" data-image-meta=\"{&quot;aperture&quot;:&quot;0&quot;,&quot;credit&quot;:&quot;&quot;,&quot;camera&quot;:&quot;&quot;,&quot;caption&quot;:&quot;&quot;,&quot;created_timestamp&quot;:&quot;0&quot;,&quot;copyright&quot;:&quot;&quot;,&quot;focal_length&quot;:&quot;0&quot;,&quot;iso&quot;:&quot;0&quot;,&quot;shutter_speed&quot;:&quot;0&quot;,&quot;title&quot;:&quot;&quot;,&quot;orientation&quot;:&quot;0&quot;}\" data-image-title=\"Pfingsten07b\" data-image-description=\"\" data-image-caption=\"\" data-large-file=\"https:\/\/i0.wp.com\/www.pastors-home.de\/wp-content\/uploads\/2014\/05\/Pfingsten07b.jpg?fit=300%2C272&amp;ssl=1\" class=\"alignright size-full wp-image-1478\" src=\"https:\/\/i0.wp.com\/pastors-home.de\/wp-content\/uploads\/2014\/05\/Pfingsten07b.jpg?resize=300%2C272\" alt=\"Pfingsten07b\" width=\"300\" height=\"272\" srcset=\"https:\/\/i0.wp.com\/www.pastors-home.de\/wp-content\/uploads\/2014\/05\/Pfingsten07b.jpg?w=300&amp;ssl=1 300w, https:\/\/i0.wp.com\/www.pastors-home.de\/wp-content\/uploads\/2014\/05\/Pfingsten07b.jpg?resize=150%2C136&amp;ssl=1 150w, https:\/\/i0.wp.com\/www.pastors-home.de\/wp-content\/uploads\/2014\/05\/Pfingsten07b.jpg?resize=165%2C150&amp;ssl=1 165w\" sizes=\"auto, (max-width: 300px) 100vw, 300px\" \/><\/a><br \/>\n<span style=\"color: #ff3300;\">Na, wenn jeder so denken w\u00fcrde, dann s\u00e4he unsere Welt richtig \u00f6de aus.<\/span><\/p>\n<p>A:<br \/>\n<span style=\"color: #6666cc;\">Wieso?<br \/>\nJeder w\u00fcrde seine Arbeit tun und dann w\u00e4re Ruhe.<br \/>\nKein Freizeitstress, weil niemand zum Beispiel Fu\u00dfball spielen w\u00fcrde.<br \/>\nUnd au\u00dferdem: Die Stadien w\u00e4ren leer, daf\u00fcr die Wohnzimmer voll.<br \/>\nDas g\u00e4be noch nicht einmal \u00c4rger, oder.<\/span><\/p>\n<p>B:<br \/>\n<span style=\"color: #ff3300;\">Nein. Da hast du Recht. Es g\u00e4be sogar nicht mal den Fu\u00dfball.<\/span><\/p>\n<p>A:<br \/>\n<span style=\"color: #6666cc;\">Wieso das denn?<\/span><\/p>\n<p>B:<br \/>\n<span style=\"color: #ff3300;\">Na \u00fcberleg doch mal:<br \/>\nWenn niemand sich erhoben h\u00e4tte und nach Berlin gefahren w\u00e4re, warum h\u00e4tte dann der Club dort \u00fcberhaupt spielen sollen?<br \/>\nEs h\u00e4tte doch ein Video-Spiel auch getan.<br \/>\nOder. Wenn keiner in ein Konzert gehen w\u00fcrde, g\u00e4be es auch keine. Wenn keiner in ein Schwimmbad gehen w\u00fcrde, dann g\u00e4be es die auch nicht.<\/span><\/p>\n<p>Ich stelle mir diese Welt einmal vor: Oh man. Langweilig und \u00d6de.<br \/>\nMit deiner Einstellung, ne, da w\u00fcrde ich gar nicht leben wollen.<br \/>\nSo ein gesittetes Fr\u00fchableben, das w\u00e4re doch was f\u00fcr dich, oder?<\/p>\n<p>A:<br \/>\n<span style=\"color: #6666cc;\">Also jetzt h\u00f6r aber auf. Ich lebe doch. Und ich lebe gern.<br \/>\nIch mag auch Fu\u00dfball und es w\u00e4re schade, wenn es gar keine Kultur mehr g\u00e4be.<\/span><\/p>\n<p>B:<br \/>\n<span style=\"color: #ff3300;\">Siehst du. Und genauso verh\u00e4lt es sich mit allen Dingen auf der Welt.<br \/>\n\u00dcbrigens auch mit der Religion.<\/span><\/p>\n<p>A:<br \/>\n<span style=\"color: #6666cc;\">Na also die machen ja nun wirklich nur die Pfarrer. Oder.<br \/>\nUnd taugt der Pfarrer nichts, ist auch der Glaube schlecht. Oder?<\/span><\/p>\n<p>B:<br \/>\n<span style=\"color: #ff3300;\">Quatsch. Oder bist du nur Club Fan, wenn die Fu\u00dfballer gewinnen?<br \/>\nBist du nur auf einem Konzert, wenn die Gruppe gerade auf der Nummer eins der Hitliste steht?<br \/>\nOder interessiert dich nicht eher der Sport, die Musik, das Sch\u00f6ne am Leben?<br \/>\nEben weil es sch\u00f6n ist, und nicht, weil eine einzelne Person dir eine perfekte Show bietet?<br \/>\nNein. Ich glaube, weil es mir etwas bringt.<br \/>\nUnd wenn mein Pfarrer gut ist, dann sage ich ihm das offen ins Gesicht. Genauso wie ich ihn kritisiere, wenn etwas daneben geht.<\/span><\/p>\n<p>Und wei\u00dft du was? Seit ich das kapiert habe ist mein Pfarrer gar nicht mehr so schlecht. Er ist halt ein Mensch. Genau wie wir.<\/p>\n<p>Also komm. Los jetzt. Die Lipprichh\u00e4user haben den ganzen Gottesdienst aufgebaut.<br \/>\nAb mit dir du Couch \u2013 potato, helfe wenigstens beim Abbau mit. Dann tust du heute mal was Sinnvolles.<\/p>\n<p><b><span style=\"text-decoration: underline;\">Dialogpredigt<br \/>\n<\/span><\/b><i>(Darsteller: R: Schauspiel-Regisseur mit Sakko und Klemmbrett; D: Co-Autor)<\/i><\/p>\n<p>&nbsp;<\/p>\n<p><span style=\"color: #6666cc;\">R:<br \/>\nDurch Pfingsten hat sich die Situation der J\u00fcnger ge\u00e4ndert, der Geist Gottes hat sie ergriffen, alles kam in Bewegung. Das m\u00fcssten wir bei den Mann auf dem Sofa ja jetzt sichtbar machen.\u00a0 Ich denke, ich muss seine Rolle entsprechend umschreiben.<\/span><\/p>\n<p><span style=\"color: #ff3300;\">D:<br \/>\nNein, das glaube ich nicht. Der sitzt hier doch ganz gut. Auch mit Heiligem Geist. Weshalb soll er da jetzt aufspringen und nach drau\u00dfen rennen, um die frohe Botschaft zu verk\u00fcndigen oder Biertischgarnituren umzur\u00e4umen? Au\u00dferdem regnet es drau\u00dfen gerade.<\/span><\/p>\n<p><span style=\"color: #6666cc;\">R<br \/>\nAber seit Pfingsten haben wir\u00a0 doch die begeisterten J\u00fcnger, die Apostel! Da muss es doch abgehen! Damals und heute!<\/span><\/p>\n<p><span style=\"color: #ff3300;\">D<br \/>\nMoment, kannst du mir irgend einen sachlichen Grund nennen, weshalb gerade dieses Exemplar einen Sofa-Christen da, ab sofort herumhampeln sollte &#8230; sich zum Affen machen? Ich glaube, der momentane Zustand gef\u00e4llt dem\u00a0 ganz gut.<\/span><\/p>\n<p><span style=\"color: #6666cc;\">R<br \/>\nMoment mal, Herr Pfarrer, ich m\u00f6chte nur kurz an ein paar grundlegende theologische Tatsachen erinnern.\u00a0 Schlie\u00dflich ist Jesus an Ostern von den Toten auferstanden &#8211; f\u00fcr uns und f\u00fcr den da! Also: Wenn Jesus schon aufersteht, wird dieser Couchi ja auch mal aufstehen k\u00f6nnen. Denke an das, was Paulus gesagt hat: Wenn Jesus nicht auferstanden w\u00e4re, &#8230;<\/span><\/p>\n<p><span style=\"color: #ff3300;\">D<br \/>\n&#8230; dann k\u00f6nnte der da auch sitzenbleiben. <\/span><\/p>\n<p><span style=\"color: #6666cc;\">R<br \/>\nGenau. Aber f\u00fcr immer! Der k\u00f6nnte sich mit seinem Sofa begraben lassen, weil sein ganzer Glaube nichts helfen w\u00fcrde. Paulus sagt: \u201eWenn Jesus nicht auferstanden w\u00e4re, so w\u00e4re unsre Predigt vergeblich, so w\u00e4re auch unser Glaube vergeblich. Dann w\u00e4ren wir die elendsten unter allen Menschen\u201d<\/span><\/p>\n<p><span style=\"color: #ff3300;\">D <a href=\"https:\/\/i0.wp.com\/pastors-home.de\/wp-content\/uploads\/2014\/05\/Pfingsten07d.jpg\"><img data-recalc-dims=\"1\" loading=\"lazy\" decoding=\"async\" data-attachment-id=\"1477\" data-permalink=\"https:\/\/www.pastors-home.de\/?attachment_id=1477\" data-orig-file=\"https:\/\/i0.wp.com\/www.pastors-home.de\/wp-content\/uploads\/2014\/05\/Pfingsten07d.jpg?fit=400%2C300&amp;ssl=1\" data-orig-size=\"400,300\" data-comments-opened=\"1\" data-image-meta=\"{&quot;aperture&quot;:&quot;0&quot;,&quot;credit&quot;:&quot;&quot;,&quot;camera&quot;:&quot;&quot;,&quot;caption&quot;:&quot;&quot;,&quot;created_timestamp&quot;:&quot;0&quot;,&quot;copyright&quot;:&quot;&quot;,&quot;focal_length&quot;:&quot;0&quot;,&quot;iso&quot;:&quot;0&quot;,&quot;shutter_speed&quot;:&quot;0&quot;,&quot;title&quot;:&quot;&quot;,&quot;orientation&quot;:&quot;0&quot;}\" data-image-title=\"Pfingsten07d\" data-image-description=\"\" data-image-caption=\"\" data-large-file=\"https:\/\/i0.wp.com\/www.pastors-home.de\/wp-content\/uploads\/2014\/05\/Pfingsten07d.jpg?fit=400%2C300&amp;ssl=1\" class=\"alignright size-medium wp-image-1477\" src=\"https:\/\/i0.wp.com\/pastors-home.de\/wp-content\/uploads\/2014\/05\/Pfingsten07d-300x225.jpg?resize=300%2C225\" alt=\"Pfingsten07d\" width=\"300\" height=\"225\" srcset=\"https:\/\/i0.wp.com\/www.pastors-home.de\/wp-content\/uploads\/2014\/05\/Pfingsten07d.jpg?resize=300%2C225&amp;ssl=1 300w, https:\/\/i0.wp.com\/www.pastors-home.de\/wp-content\/uploads\/2014\/05\/Pfingsten07d.jpg?resize=150%2C113&amp;ssl=1 150w, https:\/\/i0.wp.com\/www.pastors-home.de\/wp-content\/uploads\/2014\/05\/Pfingsten07d.jpg?resize=200%2C150&amp;ssl=1 200w, https:\/\/i0.wp.com\/www.pastors-home.de\/wp-content\/uploads\/2014\/05\/Pfingsten07d.jpg?w=400&amp;ssl=1 400w\" sizes=\"auto, (max-width: 300px) 100vw, 300px\" \/><\/a><br \/>\nNaja, wenn man das so sieht .. . dann schreiben wir seine Rolle entsprechend um: \u201eCouchi springt begeistert auf, und &#8230;.\u201d<\/span><\/p>\n<p><span style=\"color: #6666cc;\">R<br \/>\nHalt, langsam,&#8230;. das darf man nicht \u00fcberst\u00fcrzen. Denn mit dem einfachen Aufstehen ist es ja nicht getan. Dann muss sich ja tats\u00e4chlich etwas in Bewegung setzen. Wer wei\u00df, wo der Geist ihn dann hinweht. Vielleicht wird alles ganz anders kommen, und mache Glaubens-Routine k\u00f6nnte pl\u00f6tzlich in Frage gestellt werden f\u00fcr diesen armen Kerl.<\/span><\/p>\n<p><span style=\"color: #ff3300;\">D<br \/>\ndas ist mir schon klar. Da k\u00f6nnen Abschiede dazu geh\u00f6ren, oder Neuanf\u00e4nge. Vielleicht sieht man bestimmte Dinge in einem neuen Licht. Man muss sich selber hinterfragen, bereit sein, sein eigenes Leben zu ver\u00e4ndern. Es ist nicht immer bequem ein J\u00fcnger Jesu zu sein. Ich kann da nur warnen davor!<\/span><\/p>\n<p><span style=\"color: #6666cc;\">R<br \/>\nWie bitte? Warnen? Eben hast du jenen da in seiner Rolle noch hochscheuchen wollen &#8230; und jetzt warnst du davor. Wie soll ich das jetzt verstehen?<\/span><\/p>\n<p><span style=\"color: #ff3300;\">D<br \/>\nUnser Couchi soll ja nicht aufstehen, weil das halt so sch\u00f6n ins Konzept unseres Gottesdienstes passt und ein klasse Happy End geben w\u00fcrde. Er soll aufstehen, weil der Geist Gottes ihn antreibt und er sich endlich auch von ihm antreiben l\u00e4sst. Das geht nicht von jetzt auf gleich.\u00a0 Ein bisschen Mut und Durchhalteverm\u00f6gen braucht man da schon, sonst wird das nichts! <\/span><\/p>\n<p><span style=\"color: #6666cc;\">R<br \/>\nAber das wird dann mit dem apathischen Pantoffelhelden nie etwas. Dem m\u00fcsste man das Pfingstfeuer untern Hintern halten, damit der sich mal bewegt. <\/span><\/p>\n<p><span style=\"color: #ff3300;\">D<br \/>\nLass ihm Zeit, der Geist weht, wo er will.\u00a0 Vielleicht braucht er einfach noch ein bisschen. Aber ich denke, er hat heute verstanden, dass zum Glauben eine ganz besondere Bewegung dazugeh\u00f6rt: Die Bereitschaft sich von Gott bewegen zu lassen.<\/span><\/p>\n<p><strong>\u00a0Ablauf des Gottesdienstes<\/strong><\/p>\n<p>Ablauf:<\/p>\n<p>&#8211; Musik<br \/>\n&#8211; Begr\u00fc\u00dfung<br \/>\n&#8211; Mensch vor Gott<br \/>\n&#8211; Lied<br \/>\n&#8211; Lesung Apg 1, 9-14<br \/>\n&#8211; Gedankensplitter<br \/>\n&#8211; Szene: Die Couch-Potatoe-Gemeinde<br \/>\n&#8211; Lied<br \/>\n&#8211; Lesung Apg 2, 1-8, 12-18<br \/>\n&#8211; Glaubensbekenntnis<br \/>\n&#8211; Lied<br \/>\n&#8211; Dialogpredigt<br \/>\n&#8211; Lied<br \/>\n&#8211; Abendmahl<br \/>\n&#8211; F\u00fcrbitten<br \/>\n&#8211; Segen<br \/>\n&#8211; Lied<\/p>\n","protected":false},"excerpt":{"rendered":"<p>Die Texte dieses Gottesdienstes wurden\u00a0 von Pfr. Helmut Spaeth und Pfr. Alexander Seidel entworfen. Szene: Der Couch-Potatoe (Darsteller: A: Der Faulenzer im Jogginganzug; B: der normal gekleidete Fragesteller) Sprecher:Jesu Himmelfahrt, haben wir eben geh\u00f6rt. Eigentlich ein sinnvoller Schluss des Weges Jesu mit seinen J\u00fcngern. Jesus ist auferstanden, die J\u00fcnger sind\u2026 <a class=\"continue-reading-link\" href=\"https:\/\/www.pastors-home.de\/?p=1476\">ich will weiterlesen<\/a><\/p>\n","protected":false},"author":1,"featured_media":0,"comment_status":"open","ping_status":"open","sticky":false,"template":"","format":"standard","meta":{"jetpack_post_was_ever_published":false,"_jetpack_newsletter_access":"","_jetpack_dont_email_post_to_subs":false,"_jetpack_newsletter_tier_id":0,"_jetpack_memberships_contains_paywalled_content":false,"_jetpack_memberships_contains_paid_content":false,"footnotes":"","jetpack_publicize_message":"Gottesdienst am Pfingstmontag 2007: \u201cHopp etz...\u201d 28. Mai 2007","jetpack_publicize_feature_enabled":true,"jetpack_social_post_already_shared":true,"jetpack_social_options":{"image_generator_settings":{"template":"highway","default_image_id":0,"font":"","enabled":false},"version":2}},"categories":[28],"tags":[439,297],"class_list":["post-1476","post","type-post","status-publish","format-standard","hentry","category-predigten-2007-2009","tag-anspiel","tag-pfingsten"],"jetpack_publicize_connections":[],"jetpack_featured_media_url":"","jetpack_sharing_enabled":true,"jetpack_shortlink":"https:\/\/wp.me\/p4BNB2-nO","jetpack_likes_enabled":true,"_links":{"self":[{"href":"https:\/\/www.pastors-home.de\/index.php?rest_route=\/wp\/v2\/posts\/1476","targetHints":{"allow":["GET"]}}],"collection":[{"href":"https:\/\/www.pastors-home.de\/index.php?rest_route=\/wp\/v2\/posts"}],"about":[{"href":"https:\/\/www.pastors-home.de\/index.php?rest_route=\/wp\/v2\/types\/post"}],"author":[{"embeddable":true,"href":"https:\/\/www.pastors-home.de\/index.php?rest_route=\/wp\/v2\/users\/1"}],"replies":[{"embeddable":true,"href":"https:\/\/www.pastors-home.de\/index.php?rest_route=%2Fwp%2Fv2%2Fcomments&post=1476"}],"version-history":[{"count":2,"href":"https:\/\/www.pastors-home.de\/index.php?rest_route=\/wp\/v2\/posts\/1476\/revisions"}],"predecessor-version":[{"id":1482,"href":"https:\/\/www.pastors-home.de\/index.php?rest_route=\/wp\/v2\/posts\/1476\/revisions\/1482"}],"wp:attachment":[{"href":"https:\/\/www.pastors-home.de\/index.php?rest_route=%2Fwp%2Fv2%2Fmedia&parent=1476"}],"wp:term":[{"taxonomy":"category","embeddable":true,"href":"https:\/\/www.pastors-home.de\/index.php?rest_route=%2Fwp%2Fv2%2Fcategories&post=1476"},{"taxonomy":"post_tag","embeddable":true,"href":"https:\/\/www.pastors-home.de\/index.php?rest_route=%2Fwp%2Fv2%2Ftags&post=1476"}],"curies":[{"name":"wp","href":"https:\/\/api.w.org\/{rel}","templated":true}]}}