{"id":1419,"date":"2008-06-22T22:54:11","date_gmt":"2008-06-22T20:54:11","guid":{"rendered":"http:\/\/pastors-home.de\/?p=1419"},"modified":"2021-02-03T13:33:20","modified_gmt":"2021-02-03T12:33:20","slug":"predigt-menschenfischer-ins-wasser-faellt-ein-stein-anspiel-mit-predigt-22-juni-2008-gemeindefest","status":"publish","type":"post","link":"https:\/\/www.pastors-home.de\/?p=1419","title":{"rendered":"Predigt: Menschenfischer &#8211; Ins Wasser f\u00e4llt ein Stein (Anspiel mit Predigt) 22. Juni 2008, Gemeindefest"},"content":{"rendered":"\n<div class=\"wp-block-media-text alignwide is-stacked-on-mobile has-background\" style=\"background:linear-gradient(312deg,rgb(186,189,199) 0%,rgb(182,227,212) 50%,rgb(51,167,181) 100%)\"><figure class=\"wp-block-media-text__media\"><img data-recalc-dims=\"1\" loading=\"lazy\" decoding=\"async\" width=\"250\" height=\"333\" data-attachment-id=\"1420\" data-permalink=\"https:\/\/www.pastors-home.de\/?attachment_id=1420\" data-orig-file=\"https:\/\/i0.wp.com\/www.pastors-home.de\/wp-content\/uploads\/2014\/05\/wasserstein2.jpg?fit=250%2C333&amp;ssl=1\" data-orig-size=\"250,333\" data-comments-opened=\"1\" data-image-meta=\"{&quot;aperture&quot;:&quot;0&quot;,&quot;credit&quot;:&quot;&quot;,&quot;camera&quot;:&quot;&quot;,&quot;caption&quot;:&quot;&quot;,&quot;created_timestamp&quot;:&quot;0&quot;,&quot;copyright&quot;:&quot;&quot;,&quot;focal_length&quot;:&quot;0&quot;,&quot;iso&quot;:&quot;0&quot;,&quot;shutter_speed&quot;:&quot;0&quot;,&quot;title&quot;:&quot;&quot;,&quot;orientation&quot;:&quot;0&quot;}\" data-image-title=\"wasserstein2\" data-image-description=\"\" data-image-caption=\"\" data-large-file=\"https:\/\/i0.wp.com\/www.pastors-home.de\/wp-content\/uploads\/2014\/05\/wasserstein2.jpg?fit=250%2C333&amp;ssl=1\" src=\"https:\/\/i0.wp.com\/www.pastors-home.de\/wp-content\/uploads\/2014\/05\/wasserstein2.jpg?resize=250%2C333&#038;ssl=1\" alt=\"Ins Wasser f\u00e4llt ein Stein\" class=\"wp-image-1420 size-full\" srcset=\"https:\/\/i0.wp.com\/www.pastors-home.de\/wp-content\/uploads\/2014\/05\/wasserstein2.jpg?w=250&amp;ssl=1 250w, https:\/\/i0.wp.com\/www.pastors-home.de\/wp-content\/uploads\/2014\/05\/wasserstein2.jpg?resize=225%2C300&amp;ssl=1 225w, https:\/\/i0.wp.com\/www.pastors-home.de\/wp-content\/uploads\/2014\/05\/wasserstein2.jpg?resize=113%2C150&amp;ssl=1 113w, https:\/\/i0.wp.com\/www.pastors-home.de\/wp-content\/uploads\/2014\/05\/wasserstein2.jpg?resize=112%2C150&amp;ssl=1 112w\" sizes=\"auto, (max-width: 250px) 100vw, 250px\" \/><\/figure><div class=\"wp-block-media-text__content\">\n<p class=\"has-medium-font-size\">Anspiel und Predigt zum Thema &#8222;Menschenfischer sein&#8220;<\/p>\n<\/div><\/div>\n\n\n<p><b>Anspiel: <\/b><b>Szene im Clubhaus der Menschenfischer<\/b><\/p>\n<p>Erz\u00e4hler:<br \/>Folgt mir nach; ich will euch zu Menschenfischern machen! &#8211; Das hat Jesus einst zu seinen J\u00fcngern gesagt. Und sie haben viele Menschen gefischt. Oft haben sie sie herausgefischt aus schwierigen Situationen, aus menschlicher Not und Verzweiflung, und sie ans rettende Ufer gebracht.<br \/>So wurden sie zu einer richtigen Menschen-aus-der-Not-herausfisch-Organisation. Und sie haben sich schnell verbreitet, denn ihre Botschaft von der Rettung war den Leuten willkommen.<br \/>Werfen wir einmal einen Blick darauf, was aus dieser Truppe inzwischen geworden ist.<!--more--><\/p>\n<p><i><a href=\"https:\/\/www.pastors-home.de\/?attachment_id=1421\" rel=\"attachment wp-att-1421\"><img data-recalc-dims=\"1\" loading=\"lazy\" decoding=\"async\" data-attachment-id=\"1421\" data-permalink=\"https:\/\/www.pastors-home.de\/?attachment_id=1421\" data-orig-file=\"https:\/\/i0.wp.com\/www.pastors-home.de\/wp-content\/uploads\/2014\/05\/wasserstein1.jpg?fit=400%2C270&amp;ssl=1\" data-orig-size=\"400,270\" data-comments-opened=\"1\" data-image-meta=\"{&quot;aperture&quot;:&quot;0&quot;,&quot;credit&quot;:&quot;&quot;,&quot;camera&quot;:&quot;&quot;,&quot;caption&quot;:&quot;&quot;,&quot;created_timestamp&quot;:&quot;0&quot;,&quot;copyright&quot;:&quot;&quot;,&quot;focal_length&quot;:&quot;0&quot;,&quot;iso&quot;:&quot;0&quot;,&quot;shutter_speed&quot;:&quot;0&quot;,&quot;title&quot;:&quot;&quot;,&quot;orientation&quot;:&quot;0&quot;}\" data-image-title=\"wasserstein1\" data-image-description=\"\" data-image-caption=\"\" data-large-file=\"https:\/\/i0.wp.com\/www.pastors-home.de\/wp-content\/uploads\/2014\/05\/wasserstein1.jpg?fit=400%2C270&amp;ssl=1\" class=\"alignright size-medium wp-image-1421\" src=\"https:\/\/i0.wp.com\/www.pastors-home.de\/wp-content\/uploads\/2014\/05\/wasserstein1.jpg?resize=300%2C203&#038;ssl=1\" alt=\"\" width=\"300\" height=\"203\" srcset=\"https:\/\/i0.wp.com\/www.pastors-home.de\/wp-content\/uploads\/2014\/05\/wasserstein1.jpg?resize=300%2C203&amp;ssl=1 300w, https:\/\/i0.wp.com\/www.pastors-home.de\/wp-content\/uploads\/2014\/05\/wasserstein1.jpg?resize=150%2C101&amp;ssl=1 150w, https:\/\/i0.wp.com\/www.pastors-home.de\/wp-content\/uploads\/2014\/05\/wasserstein1.jpg?resize=222%2C150&amp;ssl=1 222w, https:\/\/i0.wp.com\/www.pastors-home.de\/wp-content\/uploads\/2014\/05\/wasserstein1.jpg?w=400&amp;ssl=1 400w\" sizes=\"auto, (max-width: 300px) 100vw, 300px\" \/><\/a>Personen: (P) Pr\u00e4sident Meier und (S) Sekret\u00e4rin Lisa<br \/>Sekret\u00e4rin bl\u00e4ttert gesch\u00e4ftig im Aktenordner, der Pr\u00e4sident kommt jovial heiter von der Seite dazu<\/i><\/p>\n<p>\u00a0<\/p>\n<p>P Und wieder schenkt und der Herr einen sch\u00f6nen neuen Tag! Wohlan, lasst uns unser Tagwerk beginnen. Was gibt es denn neues, Fr\u00e4ulein Lisa?<\/p>\n<p>S Herr Vereinspr\u00e4sident, sie haben um 9:30 Uhr einen Termin beim B\u00fcrgermeister, da geht es um die Verbreiterung der Zufahrt zum Vereinshaus. Mittags ein Gesch\u00e4ftsessen mit einem Vertreter f\u00fcr Yachtbedarf. Um 14 Uhr Treffen mit dem Kassier, er w\u00fcrde gerne wissen, wof\u00fcr wir die \u00dcbersch\u00fcsse des letzten Gesch\u00e4ftsjahres verwenden. Um 16 Uhr werden sie bei unsrer Jugendabteilung erwartet, dort sollen sie den Trainer der Kindergruppe f\u00fcr treue Verdienste auszeichnen. Und am Abend ist Vorstandssitzung im Herrensalon des Vereinshauses.<\/p>\n<p>P Volles Programm &#8211; hoffentlich bringe ich da heute nichts durcheinander.<\/p>\n<p>S Haben sie schon auf den Brief des Landrats geantwortet?<\/p>\n<p>P Nat\u00fcrlich sofort, Es ist mit ja schon eine besondere Freude gewesen &#8230;. so ein Verdienstkreuz bekommt man ja nicht alle Tage ! \u201eF\u00fcr die gro\u00dfen Verdienste unseres Vereins im Sinne des Rettens von Menschen\u201d. Was sind wir doch f\u00fcr eine wunderbare Einrichtung. Wir sind, wie so oft, in aller Munde.<\/p>\n<p>S (tr\u00e4umerisch seufzend) Naja, &#8230; fr\u00fcher wars auch ganz sch\u00f6n &#8230;<\/p>\n<p>P Wie meinen sie das?<\/p>\n<p>S Eben fr\u00fcher, als wir noch in der alten H\u00fctte direkt am See hausten. Ein kleiner Werkstattofen hat uns gew\u00e4rmt, und wir sind bei Wind und Wetter raus auf den st\u00fcrmischen See, um Schiffbr\u00fcchige zu retten.<\/p>\n<p>P Schon richtig &#8230; naja &#8230; aber da sieht man, wie man sich entwickeln kann! Von einer kleinen Bruchbude zum bedeutenden und angesehenen Sozialunternehmen. Mit einem Gro\u00dfraumb\u00fcro in bester Innenstadtlage.<\/p>\n<p>S Ich werde es nie vergessen: In dieser st\u00fcrmischen Herbstnacht, als wir dieses Geschwisterpaar aus dem Wasser gezogen haben. Fast w\u00e4ren wir selber ertrunken &#8211; aber die dankbaren Gesichter der Kinder &#8211; sowas vergisst man nie &#8230;<\/p>\n<p>P Diese harten Zeiten sind ja vorbei. F\u00fcr die Rettung haben wir ja jetzt die Diakonietruppe. Die erledigt das f\u00fcr uns; die sind ja auch spezialisiert.<\/p>\n<p>S Aber Herr Vereinspr\u00e4sident, unser Anf\u00fchrer von damals, wenn er noch unter uns w\u00e4re, was w\u00fcrde der wohl sagen, wenn er uns so sehen w\u00fcrde.<\/p>\n<p>P\u00a0 \u201ePr\u00e4chtig hat ihr euch entwickelt! Ich bin stolz auf euch!\u201d &#8230;. so eine d\u00e4mliche Frage &#8230; (geht ab)<\/p>\n<p>S (Telefon kligelt) Menschen-aus-der Not-Fischer e.V., was Lisa Lauter am Apparat, was kann ich f\u00fcr sie tun? Was, Kinder auf einem Flo\u00df in Gefahr? \u00c4h, ja da m\u00fcssten sie eigentlich ganz woanders anruf &#8230; (h\u00e4lt kurz inne) &#8211; Ach &#8230;.\u00a0 wo ist es genau ?\u00a0 Ok, in einer Viertelstunde bin ich da! (rennt raus)<\/p>\n<p>\u00a0<\/p>\n<p><b>Ansprache<\/b><\/p>\n<p>\u201ePr\u00e4chtig habt ihr euch entwickelt! Ich bin stolz auf euch!\u201d &#8211; soll das wirklich gewesen sein?\u00a0 Dem Club gehts so gut wie nie, und zugleich befindet er sich in einem erschreckenden Zustand.<\/p>\n<p>Dem Menschen-aus-der-Not-fischer-Verein ist irgendetwas abhanden gekommen, vielleicht das Feuer, die Begeisterung, der Schwung von damals. Was einmal so gut angefangen hat, ist irgendwie eingeschlafen. Jetzt wird noch das gute Image von damals verwaltet. Aber in der Gegenwart ist vieles erlahmt und erkaltet.<br \/>Diesen Schuh muss sich auch unsere Kirche \u00f6fter mal anziehen. Ein Philosoph &#8211; R\u00fcdiger Safranski &#8211;\u00a0 hat den Begriff \u201ekalte Religion\u201d gepr\u00e4gt. Das was einst pr\u00e4gend war, feurig wie gl\u00fchende Lava, ist inzwischen erstarrt und erkaltet.<br \/>Kirche ist in vielen Bereichen ein wichtiger und unverzichtbarer Faktor, hat leistungsf\u00e4hige Strukturen, und gestaltet das Leben der Gesellschaft mit. &#8211; Aber sie ist meilenweit weg von der Dynamik und Begeisterung, die Jesu J\u00fcnger damals bewegt hat, als sie sich aus dem Stand heraus als Menschenfischer mit unbekanntem Ziel von Jesus anwerben lie\u00dfen<\/p>\n<p>Da lie\u00dfe sich wunderbare kirchenkritisch auftrumpfen und eine Riesenver\u00e4nderung fordern &#8211; wenn wir vergessen w\u00fcrden, das WIR ALLE Kirche sind. Das hei\u00dft also: Wir geh\u00f6ren alle mit zu diesem Menscherfischer-verein, der sich in den letzten 2000 Jahren betr\u00e4chtlich ver\u00e4ndert hat.<br \/>Und die Welt um uns herum hat sich auch ver\u00e4ndert &#8211; \u201ehei\u00dfe\u201d statt \u201ekalte Religion\u201d sieht heute sicher anders aus, als zur Zeit der ersten J\u00fcnger; aber dass da Leidenschaft, Feuer dazugeh\u00f6rt, liegt nahe.<\/p>\n<p><i>\u201eEin Funke kaum zu sehn, entfacht doch helle Flammen. Und die im Dunkeln stehn, die ruft der Schein zusammen. Wo Gottes gro\u00dfe Liebe in einem Menschen brennt, da wird die Welt vom Licht erhellt, da bleibt nichts, was uns trennt!\u201d<\/i><\/p>\n<p>Das Feuer muss in uns selbst entz\u00fcndet werden. Durch einen kleinen Funken! Da muss ich nicht mit Gewalt alles umkrempeln wollen und Dinge ver\u00e4ndern, die noch nicht zur Ver\u00e4nderung reif sind: Ein kleiner Funke &#8211; der Schritt f\u00fcr Schritt helle Flammen entfacht &#8211; der unaufhaltsam wirkt.\u00a0 &#8211; Ist das der Weg, der den Menschenfischerverein und seine Mitglieder ver\u00e4ndern wird?<\/p>\n<p>Das gilt f\u00fcr wohl f\u00fcr alle Bereiche des Leben. Ein kleiner Schritt &#8211; ein kleines Wort &#8211; ein kurzer Anruf &#8211; eine vers\u00f6hnende Geste kann der Impuls, der Ansto\u00df sein, Dinge zu ver\u00e4ndern. Sogar solche, die schon ewig verkrustet und unver\u00e4nderlich schienen.<\/p>\n<p>Vielleicht wie bei Phil Fontaine, dem Indianerh\u00e4uptling in Kanada. Als kleiner Junge wurde er in den 50-er Jahren, wie Tausende anderer Indianerkinder seinen Eltern weggenommen und in eine Umerziehungs-Schule gebracht. Der Staat Kanada hatte vor, die Indianer zu zivilisieren. Dort wurde er, misshandelt, seiner indianischen Kultur beraubt, und missbraucht. Sein Leben lang k\u00e4mpft er mit den Folgen &#8211; und er k\u00e4mpfte gegen dieses staatlich gebilligte Unrecht, das ihm und vielen anderen angetan worden war. \u00dcber Jahrzehnte ein vergeblicher Kampf der ihn auffra\u00df und innerlich hart machte.<br \/>Vor 11 Tagen geschah, was viele nicht mehr f\u00fcr m\u00f6glich gehalten hatten: Der kanadische Premierminister entschuldigte sich offiziell und ohne Umschweife f\u00fcr das Unrecht, das sein Staat Tausenden von Indianerkindern zugef\u00fcgt hatte.<br \/>Nur wenige S\u00e4tze war diese Erkl\u00e4rung lang &#8211; H\u00e4uptling Phil Fontaine weinte vor Gl\u00fcck &#8211; auf diesen kleinen Schritt hatte er so lange gewartet. Endlich. \u201eDieser Tag\u201d, so wird er von den Zeitungen zitiert, \u201ewird uns helfen, den Schmerz hinter uns zu lassen.\u201d<\/p>\n<p><i>Ins Wasser f\u00e4llt ein Stein, ganz heimlich, still und leise, und ist er noch so klein, er zieht doch weite Kreise. Wo Gottes gro\u00dfe Liebe in einem Menschen f\u00e4llt, da wirkt sie fort in Tat und Wort hinaus in uns&#8217;re Welt.<\/i><\/p>\n<p>Kleine Anf\u00e4nge &#8211; unscheinbare Schritte &#8211; die brauchen wir immer wieder, wenn wir uns als Menschen oder als Gemeinde ver\u00e4ndern m\u00f6chten. Viellicht muss ich einmal einen kleinen Stein ins Wasser werfen, und hoffen, dass sich daraus weite Kreise entwickeln.<br \/>Und manchmal bin ich der, der entdeckt, dass da ein Funke, eine Idee aufleuchtet, die etwas entz\u00fcnden und ver\u00e4ndern k\u00f6nnte. Dann ist es die Frage, ob ich bereit bin Feuer zu fangen, so wie die Sekret\u00e4rin Lisa Lauter im Menschenfischer-verein. Oder ob ich innerlich den Feuerl\u00f6scher z\u00fccke und den kleinen Fl\u00e4mmchen den Garaus mache.<\/p>\n<p>Zwei Dinge geh\u00f6ren dazu:<br \/>&#8211; Selber einen Anfang machen, kleine Schritte zu einem gro\u00dfen Ziel gehen.<br \/>&#8211; Und: Wahrzunehmen, dass andere etwas ver\u00e4ndern, und dann zu sehen, ob man diese Bewegung mittr\u00e4gt, sich mittragen l\u00e4sst.<\/p>\n<p>Welche Chance hat einer der am kommenden Sonntag nach 10 Jahren zum ersten Mal wieder einmal dr\u00fcben in unsere Kirche kommt? Der so einen ersten Schritt wagt, nach langer Zeit? Wer l\u00e4sst sich von diesem Funken anstecken, rutscht mal r\u00fcber\u00a0 und signalisiert: \u201eHey, toll dass du kommst, ich freue mich, dass du da bist.\u201d Oder muss er damit rechnen, dass hinten einer fl\u00fcstert: \u201eSchau da, was will denn der in der Kirch &#8230;.?\u201d &#8211; Da sehen wir, wie eisig \u201ekalte Religion\u201d werden kann.<\/p>\n<p>Bleiben wir offen f\u00fcr einander, f\u00fcr Anst\u00f6\u00dfe, Ver\u00e4nderungen, vielleicht sogar f\u00fcr Leidenschaft. Damit wir als Menschenfischer Glauben leben &#8211; und nicht nur verwalten.<\/p>\n<p>Ich m\u00f6chte ihnen heute etwas mitgeben &#8211; einen kleinen Stein &#8211; so einen, der Kreise zieht, wenn an ihn ins Wasser wirft. Er soll sie dran erinnern, wie wichtig es ist, mit Kleinigkeiten anzufangen, um etwas zu ver\u00e4ndern. Und sich auch entz\u00fcnden zu lassen, wenn der passende Funke kommt.<\/p>\n<p><a href=\"https:\/\/www.pastors-home.de\/?attachment_id=1420\" rel=\"attachment wp-att-1420\"><img data-recalc-dims=\"1\" loading=\"lazy\" decoding=\"async\" data-attachment-id=\"1420\" data-permalink=\"https:\/\/www.pastors-home.de\/?attachment_id=1420\" data-orig-file=\"https:\/\/i0.wp.com\/www.pastors-home.de\/wp-content\/uploads\/2014\/05\/wasserstein2.jpg?fit=250%2C333&amp;ssl=1\" data-orig-size=\"250,333\" data-comments-opened=\"1\" data-image-meta=\"{&quot;aperture&quot;:&quot;0&quot;,&quot;credit&quot;:&quot;&quot;,&quot;camera&quot;:&quot;&quot;,&quot;caption&quot;:&quot;&quot;,&quot;created_timestamp&quot;:&quot;0&quot;,&quot;copyright&quot;:&quot;&quot;,&quot;focal_length&quot;:&quot;0&quot;,&quot;iso&quot;:&quot;0&quot;,&quot;shutter_speed&quot;:&quot;0&quot;,&quot;title&quot;:&quot;&quot;,&quot;orientation&quot;:&quot;0&quot;}\" data-image-title=\"wasserstein2\" data-image-description=\"\" data-image-caption=\"\" data-large-file=\"https:\/\/i0.wp.com\/www.pastors-home.de\/wp-content\/uploads\/2014\/05\/wasserstein2.jpg?fit=250%2C333&amp;ssl=1\" class=\"alignright size-medium wp-image-1420\" src=\"https:\/\/i0.wp.com\/www.pastors-home.de\/wp-content\/uploads\/2014\/05\/wasserstein2.jpg?resize=225%2C300&#038;ssl=1\" alt=\"Ins Wasser f\u00e4llt ein Stein\" width=\"225\" height=\"300\" srcset=\"https:\/\/i0.wp.com\/www.pastors-home.de\/wp-content\/uploads\/2014\/05\/wasserstein2.jpg?resize=225%2C300&amp;ssl=1 225w, https:\/\/i0.wp.com\/www.pastors-home.de\/wp-content\/uploads\/2014\/05\/wasserstein2.jpg?resize=113%2C150&amp;ssl=1 113w, https:\/\/i0.wp.com\/www.pastors-home.de\/wp-content\/uploads\/2014\/05\/wasserstein2.jpg?resize=112%2C150&amp;ssl=1 112w, https:\/\/i0.wp.com\/www.pastors-home.de\/wp-content\/uploads\/2014\/05\/wasserstein2.jpg?w=250&amp;ssl=1 250w\" sizes=\"auto, (max-width: 225px) 100vw, 225px\" \/><\/a>Dieser Stein tr\u00e4gt nur wenige W\u00f6rter, um Sie an diese wichtige Bewegung zu erinnern:<br \/>\u201ena &#8230;\u201d<br \/>\u201elos gehts\u201d<br \/>\u201eauf &#8230;\u201d<br \/>\u201eund &#8230;?\u201d<br \/>\u201ehopp etzt\u201d<\/p>\n<p>Unsere Kirchenvorsteher haben beim Beschriften viel Phantasie bewiesen. Nehmen Sie diesen Stein mit heim.\u00a0 Ich wei\u00df, er ist kein Schmuckst\u00fcck &#8211; r\u00e4umen sie ihn irgendwo hin -da wird er sie jedesmal beim Staubwischen dran erinnern.<\/p>\n<p>Irgendwann wandert das bl\u00f6de Ding aufs Fensterbrett &#8211; auch dort werden die mal wieder draufschaun. Irgendwann verschwindet er in den Tiefen einer Schublade &#8230; macht nichts, irgendwann bei der Suche nach dem Impfpass f\u00e4llt er ihnen wieder in die H\u00e4nde &#8211; so wie die Frage nach den kleinen Anst\u00f6\u00dfen im Leben nie erledigt sein wird &#8230; so lange wir keine Beh\u00f6rde sind.<br \/>Amen<\/p>","protected":false},"excerpt":{"rendered":"<p>Anspiel und Predigt zum Thema &#8222;Menschenfischer sein&#8220; <a class=\"continue-reading-link\" href=\"https:\/\/www.pastors-home.de\/?p=1419\">ich will weiterlesen<\/a><\/p>\n","protected":false},"author":1,"featured_media":1420,"comment_status":"open","ping_status":"open","sticky":false,"template":"","format":"standard","meta":{"jetpack_post_was_ever_published":false,"_jetpack_newsletter_access":"","_jetpack_dont_email_post_to_subs":false,"_jetpack_newsletter_tier_id":0,"_jetpack_memberships_contains_paywalled_content":false,"_jetpack_memberships_contains_paid_content":false,"footnotes":"","jetpack_publicize_message":"Predigt: Menschenfischer - Ins Wasser f\u00e4llt ein Stein (Anspiel mit Predigt) 22. Juni 2008, Gemeindefest","jetpack_publicize_feature_enabled":true,"jetpack_social_post_already_shared":true,"jetpack_social_options":{"image_generator_settings":{"template":"highway","default_image_id":0,"font":"","enabled":false},"version":2}},"categories":[28],"tags":[439,496,60],"class_list":["post-1419","post","type-post","status-publish","format-standard","has-post-thumbnail","hentry","category-predigten-2007-2009","tag-anspiel","tag-gemeindefest","tag-menschenfischer"],"jetpack_publicize_connections":[],"jetpack_featured_media_url":"https:\/\/i0.wp.com\/www.pastors-home.de\/wp-content\/uploads\/2014\/05\/wasserstein2.jpg?fit=250%2C333&ssl=1","jetpack_sharing_enabled":true,"jetpack_shortlink":"https:\/\/wp.me\/p4BNB2-mT","jetpack_likes_enabled":true,"_links":{"self":[{"href":"https:\/\/www.pastors-home.de\/index.php?rest_route=\/wp\/v2\/posts\/1419","targetHints":{"allow":["GET"]}}],"collection":[{"href":"https:\/\/www.pastors-home.de\/index.php?rest_route=\/wp\/v2\/posts"}],"about":[{"href":"https:\/\/www.pastors-home.de\/index.php?rest_route=\/wp\/v2\/types\/post"}],"author":[{"embeddable":true,"href":"https:\/\/www.pastors-home.de\/index.php?rest_route=\/wp\/v2\/users\/1"}],"replies":[{"embeddable":true,"href":"https:\/\/www.pastors-home.de\/index.php?rest_route=%2Fwp%2Fv2%2Fcomments&post=1419"}],"version-history":[{"count":6,"href":"https:\/\/www.pastors-home.de\/index.php?rest_route=\/wp\/v2\/posts\/1419\/revisions"}],"predecessor-version":[{"id":4615,"href":"https:\/\/www.pastors-home.de\/index.php?rest_route=\/wp\/v2\/posts\/1419\/revisions\/4615"}],"wp:featuredmedia":[{"embeddable":true,"href":"https:\/\/www.pastors-home.de\/index.php?rest_route=\/wp\/v2\/media\/1420"}],"wp:attachment":[{"href":"https:\/\/www.pastors-home.de\/index.php?rest_route=%2Fwp%2Fv2%2Fmedia&parent=1419"}],"wp:term":[{"taxonomy":"category","embeddable":true,"href":"https:\/\/www.pastors-home.de\/index.php?rest_route=%2Fwp%2Fv2%2Fcategories&post=1419"},{"taxonomy":"post_tag","embeddable":true,"href":"https:\/\/www.pastors-home.de\/index.php?rest_route=%2Fwp%2Fv2%2Ftags&post=1419"}],"curies":[{"name":"wp","href":"https:\/\/api.w.org\/{rel}","templated":true}]}}