{"id":1169,"date":"2012-03-25T20:21:00","date_gmt":"2012-03-25T18:21:00","guid":{"rendered":"http:\/\/pastors-home.de\/?p=1169"},"modified":"2022-05-13T22:46:15","modified_gmt":"2022-05-13T20:46:15","slug":"predigt-das-geheimnis-des-luftballon-glaubens-symbolpredigt-25-maerz-2012-konfirmationspredigt","status":"publish","type":"post","link":"https:\/\/www.pastors-home.de\/?p=1169","title":{"rendered":"Predigt: Das Geheimnis des Luftballon-Glaubens (Symbolpredigt) 25. M\u00e4rz 2012, Konfirmationspredigt"},"content":{"rendered":"\n<div class=\"wp-block-media-text alignwide is-stacked-on-mobile has-background\" style=\"background-color:#c3e8ff\"><figure class=\"wp-block-media-text__media\"><img data-recalc-dims=\"1\" loading=\"lazy\" decoding=\"async\" width=\"400\" height=\"189\" data-attachment-id=\"1170\" data-permalink=\"https:\/\/www.pastors-home.de\/?attachment_id=1170\" data-orig-file=\"https:\/\/i0.wp.com\/www.pastors-home.de\/wp-content\/uploads\/2014\/05\/konfi2012luftballon.jpg?fit=400%2C189&amp;ssl=1\" data-orig-size=\"400,189\" data-comments-opened=\"1\" data-image-meta=\"{&quot;aperture&quot;:&quot;0&quot;,&quot;credit&quot;:&quot;&quot;,&quot;camera&quot;:&quot;&quot;,&quot;caption&quot;:&quot;&quot;,&quot;created_timestamp&quot;:&quot;0&quot;,&quot;copyright&quot;:&quot;&quot;,&quot;focal_length&quot;:&quot;0&quot;,&quot;iso&quot;:&quot;0&quot;,&quot;shutter_speed&quot;:&quot;0&quot;,&quot;title&quot;:&quot;&quot;,&quot;orientation&quot;:&quot;0&quot;}\" data-image-title=\"konfi2012luftballon\" data-image-description=\"\" data-image-caption=\"\" data-large-file=\"https:\/\/i0.wp.com\/www.pastors-home.de\/wp-content\/uploads\/2014\/05\/konfi2012luftballon.jpg?fit=400%2C189&amp;ssl=1\" src=\"https:\/\/i0.wp.com\/www.pastors-home.de\/wp-content\/uploads\/2014\/05\/konfi2012luftballon.jpg?resize=400%2C189&#038;ssl=1\" alt=\"Luftballon: S. Hofschlaeger \/ pixelio.de\" class=\"wp-image-1170 size-full\" srcset=\"https:\/\/i0.wp.com\/www.pastors-home.de\/wp-content\/uploads\/2014\/05\/konfi2012luftballon.jpg?w=400&amp;ssl=1 400w, https:\/\/i0.wp.com\/www.pastors-home.de\/wp-content\/uploads\/2014\/05\/konfi2012luftballon.jpg?resize=300%2C142&amp;ssl=1 300w, https:\/\/i0.wp.com\/www.pastors-home.de\/wp-content\/uploads\/2014\/05\/konfi2012luftballon.jpg?resize=150%2C71&amp;ssl=1 150w, https:\/\/i0.wp.com\/www.pastors-home.de\/wp-content\/uploads\/2014\/05\/konfi2012luftballon.jpg?resize=250%2C118&amp;ssl=1 250w\" sizes=\"auto, (max-width: 400px) 100vw, 400px\" \/><\/figure><div class=\"wp-block-media-text__content\">\n<p class=\"has-medium-font-size\">Symbol-Predigt zur Konfirmation in Brunn und Wilhelmsdorf: Was man von einem Luftballon alles \u00fcber den Glauben lernen kann. (inkl. praktischen Hinweisen am Ende der Seite)<\/p>\n<\/div><\/div>\n\n\n\n<p><\/p>\n\n\n<p>Liebe Konfirmandinnen und Konfirmanden,<\/p>\n<p><b><i>Lisas Luftballon bewirkt ein Wunder<\/i><\/b><\/p>\n<p>die kleine Lisa l\u00e4uft \u00fcber den Kirchweihplatz. Mit Mama, Papa, und ihrem gro\u00dfen Bruder. Vor 10 Minuten sah sie noch aus wie das Elend. Ihr war langweilig, sie war schlecht gelaunt hat gen\u00f6rgelt, hat sich an Mamas Hand h\u00e4ngen lassen&#8230;.<\/p>\n<p>Aber jetzt ist die anscheinend tausend mal besser drauf. Sie geht aufrecht, strahlt \u00fcber das ganze Gesicht. Denn in ihrer Hand h\u00e4lt sie eine d\u00fcnne Schnur, und daran h\u00e4ngt \u00fcber ihr fr\u00f6hlich baumelnd ein roter Luftballon. <i>(Pfarrer kommt mit gro\u00dfem, roten Luftballon)<br \/><\/i>Sie hat jetzt den Ballon, der ist was besonderes. Sie hat, und irgendwie ist sie jetzt auch was Besonderes. Was so ein kleiner Luftballon so alles bewirken kann! <!--more--><\/p>\n<p>Tja, liebe Konfis.<br \/>Heute habt ihr auch etwas Besonderes &#8211; ihr feiert n\u00e4mlich eure Konfirmation. Und ihr seid auch etwas Besonderes. So wie heute steht ihr eher selten im Mittelpunkt. G\u00e4ste sind gekommen, Geschenke werden \u00fcberreicht. Man begl\u00fcckw\u00fcnscht und beguckt euch von allen Seiten.<br \/>Ihr seid heute ein bisschen anders als sonst. Anders &#8230; so wie diese kleine Lisa auf dem Kirchweihplatz mit ihrem Luftballon der irgendwie alles ver\u00e4ndert hat.<\/p>\n<p>Blo\u00df: Was ist euer Luftballon? Was tut sich denn da heute mit eurem eigenen \u201eja\u201d, das ihr nachher zum Glauben sagt.<br \/>Naja, vielleicht habt ihr ja jetzt tats\u00e4chlich so etwas wie diesen Luftballon? Den Luftballon des Glaubens! &#8211; Denn zu einem Leben als Christ werdet ihr euch bekennen.<br \/>So m\u00f6chte ich euch heute morgen ein bisschen erkl\u00e4ren, was es mit diesem Luftballon des Glaubens auf sich hat.<\/p>\n<p><b><i>Festhalten!<\/i><\/b><\/p>\n<p>Die oberste Regel bei so einem Luftballon lautet: Festhalten.<br \/>Wenn du n\u00e4mlich losl\u00e4sst, dann ist er weg. Hier in der Kirche w\u00fcrde er an der Decke landen; da k\u00f6nnte man noch versuchen, ihn herunterzuangeln. Aber drau\u00dfen ist der Drops gelutscht: Wenn du ihn losl\u00e4sst, hebt er ab, und nach kurzer Zeit ist er so weit weg, das du ihn nicht mal mehr erkennen kannst.<br \/>Und wie ist das mit dem Glauben? Ich gebe mich keiner Illusion hin: Die meisten von euch werden sicher in den n\u00e4chsten Monaten nicht mehr ganz so oft bei uns in der Kirche zu sehen sein. Das liegt ja auch ein bisschen an uns; unser Gottesdienst ist halt nicht unmittelbar eine Zielgruppenveranstaltung f\u00fcr Teenies.<\/p>\n<p>Aber die eigentliche Frage ist: Schaffst du es, den Glauben festzuhalten? Oder l\u00e4sst du los?\u00a0 Beim Glauben ist es anders als beim Luftballon. Der schwirrt nicht sofort ab und ist verloren. Wenn man den Glauben losl\u00e4sst, dann ist das ein eher schleichender Prozess. Das geht langsam . Aber St\u00fcck f\u00fcr St\u00fcck wird dir das mit Jesus weniger wichtig; Beten wird zur Seltenheit; irgendwann kannst du mit Gott nichts mehr anfangen &#8211; obwohl du in der Konfizeit mit einigen wichtigen Erkenntnissen gerade erst vertraut geworden bist.<\/p>\n<p>Liebe Konfi-Mannschaft, vom Ballon des Glaubens habe ich nur dann etwas, wenn ich daran festhalte. Wenn er mir davonschwebt, ist es schwer, ihn wieder einzufangen. Manchen Menschen gelingt es, dass sie nach vielen Jahrzehnten wieder neu mit \u201eGlauben\u201d anfangen; aber leicht ist das nicht.<br \/>Darum mein erster Tipp: Haltet euren Glauben fest!<\/p>\n<p><b><i>Ein feiner Faden statt einer festen Kette<\/i><\/b><\/p>\n<p>Festhalten &#8230; aber wie ?<br \/>Wir Menschen haben ja das Bed\u00fcrfnis, das, was wichtig ist, gut zu sichern. Der Tresor wird verriegelt, die Wohnungst\u00fcr abgeschlossen, das Fahrrad an die Kette gelegt. Wie kann man Glaube festhalten? &#8211; Ich probiers mal mit einer Kette; zuf\u00e4lligerweise habe ich da grade eine da. <i>(Ballon wird mit einem Karabiner an einer Eisenkette befestigt, aber er habt nicht ab, sonder landet scheppernd auf dem Boden)<\/i>.<\/p>\n<p>Tja, Feshalten am Glauben geht nicht mit den handels\u00fcblichen Sicherungsmethoden.<br \/>Das geht eigentlich nur mit diesem feinen Faden gut. Der wirkt zwar nicht so stabil, aber er ist genau das Richtige.<\/p>\n<p>Glauben kann man nicht an sich festketten und damit sichern. Der Glaube braucht Bewegung, Spielraum.\u00a0 Glaube, Gottvertrauen ist etwas, wo viel Bewegung drin ist. Ihr habt es ja im Vorstellungsgottesdienst auch gezeigt: Wenn aus dem Gebet-o- maten etwas anderes rauskommt, als ich mir von Gott erhofft habe, da wird man herausgefordert. Ist Gott noch da? Und was meint er damit? Da muss man dann gedanklich an dieser Schnur ziehen, um zu sp\u00fcren,\u00a0 was da los ist: \u201eHallo Gott, was ist? Was willst du mir mit dieser Niederlage sagen? Bist du noch da\u201d Und ich zupfe, und merke: \u201eAh, da ist noch Zug drauf, du bist noch da, Gott; auch wenn ich dich nicht sehe. Da bin ich aber erleichtert. Auch wenn grade nicht alles so l\u00e4uft wie gew\u00fcnscht\u201d.<\/p>\n<p>Wir k\u00f6nnen Gott nicht an die Kette legen.<br \/>Er ist der Chef, nicht wir!<br \/>Aber ich habe diesen feinen Faden meines kleinen, oft auch schwachen, Glaubens, um mit ihm\u00a0 in Kontakt zu bleiben.<\/p>\n<p>Wisst ihr, als Pfarrer erlebt man ja auch Menschen in wirklich schwierigen Situationen. Und ich bin immer wieder beeindruckt, wie Leute in echten Krisen und pers\u00f6nlichen Katastrophen an diesem feinen Faden des Glaubens festhalten &#8211; und welche Kraft sie daraus beziehen. Und da merke ich: Mancher d\u00fcnne Faden ist besser als eine Mords-Eisenkette.<\/p>\n<p><b><i>Der Ballon lenkt mich<\/i><\/b><\/p>\n<p>Ich komme zu meinem dritten Gedanken: Wer einen Luftballon hat, der \u00fcberlegt sich gut, wohin er mit seinem Ballon geht. Ich werde ganz sicher nicht mit dem Ballon durch ein Fichtenschonung laufen; denn die Nadeln werde ihm nicht gut tun. Eine Kakteen-Ausstellung werde ich auch nicht besuchen.<\/p>\n<p>Nat\u00fcrlich werde ich alles meiden, was meinem Ballon Schaden zuf\u00fcgen k\u00f6nnte.Und wenn ich mit dem Ballon einen vollbesetzten Schulbus besteigen will, werfe ich noch mal einen pr\u00fcfenden Blick auf meinen Ballon und frage: \u201eMeinst du, das geht gut? Gehst du mit?\u201d &#8211; Und werde dann wahrscheinlich nicht einsteigen.<br \/>\u201eMeinst du, das geht gut? Gehst du mit?\u201d &#8211; das muss ich auch Gott manchmal fragen! Ich habe da was vor, oder bin schon mitten dabei &#8230;. und dann \u00fcberlege ich: Ist das wirklich eine Aktion, bei der Gott mitgehen will?<\/p>\n<p>Nicht alles, was man so im Leben anstellt, passt mit dem Luftballon den Glaubens zusammen. In den 10 Geboten findet ihr solche Regeln, die sagen, wo Gott nicht mitspielen will. Wenn ich losziehe, um andere fertigmachen, um unsere Natur zu zerst\u00f6ren &#8230; ich denke, dass Gott da streikt und nicht mitspielt.<br \/>Es gibt Menschen, sie versuchen das zu trennen. Ich stelle mir das so vor: Ich plane irgendeinen Mist, und vorher binde ich meinen Glaubensluftballon an einen Laternenmast: \u201eLieber Gott, warte mal drau\u00dfen; ich muss da eben noch was erledigen; da ist es besser wenn du nicht dabei bist\u201d.<br \/>Wir machen das \u00f6fter als wir es zugeben wollen. Glauben und Leben trennen; aber das geh\u00f6rt doch zusammen.<\/p>\n<p>Ein Tipp: Denkt immer mal wieder dran (vor allem in solchen Situationen, wo ihr selber nicht so sicher seid, wie ihr richtig handeln sollt) und fragt: W\u00fcrde Gott da jetzt mitgehen &#8211; oder muss ich den Luftballon des Glaubens vorher auf die Seite legen. Und dann sp\u00fcrt ihr sicher schnell, wohin der richtige Weg geht.<\/p>\n<p><b><i>Ein lebenslanges Geheimnis<\/i><\/b><\/p>\n<p>Liebe Konfirmandinnen und Konfirmanden,<br \/>ihr merkt: Mit dem Luftballon des Glaubens zu leben, sein Leben mit Gott zu gestalten, das ist ganz sch\u00f6n vielf\u00e4ltig. &#8211;<br \/>Auf der einen Seite ist er sehr anh\u00e4nglich, er will immer in deiner N\u00e4he sein. Da braucht man gar keine Eisenketten, ein d\u00fcnner Faden, ein bisschen Gottvertrauen verbindet euch schon ganz schnell. Ihm ist vor allem wichtig, dass du dich an ihm festh\u00e4ltst. &#8211; Dass du ihn nicht losl\u00e4sst.<\/p>\n<p>Im Psalm 139, der vorhin gelesen wurde, stehen die Zeilen:<br \/>N\u00e4hme ich Fl\u00fcgel der Morgenr\u00f6te und bliebe am \u00e4u\u00dfersten Meer,\u00a0 so w\u00fcrde auch dort\u00a0 deine Hand\u00a0 mich f\u00fchren\u00a0 und deine Rechte mich halten.<\/p>\n<p>Du hast einen Gott, der dich durchs Leben begleitet, egal, wohin es dich mal verschl\u00e4gt. Nach Timbuktu oder Oberammergau, zu Dieter Bohlen oder auf die Intensivstation: Da gibt es diesen Gott, der nicht nur \u201eda ist\u201d, sondern dir Kraft geben kann, damit du aufrecht und mutig durchs leben gehst.<\/p>\n<p>Weil du mit ihm etwas besonderes hast;<br \/>und weil du durch ihn etwas Besonderes bist.<\/p>\n<p>Amen<\/p>\n<p>Foto oben: S. Hofschlaeger \/ <a id=\"Text1Link1\" title=\"pixelio.de\" href=\"http:\/\/www.pixelio.de\" target=\"_blank\" rel=\"noopener\">pixelio.de<\/a><\/p>\n<blockquote>\n<p>Tipps zur Praxis dieses Gottesdienstes:<br \/>Je nach Gr\u00f6\u00dfe der Konfirmandengruppe sollten Sie sich mit ausreichend Ballongas versorgen. Ich habe mit meinern 23 Konfirmanden mit einem Einweg-Helium-Beh\u00e4lter gearbeitet. Der hat problemlos ausgereicht. Als Nebeneffekt hat man immer ein bisschen Rest-Helium im Haus, das man ggf. f\u00fcr andere Aktionen mal einsetzen kann. Optisch machen sich rote Luftballons sehr gut und sind einfach auch liturgisch stimmig.<br \/>Beim Amazon kann man ihn bestellen. Der Link verweist auf den Beh\u00e4lter, mit dem ich pers\u00f6nlich gute Erfahrung gemacht habe: <a href=\"http:\/\/www.amazon.de\/gp\/product\/B005EFUA2Y\/ref=as_li_tl?ie=UTF8&amp;camp=1638&amp;creative=19454&amp;creativeASIN=B005EFUA2Y&amp;linkCode=as2&amp;tag=pastorhome-21&amp;linkId=IAEESJR7D2SGV2RU\">Ballongas &#8211; Flasche bei Amazon<\/a><img loading=\"lazy\" decoding=\"async\" style=\"border: none !important; margin: 0px !important;\" src=\"http:\/\/ir-de.amazon-adsystem.com\/e\/ir?t=pastorhome-21&amp;l=as2&amp;o=3&amp;a=B005EFUA2Y\" alt=\"\" width=\"1\" height=\"1\" border=\"0\" \/><\/p>\n<p><iframe loading=\"lazy\" style=\"width: 120px; height: 240px;\" src=\"http:\/\/rcm-eu.amazon-adsystem.com\/e\/cm?lt1=_blank&amp;bc1=000000&amp;IS2=1&amp;nou=1&amp;bg1=FFFFFF&amp;fc1=000000&amp;lc1=0000FF&amp;t=pastorhome-21&amp;o=3&amp;p=8&amp;l=as4&amp;m=amazon&amp;f=ifr&amp;ref=ss_til&amp;asins=B005EFUA2Y\" width=\"300\" height=\"150\" frameborder=\"0\" marginwidth=\"0\" marginheight=\"0\" scrolling=\"no\"> &#8212; <iframe src=\"http:\/\/rcm-eu.amazon-adsystem.com\/e\/cm?lt1=_blank&amp;bc1=000000&amp;IS2=1&amp;nou=1&amp;bg1=FFFFFF&amp;fc1=000000&amp;lc1=0000FF&amp;t=pastorhome-21&amp;o=3&amp;p=8&amp;l=as4&amp;m=amazon&amp;f=ifr&amp;ref=ss_til&amp;asins=B000TQE3A8\" style=\"width: 120px; height: 240px;\" scrolling=\"no\" marginwidth=\"0\" marginheight=\"0\" frameborder=\"0\"><\/iframe><\/iframe><\/p>\n<p>Wer sich nicht scheut, extra bei einem Einzelh\u00e4ndler zu bestellen oder es vor Ort in N\u00fcrnberg (oder einer anderen Filiale in Augsburg oder M\u00fcnchen), dem kann ich den &#8222;<a href=\"http:\/\/www.feiermeier.de\" target=\"_blank\" rel=\"noopener\">Feiermeier<\/a>&#8220; als gut sortierten Versand aus dem Gro\u00dfraum N\u00fcrnberg empfehlen. Die haben genau auch diese Flaschen.<\/p>\n<\/blockquote>\n<p>\u00a0<\/p>\n<p>\u00a0<\/p>\n<p>\u00a0<\/p>\n<p>\u00a0<\/p>\n<p>\u00a0<\/p>\n<p>\u00a0<\/p>\n<p>\u00a0<\/p>\n<p>\u00a0<\/p>","protected":false},"excerpt":{"rendered":"<p>Symbol-Predigt zur Konfirmation in Brunn und Wilhelmsdorf: Was man von einem Luftballon alles \u00fcber den Glauben lernen kann. (inkl. praktischen Hinweisen am Ende der Seite) <a class=\"continue-reading-link\" href=\"https:\/\/www.pastors-home.de\/?p=1169\">ich will weiterlesen<\/a><\/p>\n","protected":false},"author":1,"featured_media":1170,"comment_status":"open","ping_status":"open","sticky":false,"template":"","format":"standard","meta":{"jetpack_post_was_ever_published":false,"_jetpack_newsletter_access":"","_jetpack_dont_email_post_to_subs":false,"_jetpack_newsletter_tier_id":0,"_jetpack_memberships_contains_paywalled_content":false,"_jetpack_memberships_contains_paid_content":false,"footnotes":"","jetpack_publicize_message":"Predigt: Das Geheimnis des Luftballon-Glaubens (Symbolpredigt) 25. M\u00e4rz 2012, Konfirmationspredigt","jetpack_publicize_feature_enabled":true,"jetpack_social_post_already_shared":true,"jetpack_social_options":{"image_generator_settings":{"template":"highway","default_image_id":0,"font":"","enabled":false},"version":2}},"categories":[25,363],"tags":[385,11,409,641],"class_list":["post-1169","post","type-post","status-publish","format-standard","has-post-thumbnail","hentry","category-predigten-2012","category-symbolpredigt","tag-freiheit","tag-konfirmation","tag-luftballon","tag-symbolpredigt"],"jetpack_publicize_connections":[],"jetpack_featured_media_url":"https:\/\/i0.wp.com\/www.pastors-home.de\/wp-content\/uploads\/2014\/05\/konfi2012luftballon.jpg?fit=400%2C189&ssl=1","jetpack_sharing_enabled":true,"jetpack_shortlink":"https:\/\/wp.me\/p4BNB2-iR","jetpack_likes_enabled":true,"_links":{"self":[{"href":"https:\/\/www.pastors-home.de\/index.php?rest_route=\/wp\/v2\/posts\/1169","targetHints":{"allow":["GET"]}}],"collection":[{"href":"https:\/\/www.pastors-home.de\/index.php?rest_route=\/wp\/v2\/posts"}],"about":[{"href":"https:\/\/www.pastors-home.de\/index.php?rest_route=\/wp\/v2\/types\/post"}],"author":[{"embeddable":true,"href":"https:\/\/www.pastors-home.de\/index.php?rest_route=\/wp\/v2\/users\/1"}],"replies":[{"embeddable":true,"href":"https:\/\/www.pastors-home.de\/index.php?rest_route=%2Fwp%2Fv2%2Fcomments&post=1169"}],"version-history":[{"count":8,"href":"https:\/\/www.pastors-home.de\/index.php?rest_route=\/wp\/v2\/posts\/1169\/revisions"}],"predecessor-version":[{"id":5219,"href":"https:\/\/www.pastors-home.de\/index.php?rest_route=\/wp\/v2\/posts\/1169\/revisions\/5219"}],"wp:featuredmedia":[{"embeddable":true,"href":"https:\/\/www.pastors-home.de\/index.php?rest_route=\/wp\/v2\/media\/1170"}],"wp:attachment":[{"href":"https:\/\/www.pastors-home.de\/index.php?rest_route=%2Fwp%2Fv2%2Fmedia&parent=1169"}],"wp:term":[{"taxonomy":"category","embeddable":true,"href":"https:\/\/www.pastors-home.de\/index.php?rest_route=%2Fwp%2Fv2%2Fcategories&post=1169"},{"taxonomy":"post_tag","embeddable":true,"href":"https:\/\/www.pastors-home.de\/index.php?rest_route=%2Fwp%2Fv2%2Ftags&post=1169"}],"curies":[{"name":"wp","href":"https:\/\/api.w.org\/{rel}","templated":true}]}}