{"id":1090,"date":"2013-03-17T10:37:28","date_gmt":"2013-03-17T08:37:28","guid":{"rendered":"http:\/\/pastors-home.de\/?p=1090"},"modified":"2026-03-31T20:04:49","modified_gmt":"2026-03-31T18:04:49","slug":"predigt-schau-was-du-hast-und-mach-was-draus-symbolpredigt-mit-reagenzglaesern-und-gummibaerchen-17-maerz-2013-konfirmation","status":"publish","type":"post","link":"https:\/\/www.pastors-home.de\/?p=1090","title":{"rendered":"Predigt zur Konfirmation: Schau was du hast, und mach was draus (Symbolpredigt mit Reagenzgl\u00e4sern und Gummib\u00e4rchen) 17. M\u00e4rz 2013"},"content":{"rendered":"\n<div class=\"wp-block-media-text alignwide is-stacked-on-mobile has-background\" style=\"background-color:#c8d8e2\"><figure class=\"wp-block-media-text__media\"><img data-recalc-dims=\"1\" loading=\"lazy\" decoding=\"async\" width=\"400\" height=\"545\" data-attachment-id=\"1091\" data-permalink=\"https:\/\/www.pastors-home.de\/?attachment_id=1091\" data-orig-file=\"https:\/\/i0.wp.com\/www.pastors-home.de\/wp-content\/uploads\/2014\/05\/konfi2013a.jpg?fit=400%2C545&amp;ssl=1\" data-orig-size=\"400,545\" data-comments-opened=\"1\" data-image-meta=\"{&quot;aperture&quot;:&quot;0&quot;,&quot;credit&quot;:&quot;&quot;,&quot;camera&quot;:&quot;&quot;,&quot;caption&quot;:&quot;&quot;,&quot;created_timestamp&quot;:&quot;0&quot;,&quot;copyright&quot;:&quot;&quot;,&quot;focal_length&quot;:&quot;0&quot;,&quot;iso&quot;:&quot;0&quot;,&quot;shutter_speed&quot;:&quot;0&quot;,&quot;title&quot;:&quot;&quot;,&quot;orientation&quot;:&quot;0&quot;}\" data-image-title=\"konfi2013a\" data-image-description=\"\" data-image-caption=\"\" data-large-file=\"https:\/\/i0.wp.com\/www.pastors-home.de\/wp-content\/uploads\/2014\/05\/konfi2013a.jpg?fit=400%2C545&amp;ssl=1\" src=\"https:\/\/i0.wp.com\/www.pastors-home.de\/wp-content\/uploads\/2014\/05\/konfi2013a.jpg?resize=400%2C545&#038;ssl=1\" alt=\"\" class=\"wp-image-1091 size-full\" srcset=\"https:\/\/i0.wp.com\/www.pastors-home.de\/wp-content\/uploads\/2014\/05\/konfi2013a.jpg?w=400&amp;ssl=1 400w, https:\/\/i0.wp.com\/www.pastors-home.de\/wp-content\/uploads\/2014\/05\/konfi2013a.jpg?resize=220%2C300&amp;ssl=1 220w, https:\/\/i0.wp.com\/www.pastors-home.de\/wp-content\/uploads\/2014\/05\/konfi2013a.jpg?resize=110%2C150&amp;ssl=1 110w\" sizes=\"auto, (max-width: 400px) 100vw, 400px\" \/><\/figure><div class=\"wp-block-media-text__content\">\n<p class=\"has-medium-font-size\">Die Kirche wird zum Gen-Labor: Wir analysieren die Gene unserer Konfis und entdecken:  Ihr habt so viel an Talenten und Potential von Gott geschenkt bekommen. Daraus kann viel Gutes werden.<\/p>\n<\/div><\/div>\n\n\n\n<p>Liebe Konfirmandinnen und Konfirmanden,<\/p>\n\n\n\n<p>eineinhalb Jahre haben wir miteinander in Konfers und Pr\u00e4pers zusammengearbeitet, ein Gemeindepraktikum durchgemacht, ein Zeltlager \u00fcberstanden und die Konfifreizeit gemeinsam erlebt.<br>Das ist hoffentlich alles nicht ganz ohne Spuren geblieben: Bei euch nicht und bei mir auch nicht. Ihr habt diese Gemeinde, unseren Glauben und auch euren Pfarrer ein bisschen n\u00e4her kennen gelernt &#8211; ich hoffe, da bleibt ein bisschen was h\u00e4ngen. Und ihr habt auch bei uns, bei mir, den ehrenamtlichen Mitarbeitern und in der Gemeinde Spuren hinterlassen. Da, wo ihr mit Menschen zu tun hattet. Zuletzt ja auch durch euren Vorstellungsgottesdienst.<br>Sozusagen ein bisschen Konfi-DNA!<\/p>\n\n\n\n<!--more-->\n\n\n\n<p>Ich habe mir erlaubt, eure Konfi-DNA einmal etwas genauer zu analysieren. Sozusagen euren genetischen Fingerabdruck: Hier ist das Ergebnis meiner Analyse: <i>(Reagenzgl\u00e4ser hinstellen).<br><\/i>Da muss ich sagen: Es ist schon erstaunlich, was ich da so alles gefunden habe! Kaum zu glauben, was da so alles in euch &#8211; in jedem Einzelnen von euch &#8211; steckt. Das ist echt ganz sch\u00f6n was geboten &#8230; beeindruckend.<br>Darum will ich heute davon sprechen, was da so alles in euch steckt. Und wozu das gut ist, also was man da so alles draus machen kann.<\/p>\n\n\n<div class=\"wp-block-image\">\n<figure class=\"alignright\"><a href=\"https:\/\/i0.wp.com\/pastors-home.de\/wp-content\/uploads\/2013\/03\/konfi13herz.jpg\"><img data-recalc-dims=\"1\" loading=\"lazy\" decoding=\"async\" width=\"300\" height=\"218\" data-attachment-id=\"2333\" data-permalink=\"https:\/\/www.pastors-home.de\/?attachment_id=2333\" data-orig-file=\"https:\/\/i0.wp.com\/www.pastors-home.de\/wp-content\/uploads\/2013\/03\/konfi13herz.jpg?fit=600%2C435&amp;ssl=1\" data-orig-size=\"600,435\" data-comments-opened=\"1\" data-image-meta=\"{&quot;aperture&quot;:&quot;0&quot;,&quot;credit&quot;:&quot;&quot;,&quot;camera&quot;:&quot;&quot;,&quot;caption&quot;:&quot;&quot;,&quot;created_timestamp&quot;:&quot;0&quot;,&quot;copyright&quot;:&quot;&quot;,&quot;focal_length&quot;:&quot;0&quot;,&quot;iso&quot;:&quot;0&quot;,&quot;shutter_speed&quot;:&quot;0&quot;,&quot;title&quot;:&quot;&quot;,&quot;orientation&quot;:&quot;0&quot;}\" data-image-title=\"konfi13herz\" data-image-description=\"\" data-image-caption=\"\" data-large-file=\"https:\/\/i0.wp.com\/www.pastors-home.de\/wp-content\/uploads\/2013\/03\/konfi13herz.jpg?fit=600%2C435&amp;ssl=1\" src=\"https:\/\/i0.wp.com\/pastors-home.de\/wp-content\/uploads\/2013\/03\/konfi13herz-300x218.jpg?resize=300%2C218\" alt=\"konfi13herz\" class=\"wp-image-2333\" srcset=\"https:\/\/i0.wp.com\/www.pastors-home.de\/wp-content\/uploads\/2013\/03\/konfi13herz.jpg?resize=300%2C218&amp;ssl=1 300w, https:\/\/i0.wp.com\/www.pastors-home.de\/wp-content\/uploads\/2013\/03\/konfi13herz.jpg?resize=400%2C290&amp;ssl=1 400w, https:\/\/i0.wp.com\/www.pastors-home.de\/wp-content\/uploads\/2013\/03\/konfi13herz.jpg?resize=150%2C109&amp;ssl=1 150w, https:\/\/i0.wp.com\/www.pastors-home.de\/wp-content\/uploads\/2013\/03\/konfi13herz.jpg?resize=207%2C150&amp;ssl=1 207w, https:\/\/i0.wp.com\/www.pastors-home.de\/wp-content\/uploads\/2013\/03\/konfi13herz.jpg?w=600&amp;ssl=1 600w\" sizes=\"auto, (max-width: 300px) 100vw, 300px\" \/><\/a><\/figure>\n<\/div>\n\n\n<p><b><i>DIE LIEBE (Das rosa Gen &#8211; das Herz)<\/i><\/b><\/p>\n\n\n\n<p>Ich beginne mal mit meiner Analyse:<br>Da ist zuallererst mal dieses rote Gen: Rot, wie die Liebe. Das habe ich bei allen von euch feststellen k\u00f6nnen. Nicht nur, dass ihr ganz liebe und nette Leute seid. Ich habe herausgefunden, dass ihr von Geburt an mit viele Liebe ausgestattet seid. Ihr habt, Eltern, die euch lieben, ihr habt Freunde und manche auch Geschwister &#8211; und vor allem: Gott hat euch mit ganz viel Liebe beschenkt!<\/p>\n\n\n\n<p>Das sieht auf den ersten Blick jetzt noch nicht sehr spektakul\u00e4r aus. Aber wichtig ist ja, was ihr daraus machen k\u00f6nnt! Wenn du dir bewusst machst: \u201eIch werde geliebt &#8211; von Menschen und&nbsp; von Gott\u201d, dann ist es nicht mehr so wichtig, was du alles hast, oder was kannst &#8211; denn Liebe fragt nicht nach dem drumherum eines Menschen, sondern nach dem, was DU bist.<br>Du bist wichtig, nicht die Marke deine Smartphones.<br>Du wirst lieb gehabt, nicht deine coolen Spr\u00fcche oder deine Postings auf Facebook.<br>Da will jemand dich, egal, ob die Haare fettig sind oder dein Zimmer ausschaut wie ein Saustall.<\/p>\n\n\n\n<p>Das Sch\u00f6ne daran: Wenn du dir wirklich sicher bist, das du geliebt wirst, dann f\u00e4llt es dir auch leicht, andere auf die gleiche Weise zu lieben: Menschen anzunehmen, wie sie sind. Auf Vorurteile zu pfeifen &#8211; zu schauen, wie der Mensch ist, ihn liebzuhaben, und sich nicht an machen seltsamen Eigenheiten zu st\u00f6ren.<\/p>\n\n\n\n<p>Diese Liebes-Gen, das euch geschenkt ist, das ist ganz ganz wertvoll. Vergesst es nicht, dass ihr es habt &#8211; und macht was draus. Damit ihr das nicht vergesst, habe ich dieses Gen einmal mit Gelatine verr\u00fchrt: Und seht, was daraus geworden ist: Ein rotes Herz.<\/p>\n\n\n<div class=\"wp-block-image\">\n<figure class=\"alignright\"><a href=\"https:\/\/i0.wp.com\/pastors-home.de\/wp-content\/uploads\/2013\/03\/konfi13schnecke.jpg\"><img data-recalc-dims=\"1\" loading=\"lazy\" decoding=\"async\" width=\"150\" height=\"150\" data-attachment-id=\"2334\" data-permalink=\"https:\/\/www.pastors-home.de\/?attachment_id=2334\" data-orig-file=\"https:\/\/i0.wp.com\/www.pastors-home.de\/wp-content\/uploads\/2013\/03\/konfi13schnecke.jpg?fit=747%2C571&amp;ssl=1\" data-orig-size=\"747,571\" data-comments-opened=\"1\" data-image-meta=\"{&quot;aperture&quot;:&quot;0&quot;,&quot;credit&quot;:&quot;&quot;,&quot;camera&quot;:&quot;&quot;,&quot;caption&quot;:&quot;&quot;,&quot;created_timestamp&quot;:&quot;0&quot;,&quot;copyright&quot;:&quot;&quot;,&quot;focal_length&quot;:&quot;0&quot;,&quot;iso&quot;:&quot;0&quot;,&quot;shutter_speed&quot;:&quot;0&quot;,&quot;title&quot;:&quot;&quot;,&quot;orientation&quot;:&quot;0&quot;}\" data-image-title=\"konfi13schnecke\" data-image-description=\"\" data-image-caption=\"\" data-large-file=\"https:\/\/i0.wp.com\/www.pastors-home.de\/wp-content\/uploads\/2013\/03\/konfi13schnecke.jpg?fit=747%2C571&amp;ssl=1\" src=\"https:\/\/i0.wp.com\/pastors-home.de\/wp-content\/uploads\/2013\/03\/konfi13schnecke-150x150.jpg?resize=150%2C150\" alt=\"konfi13schnecke\" class=\"wp-image-2334\" srcset=\"https:\/\/i0.wp.com\/www.pastors-home.de\/wp-content\/uploads\/2013\/03\/konfi13schnecke.jpg?resize=150%2C150&amp;ssl=1 150w, https:\/\/i0.wp.com\/www.pastors-home.de\/wp-content\/uploads\/2013\/03\/konfi13schnecke.jpg?zoom=2&amp;resize=150%2C150&amp;ssl=1 300w, https:\/\/i0.wp.com\/www.pastors-home.de\/wp-content\/uploads\/2013\/03\/konfi13schnecke.jpg?zoom=3&amp;resize=150%2C150&amp;ssl=1 450w\" sizes=\"auto, (max-width: 150px) 100vw, 150px\" \/><\/a><\/figure>\n<\/div>\n\n\n<p><b><i>DIE GEDULD (Das violette Gen &#8211; die Schnecke) <\/i><\/b><\/p>\n\n\n\n<p>Das n\u00e4chste Gen, das war viel schwieriger zu finden. Es ist bei Jugendlichen generell eher in niedriger Konzentration zu vorhanden: Es handelt sich um das Gen der Geduld.<\/p>\n\n\n\n<p>Warten, das hassen sie meisten. Alles soll m\u00f6glichst gleich passieren, und zwar nach meinen Vorstellungen. Wie gesagt: Die Geduld ist ein sehr seltenes Gen. Aber umso wichtiger ist sie!&nbsp; Wie wichtig das ist, habe ich gesehen, als ich das Gen im Labor weitergez\u00fcchtet habe: Es entstand diese Schnecke!<br>Ok &#8211; Schnecken sind langsam. Schnecken sind nicht die Knaller. Aber fragt eure Eltern: Im Garten sind immer die Schnecken die Sieger &#8211; die kriegen den Salat! In aller Ruhe kommen die in der Nacht vorbei, verputzen den Salat und machen sich wieder davon. Total gechillt! Die Schnecke ist so entspannt, die kriecht dir \u00fcber eine Rasierklinge oder \u00fcber Glasscherben und tut sich nicht weh! Ja, mit Geduld kann man so manches scheinbar Unm\u00f6gliche schaffen.<\/p>\n\n\n\n<p>Aber noch etwas Anderes: Schaut euch diese Schnecke mal an: Das ist so eine Spirale, die ganz langsam der Mitte n\u00e4herkommt. Immer au\u00dfenherum, ganz geduldig. Du kommst nicht gleich in die Mitte, da musst du schon ein paar Runden drehen. Aber von mal zu mal kommst du n\u00e4her ran.<br>Ich muss euch sagen: Wenn es um die wirklich gro\u00dfen Fragen des Lebens und des Glaubens geht, dann brauchst du die Geduld der Schnecke. \u201eWarum l\u00e4sst Gott es zu, dass Schlimmes passiert.\u201d \u201eWarum trifft es gerade mich?\u201d \u201eGibts diesen Gott \u00fcberhaupt?\u201d<br>Das sind oft Fragen, die einem zappeln lassen. Aber da gibts keine schnelle und einfache L\u00f6sung. Die einfachen Antworten sind da oft ziemlicher Humbug.<br>Da braucht es den Schnecken-Style! Langsam und geduldig mit deiner Frage durch Leben gehen, und deine Kreise ziehen. Immer wieder Gott fragen und dabei nicht aufgeben. Und so langsam wirst du Runde f\u00fcr Runde mehr Klarheit bekommen; so manche Verstehens-Hindernisse \u00fcberwinden.<br>Es ist ein langsamer Prozess &#8211; aber genau daf\u00fcr hat Gott dir das Gen der Geduld gegeben.<\/p>\n\n\n<div class=\"wp-block-image\">\n<figure class=\"alignright\"><a href=\"https:\/\/i0.wp.com\/pastors-home.de\/wp-content\/uploads\/2013\/03\/konfi13zitrone.jpg\"><img data-recalc-dims=\"1\" loading=\"lazy\" decoding=\"async\" width=\"150\" height=\"150\" data-attachment-id=\"2337\" data-permalink=\"https:\/\/www.pastors-home.de\/?attachment_id=2337\" data-orig-file=\"https:\/\/i0.wp.com\/www.pastors-home.de\/wp-content\/uploads\/2013\/03\/konfi13zitrone.jpg?fit=351%2C288&amp;ssl=1\" data-orig-size=\"351,288\" data-comments-opened=\"1\" data-image-meta=\"{&quot;aperture&quot;:&quot;0&quot;,&quot;credit&quot;:&quot;&quot;,&quot;camera&quot;:&quot;&quot;,&quot;caption&quot;:&quot;&quot;,&quot;created_timestamp&quot;:&quot;0&quot;,&quot;copyright&quot;:&quot;&quot;,&quot;focal_length&quot;:&quot;0&quot;,&quot;iso&quot;:&quot;0&quot;,&quot;shutter_speed&quot;:&quot;0&quot;,&quot;title&quot;:&quot;&quot;,&quot;orientation&quot;:&quot;0&quot;}\" data-image-title=\"konfi13zitrone\" data-image-description=\"\" data-image-caption=\"\" data-large-file=\"https:\/\/i0.wp.com\/www.pastors-home.de\/wp-content\/uploads\/2013\/03\/konfi13zitrone.jpg?fit=351%2C288&amp;ssl=1\" src=\"https:\/\/i0.wp.com\/pastors-home.de\/wp-content\/uploads\/2013\/03\/konfi13zitrone-150x150.jpg?resize=150%2C150\" alt=\"konfi13zitrone\" class=\"wp-image-2337\" srcset=\"https:\/\/i0.wp.com\/www.pastors-home.de\/wp-content\/uploads\/2013\/03\/konfi13zitrone.jpg?resize=150%2C150&amp;ssl=1 150w, https:\/\/i0.wp.com\/www.pastors-home.de\/wp-content\/uploads\/2013\/03\/konfi13zitrone.jpg?zoom=2&amp;resize=150%2C150&amp;ssl=1 300w\" sizes=\"auto, (max-width: 150px) 100vw, 150px\" \/><\/a><\/figure>\n<\/div>\n\n\n<p><b><i>DER HUMOR (Das gelbe Gen &#8211; Der Lachgummi) <\/i><\/b><\/p>\n\n\n\n<p>Beim dritten Gen, muss ich stets einen St\u00f6psel drauflassen, denn dieses Gen ist so locker-flockig, das w\u00fcrde sonst glatt davonschweben. Denn zu dem, was ihr auch bekommen habt, geh\u00f6rt der Humor. Die F\u00e4higkeit zu lachen, nicht alles zu ernst zu nehmen.<br>Es gibt ja Menschen, die haben \u00fcberhaupt keinen Humor. Oder haben ihn irgendwo verloren. Solche Menschen haben es wirklich schwer. Und mit ihnen umzugehen ist manchmal noch schwerer.<\/p>\n\n\n\n<p>Ich denke: Humor ist eine ganz wichtige Gabe Gottes, und hat viel mit dem Glauben zu tun. Wenn ich wei\u00df, dass Gott f\u00fcr mich sorgt, mir hilft und mein Leben in der Hand hat &#8211; dann l\u00e4sst mich das schon ein bisschen lockerer sein. Es h\u00e4ngt nicht alles nur an mir, ich bin nicht der einzige und wichtigste Mensch des Planeten. Dann kann ich mal \u00fcber mich selber lachen, \u00fcber meine Fehler und meine Eigenheiten.<br>Es hei\u00dft: Die Engel k\u00f6nnen deshalb fliegen, weil sie sich selbst ganz leicht nehmen.<br>Darum verlerne, nie, zu lachen.<br>Lache nicht \u00fcber Andere &#8211; denn Auslachen ist seelische K\u00f6rperverletzung &#8211; sondern lache mit ihnen.<br>Traue dich, \u00fcber dich selbst zu lachen, denn das befreit deine Seele.<\/p>\n\n\n\n<p>Und wenn tats\u00e4chlich einmal tr\u00fcbsinnige Gedanken kommen, so wie ein paar Geier am Himmel, dann schaue sie dir an, was sie dir zu sagen haben &#8211; und dann scheuche sie wieder weg, damit sie in deiner Seele keine Nester bauen.<br>Daran soll dich euer Humor-Gen in Form eines Lachgummis erinnern: Als Zitrone oder Orange, weil, ja sauer lustig machen soll..<\/p>\n\n\n<div class=\"wp-block-image\">\n<figure class=\"alignright\"><a href=\"https:\/\/i0.wp.com\/pastors-home.de\/wp-content\/uploads\/2013\/03\/konfi13schwein.jpg\"><img data-recalc-dims=\"1\" loading=\"lazy\" decoding=\"async\" width=\"300\" height=\"210\" data-attachment-id=\"2336\" data-permalink=\"https:\/\/www.pastors-home.de\/?attachment_id=2336\" data-orig-file=\"https:\/\/i0.wp.com\/www.pastors-home.de\/wp-content\/uploads\/2013\/03\/konfi13schwein-e1428953585632.jpg?fit=200%2C140&amp;ssl=1\" data-orig-size=\"200,140\" data-comments-opened=\"1\" data-image-meta=\"{&quot;aperture&quot;:&quot;0&quot;,&quot;credit&quot;:&quot;&quot;,&quot;camera&quot;:&quot;&quot;,&quot;caption&quot;:&quot;&quot;,&quot;created_timestamp&quot;:&quot;0&quot;,&quot;copyright&quot;:&quot;&quot;,&quot;focal_length&quot;:&quot;0&quot;,&quot;iso&quot;:&quot;0&quot;,&quot;shutter_speed&quot;:&quot;0&quot;,&quot;title&quot;:&quot;&quot;,&quot;orientation&quot;:&quot;0&quot;}\" data-image-title=\"konfi13schwein\" data-image-description=\"\" data-image-caption=\"\" data-large-file=\"https:\/\/i0.wp.com\/www.pastors-home.de\/wp-content\/uploads\/2013\/03\/konfi13schwein-e1428953585632.jpg?fit=200%2C140&amp;ssl=1\" src=\"https:\/\/i0.wp.com\/pastors-home.de\/wp-content\/uploads\/2013\/03\/konfi13schwein-300x210.jpg?resize=300%2C210\" alt=\"konfi13schwein\" class=\"wp-image-2336\"\/><\/a><\/figure>\n<\/div>\n\n\n<p><b><i>DAS SCHWEIN (Das schwarze Gen &#8211; Das Schwein)<\/i><\/b><\/p>\n\n\n\n<p>Liebe Konfirmanden, ich muss euch sagen, zu eurer Konfi-DNA geh\u00f6rt auch etwas sehr Unerfreuliches. Kohlrabenschwarz ist es. Und als ich es zusammen mit etwas Zucker verr\u00fchrt habe, ist ein Schwein herausgekommen.<\/p>\n\n\n\n<p>Auch das geh\u00f6rt zu dem, was in jedem von uns Menschen steckt: Das Potential zum B\u00f6sen, da ist nicht alles nur gut und nett. Wir machen Fehler; manchmal tun wir Anderen absichtlich weh, manchmal denken wir egoistisch nur an uns selber. Das Schweine-Gen steckt in jedem von uns. Die Bibel sagt dazu: Wir sind S\u00fcnder.<br>Wir haben das Zeug dazu, uns gegenseitig das Leben zu H\u00f6lle zu machen, Freundschaften zu zerst\u00f6ren, Hass statt Liebe, Neid statt Freundschaft zu s\u00e4en. Wir haben die F\u00e4higkeit, unsere Welt zu ruinieren.<br>Und es gibt auf unserer Welt mehr als genug Menschen, bei denen dieses schwarze Schweine Gen die Oberhand gewonnen hat.<\/p>\n\n\n\n<p>Die Frage ist: Wie gehst du damit um? Was soll dein Leben pr\u00e4gen? Was f\u00fcr ein Mensch willst du einmal sein?<br>Jesus hat gesagt: Liebe deinen N\u00e4chsten, wie dich selbst. Vergebt einander.<br>Und am Kreuz ist er gestorben, um unsere Schuld auf sich zu nehmen.<br>Das ist das Angebot, das unser Glaube hat: Dass wir uns an Jesus orientieren, damit er uns hilft, das Gute in uns zum Bl\u00fchen zu bringen, das Schweine-Gen unter Kontrolle zu halten.<br>Und da, wo wir schuldig werden, ist er bereit, uns zu vergeben.<\/p>\n\n\n\n<p>Es ist ein Angebot. Die Entscheidung liegt letztlich bei euch.<\/p>\n\n\n<div class=\"wp-block-image\">\n<figure class=\"alignright\"><a href=\"https:\/\/i0.wp.com\/pastors-home.de\/wp-content\/uploads\/2013\/03\/konfi13fisch.jpg\"><img data-recalc-dims=\"1\" loading=\"lazy\" decoding=\"async\" width=\"150\" height=\"150\" data-attachment-id=\"2332\" data-permalink=\"https:\/\/www.pastors-home.de\/?attachment_id=2332\" data-orig-file=\"https:\/\/i0.wp.com\/www.pastors-home.de\/wp-content\/uploads\/2013\/03\/konfi13fisch.jpg?fit=654%2C580&amp;ssl=1\" data-orig-size=\"654,580\" data-comments-opened=\"1\" data-image-meta=\"{&quot;aperture&quot;:&quot;0&quot;,&quot;credit&quot;:&quot;&quot;,&quot;camera&quot;:&quot;&quot;,&quot;caption&quot;:&quot;&quot;,&quot;created_timestamp&quot;:&quot;0&quot;,&quot;copyright&quot;:&quot;&quot;,&quot;focal_length&quot;:&quot;0&quot;,&quot;iso&quot;:&quot;0&quot;,&quot;shutter_speed&quot;:&quot;0&quot;,&quot;title&quot;:&quot;&quot;,&quot;orientation&quot;:&quot;0&quot;}\" data-image-title=\"konfi13fisch\" data-image-description=\"\" data-image-caption=\"\" data-large-file=\"https:\/\/i0.wp.com\/www.pastors-home.de\/wp-content\/uploads\/2013\/03\/konfi13fisch.jpg?fit=654%2C580&amp;ssl=1\" src=\"https:\/\/i0.wp.com\/pastors-home.de\/wp-content\/uploads\/2013\/03\/konfi13fisch-150x150.jpg?resize=150%2C150\" alt=\"konfi13fisch\" class=\"wp-image-2332\" srcset=\"https:\/\/i0.wp.com\/www.pastors-home.de\/wp-content\/uploads\/2013\/03\/konfi13fisch.jpg?resize=150%2C150&amp;ssl=1 150w, https:\/\/i0.wp.com\/www.pastors-home.de\/wp-content\/uploads\/2013\/03\/konfi13fisch.jpg?zoom=2&amp;resize=150%2C150&amp;ssl=1 300w, https:\/\/i0.wp.com\/www.pastors-home.de\/wp-content\/uploads\/2013\/03\/konfi13fisch.jpg?zoom=3&amp;resize=150%2C150&amp;ssl=1 450w\" sizes=\"auto, (max-width: 150px) 100vw, 150px\" \/><\/a><\/figure>\n<\/div>\n\n\n<p><b><i>DIE&nbsp; FREIHEIT DES CHRISTEN (Das blaue Gen &#8211; der Fisch)<\/i><\/b><\/p>\n\n\n\n<p>Das letzte Gen, das ich, isolieren konnte, ist hier: Hellblau, oder himmelblau, oder ist es das Blau des Meeres? Es geht um Weite, um Freiheit, um die M\u00f6glichkeiten, die man hat, wenn man wie ein Vogel \u00fcber den Himmel fliegt, oder wie ein Fisch in den endlosen Weiten des Meeres seine Kreise zieht. Hm. es riecht auch ein bisschen nach Fisch&#8230;<\/p>\n\n\n\n<p>Ich denke da an den Film \u201efindet Nemo\u201d, der jetzt in 3D in die Kinos gekommen ist. Der Film spielt ja in den blauen Weiten des Ozeans.<br>Der kleine Clownfisch Nemo und sein Vater Marlin m\u00fcssen erleben, welche Gefahren darin stecken, dass alles so weit und offen ist. Wie reizvoll, aber auch riskant es ist, sich \u00fcber die R\u00e4nder des eigenen kleinen Korallenriffs hinauszubewegen.<br>Aber Marlin erf\u00e4hrt auch, wie es ist, sich mit guten Freunden auf den Weg zumachen.<br>Er erlebt, dass man gemeinsam im Schwarm Mut bekommt, das sein Ziel zu verfolgen, und sich nicht beirren zu lassen.<br>Es geh\u00f6rt auch dazu, dass man erkennt, wann es nicht mehr gut ist, mit dem Strom zu schwimmen. Denn ein kluger Fisch hat auch den Mut, seinen eigenen Kopf anzustrengen und einen anderen Weg zu nehmen, als all die anderen.<\/p>\n\n\n\n<p>Zu eurem hellblauen Gen geh\u00f6rt die Freiheit, euch selbst zu entscheiden, was ihr tut und was ihr lasst. Ihr k\u00f6nnt euch im Schwarm zusammentun und Gro\u00dfes vollbringen &#8211; und du kannst deinen eigenen Weg einschlagen.<\/p>\n\n\n\n<p>Ich habe erlebt, dass ihr eine Gruppe mit vielen guten Ideen und Phantasie seid. Damit k\u00f6nnt ihr euer Leben mutig anpacken.<br>Gott hat euch nicht zu willenlosen Marionetten gemacht, sondern euch mit Vernunft und einem Herzen ausgestattet, damit ihr euren Weg findet.<br>Nicht umsonst ist der Fisch seit fast 2000 Jahren ein Symbol f\u00fcr die Christen dieser Welt.<\/p>\n\n\n<div class=\"wp-block-image\">\n<figure class=\"alignright\"><a href=\"https:\/\/i0.wp.com\/pastors-home.de\/wp-content\/uploads\/2013\/03\/konfi13schnuller.jpg\"><img data-recalc-dims=\"1\" loading=\"lazy\" decoding=\"async\" width=\"300\" height=\"167\" data-attachment-id=\"2335\" data-permalink=\"https:\/\/www.pastors-home.de\/?attachment_id=2335\" data-orig-file=\"https:\/\/i0.wp.com\/www.pastors-home.de\/wp-content\/uploads\/2013\/03\/konfi13schnuller.jpg?fit=838%2C467&amp;ssl=1\" data-orig-size=\"838,467\" data-comments-opened=\"1\" data-image-meta=\"{&quot;aperture&quot;:&quot;0&quot;,&quot;credit&quot;:&quot;&quot;,&quot;camera&quot;:&quot;&quot;,&quot;caption&quot;:&quot;&quot;,&quot;created_timestamp&quot;:&quot;0&quot;,&quot;copyright&quot;:&quot;&quot;,&quot;focal_length&quot;:&quot;0&quot;,&quot;iso&quot;:&quot;0&quot;,&quot;shutter_speed&quot;:&quot;0&quot;,&quot;title&quot;:&quot;&quot;,&quot;orientation&quot;:&quot;0&quot;}\" data-image-title=\"konfi13schnuller\" data-image-description=\"\" data-image-caption=\"\" data-large-file=\"https:\/\/i0.wp.com\/www.pastors-home.de\/wp-content\/uploads\/2013\/03\/konfi13schnuller.jpg?fit=838%2C467&amp;ssl=1\" src=\"https:\/\/i0.wp.com\/pastors-home.de\/wp-content\/uploads\/2013\/03\/konfi13schnuller-300x167.jpg?resize=300%2C167\" alt=\"konfi13schnuller\" class=\"wp-image-2335\" srcset=\"https:\/\/i0.wp.com\/www.pastors-home.de\/wp-content\/uploads\/2013\/03\/konfi13schnuller.jpg?resize=300%2C167&amp;ssl=1 300w, https:\/\/i0.wp.com\/www.pastors-home.de\/wp-content\/uploads\/2013\/03\/konfi13schnuller.jpg?resize=768%2C428&amp;ssl=1 768w, https:\/\/i0.wp.com\/www.pastors-home.de\/wp-content\/uploads\/2013\/03\/konfi13schnuller.jpg?resize=400%2C223&amp;ssl=1 400w, https:\/\/i0.wp.com\/www.pastors-home.de\/wp-content\/uploads\/2013\/03\/konfi13schnuller.jpg?resize=150%2C84&amp;ssl=1 150w, https:\/\/i0.wp.com\/www.pastors-home.de\/wp-content\/uploads\/2013\/03\/konfi13schnuller.jpg?resize=250%2C139&amp;ssl=1 250w, https:\/\/i0.wp.com\/www.pastors-home.de\/wp-content\/uploads\/2013\/03\/konfi13schnuller.jpg?w=838&amp;ssl=1 838w\" sizes=\"auto, (max-width: 300px) 100vw, 300px\" \/><\/a><\/figure>\n<\/div>\n\n\n<p><b><i>SCHLUSS: Der Schnuller: Du bleibst Gottes Kind<\/i><\/b><\/p>\n\n\n\n<p>Liebe Konfirmanden,<\/p>\n\n\n\n<p>soweit meine Gen-Analyse.<br>Ihr merkt: Es steckt unglaublich viel in euch. Ihr seid gut ausgestattet f\u00fcr euer Leben, Gott hat sich da viel M\u00fche gegeben.<\/p>\n\n\n\n<p>&#8211; Ihr seid geliebt, und k\u00f6nnt Liebe weitergeben.<br>&#8211; Die F\u00e4higkeit, mit Geduld selbst schwierige Fragen und Aufgaben langsam zu bew\u00e4ltigen.<br>&#8211; Den Humor, der euch hilft, das Leben nicht zu schwer zu nehmen.<br>&#8211; Die Aufgabe, die Versuchung zum B\u00f6sen in dir selbst zu bek\u00e4mpfen.<br>&#8211; Und die Freiheit der Kinder Gottes, die mal mit und manchmal gegen des Strom schwimmen.<\/p>\n\n\n\n<p>Meine Aufgabe war es, euch das heute zu zeigen. Mehr kann ich nicht.<\/p>\n\n\n\n<p>Etwas Gutes f\u00fcr euer Leben daraus zu machen, das ist eure Aufgabe. Und dabei hoffe ich, dass Gott euch dabei hilft. Denn er ist f\u00fcr jeden von euch der Vater im Himmel, zu dem ihr immer wieder zur\u00fcckkommen k\u00f6nnt, wenn etwas schief gegangen ist.<br>Er ist der Vater, ihr seien Kinder.<br>An diesen Vater im Himmel soll als letztes dieser kleine Schnuller erinnern.<\/p>\n\n\n\n<p>Amen<\/p>\n\n\n\n<blockquote class=\"wp-block-quote is-layout-flow wp-block-quote-is-layout-flow\">\n<p><strong>Praktische Hinweise<\/strong> (Stand M\u00e4rz 2026)<br>Der <a href=\"http:\/\/amzn.to\/2syze9J\" target=\"_blank\" rel=\"noopener noreferrer\">Reagenzglas-Tr\u00e4ger<\/a> mit den Farben  l\u00e4sst sich sicherlich von einem Lehrer-Kollegen ausleihen. Es ist sch\u00f6n, wenn jeder Konfirmand so ein P\u00e4ckchen mit dem Sortiment der besprochenen Fruchtgummis mit nach Hause nehmen kann.<br>Die passenden Gummib\u00e4rchen lassen sich zum gr\u00f6\u00dften Teil problemlos im Lebensmittel-Einzelhandel erstehen. Allerdings gibt es da sicherlich regional gro\u00dfe Unterschiede, was die Best\u00fcckung der S\u00fc\u00dfwarenregale angeht. Darum f\u00fcr den Krisenfall hier ein paar Links:<\/p>\n\n\n\n<p><a href=\"https:\/\/amzn.to\/41E6jhW\" target=\"_blank\" rel=\"noreferrer noopener\">Haribo Herzen in der Dose<\/a><img loading=\"lazy\" decoding=\"async\" width=\"1\" height=\"1\" border=\"0\" style=\"border: none !important; margin: 0px !important;\" src=\"http:\/\/ir-de.amazon-adsystem.com\/e\/ir?t=pastorhome-21&amp;l=as2&amp;o=3&amp;a=B0037U6NGK\" alt=\"\"> (150 St\u00fcck f\u00fcr 16 Euro)<\/p>\n\n\n\n<p><a href=\"http:\/\/www.amazon.de\/gp\/product\/B003SGEXAG\/ref=as_li_tl?ie=UTF8&amp;camp=1638&amp;creative=19454&amp;creativeASIN=B003SGEXAG&amp;linkCode=as2&amp;tag=pastorhome-21&amp;linkId=HKBQXDUHJJB5MRFK\" target=\"_blank\" rel=\"noreferrer noopener\">Haribo Fruchtschnecken<\/a><img loading=\"lazy\" decoding=\"async\" width=\"1\" height=\"1\" border=\"0\" style=\"border: none !important; margin: 0px !important;\" src=\"http:\/\/ir-de.amazon-adsystem.com\/e\/ir?t=pastorhome-21&amp;l=as2&amp;o=3&amp;a=B003SGEXAG\" alt=\"\"> (150 St\u00fcck f\u00fcr 11 Euro)<\/p>\n\n\n\n<p><a href=\"https:\/\/amzn.to\/4bKYcpW\" target=\"_blank\" rel=\"noreferrer noopener\">Lachgummi 376g<\/a><img loading=\"lazy\" decoding=\"async\" width=\"1\" height=\"1\" border=\"0\" style=\"border: none !important; margin: 0px !important;\" src=\"http:\/\/ir-de.amazon-adsystem.com\/e\/ir?t=pastorhome-21&amp;l=as2&amp;o=3&amp;a=B00G0TBFOU\" alt=\"\"> (250 gramm f\u00fcr 1,30 Euro)<\/p>\n\n\n\n<p><a href=\"https:\/\/amzn.to\/4bKYv44\" target=\"_blank\" rel=\"noreferrer noopener\">Katjes Schwein Fred Ferkel 175g (vegetarisch!)<\/a><img loading=\"lazy\" decoding=\"async\" width=\"1\" height=\"1\" border=\"0\" style=\"border: none !important; margin: 0px !important;\" src=\"http:\/\/ir-de.amazon-adsystem.com\/e\/ir?t=pastorhome-21&amp;l=as2&amp;o=3&amp;a=B003SEHSIC\" alt=\"\"> (175 gramm f\u00fcr 6 Euro)<\/p>\n\n\n\n<p><a href=\"http:\/\/www.amazon.de\/gp\/product\/B001PMXIC4\/ref=as_li_tl?ie=UTF8&amp;camp=1638&amp;creative=19454&amp;creativeASIN=B001PMXIC4&amp;linkCode=as2&amp;tag=pastorhome-21&amp;linkId=Q6YENBTWYWB3KPZQ\">Fruchtgummi-Fische<\/a><img loading=\"lazy\" decoding=\"async\" width=\"1\" height=\"1\" border=\"0\" style=\"border: none !important; margin: 0px !important;\" src=\"http:\/\/ir-de.amazon-adsystem.com\/e\/ir?t=pastorhome-21&amp;l=as2&amp;o=3&amp;a=B001PMXIC4\" alt=\"\"> (100 St\u00fcck f\u00fcr 14 Euro)<\/p>\n\n\n\n<p><a href=\"http:\/\/www.amazon.de\/gp\/product\/B001MQ00EM\/ref=as_li_tl?ie=UTF8&amp;camp=1638&amp;creative=19454&amp;creativeASIN=B001MQ00EM&amp;linkCode=as2&amp;tag=pastorhome-21&amp;linkId=3DNCXYYKUJWV2NIH\">Haribo Schnuller 200g<\/a><img loading=\"lazy\" decoding=\"async\" width=\"1\" height=\"1\" border=\"0\" style=\"border: none !important; margin: 0px !important;\" src=\"http:\/\/ir-de.amazon-adsystem.com\/e\/ir?t=pastorhome-21&amp;l=as2&amp;o=3&amp;a=B001MQ00EM\" alt=\"\"> (200 gramm f\u00fcr 5 Euro)<\/p>\n\n\n\n<p>.<\/p>\n<\/blockquote>\n\n\n\n<p class=\"has-text-align-center has-cyan-bluish-gray-background-color has-background\">Hinweis: Die oben angezeigten Produktlinks zu Amazon erm\u00f6glichen die Finanzierung des Angebots von Pastors-home. Als Amazon-Partner verdiene ich an qualifizierten Verk\u00e4ufen.<\/p>\n","protected":false},"excerpt":{"rendered":"<p>Die Kirche wird zum Gen-Labor: Wir analysieren die Gene unserer Konfis und entdecken:  Ihr habt so viel an Talenten und Potential von Gott geschenkt bekommen. Daraus kann viel Gutes werden. <a class=\"continue-reading-link\" href=\"https:\/\/www.pastors-home.de\/?p=1090\">ich will weiterlesen<\/a><\/p>\n","protected":false},"author":1,"featured_media":1091,"comment_status":"open","ping_status":"open","sticky":false,"template":"","format":"standard","meta":{"jetpack_post_was_ever_published":false,"_jetpack_newsletter_access":"","_jetpack_dont_email_post_to_subs":false,"_jetpack_newsletter_tier_id":0,"_jetpack_memberships_contains_paywalled_content":false,"_jetpack_memberships_contains_paid_content":false,"footnotes":"","jetpack_publicize_message":"Predigt: Schau was du hast, und mach was draus (Symbolpredigt mit Reagenzgl\u00e4sern und Gummib\u00e4rchen) 17. M\u00e4rz 2013, Konfirmation","jetpack_publicize_feature_enabled":true,"jetpack_social_post_already_shared":true,"jetpack_social_options":{"image_generator_settings":{"template":"highway","default_image_id":0,"font":"","enabled":false},"version":2}},"categories":[24,363],"tags":[385,304,384,11,383,307],"class_list":["post-1090","post","type-post","status-publish","format-standard","has-post-thumbnail","hentry","category-predigten-2013","category-symbolpredigt","tag-freiheit","tag-geduld","tag-humor","tag-konfirmation","tag-liebe","tag-symbole"],"jetpack_publicize_connections":[],"jetpack_featured_media_url":"https:\/\/i0.wp.com\/www.pastors-home.de\/wp-content\/uploads\/2014\/05\/konfi2013a.jpg?fit=400%2C545&ssl=1","jetpack_sharing_enabled":true,"jetpack_shortlink":"https:\/\/wp.me\/p4BNB2-hA","jetpack_likes_enabled":true,"_links":{"self":[{"href":"https:\/\/www.pastors-home.de\/index.php?rest_route=\/wp\/v2\/posts\/1090","targetHints":{"allow":["GET"]}}],"collection":[{"href":"https:\/\/www.pastors-home.de\/index.php?rest_route=\/wp\/v2\/posts"}],"about":[{"href":"https:\/\/www.pastors-home.de\/index.php?rest_route=\/wp\/v2\/types\/post"}],"author":[{"embeddable":true,"href":"https:\/\/www.pastors-home.de\/index.php?rest_route=\/wp\/v2\/users\/1"}],"replies":[{"embeddable":true,"href":"https:\/\/www.pastors-home.de\/index.php?rest_route=%2Fwp%2Fv2%2Fcomments&post=1090"}],"version-history":[{"count":9,"href":"https:\/\/www.pastors-home.de\/index.php?rest_route=\/wp\/v2\/posts\/1090\/revisions"}],"predecessor-version":[{"id":5959,"href":"https:\/\/www.pastors-home.de\/index.php?rest_route=\/wp\/v2\/posts\/1090\/revisions\/5959"}],"wp:featuredmedia":[{"embeddable":true,"href":"https:\/\/www.pastors-home.de\/index.php?rest_route=\/wp\/v2\/media\/1091"}],"wp:attachment":[{"href":"https:\/\/www.pastors-home.de\/index.php?rest_route=%2Fwp%2Fv2%2Fmedia&parent=1090"}],"wp:term":[{"taxonomy":"category","embeddable":true,"href":"https:\/\/www.pastors-home.de\/index.php?rest_route=%2Fwp%2Fv2%2Fcategories&post=1090"},{"taxonomy":"post_tag","embeddable":true,"href":"https:\/\/www.pastors-home.de\/index.php?rest_route=%2Fwp%2Fv2%2Ftags&post=1090"}],"curies":[{"name":"wp","href":"https:\/\/api.w.org\/{rel}","templated":true}]}}